{"id":29627,"date":"2026-04-29T00:40:00","date_gmt":"2026-04-29T03:40:00","guid":{"rendered":"https:\/\/www.tuasaude.com\/news\/?p=29627"},"modified":"2026-04-28T17:12:50","modified_gmt":"2026-04-28T20:12:50","slug":"exposicao-ao-sol-e-vitamina-d-qual-o-tempo-diario-recomendado-para-manter-niveis-adequados-sem-risco-a-pele","status":"publish","type":"post","link":"https:\/\/www.tuasaude.com\/news\/2026\/04\/29\/exposicao-ao-sol-e-vitamina-d-qual-o-tempo-diario-recomendado-para-manter-niveis-adequados-sem-risco-a-pele\/","title":{"rendered":"Exposi\u00e7\u00e3o ao sol e vitamina D: qual o tempo di\u00e1rio recomendado para manter n\u00edveis adequados sem risco \u00e0 pele?"},"content":{"rendered":"\n<p>Tomar sol \u00e9 a forma mais eficiente de o corpo produzir vitamina D, mas o tempo certo de exposi\u00e7\u00e3o varia conforme o tom de pele, o hor\u00e1rio e a \u00e1rea do corpo descoberta. De modo geral, 10 a 20 minutos di\u00e1rios nos bra\u00e7os e nas pernas, sem protetor solar, s\u00e3o suficientes para garantir a s\u00edntese adequada em peles claras, enquanto peles mais escuras precisam de per\u00edodos maiores devido \u00e0 a\u00e7\u00e3o da melanina, que reduz a produ\u00e7\u00e3o cut\u00e2nea. Encontrar esse equil\u00edbrio \u00e9 essencial para manter os ossos, a imunidade e o humor em dia sem aumentar o risco de queimaduras ou c\u00e2ncer de pele.<\/p>\n\n\n\n<h2 class=\"wp-block-heading\">Como o sol produz vitamina D no organismo?<\/h2>\n\n\n\n<p>A s\u00edntese acontece quando a <a href=\"https:\/\/www.tuasaude.com\/beneficios-do-sol\/\" target=\"_blank\" rel=\"noreferrer noopener\">radia\u00e7\u00e3o ultravioleta<\/a> B atinge a pele e converte uma mol\u00e9cula chamada 7-dehidrocolesterol em pr\u00e9-vitamina D. Em seguida, f\u00edgado e rins transformam essa subst\u00e2ncia em calcitriol, a forma ativa que regula a absor\u00e7\u00e3o de c\u00e1lcio, a sa\u00fade \u00f3ssea e a imunidade.<\/p>\n\n\n\n<p>A efici\u00eancia desse processo depende de fatores como hor\u00e1rio, latitude, idade, uso de protetor solar e \u00e1rea corporal exposta. Por isso, mesmo em pa\u00edses tropicais como o Brasil, a defici\u00eancia de vitamina D continua frequente, especialmente entre quem passa o dia em ambientes fechados.<\/p>\n\n\n\n<h2 class=\"wp-block-heading\">Qual o tempo ideal de exposi\u00e7\u00e3o conforme o tipo de pele?<\/h2>\n\n\n\n<p>O tempo necess\u00e1rio varia bastante porque a melanina funciona como um filtro solar natural. Antes de seguir as recomenda\u00e7\u00f5es, vale lembrar que bra\u00e7os e pernas devem estar descobertos, j\u00e1 que apenas rosto e m\u00e3os s\u00e3o insuficientes para produzir a quantidade necess\u00e1ria.<\/p>\n\n\n\n<p>As orienta\u00e7\u00f5es gerais aceitas por entidades como a Sociedade Brasileira de Endocrinologia e Metabologia incluem:<\/p>\n\n\n<div class=\"wp-block-image\">\n<figure class=\"aligncenter size-large\"><img decoding=\"async\" width=\"1024\" height=\"422\" src=\"https:\/\/www.tuasaude.com\/news\/wp-content\/uploads\/2026\/04\/convertido-41-12-1024x422.jpg\" alt=\"Qual o tempo ideal de exposi\u00e7\u00e3o conforme o tipo de pele?\" class=\"wp-image-29628\" srcset=\"https:\/\/www.tuasaude.com\/news\/wp-content\/uploads\/2026\/04\/convertido-41-12-1024x422.jpg 1024w, https:\/\/www.tuasaude.com\/news\/wp-content\/uploads\/2026\/04\/convertido-41-12-300x124.jpg 300w, https:\/\/www.tuasaude.com\/news\/wp-content\/uploads\/2026\/04\/convertido-41-12-768x316.jpg 768w, https:\/\/www.tuasaude.com\/news\/wp-content\/uploads\/2026\/04\/convertido-41-12-750x309.jpg 750w, https:\/\/www.tuasaude.com\/news\/wp-content\/uploads\/2026\/04\/convertido-41-12-1140x469.jpg 1140w, https:\/\/www.tuasaude.com\/news\/wp-content\/uploads\/2026\/04\/convertido-41-12.jpg 1280w\" sizes=\"(max-width: 1024px) 100vw, 1024px\" \/><figcaption class=\"wp-element-caption\">Qual o tempo ideal de exposi\u00e7\u00e3o conforme o tipo de pele?<\/figcaption><\/figure>\n<\/div>\n\n\n<h2 class=\"wp-block-heading\">Qual o melhor hor\u00e1rio para tomar sol com seguran\u00e7a?<\/h2>\n\n\n\n<p>A radia\u00e7\u00e3o UVB, respons\u00e1vel pela s\u00edntese da vitamina D, \u00e9 mais intensa entre as 10h e as 15h. Fora desse intervalo, a produ\u00e7\u00e3o \u00e9 m\u00ednima, mas o risco de queimadura tamb\u00e9m \u00e9 menor. O ideal \u00e9 optar por janelas curtas dentro desse per\u00edodo e evitar exposi\u00e7\u00f5es prolongadas.<\/p>\n\n\n\n<p>Ap\u00f3s o tempo necess\u00e1rio para a s\u00edntese, \u00e9 fundamental aplicar protetor solar com FPS 30 ou superior para proteger a pele do envelhecimento precoce e do c\u00e2ncer de pele. Combinar exposi\u00e7\u00e3o solar com alimentos ricos em vitamina D, como salm\u00e3o, sardinha, gema de ovo e cogumelos, ajuda a manter os n\u00edveis sangu\u00edneos adequados sem depender exclusivamente do sol.<\/p>\n\n\n\n<h2 class=\"wp-block-heading\">O que diz um estudo brasileiro sobre exposi\u00e7\u00e3o solar e vitamina D?<\/h2>\n\n\n\n<p>Mesmo em cidades ensolaradas, h\u00e1bitos modernos como permanecer em escrit\u00f3rios fechados e usar roupas que cobrem grandes \u00e1reas do corpo reduzem a s\u00edntese cut\u00e2nea. Pesquisadores brasileiros j\u00e1 investigaram essa rela\u00e7\u00e3o em popula\u00e7\u00f5es jovens e saud\u00e1veis, mostrando que a localiza\u00e7\u00e3o tropical n\u00e3o garante, sozinha, n\u00edveis suficientes do nutriente.<\/p>\n\n\n\n<p>Segundo o estudo <a href=\"https:\/\/www.scielo.br\/j\/bjmbr\/a\/WkkLXLjTfFq6vf4pPQnPrLd\/?lang=en\" target=\"_blank\" rel=\"noreferrer noopener\">The effect of sun exposure on 25-hydroxyvitamin D concentrations in young healthy subjects living in the city of S\u00e3o Paulo, Brazil<\/a>, publicado no Brazilian Journal of Medical and Biological Research pela editora SciELO, pesquisadores da Universidade Federal de S\u00e3o Paulo avaliaram 121 jovens saud\u00e1veis e observaram que a defici\u00eancia de vitamina D \u00e9 comum mesmo em uma cidade de baixa latitude, especialmente entre pessoas com pouca exposi\u00e7\u00e3o solar habitual. Os autores refor\u00e7am a import\u00e2ncia de monitorar os n\u00edveis do nutriente independentemente da regi\u00e3o onde se mora.<\/p>\n\n\n<div class=\"wp-block-image\">\n<figure class=\"aligncenter size-large\"><img decoding=\"async\" width=\"1024\" height=\"571\" src=\"https:\/\/www.tuasaude.com\/news\/wp-content\/uploads\/2026\/04\/magnific_illustration-nonphotoreal_2884055365-1024x571.jpg\" alt=\"Exposi\u00e7\u00e3o ao sol e vitamina D: qual o tempo di\u00e1rio recomendado para manter n\u00edveis adequados sem risco \u00e0 pele?\" class=\"wp-image-30016\" srcset=\"https:\/\/www.tuasaude.com\/news\/wp-content\/uploads\/2026\/04\/magnific_illustration-nonphotoreal_2884055365-1024x571.jpg 1024w, https:\/\/www.tuasaude.com\/news\/wp-content\/uploads\/2026\/04\/magnific_illustration-nonphotoreal_2884055365-300x167.jpg 300w, https:\/\/www.tuasaude.com\/news\/wp-content\/uploads\/2026\/04\/magnific_illustration-nonphotoreal_2884055365-768x428.jpg 768w, https:\/\/www.tuasaude.com\/news\/wp-content\/uploads\/2026\/04\/magnific_illustration-nonphotoreal_2884055365-750x418.jpg 750w, https:\/\/www.tuasaude.com\/news\/wp-content\/uploads\/2026\/04\/magnific_illustration-nonphotoreal_2884055365-1140x636.jpg 1140w, https:\/\/www.tuasaude.com\/news\/wp-content\/uploads\/2026\/04\/magnific_illustration-nonphotoreal_2884055365.jpg 1280w\" sizes=\"(max-width: 1024px) 100vw, 1024px\" \/><figcaption class=\"wp-element-caption\">Vitamina D, ossos e imunidade come\u00e7am com o sol.<br><br><\/figcaption><\/figure>\n<\/div>\n\n\n<h2 class=\"wp-block-heading\">Quando \u00e9 necess\u00e1rio suplementar a vitamina D?<\/h2>\n\n\n\n<p>Quando a exposi\u00e7\u00e3o solar e a alimenta\u00e7\u00e3o n\u00e3o s\u00e3o suficientes, a suplementa\u00e7\u00e3o pode ser indicada ap\u00f3s a realiza\u00e7\u00e3o de exame de sangue que mede o 25-hidroxivitamina D. Pessoas em maior risco incluem idosos, indiv\u00edduos com pele escura, obesos, gestantes e quem usa medicamentos que interferem no metabolismo da vitamina.<\/p>\n\n\n\n<p>A reposi\u00e7\u00e3o precisa ser orientada por profissional, j\u00e1 que o excesso pode causar ac\u00famulo de c\u00e1lcio no sangue e prejudicar rins e cora\u00e7\u00e3o. Quem apresenta cansa\u00e7o persistente, dores \u00f3sseas, fraqueza muscular ou outros <a href=\"https:\/\/www.tuasaude.com\/deficiencia-de-vitamina-d\/\" target=\"_blank\" rel=\"noreferrer noopener\">sintomas de falta de vitamina D<\/a> deve procurar avalia\u00e7\u00e3o m\u00e9dica antes de iniciar qualquer suplemento por conta pr\u00f3pria.<\/p>\n\n\n\n<p><em>Este conte\u00fado tem car\u00e1ter exclusivamente informativo e n\u00e3o substitui a avalia\u00e7\u00e3o, o diagn\u00f3stico ou o tratamento realizados por um profissional de sa\u00fade qualificado. Em caso de sintomas persistentes ou d\u00favidas sobre suplementa\u00e7\u00e3o, procure orienta\u00e7\u00e3o m\u00e9dica.<\/em><\/p>\n","protected":false},"excerpt":{"rendered":"<p>Tomar sol \u00e9 a forma mais eficiente de o corpo produzir vitamina D, mas o tempo certo de exposi\u00e7\u00e3o varia conforme o tom de pele, o hor\u00e1rio e a \u00e1rea do corpo descoberta. De modo geral, 10 a 20 minutos di\u00e1rios nos bra\u00e7os e nas pernas, sem protetor solar, s\u00e3o suficientes para garantir a s\u00edntese [&hellip;]<\/p>\n","protected":false},"author":11,"featured_media":30015,"comment_status":"open","ping_status":"open","sticky":false,"template":"","format":"standard","meta":{"_yoast_wpseo_focuskw":"exposi\u00e7\u00e3o ao sol e vitamina D","_yoast_wpseo_title":"","_yoast_wpseo_metadesc":"Exposi\u00e7\u00e3o ao sol e vitamina D variam de acordo com pele, idade e rotina. Saiba quanto tempo tomar sol com seguran\u00e7a e quando suplementar.","jnews-multi-image_gallery":[],"jnews_single_post":{"format":"standard"},"jnews_primary_category":[],"jnews_social_meta":[],"jnews_override_counter":[],"footnotes":""},"categories":[111],"tags":[211,136,1050,114],"class_list":["post-29627","post","type-post","status-publish","format-standard","has-post-thumbnail","hentry","category-saude","tag-exposicao-ao-sol","tag-saude","tag-saude-da-pele","tag-vitamina-d"],"yoast_head":"<!-- This site is optimized with the Yoast SEO plugin v26.7 - https:\/\/yoast.com\/wordpress\/plugins\/seo\/ -->\n<title>Exposi\u00e7\u00e3o ao sol e vitamina D: qual o tempo di\u00e1rio recomendado para manter n\u00edveis adequados sem risco \u00e0 pele? - Tua Sa\u00fade<\/title>\n<meta name=\"description\" content=\"Exposi\u00e7\u00e3o ao sol e vitamina D variam de acordo com pele, idade e rotina. Saiba quanto tempo tomar sol com seguran\u00e7a e quando suplementar.\" \/>\n<meta name=\"robots\" content=\"index, follow, max-snippet:-1, max-image-preview:large, max-video-preview:-1\" \/>\n<link rel=\"canonical\" href=\"https:\/\/www.tuasaude.com\/news\/2026\/04\/29\/exposicao-ao-sol-e-vitamina-d-qual-o-tempo-diario-recomendado-para-manter-niveis-adequados-sem-risco-a-pele\/\" \/>\n<meta property=\"og:locale\" content=\"pt_BR\" \/>\n<meta property=\"og:type\" content=\"article\" \/>\n<meta property=\"og:title\" content=\"Exposi\u00e7\u00e3o ao sol e vitamina D: qual o tempo di\u00e1rio recomendado para manter n\u00edveis adequados sem risco \u00e0 pele? - Tua Sa\u00fade\" \/>\n<meta property=\"og:description\" content=\"Exposi\u00e7\u00e3o ao sol e vitamina D variam de acordo com pele, idade e rotina. Saiba quanto tempo tomar sol com seguran\u00e7a e quando suplementar.\" \/>\n<meta property=\"og:url\" content=\"https:\/\/www.tuasaude.com\/news\/2026\/04\/29\/exposicao-ao-sol-e-vitamina-d-qual-o-tempo-diario-recomendado-para-manter-niveis-adequados-sem-risco-a-pele\/\" \/>\n<meta property=\"og:site_name\" content=\"Tua Sa\u00fade\" \/>\n<meta property=\"article:published_time\" content=\"2026-04-29T03:40:00+00:00\" \/>\n<meta property=\"og:image\" content=\"https:\/\/www.tuasaude.com\/news\/wp-content\/uploads\/2026\/04\/magnific_illustration-nonphotoreal_2884055034.jpg\" \/>\n\t<meta property=\"og:image:width\" content=\"1280\" \/>\n\t<meta property=\"og:image:height\" content=\"714\" \/>\n\t<meta property=\"og:image:type\" content=\"image\/jpeg\" \/>\n<meta name=\"author\" content=\"Gessika Julia Carvalho\" \/>\n<meta name=\"twitter:card\" content=\"summary_large_image\" \/>\n<meta name=\"twitter:label1\" content=\"Escrito por\" \/>\n\t<meta name=\"twitter:data1\" content=\"Gessika Julia Carvalho\" \/>\n\t<meta name=\"twitter:label2\" content=\"Est. tempo de leitura\" \/>\n\t<meta name=\"twitter:data2\" content=\"5 minutos\" \/>\n<!-- \/ Yoast SEO plugin. -->","yoast_head_json":{"title":"Exposi\u00e7\u00e3o ao sol e vitamina D: qual o tempo di\u00e1rio recomendado para manter n\u00edveis adequados sem risco \u00e0 pele? - Tua Sa\u00fade","description":"Exposi\u00e7\u00e3o ao sol e vitamina D variam de acordo com pele, idade e rotina. Saiba quanto tempo tomar sol com seguran\u00e7a e quando suplementar.","robots":{"index":"index","follow":"follow","max-snippet":"max-snippet:-1","max-image-preview":"max-image-preview:large","max-video-preview":"max-video-preview:-1"},"canonical":"https:\/\/www.tuasaude.com\/news\/2026\/04\/29\/exposicao-ao-sol-e-vitamina-d-qual-o-tempo-diario-recomendado-para-manter-niveis-adequados-sem-risco-a-pele\/","og_locale":"pt_BR","og_type":"article","og_title":"Exposi\u00e7\u00e3o ao sol e vitamina D: qual o tempo di\u00e1rio recomendado para manter n\u00edveis adequados sem risco \u00e0 pele? - Tua Sa\u00fade","og_description":"Exposi\u00e7\u00e3o ao sol e vitamina D variam de acordo com pele, idade e rotina. Saiba quanto tempo tomar sol com seguran\u00e7a e quando suplementar.","og_url":"https:\/\/www.tuasaude.com\/news\/2026\/04\/29\/exposicao-ao-sol-e-vitamina-d-qual-o-tempo-diario-recomendado-para-manter-niveis-adequados-sem-risco-a-pele\/","og_site_name":"Tua Sa\u00fade","article_published_time":"2026-04-29T03:40:00+00:00","og_image":[{"width":1280,"height":714,"url":"https:\/\/www.tuasaude.com\/news\/wp-content\/uploads\/2026\/04\/magnific_illustration-nonphotoreal_2884055034.jpg","type":"image\/jpeg"}],"author":"Gessika Julia Carvalho","twitter_card":"summary_large_image","twitter_misc":{"Escrito por":"Gessika Julia Carvalho","Est. tempo de leitura":"5 minutos"},"schema":{"@context":"https:\/\/schema.org","@graph":[{"@type":"Article","@id":"https:\/\/www.tuasaude.com\/news\/2026\/04\/29\/exposicao-ao-sol-e-vitamina-d-qual-o-tempo-diario-recomendado-para-manter-niveis-adequados-sem-risco-a-pele\/#article","isPartOf":{"@id":"https:\/\/www.tuasaude.com\/news\/2026\/04\/29\/exposicao-ao-sol-e-vitamina-d-qual-o-tempo-diario-recomendado-para-manter-niveis-adequados-sem-risco-a-pele\/"},"author":{"name":"Gessika Julia Carvalho","@id":"https:\/\/www.tuasaude.com\/news\/#\/schema\/person\/2e9df841be69ec84f5d20ddb8d273ac2"},"headline":"Exposi\u00e7\u00e3o ao sol e vitamina D: qual o tempo di\u00e1rio recomendado para manter n\u00edveis adequados sem risco \u00e0 pele?","datePublished":"2026-04-29T03:40:00+00:00","mainEntityOfPage":{"@id":"https:\/\/www.tuasaude.com\/news\/2026\/04\/29\/exposicao-ao-sol-e-vitamina-d-qual-o-tempo-diario-recomendado-para-manter-niveis-adequados-sem-risco-a-pele\/"},"wordCount":798,"commentCount":0,"image":{"@id":"https:\/\/www.tuasaude.com\/news\/2026\/04\/29\/exposicao-ao-sol-e-vitamina-d-qual-o-tempo-diario-recomendado-para-manter-niveis-adequados-sem-risco-a-pele\/#primaryimage"},"thumbnailUrl":"https:\/\/www.tuasaude.com\/news\/wp-content\/uploads\/2026\/04\/magnific_illustration-nonphotoreal_2884055034.jpg","keywords":["Exposi\u00e7\u00e3o ao sol","sa\u00fade","sa\u00fade da pele","vitamina d"],"articleSection":["Sa\u00fade"],"inLanguage":"pt-BR","potentialAction":[{"@type":"CommentAction","name":"Comment","target":["https:\/\/www.tuasaude.com\/news\/2026\/04\/29\/exposicao-ao-sol-e-vitamina-d-qual-o-tempo-diario-recomendado-para-manter-niveis-adequados-sem-risco-a-pele\/#respond"]}]},{"@type":"WebPage","@id":"https:\/\/www.tuasaude.com\/news\/2026\/04\/29\/exposicao-ao-sol-e-vitamina-d-qual-o-tempo-diario-recomendado-para-manter-niveis-adequados-sem-risco-a-pele\/","url":"https:\/\/www.tuasaude.com\/news\/2026\/04\/29\/exposicao-ao-sol-e-vitamina-d-qual-o-tempo-diario-recomendado-para-manter-niveis-adequados-sem-risco-a-pele\/","name":"Exposi\u00e7\u00e3o ao sol e vitamina D: qual o tempo di\u00e1rio recomendado para manter n\u00edveis adequados sem risco \u00e0 pele? - Tua Sa\u00fade","isPartOf":{"@id":"https:\/\/www.tuasaude.com\/news\/#website"},"primaryImageOfPage":{"@id":"https:\/\/www.tuasaude.com\/news\/2026\/04\/29\/exposicao-ao-sol-e-vitamina-d-qual-o-tempo-diario-recomendado-para-manter-niveis-adequados-sem-risco-a-pele\/#primaryimage"},"image":{"@id":"https:\/\/www.tuasaude.com\/news\/2026\/04\/29\/exposicao-ao-sol-e-vitamina-d-qual-o-tempo-diario-recomendado-para-manter-niveis-adequados-sem-risco-a-pele\/#primaryimage"},"thumbnailUrl":"https:\/\/www.tuasaude.com\/news\/wp-content\/uploads\/2026\/04\/magnific_illustration-nonphotoreal_2884055034.jpg","datePublished":"2026-04-29T03:40:00+00:00","author":{"@id":"https:\/\/www.tuasaude.com\/news\/#\/schema\/person\/2e9df841be69ec84f5d20ddb8d273ac2"},"description":"Exposi\u00e7\u00e3o ao sol e vitamina D variam de acordo com pele, idade e rotina. Saiba quanto tempo tomar sol com seguran\u00e7a e quando suplementar.","breadcrumb":{"@id":"https:\/\/www.tuasaude.com\/news\/2026\/04\/29\/exposicao-ao-sol-e-vitamina-d-qual-o-tempo-diario-recomendado-para-manter-niveis-adequados-sem-risco-a-pele\/#breadcrumb"},"inLanguage":"pt-BR","potentialAction":[{"@type":"ReadAction","target":["https:\/\/www.tuasaude.com\/news\/2026\/04\/29\/exposicao-ao-sol-e-vitamina-d-qual-o-tempo-diario-recomendado-para-manter-niveis-adequados-sem-risco-a-pele\/"]}]},{"@type":"ImageObject","inLanguage":"pt-BR","@id":"https:\/\/www.tuasaude.com\/news\/2026\/04\/29\/exposicao-ao-sol-e-vitamina-d-qual-o-tempo-diario-recomendado-para-manter-niveis-adequados-sem-risco-a-pele\/#primaryimage","url":"https:\/\/www.tuasaude.com\/news\/wp-content\/uploads\/2026\/04\/magnific_illustration-nonphotoreal_2884055034.jpg","contentUrl":"https:\/\/www.tuasaude.com\/news\/wp-content\/uploads\/2026\/04\/magnific_illustration-nonphotoreal_2884055034.jpg","width":1280,"height":714,"caption":"Alguns minutos de sol podem fazer diferen\u00e7a na sa\u00fade."},{"@type":"BreadcrumbList","@id":"https:\/\/www.tuasaude.com\/news\/2026\/04\/29\/exposicao-ao-sol-e-vitamina-d-qual-o-tempo-diario-recomendado-para-manter-niveis-adequados-sem-risco-a-pele\/#breadcrumb","itemListElement":[{"@type":"ListItem","position":1,"name":"In\u00edcio","item":"https:\/\/www.tuasaude.com\/news\/"},{"@type":"ListItem","position":2,"name":"Exposi\u00e7\u00e3o ao sol e vitamina D: qual o tempo di\u00e1rio recomendado para manter n\u00edveis adequados sem risco \u00e0 pele?"}]},{"@type":"WebSite","@id":"https:\/\/www.tuasaude.com\/news\/#website","url":"https:\/\/www.tuasaude.com\/news\/","name":"Tua Sa\u00fade","description":"Seu site de sa\u00fade","potentialAction":[{"@type":"SearchAction","target":{"@type":"EntryPoint","urlTemplate":"https:\/\/www.tuasaude.com\/news\/?s={search_term_string}"},"query-input":{"@type":"PropertyValueSpecification","valueRequired":true,"valueName":"search_term_string"}}],"inLanguage":"pt-BR"},{"@type":"Person","@id":"https:\/\/www.tuasaude.com\/news\/#\/schema\/person\/2e9df841be69ec84f5d20ddb8d273ac2","name":"Gessika Julia Carvalho","image":{"@type":"ImageObject","inLanguage":"pt-BR","@id":"https:\/\/www.tuasaude.com\/news\/#\/schema\/person\/image\/","url":"https:\/\/secure.gravatar.com\/avatar\/0fcc8769024577fd0bc6a8b766055690f76a8e8f29dfb2a2f89cf04db8d0f2d2?s=96&d=mm&r=g","contentUrl":"https:\/\/secure.gravatar.com\/avatar\/0fcc8769024577fd0bc6a8b766055690f76a8e8f29dfb2a2f89cf04db8d0f2d2?s=96&d=mm&r=g","caption":"Gessika Julia Carvalho"},"sameAs":["https:\/\/www.tuasaude.com\/news\/"],"url":"https:\/\/www.tuasaude.com\/news\/author\/gessika-julia\/"}]}},"_links":{"self":[{"href":"https:\/\/www.tuasaude.com\/news\/wp-json\/wp\/v2\/posts\/29627","targetHints":{"allow":["GET"]}}],"collection":[{"href":"https:\/\/www.tuasaude.com\/news\/wp-json\/wp\/v2\/posts"}],"about":[{"href":"https:\/\/www.tuasaude.com\/news\/wp-json\/wp\/v2\/types\/post"}],"author":[{"embeddable":true,"href":"https:\/\/www.tuasaude.com\/news\/wp-json\/wp\/v2\/users\/11"}],"replies":[{"embeddable":true,"href":"https:\/\/www.tuasaude.com\/news\/wp-json\/wp\/v2\/comments?post=29627"}],"version-history":[{"count":2,"href":"https:\/\/www.tuasaude.com\/news\/wp-json\/wp\/v2\/posts\/29627\/revisions"}],"predecessor-version":[{"id":30032,"href":"https:\/\/www.tuasaude.com\/news\/wp-json\/wp\/v2\/posts\/29627\/revisions\/30032"}],"wp:featuredmedia":[{"embeddable":true,"href":"https:\/\/www.tuasaude.com\/news\/wp-json\/wp\/v2\/media\/30015"}],"wp:attachment":[{"href":"https:\/\/www.tuasaude.com\/news\/wp-json\/wp\/v2\/media?parent=29627"}],"wp:term":[{"taxonomy":"category","embeddable":true,"href":"https:\/\/www.tuasaude.com\/news\/wp-json\/wp\/v2\/categories?post=29627"},{"taxonomy":"post_tag","embeddable":true,"href":"https:\/\/www.tuasaude.com\/news\/wp-json\/wp\/v2\/tags?post=29627"}],"curies":[{"name":"wp","href":"https:\/\/api.w.org\/{rel}","templated":true}]}}