{"id":29624,"date":"2026-04-29T00:00:00","date_gmt":"2026-04-29T03:00:00","guid":{"rendered":"https:\/\/www.tuasaude.com\/news\/?p=29624"},"modified":"2026-04-28T12:43:11","modified_gmt":"2026-04-28T15:43:11","slug":"voce-esta-com-formigamento-nas-maos-ao-acordar-aqui-estao-as-causas-os-sintomas-e-o-tratamento","status":"publish","type":"post","link":"https:\/\/www.tuasaude.com\/news\/2026\/04\/29\/voce-esta-com-formigamento-nas-maos-ao-acordar-aqui-estao-as-causas-os-sintomas-e-o-tratamento\/","title":{"rendered":"Voc\u00ea est\u00e1 com formigamento nas m\u00e3os ao acordar? Aqui est\u00e3o as causas, os sintomas e o tratamento"},"content":{"rendered":"\n<p>Sentir formigamento nas m\u00e3os ao acordar \u00e9 uma queixa frequente e pode ter origem simples, como dormir em uma posi\u00e7\u00e3o que comprime nervos e vasos, ou indicar condi\u00e7\u00f5es que merecem aten\u00e7\u00e3o, como s\u00edndrome do t\u00fanel do carpo, compress\u00e3o nervosa cervical ou defici\u00eancia de vitamina B12. Identificar o que est\u00e1 por tr\u00e1s desse inc\u00f4modo \u00e9 o primeiro passo para escolher o tratamento certo e evitar que o quadro evolua para fraqueza ou perda de sensibilidade.<\/p>\n\n\n\n<h2 class=\"wp-block-heading\">O que causa formigamento nas m\u00e3os ao acordar?<\/h2>\n\n\n\n<p>Na maioria das vezes, a causa \u00e9 mec\u00e2nica: dormir com o punho dobrado, com o bra\u00e7o sob o travesseiro ou sobre o pr\u00f3prio corpo reduz o fluxo sangu\u00edneo e pressiona nervos perif\u00e9ricos, gerando a sensa\u00e7\u00e3o de agulhadas. Esse tipo de formigamento costuma desaparecer em poucos minutos ao mover as m\u00e3os.<\/p>\n\n\n\n<p>Quando o sintoma se repete v\u00e1rias noites por semana, outras causas precisam ser investigadas, como s\u00edndrome do t\u00fanel do carpo, h\u00e9rnia de disco cervical, diabetes, hipotireoidismo e defici\u00eancia de vitamina B12. Em casos mais raros, pode estar associado a doen\u00e7as autoimunes ou ser um sinal de alerta para <a href=\"https:\/\/www.tuasaude.com\/sintomas-de-avc-acidente-vascular-cerebral\/\" target=\"_blank\" rel=\"noreferrer noopener\">sintomas de AVC<\/a>, especialmente quando aparece de forma s\u00fabita e em apenas um lado do corpo.<\/p>\n\n\n\n<h2 class=\"wp-block-heading\">Quais s\u00e3o os principais sintomas associados?<\/h2>\n\n\n\n<p>O formigamento raramente surge sozinho. Observar os sinais que o acompanham ajuda o m\u00e9dico a chegar ao diagn\u00f3stico correto e a diferenciar uma causa postural de uma condi\u00e7\u00e3o neurol\u00f3gica ou metab\u00f3lica.<\/p>\n\n\n\n<p>Os sintomas mais comuns que podem aparecer junto ao formigamento s\u00e3o:<\/p>\n\n\n\n<ul class=\"wp-block-list\">\n<li><strong>Dorm\u00eancia<\/strong> nos dedos polegar, indicador e m\u00e9dio, t\u00edpica da s\u00edndrome do t\u00fanel do carpo;<\/li>\n\n\n\n<li><strong>Dor<\/strong> que irradia do punho para o antebra\u00e7o ou do pesco\u00e7o para o ombro;<\/li>\n\n\n\n<li><strong>Fraqueza<\/strong> ao segurar objetos pequenos, como caneta, chaves ou x\u00edcara;<\/li>\n\n\n\n<li>Sensa\u00e7\u00e3o de choque ou queima\u00e7\u00e3o nas m\u00e3os durante a noite;<\/li>\n\n\n\n<li>Perda de sensibilidade ao toque ou \u00e0 temperatura.<\/li>\n<\/ul>\n\n\n<div class=\"wp-block-image\">\n<figure class=\"aligncenter size-large\"><img decoding=\"async\" width=\"1024\" height=\"571\" src=\"https:\/\/www.tuasaude.com\/news\/wp-content\/uploads\/2026\/04\/freepik_illustration-nonphotoreal_2883085932-1024x571.jpg\" alt=\"Voc\u00ea est\u00e1 com formigamento nas m\u00e3os ao acordar? Aqui est\u00e3o as causas, os sintomas e o tratamento\" class=\"wp-image-29706\" srcset=\"https:\/\/www.tuasaude.com\/news\/wp-content\/uploads\/2026\/04\/freepik_illustration-nonphotoreal_2883085932-1024x571.jpg 1024w, https:\/\/www.tuasaude.com\/news\/wp-content\/uploads\/2026\/04\/freepik_illustration-nonphotoreal_2883085932-300x167.jpg 300w, https:\/\/www.tuasaude.com\/news\/wp-content\/uploads\/2026\/04\/freepik_illustration-nonphotoreal_2883085932-768x428.jpg 768w, https:\/\/www.tuasaude.com\/news\/wp-content\/uploads\/2026\/04\/freepik_illustration-nonphotoreal_2883085932-750x418.jpg 750w, https:\/\/www.tuasaude.com\/news\/wp-content\/uploads\/2026\/04\/freepik_illustration-nonphotoreal_2883085932-1140x636.jpg 1140w, https:\/\/www.tuasaude.com\/news\/wp-content\/uploads\/2026\/04\/freepik_illustration-nonphotoreal_2883085932.jpg 1280w\" sizes=\"(max-width: 1024px) 100vw, 1024px\" \/><figcaption class=\"wp-element-caption\">Formigamento nas m\u00e3os ao acordar merece aten\u00e7\u00e3o.<\/figcaption><\/figure>\n<\/div>\n\n\n<h2 class=\"wp-block-heading\">Como um estudo cient\u00edfico relaciona a posi\u00e7\u00e3o de dormir ao problema?<\/h2>\n\n\n\n<p>A forma como voc\u00ea se posiciona na cama tem impacto direto sobre o nervo mediano, e a ci\u00eancia j\u00e1 documentou essa rela\u00e7\u00e3o em pesquisas com pacientes acompanhados em ambulat\u00f3rio. Pesquisadores da Universidade de Louisville investigaram se a postura habitual durante o sono poderia contribuir para o surgimento dos sintomas que aparecem logo nas primeiras horas da manh\u00e3.<\/p>\n\n\n\n<p>Segundo o estudo de caso-controle <a href=\"https:\/\/pubmed.ncbi.nlm.nih.gov\/22654695\/\" target=\"_blank\" rel=\"noreferrer noopener\">Preferred sleep position on the side is associated with carpal tunnel syndrome<\/a> publicado no peri\u00f3dico HAND e indexado no PubMed, foi encontrada uma associa\u00e7\u00e3o forte e significativa entre dormir de lado e a presen\u00e7a da s\u00edndrome do t\u00fanel do carpo, principalmente em homens e em mulheres com menos de 60 anos. Os autores sugerem que a postura lateral, mantida por horas, comprime o nervo mediano e ajuda a explicar por que tantas pessoas acordam com as m\u00e3os dormentes.<\/p>\n\n\n\n<h2 class=\"wp-block-heading\">Quando procurar ajuda m\u00e9dica?<\/h2>\n\n\n\n<p>Epis\u00f3dios isolados que somem ao mexer as m\u00e3os costumam ser benignos. J\u00e1 o formigamento que se torna frequente, dura mais de alguns minutos ou vem com outros sintomas neurol\u00f3gicos exige avalia\u00e7\u00e3o profissional para descartar condi\u00e7\u00f5es mais graves.<\/p>\n\n\n\n<p>Procure atendimento m\u00e9dico ao notar qualquer destes sinais:<\/p>\n\n\n<div class=\"wp-block-image\">\n<figure class=\"aligncenter size-large\"><img decoding=\"async\" width=\"1024\" height=\"422\" src=\"https:\/\/www.tuasaude.com\/news\/wp-content\/uploads\/2026\/04\/convertido-40-15-1024x422.jpg\" alt=\"Quando procurar ajuda m\u00e9dica?\" class=\"wp-image-29625\" srcset=\"https:\/\/www.tuasaude.com\/news\/wp-content\/uploads\/2026\/04\/convertido-40-15-1024x422.jpg 1024w, https:\/\/www.tuasaude.com\/news\/wp-content\/uploads\/2026\/04\/convertido-40-15-300x124.jpg 300w, https:\/\/www.tuasaude.com\/news\/wp-content\/uploads\/2026\/04\/convertido-40-15-768x316.jpg 768w, https:\/\/www.tuasaude.com\/news\/wp-content\/uploads\/2026\/04\/convertido-40-15-750x309.jpg 750w, https:\/\/www.tuasaude.com\/news\/wp-content\/uploads\/2026\/04\/convertido-40-15-1140x469.jpg 1140w, https:\/\/www.tuasaude.com\/news\/wp-content\/uploads\/2026\/04\/convertido-40-15.jpg 1280w\" sizes=\"(max-width: 1024px) 100vw, 1024px\" \/><figcaption class=\"wp-element-caption\">Quando procurar ajuda m\u00e9dica?<\/figcaption><\/figure>\n<\/div>\n\n\n<p>Em pessoas com diabetes, hipertens\u00e3o ou hist\u00f3rico cardiovascular, qualquer formigamento repentino merece aten\u00e7\u00e3o imediata. Vale tamb\u00e9m investigar car\u00eancias nutricionais, j\u00e1 que os <a href=\"https:\/\/www.tuasaude.com\/sintomas-da-falta-de-vitamina-b12\/\" target=\"_blank\" rel=\"noreferrer noopener\">sintomas de falta de vitamina B12<\/a> incluem formigamento nas extremidades, cansa\u00e7o e altera\u00e7\u00f5es de mem\u00f3ria.<\/p>\n\n\n\n<h2 class=\"wp-block-heading\">Quais s\u00e3o as op\u00e7\u00f5es de tratamento?<\/h2>\n\n\n\n<p>O tratamento varia conforme a causa identificada. Em casos posturais, ajustar a posi\u00e7\u00e3o de dormir, manter os punhos retos e usar travesseiros adequados costuma ser suficiente para aliviar o desconforto sem necessidade de medicamentos.<\/p>\n\n\n\n<p>Quando h\u00e1 s\u00edndrome do t\u00fanel do carpo, o ortopedista pode indicar uso de \u00f3rteses noturnas, fisioterapia, infiltra\u00e7\u00f5es ou, em casos avan\u00e7ados, cirurgia de libera\u00e7\u00e3o do ligamento. Para causas metab\u00f3licas, o tratamento envolve controle glic\u00eamico, reposi\u00e7\u00e3o vitam\u00ednica ou ajuste hormonal. A <a href=\"https:\/\/www.tuasaude.com\/fisioterapia\/\" target=\"_blank\" rel=\"noreferrer noopener\">fisioterapia<\/a> tamb\u00e9m \u00e9 um recurso valioso para aliviar a compress\u00e3o nervosa de origem cervical e recuperar a fun\u00e7\u00e3o das m\u00e3os.<\/p>\n\n\n\n<p><em>Este conte\u00fado tem car\u00e1ter exclusivamente informativo e n\u00e3o substitui a avalia\u00e7\u00e3o, o diagn\u00f3stico ou o tratamento realizados por um profissional de sa\u00fade qualificado. Em caso de sintomas persistentes, procure orienta\u00e7\u00e3o m\u00e9dica.<\/em><\/p>\n","protected":false},"excerpt":{"rendered":"<p>Sentir formigamento nas m\u00e3os ao acordar \u00e9 uma queixa frequente e pode ter origem simples, como dormir em uma posi\u00e7\u00e3o que comprime nervos e vasos, ou indicar condi\u00e7\u00f5es que merecem aten\u00e7\u00e3o, como s\u00edndrome do t\u00fanel do carpo, compress\u00e3o nervosa cervical ou defici\u00eancia de vitamina B12. Identificar o que est\u00e1 por tr\u00e1s desse inc\u00f4modo \u00e9 o [&hellip;]<\/p>\n","protected":false},"author":11,"featured_media":29705,"comment_status":"open","ping_status":"open","sticky":false,"template":"","format":"standard","meta":{"_yoast_wpseo_focuskw":"formigamento nas m\u00e3os ao acordar","_yoast_wpseo_title":"","_yoast_wpseo_metadesc":"Sentir formigamento nas m\u00e3os ao acordar \u00e9 comum, mas pode indicar compress\u00e3o nervosa ou s\u00edndrome do t\u00fanel do carpo. Entenda causas.","jnews-multi-image_gallery":[],"jnews_single_post":{"format":"standard"},"jnews_primary_category":[],"jnews_social_meta":[],"jnews_override_counter":[],"footnotes":""},"categories":[111],"tags":[145,2767,2768,136],"class_list":["post-29624","post","type-post","status-publish","format-standard","has-post-thumbnail","hentry","category-saude","tag-bem-estar","tag-formigamento","tag-formigamento-nas-maos","tag-saude"],"yoast_head":"<!-- This site is optimized with the Yoast SEO plugin v26.7 - https:\/\/yoast.com\/wordpress\/plugins\/seo\/ -->\n<title>Voc\u00ea est\u00e1 com formigamento nas m\u00e3os ao acordar? Aqui est\u00e3o as causas, os sintomas e o tratamento - Tua Sa\u00fade<\/title>\n<meta name=\"description\" content=\"Sentir formigamento nas m\u00e3os ao acordar \u00e9 comum, mas pode indicar compress\u00e3o nervosa ou s\u00edndrome do t\u00fanel do carpo. Entenda causas.\" \/>\n<meta name=\"robots\" content=\"index, follow, max-snippet:-1, max-image-preview:large, max-video-preview:-1\" \/>\n<link rel=\"canonical\" href=\"https:\/\/www.tuasaude.com\/news\/2026\/04\/29\/voce-esta-com-formigamento-nas-maos-ao-acordar-aqui-estao-as-causas-os-sintomas-e-o-tratamento\/\" \/>\n<meta property=\"og:locale\" content=\"pt_BR\" \/>\n<meta property=\"og:type\" content=\"article\" \/>\n<meta property=\"og:title\" content=\"Voc\u00ea est\u00e1 com formigamento nas m\u00e3os ao acordar? Aqui est\u00e3o as causas, os sintomas e o tratamento - Tua Sa\u00fade\" \/>\n<meta property=\"og:description\" content=\"Sentir formigamento nas m\u00e3os ao acordar \u00e9 comum, mas pode indicar compress\u00e3o nervosa ou s\u00edndrome do t\u00fanel do carpo. Entenda causas.\" \/>\n<meta property=\"og:url\" content=\"https:\/\/www.tuasaude.com\/news\/2026\/04\/29\/voce-esta-com-formigamento-nas-maos-ao-acordar-aqui-estao-as-causas-os-sintomas-e-o-tratamento\/\" \/>\n<meta property=\"og:site_name\" content=\"Tua Sa\u00fade\" \/>\n<meta property=\"article:published_time\" content=\"2026-04-29T03:00:00+00:00\" \/>\n<meta property=\"og:image\" content=\"https:\/\/www.tuasaude.com\/news\/wp-content\/uploads\/2026\/04\/freepik_illustration-nonphotoreal_2883085225.jpg\" \/>\n\t<meta property=\"og:image:width\" content=\"1280\" \/>\n\t<meta property=\"og:image:height\" content=\"714\" \/>\n\t<meta property=\"og:image:type\" content=\"image\/jpeg\" \/>\n<meta name=\"author\" content=\"Gessika Julia Carvalho\" \/>\n<meta name=\"twitter:card\" content=\"summary_large_image\" \/>\n<meta name=\"twitter:label1\" content=\"Escrito por\" \/>\n\t<meta name=\"twitter:data1\" content=\"Gessika Julia Carvalho\" \/>\n\t<meta name=\"twitter:label2\" content=\"Est. tempo de leitura\" \/>\n\t<meta name=\"twitter:data2\" content=\"5 minutos\" \/>\n<!-- \/ Yoast SEO plugin. -->","yoast_head_json":{"title":"Voc\u00ea est\u00e1 com formigamento nas m\u00e3os ao acordar? Aqui est\u00e3o as causas, os sintomas e o tratamento - Tua Sa\u00fade","description":"Sentir formigamento nas m\u00e3os ao acordar \u00e9 comum, mas pode indicar compress\u00e3o nervosa ou s\u00edndrome do t\u00fanel do carpo. Entenda causas.","robots":{"index":"index","follow":"follow","max-snippet":"max-snippet:-1","max-image-preview":"max-image-preview:large","max-video-preview":"max-video-preview:-1"},"canonical":"https:\/\/www.tuasaude.com\/news\/2026\/04\/29\/voce-esta-com-formigamento-nas-maos-ao-acordar-aqui-estao-as-causas-os-sintomas-e-o-tratamento\/","og_locale":"pt_BR","og_type":"article","og_title":"Voc\u00ea est\u00e1 com formigamento nas m\u00e3os ao acordar? Aqui est\u00e3o as causas, os sintomas e o tratamento - Tua Sa\u00fade","og_description":"Sentir formigamento nas m\u00e3os ao acordar \u00e9 comum, mas pode indicar compress\u00e3o nervosa ou s\u00edndrome do t\u00fanel do carpo. Entenda causas.","og_url":"https:\/\/www.tuasaude.com\/news\/2026\/04\/29\/voce-esta-com-formigamento-nas-maos-ao-acordar-aqui-estao-as-causas-os-sintomas-e-o-tratamento\/","og_site_name":"Tua Sa\u00fade","article_published_time":"2026-04-29T03:00:00+00:00","og_image":[{"width":1280,"height":714,"url":"https:\/\/www.tuasaude.com\/news\/wp-content\/uploads\/2026\/04\/freepik_illustration-nonphotoreal_2883085225.jpg","type":"image\/jpeg"}],"author":"Gessika Julia Carvalho","twitter_card":"summary_large_image","twitter_misc":{"Escrito por":"Gessika Julia Carvalho","Est. tempo de leitura":"5 minutos"},"schema":{"@context":"https:\/\/schema.org","@graph":[{"@type":"Article","@id":"https:\/\/www.tuasaude.com\/news\/2026\/04\/29\/voce-esta-com-formigamento-nas-maos-ao-acordar-aqui-estao-as-causas-os-sintomas-e-o-tratamento\/#article","isPartOf":{"@id":"https:\/\/www.tuasaude.com\/news\/2026\/04\/29\/voce-esta-com-formigamento-nas-maos-ao-acordar-aqui-estao-as-causas-os-sintomas-e-o-tratamento\/"},"author":{"name":"Gessika Julia Carvalho","@id":"https:\/\/www.tuasaude.com\/news\/#\/schema\/person\/2e9df841be69ec84f5d20ddb8d273ac2"},"headline":"Voc\u00ea est\u00e1 com formigamento nas m\u00e3os ao acordar? Aqui est\u00e3o as causas, os sintomas e o tratamento","datePublished":"2026-04-29T03:00:00+00:00","mainEntityOfPage":{"@id":"https:\/\/www.tuasaude.com\/news\/2026\/04\/29\/voce-esta-com-formigamento-nas-maos-ao-acordar-aqui-estao-as-causas-os-sintomas-e-o-tratamento\/"},"wordCount":788,"commentCount":0,"image":{"@id":"https:\/\/www.tuasaude.com\/news\/2026\/04\/29\/voce-esta-com-formigamento-nas-maos-ao-acordar-aqui-estao-as-causas-os-sintomas-e-o-tratamento\/#primaryimage"},"thumbnailUrl":"https:\/\/www.tuasaude.com\/news\/wp-content\/uploads\/2026\/04\/freepik_illustration-nonphotoreal_2883085225.jpg","keywords":["bem-estar","Formigamento","Formigamento nas m\u00e3os","sa\u00fade"],"articleSection":["Sa\u00fade"],"inLanguage":"pt-BR","potentialAction":[{"@type":"CommentAction","name":"Comment","target":["https:\/\/www.tuasaude.com\/news\/2026\/04\/29\/voce-esta-com-formigamento-nas-maos-ao-acordar-aqui-estao-as-causas-os-sintomas-e-o-tratamento\/#respond"]}]},{"@type":"WebPage","@id":"https:\/\/www.tuasaude.com\/news\/2026\/04\/29\/voce-esta-com-formigamento-nas-maos-ao-acordar-aqui-estao-as-causas-os-sintomas-e-o-tratamento\/","url":"https:\/\/www.tuasaude.com\/news\/2026\/04\/29\/voce-esta-com-formigamento-nas-maos-ao-acordar-aqui-estao-as-causas-os-sintomas-e-o-tratamento\/","name":"Voc\u00ea est\u00e1 com formigamento nas m\u00e3os ao acordar? Aqui est\u00e3o as causas, os sintomas e o tratamento - Tua Sa\u00fade","isPartOf":{"@id":"https:\/\/www.tuasaude.com\/news\/#website"},"primaryImageOfPage":{"@id":"https:\/\/www.tuasaude.com\/news\/2026\/04\/29\/voce-esta-com-formigamento-nas-maos-ao-acordar-aqui-estao-as-causas-os-sintomas-e-o-tratamento\/#primaryimage"},"image":{"@id":"https:\/\/www.tuasaude.com\/news\/2026\/04\/29\/voce-esta-com-formigamento-nas-maos-ao-acordar-aqui-estao-as-causas-os-sintomas-e-o-tratamento\/#primaryimage"},"thumbnailUrl":"https:\/\/www.tuasaude.com\/news\/wp-content\/uploads\/2026\/04\/freepik_illustration-nonphotoreal_2883085225.jpg","datePublished":"2026-04-29T03:00:00+00:00","author":{"@id":"https:\/\/www.tuasaude.com\/news\/#\/schema\/person\/2e9df841be69ec84f5d20ddb8d273ac2"},"description":"Sentir formigamento nas m\u00e3os ao acordar \u00e9 comum, mas pode indicar compress\u00e3o nervosa ou s\u00edndrome do t\u00fanel do carpo. Entenda causas.","breadcrumb":{"@id":"https:\/\/www.tuasaude.com\/news\/2026\/04\/29\/voce-esta-com-formigamento-nas-maos-ao-acordar-aqui-estao-as-causas-os-sintomas-e-o-tratamento\/#breadcrumb"},"inLanguage":"pt-BR","potentialAction":[{"@type":"ReadAction","target":["https:\/\/www.tuasaude.com\/news\/2026\/04\/29\/voce-esta-com-formigamento-nas-maos-ao-acordar-aqui-estao-as-causas-os-sintomas-e-o-tratamento\/"]}]},{"@type":"ImageObject","inLanguage":"pt-BR","@id":"https:\/\/www.tuasaude.com\/news\/2026\/04\/29\/voce-esta-com-formigamento-nas-maos-ao-acordar-aqui-estao-as-causas-os-sintomas-e-o-tratamento\/#primaryimage","url":"https:\/\/www.tuasaude.com\/news\/wp-content\/uploads\/2026\/04\/freepik_illustration-nonphotoreal_2883085225.jpg","contentUrl":"https:\/\/www.tuasaude.com\/news\/wp-content\/uploads\/2026\/04\/freepik_illustration-nonphotoreal_2883085225.jpg","width":1280,"height":714,"caption":"Acordar com a m\u00e3o formigando pode ser mais que posi\u00e7\u00e3o errada."},{"@type":"BreadcrumbList","@id":"https:\/\/www.tuasaude.com\/news\/2026\/04\/29\/voce-esta-com-formigamento-nas-maos-ao-acordar-aqui-estao-as-causas-os-sintomas-e-o-tratamento\/#breadcrumb","itemListElement":[{"@type":"ListItem","position":1,"name":"In\u00edcio","item":"https:\/\/www.tuasaude.com\/news\/"},{"@type":"ListItem","position":2,"name":"Voc\u00ea est\u00e1 com formigamento nas m\u00e3os ao acordar? Aqui est\u00e3o as causas, os sintomas e o tratamento"}]},{"@type":"WebSite","@id":"https:\/\/www.tuasaude.com\/news\/#website","url":"https:\/\/www.tuasaude.com\/news\/","name":"Tua Sa\u00fade","description":"Seu site de sa\u00fade","potentialAction":[{"@type":"SearchAction","target":{"@type":"EntryPoint","urlTemplate":"https:\/\/www.tuasaude.com\/news\/?s={search_term_string}"},"query-input":{"@type":"PropertyValueSpecification","valueRequired":true,"valueName":"search_term_string"}}],"inLanguage":"pt-BR"},{"@type":"Person","@id":"https:\/\/www.tuasaude.com\/news\/#\/schema\/person\/2e9df841be69ec84f5d20ddb8d273ac2","name":"Gessika Julia Carvalho","image":{"@type":"ImageObject","inLanguage":"pt-BR","@id":"https:\/\/www.tuasaude.com\/news\/#\/schema\/person\/image\/","url":"https:\/\/secure.gravatar.com\/avatar\/0fcc8769024577fd0bc6a8b766055690f76a8e8f29dfb2a2f89cf04db8d0f2d2?s=96&d=mm&r=g","contentUrl":"https:\/\/secure.gravatar.com\/avatar\/0fcc8769024577fd0bc6a8b766055690f76a8e8f29dfb2a2f89cf04db8d0f2d2?s=96&d=mm&r=g","caption":"Gessika Julia Carvalho"},"sameAs":["https:\/\/www.tuasaude.com\/news\/"],"url":"https:\/\/www.tuasaude.com\/news\/author\/gessika-julia\/"}]}},"_links":{"self":[{"href":"https:\/\/www.tuasaude.com\/news\/wp-json\/wp\/v2\/posts\/29624","targetHints":{"allow":["GET"]}}],"collection":[{"href":"https:\/\/www.tuasaude.com\/news\/wp-json\/wp\/v2\/posts"}],"about":[{"href":"https:\/\/www.tuasaude.com\/news\/wp-json\/wp\/v2\/types\/post"}],"author":[{"embeddable":true,"href":"https:\/\/www.tuasaude.com\/news\/wp-json\/wp\/v2\/users\/11"}],"replies":[{"embeddable":true,"href":"https:\/\/www.tuasaude.com\/news\/wp-json\/wp\/v2\/comments?post=29624"}],"version-history":[{"count":2,"href":"https:\/\/www.tuasaude.com\/news\/wp-json\/wp\/v2\/posts\/29624\/revisions"}],"predecessor-version":[{"id":29717,"href":"https:\/\/www.tuasaude.com\/news\/wp-json\/wp\/v2\/posts\/29624\/revisions\/29717"}],"wp:featuredmedia":[{"embeddable":true,"href":"https:\/\/www.tuasaude.com\/news\/wp-json\/wp\/v2\/media\/29705"}],"wp:attachment":[{"href":"https:\/\/www.tuasaude.com\/news\/wp-json\/wp\/v2\/media?parent=29624"}],"wp:term":[{"taxonomy":"category","embeddable":true,"href":"https:\/\/www.tuasaude.com\/news\/wp-json\/wp\/v2\/categories?post=29624"},{"taxonomy":"post_tag","embeddable":true,"href":"https:\/\/www.tuasaude.com\/news\/wp-json\/wp\/v2\/tags?post=29624"}],"curies":[{"name":"wp","href":"https:\/\/api.w.org\/{rel}","templated":true}]}}