{"id":29422,"date":"2026-04-28T19:05:00","date_gmt":"2026-04-28T22:05:00","guid":{"rendered":"https:\/\/www.tuasaude.com\/news\/?p=29422"},"modified":"2026-04-27T21:33:03","modified_gmt":"2026-04-28T00:33:03","slug":"o-horario-das-refeicoes-se-junta-aos-sinais-usados-para-identificar-risco-metabolico","status":"publish","type":"post","link":"https:\/\/www.tuasaude.com\/news\/2026\/04\/28\/o-horario-das-refeicoes-se-junta-aos-sinais-usados-para-identificar-risco-metabolico\/","title":{"rendered":"O hor\u00e1rio das refei\u00e7\u00f5es se junta aos sinais usados para identificar risco metab\u00f3lico"},"content":{"rendered":"\n<p>O risco metab\u00f3lico n\u00e3o depende apenas do que a pessoa come. Cada vez mais, o <strong>hor\u00e1rio das refei\u00e7\u00f5es<\/strong> entra nessa conversa porque pode influenciar glicose, insulina, lip\u00eddios e at\u00e9 inflama\u00e7\u00e3o. Isso ajuda a explicar por que duas dietas parecidas podem ter efeitos diferentes quando uma delas concentra comida tarde da noite, pula refei\u00e7\u00f5es ou mant\u00e9m hor\u00e1rios muito irregulares.<\/p>\n\n\n\n<h2 class=\"wp-block-heading\">Por que o hor\u00e1rio das refei\u00e7\u00f5es passou a chamar aten\u00e7\u00e3o<\/h2>\n\n\n\n<p>O corpo funciona em ritmo biol\u00f3gico, com momentos do dia em que lida melhor com energia, glicose e horm\u00f4nios. Quando a alimenta\u00e7\u00e3o fica muito desalinhada desse ritmo, o metabolismo pode responder pior.<\/p>\n\n\n\n<p>Na pr\u00e1tica, comer muito tarde, variar demais os hor\u00e1rios ou concentrar grande parte das calorias \u00e0 noite pode se associar a maior dificuldade no controle metab\u00f3lico. Por isso, o rel\u00f3gio das refei\u00e7\u00f5es come\u00e7a a ser visto como mais um sinal \u00fatil ao lado de peso, cintura abdominal, press\u00e3o alta e glicemia.<\/p>\n\n\n\n<h2 class=\"wp-block-heading\">Sinais da rotina alimentar que podem acender esse alerta<\/h2>\n\n\n\n<p>Nem sempre o problema est\u00e1 em um alimento isolado. Muitas vezes, o padr\u00e3o do dia inteiro \u00e9 que chama aten\u00e7\u00e3o.<\/p>\n\n\n\n<ul class=\"wp-block-list\">\n<li><strong>Jantar muito tarde<\/strong> com frequ\u00eancia<\/li>\n\n\n\n<li><strong>Longos per\u00edodos sem comer<\/strong> seguidos de grandes volumes \u00e0 noite<\/li>\n\n\n\n<li><strong>Hor\u00e1rios irregulares<\/strong> de um dia para o outro<\/li>\n\n\n\n<li><strong>Beliscar perto da hora de dormir<\/strong><\/li>\n\n\n\n<li><strong>Pular caf\u00e9 da manh\u00e3<\/strong> e compensar mais tarde, em alguns casos<\/li>\n<\/ul>\n\n\n<div class=\"wp-block-image\">\n<figure class=\"aligncenter size-large\"><img decoding=\"async\" width=\"1024\" height=\"576\" src=\"https:\/\/www.tuasaude.com\/news\/wp-content\/uploads\/2026\/04\/ChatGPT-Image-27-de-abr.-de-2026-17_29_53-1024x576.jpg\" alt=\"M\u00e3os preparando um jantar leve em hor\u00e1rio mais regular.\" class=\"wp-image-29425\" srcset=\"https:\/\/www.tuasaude.com\/news\/wp-content\/uploads\/2026\/04\/ChatGPT-Image-27-de-abr.-de-2026-17_29_53-1024x576.jpg 1024w, https:\/\/www.tuasaude.com\/news\/wp-content\/uploads\/2026\/04\/ChatGPT-Image-27-de-abr.-de-2026-17_29_53-300x169.jpg 300w, https:\/\/www.tuasaude.com\/news\/wp-content\/uploads\/2026\/04\/ChatGPT-Image-27-de-abr.-de-2026-17_29_53-768x432.jpg 768w, https:\/\/www.tuasaude.com\/news\/wp-content\/uploads\/2026\/04\/ChatGPT-Image-27-de-abr.-de-2026-17_29_53-750x422.jpg 750w, https:\/\/www.tuasaude.com\/news\/wp-content\/uploads\/2026\/04\/ChatGPT-Image-27-de-abr.-de-2026-17_29_53-1140x641.jpg 1140w, https:\/\/www.tuasaude.com\/news\/wp-content\/uploads\/2026\/04\/ChatGPT-Image-27-de-abr.-de-2026-17_29_53.jpg 1280w\" sizes=\"(max-width: 1024px) 100vw, 1024px\" \/><figcaption class=\"wp-element-caption\">M\u00e3os preparando um jantar leve em hor\u00e1rio mais regular.<\/figcaption><\/figure>\n<\/div>\n\n\n<h2 class=\"wp-block-heading\">O estudo cient\u00edfico que refor\u00e7a essa rela\u00e7\u00e3o<\/h2>\n\n\n\n<p>Segundo a revis\u00e3o <a href=\"https:\/\/pubmed.ncbi.nlm.nih.gov\/41478598\/\" target=\"_blank\" rel=\"noreferrer noopener\"><em>Time-Restricted Eating in Metabolic and Clinical Health: a Current Evidence and Mechanistic Insights<\/em><\/a>, publicada em 2025 no <strong>Current Nutrition Reports<\/strong>, a alimenta\u00e7\u00e3o com janela de tempo definida pode ser uma estrat\u00e9gia segura e clinicamente relevante para a sa\u00fade metab\u00f3lica quando \u00e9 individualizada e supervisionada. O trabalho destaca que os dados s\u00e3o promissores para controle do metabolismo, mas tamb\u00e9m lembra que a ades\u00e3o, a qualidade da dieta e a sustentabilidade no longo prazo ainda s\u00e3o pontos centrais.<\/p>\n\n\n\n<p>Essa ideia \u00e9 refor\u00e7ada por outra revis\u00e3o de 2025, <a href=\"https:\/\/pubmed.ncbi.nlm.nih.gov\/40323226\/\" target=\"_blank\" rel=\"noreferrer noopener\"><em>What are the effects of time-restricted eating upon metabolic health outcomes in individuals with metabolic syndrome: A scoping review<\/em><\/a>, publicada na <strong>Physiological Reports<\/strong>. Segundo os autores, interven\u00e7\u00f5es com janelas de 8 a 10 horas mostraram benef\u00edcios mistos, mas relevantes, em peso, gordura abdominal, press\u00e3o arterial e marcadores de glicose e lip\u00eddios. Isso sugere que o hor\u00e1rio das refei\u00e7\u00f5es pode entrar como pe\u00e7a complementar na avalia\u00e7\u00e3o do risco metab\u00f3lico, e n\u00e3o como regra \u00fanica para todos.<\/p>\n\n\n\n<h2 class=\"wp-block-heading\">O que tende a funcionar melhor no dia a dia<\/h2>\n\n\n\n<p>Em vez de buscar um protocolo r\u00edgido, costuma ser mais \u00fatil organizar a rotina em torno de hor\u00e1rios previs\u00edveis e evitar refei\u00e7\u00f5es pesadas muito tarde. Isso pode ajudar o corpo a lidar melhor com a energia ao longo do dia.<\/p>\n\n\n\n<ul class=\"wp-block-list\">\n<li><strong>Manter hor\u00e1rios mais regulares<\/strong> para as principais refei\u00e7\u00f5es<\/li>\n\n\n\n<li><strong>Evitar grandes volumes \u00e0 noite<\/strong><\/li>\n\n\n\n<li><strong>Deixar um intervalo antes de dormir<\/strong> ap\u00f3s o jantar<\/li>\n\n\n\n<li><strong>Concentrar refei\u00e7\u00f5es em uma janela vi\u00e1vel<\/strong>, sem radicalismo<\/li>\n\n\n\n<li><strong>Cuidar da qualidade da dieta<\/strong>, porque o hor\u00e1rio sozinho n\u00e3o resolve tudo<\/li>\n<\/ul>\n\n\n<div class=\"wp-block-image\">\n<figure class=\"aligncenter size-large\"><img decoding=\"async\" width=\"1024\" height=\"441\" src=\"https:\/\/www.tuasaude.com\/news\/wp-content\/uploads\/2026\/04\/convertido-398-1024x441.jpg\" alt=\"Hor\u00e1rio das Refei\u00e7\u00f5es: Novo Sinal de Alerta para o Risco Metab\u00f3lico\" class=\"wp-image-29424\" srcset=\"https:\/\/www.tuasaude.com\/news\/wp-content\/uploads\/2026\/04\/convertido-398-1024x441.jpg 1024w, https:\/\/www.tuasaude.com\/news\/wp-content\/uploads\/2026\/04\/convertido-398-300x129.jpg 300w, https:\/\/www.tuasaude.com\/news\/wp-content\/uploads\/2026\/04\/convertido-398-768x331.jpg 768w, https:\/\/www.tuasaude.com\/news\/wp-content\/uploads\/2026\/04\/convertido-398-750x323.jpg 750w, https:\/\/www.tuasaude.com\/news\/wp-content\/uploads\/2026\/04\/convertido-398-1140x491.jpg 1140w, https:\/\/www.tuasaude.com\/news\/wp-content\/uploads\/2026\/04\/convertido-398.jpg 1280w\" sizes=\"(max-width: 1024px) 100vw, 1024px\" \/><figcaption class=\"wp-element-caption\">Hor\u00e1rio das Refei\u00e7\u00f5es: Novo Sinal de Alerta para o Risco Metab\u00f3lico<\/figcaption><\/figure>\n<\/div>\n\n\n<h2 class=\"wp-block-heading\">Como olhar para o rel\u00f3gio sem esquecer o restante<\/h2>\n\n\n\n<p>O hor\u00e1rio das refei\u00e7\u00f5es merece aten\u00e7\u00e3o, mas n\u00e3o substitui outros pilares importantes. Sedentarismo, sono ruim, excesso de ultraprocessados, estresse e gordura abdominal continuam pesando muito no risco metab\u00f3lico.<\/p>\n\n\n\n<p>Por isso, o melhor uso dessa informa\u00e7\u00e3o \u00e9 como parte de um quadro maior. No Tua Sa\u00fade, voc\u00ea pode complementar a leitura com o conte\u00fado sobre <a href=\"https:\/\/www.tuasaude.com\/jejum-intermitente\/\" target=\"_blank\" rel=\"noreferrer noopener\">jejum intermitente<\/a>. Este conte\u00fado \u00e9 apenas informativo e n\u00e3o substitui a avalia\u00e7\u00e3o de um m\u00e9dico. Para avaliar risco metab\u00f3lico e ajustar hor\u00e1rios de refei\u00e7\u00e3o com seguran\u00e7a, procure orienta\u00e7\u00e3o m\u00e9dica ou nutricional profissional.<\/p>\n","protected":false},"excerpt":{"rendered":"<p>O risco metab\u00f3lico n\u00e3o depende apenas do que a pessoa come. Cada vez mais, o hor\u00e1rio das refei\u00e7\u00f5es entra nessa conversa porque pode influenciar glicose, insulina, lip\u00eddios e at\u00e9 inflama\u00e7\u00e3o. Isso ajuda a explicar por que duas dietas parecidas podem ter efeitos diferentes quando uma delas concentra comida tarde da noite, pula refei\u00e7\u00f5es ou mant\u00e9m [&hellip;]<\/p>\n","protected":false},"author":12,"featured_media":29599,"comment_status":"open","ping_status":"open","sticky":false,"template":"","format":"standard","meta":{"_yoast_wpseo_focuskw":"hor\u00e1rio das refei\u00e7\u00f5es","_yoast_wpseo_title":"","_yoast_wpseo_metadesc":"Hor\u00e1rio das refei\u00e7\u00f5es pode influenciar glicose, insulina e risco metab\u00f3lico; entenda sinais da rotina e como organizar melhor o dia.","jnews-multi-image_gallery":[],"jnews_single_post":{"format":"standard"},"jnews_primary_category":[],"jnews_social_meta":[],"jnews_override_counter":[],"footnotes":""},"categories":[111],"tags":[1232,219,6268],"class_list":["post-29422","post","type-post","status-publish","format-standard","has-post-thumbnail","hentry","category-saude","tag-glicose","tag-jejum-intermitente","tag-risco-metabolico"],"yoast_head":"<!-- This site is optimized with the Yoast SEO plugin v26.7 - https:\/\/yoast.com\/wordpress\/plugins\/seo\/ -->\n<title>O hor\u00e1rio das refei\u00e7\u00f5es se junta aos sinais usados para identificar risco metab\u00f3lico - Tua Sa\u00fade<\/title>\n<meta name=\"description\" content=\"Hor\u00e1rio das refei\u00e7\u00f5es pode influenciar glicose, insulina e risco metab\u00f3lico; entenda sinais da rotina e como organizar melhor o dia.\" \/>\n<meta name=\"robots\" content=\"index, follow, max-snippet:-1, max-image-preview:large, max-video-preview:-1\" \/>\n<link rel=\"canonical\" href=\"https:\/\/www.tuasaude.com\/news\/2026\/04\/28\/o-horario-das-refeicoes-se-junta-aos-sinais-usados-para-identificar-risco-metabolico\/\" \/>\n<meta property=\"og:locale\" content=\"pt_BR\" \/>\n<meta property=\"og:type\" content=\"article\" \/>\n<meta property=\"og:title\" content=\"O hor\u00e1rio das refei\u00e7\u00f5es se junta aos sinais usados para identificar risco metab\u00f3lico - Tua Sa\u00fade\" \/>\n<meta property=\"og:description\" content=\"Hor\u00e1rio das refei\u00e7\u00f5es pode influenciar glicose, insulina e risco metab\u00f3lico; entenda sinais da rotina e como organizar melhor o dia.\" \/>\n<meta property=\"og:url\" content=\"https:\/\/www.tuasaude.com\/news\/2026\/04\/28\/o-horario-das-refeicoes-se-junta-aos-sinais-usados-para-identificar-risco-metabolico\/\" \/>\n<meta property=\"og:site_name\" content=\"Tua Sa\u00fade\" \/>\n<meta property=\"article:published_time\" content=\"2026-04-28T22:05:00+00:00\" \/>\n<meta property=\"og:image\" content=\"https:\/\/www.tuasaude.com\/news\/wp-content\/uploads\/2026\/04\/freepik_illustration-nonphotoreal_2877604198.jpg\" \/>\n\t<meta property=\"og:image:width\" content=\"1280\" \/>\n\t<meta property=\"og:image:height\" content=\"714\" \/>\n\t<meta property=\"og:image:type\" content=\"image\/jpeg\" \/>\n<meta name=\"author\" content=\"Jeferson Henrique\" \/>\n<meta name=\"twitter:card\" content=\"summary_large_image\" \/>\n<meta name=\"twitter:label1\" content=\"Escrito por\" \/>\n\t<meta name=\"twitter:data1\" content=\"Jeferson Henrique\" \/>\n\t<meta name=\"twitter:label2\" content=\"Est. tempo de leitura\" \/>\n\t<meta name=\"twitter:data2\" content=\"4 minutos\" \/>\n<!-- \/ Yoast SEO plugin. -->","yoast_head_json":{"title":"O hor\u00e1rio das refei\u00e7\u00f5es se junta aos sinais usados para identificar risco metab\u00f3lico - Tua Sa\u00fade","description":"Hor\u00e1rio das refei\u00e7\u00f5es pode influenciar glicose, insulina e risco metab\u00f3lico; entenda sinais da rotina e como organizar melhor o dia.","robots":{"index":"index","follow":"follow","max-snippet":"max-snippet:-1","max-image-preview":"max-image-preview:large","max-video-preview":"max-video-preview:-1"},"canonical":"https:\/\/www.tuasaude.com\/news\/2026\/04\/28\/o-horario-das-refeicoes-se-junta-aos-sinais-usados-para-identificar-risco-metabolico\/","og_locale":"pt_BR","og_type":"article","og_title":"O hor\u00e1rio das refei\u00e7\u00f5es se junta aos sinais usados para identificar risco metab\u00f3lico - Tua Sa\u00fade","og_description":"Hor\u00e1rio das refei\u00e7\u00f5es pode influenciar glicose, insulina e risco metab\u00f3lico; entenda sinais da rotina e como organizar melhor o dia.","og_url":"https:\/\/www.tuasaude.com\/news\/2026\/04\/28\/o-horario-das-refeicoes-se-junta-aos-sinais-usados-para-identificar-risco-metabolico\/","og_site_name":"Tua Sa\u00fade","article_published_time":"2026-04-28T22:05:00+00:00","og_image":[{"width":1280,"height":714,"url":"https:\/\/www.tuasaude.com\/news\/wp-content\/uploads\/2026\/04\/freepik_illustration-nonphotoreal_2877604198.jpg","type":"image\/jpeg"}],"author":"Jeferson Henrique","twitter_card":"summary_large_image","twitter_misc":{"Escrito por":"Jeferson Henrique","Est. tempo de leitura":"4 minutos"},"schema":{"@context":"https:\/\/schema.org","@graph":[{"@type":"Article","@id":"https:\/\/www.tuasaude.com\/news\/2026\/04\/28\/o-horario-das-refeicoes-se-junta-aos-sinais-usados-para-identificar-risco-metabolico\/#article","isPartOf":{"@id":"https:\/\/www.tuasaude.com\/news\/2026\/04\/28\/o-horario-das-refeicoes-se-junta-aos-sinais-usados-para-identificar-risco-metabolico\/"},"author":{"name":"Jeferson Henrique","@id":"https:\/\/www.tuasaude.com\/news\/#\/schema\/person\/963d63d4e1f0c81f5f3a70ba4bcb0ef7"},"headline":"O hor\u00e1rio das refei\u00e7\u00f5es se junta aos sinais usados para identificar risco metab\u00f3lico","datePublished":"2026-04-28T22:05:00+00:00","mainEntityOfPage":{"@id":"https:\/\/www.tuasaude.com\/news\/2026\/04\/28\/o-horario-das-refeicoes-se-junta-aos-sinais-usados-para-identificar-risco-metabolico\/"},"wordCount":687,"commentCount":0,"image":{"@id":"https:\/\/www.tuasaude.com\/news\/2026\/04\/28\/o-horario-das-refeicoes-se-junta-aos-sinais-usados-para-identificar-risco-metabolico\/#primaryimage"},"thumbnailUrl":"https:\/\/www.tuasaude.com\/news\/wp-content\/uploads\/2026\/04\/freepik_illustration-nonphotoreal_2877604198.jpg","keywords":["glicose","Jejum intermitente","risco metab\u00f3lico"],"articleSection":["Sa\u00fade"],"inLanguage":"pt-BR","potentialAction":[{"@type":"CommentAction","name":"Comment","target":["https:\/\/www.tuasaude.com\/news\/2026\/04\/28\/o-horario-das-refeicoes-se-junta-aos-sinais-usados-para-identificar-risco-metabolico\/#respond"]}]},{"@type":"WebPage","@id":"https:\/\/www.tuasaude.com\/news\/2026\/04\/28\/o-horario-das-refeicoes-se-junta-aos-sinais-usados-para-identificar-risco-metabolico\/","url":"https:\/\/www.tuasaude.com\/news\/2026\/04\/28\/o-horario-das-refeicoes-se-junta-aos-sinais-usados-para-identificar-risco-metabolico\/","name":"O hor\u00e1rio das refei\u00e7\u00f5es se junta aos sinais usados para identificar risco metab\u00f3lico - Tua Sa\u00fade","isPartOf":{"@id":"https:\/\/www.tuasaude.com\/news\/#website"},"primaryImageOfPage":{"@id":"https:\/\/www.tuasaude.com\/news\/2026\/04\/28\/o-horario-das-refeicoes-se-junta-aos-sinais-usados-para-identificar-risco-metabolico\/#primaryimage"},"image":{"@id":"https:\/\/www.tuasaude.com\/news\/2026\/04\/28\/o-horario-das-refeicoes-se-junta-aos-sinais-usados-para-identificar-risco-metabolico\/#primaryimage"},"thumbnailUrl":"https:\/\/www.tuasaude.com\/news\/wp-content\/uploads\/2026\/04\/freepik_illustration-nonphotoreal_2877604198.jpg","datePublished":"2026-04-28T22:05:00+00:00","author":{"@id":"https:\/\/www.tuasaude.com\/news\/#\/schema\/person\/963d63d4e1f0c81f5f3a70ba4bcb0ef7"},"description":"Hor\u00e1rio das refei\u00e7\u00f5es pode influenciar glicose, insulina e risco metab\u00f3lico; entenda sinais da rotina e como organizar melhor o dia.","breadcrumb":{"@id":"https:\/\/www.tuasaude.com\/news\/2026\/04\/28\/o-horario-das-refeicoes-se-junta-aos-sinais-usados-para-identificar-risco-metabolico\/#breadcrumb"},"inLanguage":"pt-BR","potentialAction":[{"@type":"ReadAction","target":["https:\/\/www.tuasaude.com\/news\/2026\/04\/28\/o-horario-das-refeicoes-se-junta-aos-sinais-usados-para-identificar-risco-metabolico\/"]}]},{"@type":"ImageObject","inLanguage":"pt-BR","@id":"https:\/\/www.tuasaude.com\/news\/2026\/04\/28\/o-horario-das-refeicoes-se-junta-aos-sinais-usados-para-identificar-risco-metabolico\/#primaryimage","url":"https:\/\/www.tuasaude.com\/news\/wp-content\/uploads\/2026\/04\/freepik_illustration-nonphotoreal_2877604198.jpg","contentUrl":"https:\/\/www.tuasaude.com\/news\/wp-content\/uploads\/2026\/04\/freepik_illustration-nonphotoreal_2877604198.jpg","width":1280,"height":714,"caption":"Comer tarde pode pesar na glicose e na insulina."},{"@type":"BreadcrumbList","@id":"https:\/\/www.tuasaude.com\/news\/2026\/04\/28\/o-horario-das-refeicoes-se-junta-aos-sinais-usados-para-identificar-risco-metabolico\/#breadcrumb","itemListElement":[{"@type":"ListItem","position":1,"name":"In\u00edcio","item":"https:\/\/www.tuasaude.com\/news\/"},{"@type":"ListItem","position":2,"name":"O hor\u00e1rio das refei\u00e7\u00f5es se junta aos sinais usados para identificar risco metab\u00f3lico"}]},{"@type":"WebSite","@id":"https:\/\/www.tuasaude.com\/news\/#website","url":"https:\/\/www.tuasaude.com\/news\/","name":"Tua Sa\u00fade","description":"Seu site de sa\u00fade","potentialAction":[{"@type":"SearchAction","target":{"@type":"EntryPoint","urlTemplate":"https:\/\/www.tuasaude.com\/news\/?s={search_term_string}"},"query-input":{"@type":"PropertyValueSpecification","valueRequired":true,"valueName":"search_term_string"}}],"inLanguage":"pt-BR"},{"@type":"Person","@id":"https:\/\/www.tuasaude.com\/news\/#\/schema\/person\/963d63d4e1f0c81f5f3a70ba4bcb0ef7","name":"Jeferson Henrique","image":{"@type":"ImageObject","inLanguage":"pt-BR","@id":"https:\/\/www.tuasaude.com\/news\/#\/schema\/person\/image\/","url":"https:\/\/secure.gravatar.com\/avatar\/1a476a54a48eb3cdea5dd2f016708263892c6b9f5e54b641df7c65e980fd6f69?s=96&d=mm&r=g","contentUrl":"https:\/\/secure.gravatar.com\/avatar\/1a476a54a48eb3cdea5dd2f016708263892c6b9f5e54b641df7c65e980fd6f69?s=96&d=mm&r=g","caption":"Jeferson Henrique"},"sameAs":["https:\/\/www.tuasaude.com\/news\/"],"url":"https:\/\/www.tuasaude.com\/news\/author\/jeferson-henrique\/"}]}},"_links":{"self":[{"href":"https:\/\/www.tuasaude.com\/news\/wp-json\/wp\/v2\/posts\/29422","targetHints":{"allow":["GET"]}}],"collection":[{"href":"https:\/\/www.tuasaude.com\/news\/wp-json\/wp\/v2\/posts"}],"about":[{"href":"https:\/\/www.tuasaude.com\/news\/wp-json\/wp\/v2\/types\/post"}],"author":[{"embeddable":true,"href":"https:\/\/www.tuasaude.com\/news\/wp-json\/wp\/v2\/users\/12"}],"replies":[{"embeddable":true,"href":"https:\/\/www.tuasaude.com\/news\/wp-json\/wp\/v2\/comments?post=29422"}],"version-history":[{"count":2,"href":"https:\/\/www.tuasaude.com\/news\/wp-json\/wp\/v2\/posts\/29422\/revisions"}],"predecessor-version":[{"id":29426,"href":"https:\/\/www.tuasaude.com\/news\/wp-json\/wp\/v2\/posts\/29422\/revisions\/29426"}],"wp:featuredmedia":[{"embeddable":true,"href":"https:\/\/www.tuasaude.com\/news\/wp-json\/wp\/v2\/media\/29599"}],"wp:attachment":[{"href":"https:\/\/www.tuasaude.com\/news\/wp-json\/wp\/v2\/media?parent=29422"}],"wp:term":[{"taxonomy":"category","embeddable":true,"href":"https:\/\/www.tuasaude.com\/news\/wp-json\/wp\/v2\/categories?post=29422"},{"taxonomy":"post_tag","embeddable":true,"href":"https:\/\/www.tuasaude.com\/news\/wp-json\/wp\/v2\/tags?post=29422"}],"curies":[{"name":"wp","href":"https:\/\/api.w.org\/{rel}","templated":true}]}}