{"id":29410,"date":"2026-04-28T17:42:00","date_gmt":"2026-04-28T20:42:00","guid":{"rendered":"https:\/\/www.tuasaude.com\/news\/?p=29410"},"modified":"2026-04-27T21:33:03","modified_gmt":"2026-04-28T00:33:03","slug":"a-colina-se-junta-as-discussoes-sobre-gordura-no-figado-e-protecao-do-metabolismo-hepatico","status":"publish","type":"post","link":"https:\/\/www.tuasaude.com\/news\/2026\/04\/28\/a-colina-se-junta-as-discussoes-sobre-gordura-no-figado-e-protecao-do-metabolismo-hepatico\/","title":{"rendered":"A colina se junta \u00e0s discuss\u00f5es sobre gordura no f\u00edgado e prote\u00e7\u00e3o do metabolismo hep\u00e1tico"},"content":{"rendered":"\n<p>A colina voltou ao centro das discuss\u00f5es sobre sa\u00fade do f\u00edgado porque participa de um processo essencial: o transporte de gordura para fora das c\u00e9lulas hep\u00e1ticas. Quando esse nutriente est\u00e1 baixo, o f\u00edgado pode ter mais dificuldade para lidar com os lip\u00eddios, o que favorece <strong>ac\u00famulo de gordura<\/strong> e piora do equil\u00edbrio metab\u00f3lico. Isso n\u00e3o significa que a colina resolva o problema sozinha, mas ajuda a entender por que ela vem sendo mais observada em casos de esteatose hep\u00e1tica.<\/p>\n\n\n\n<h2 class=\"wp-block-heading\">Por que a colina importa tanto para o f\u00edgado<\/h2>\n\n\n\n<p>A colina \u00e9 necess\u00e1ria para formar fosfolip\u00eddios, como a fosfatidilcolina, que ajudam o f\u00edgado a empacotar e exportar gordura. Sem esse suporte, parte dos triglicer\u00eddeos pode ficar retida nos hepat\u00f3citos.<\/p>\n\n\n\n<p>Na pr\u00e1tica, isso faz da colina uma pe\u00e7a importante do metabolismo hep\u00e1tico. Por isso, ingest\u00e3o insuficiente ao longo do tempo pode entrar na conversa sobre <strong>f\u00edgado gorduroso<\/strong>, especialmente quando h\u00e1 excesso de peso, resist\u00eancia \u00e0 insulina e alimenta\u00e7\u00e3o desequilibrada.<\/p>\n\n\n\n<h2 class=\"wp-block-heading\">Quem pode consumir menos colina do que imagina<\/h2>\n\n\n\n<p>Nem sempre a baixa ingest\u00e3o acontece por uma dieta ruim. Em alguns casos, ela aparece em rotinas que parecem saud\u00e1veis, mas t\u00eam poucas fontes naturais do nutriente.<\/p>\n\n\n\n<ul class=\"wp-block-list\">\n<li><strong>Pessoas que evitam ovos<\/strong> e v\u00edsceras por completo<\/li>\n\n\n\n<li><strong>Dietas vegetarianas ou veganas<\/strong> sem planejamento adequado<\/li>\n\n\n\n<li><strong>Quem reduz muito alimentos de origem animal<\/strong> sem boas substitui\u00e7\u00f5es<\/li>\n\n\n\n<li><strong>Gestantes<\/strong>, que t\u00eam maior necessidade do nutriente<\/li>\n\n\n\n<li><strong>Pessoas com dietas muito restritivas<\/strong> ou monot\u00f4nicas<\/li>\n<\/ul>\n\n\n<div class=\"wp-block-image\">\n<figure class=\"aligncenter size-large\"><img decoding=\"async\" width=\"1024\" height=\"558\" src=\"https:\/\/www.tuasaude.com\/news\/wp-content\/uploads\/2026\/04\/Gemini_Generated_Image_7v6zk97v6zk97v6z-1024x558.jpg\" alt=\"M\u00e3os adicionando ovo cozido a uma salada com gr\u00e3o-de-bico e folhas verdes.\" class=\"wp-image-29413\" srcset=\"https:\/\/www.tuasaude.com\/news\/wp-content\/uploads\/2026\/04\/Gemini_Generated_Image_7v6zk97v6zk97v6z-1024x558.jpg 1024w, https:\/\/www.tuasaude.com\/news\/wp-content\/uploads\/2026\/04\/Gemini_Generated_Image_7v6zk97v6zk97v6z-300x164.jpg 300w, https:\/\/www.tuasaude.com\/news\/wp-content\/uploads\/2026\/04\/Gemini_Generated_Image_7v6zk97v6zk97v6z-768x419.jpg 768w, https:\/\/www.tuasaude.com\/news\/wp-content\/uploads\/2026\/04\/Gemini_Generated_Image_7v6zk97v6zk97v6z-750x409.jpg 750w, https:\/\/www.tuasaude.com\/news\/wp-content\/uploads\/2026\/04\/Gemini_Generated_Image_7v6zk97v6zk97v6z-1140x622.jpg 1140w, https:\/\/www.tuasaude.com\/news\/wp-content\/uploads\/2026\/04\/Gemini_Generated_Image_7v6zk97v6zk97v6z.jpg 1280w\" sizes=\"(max-width: 1024px) 100vw, 1024px\" \/><figcaption class=\"wp-element-caption\">M\u00e3os adicionando ovo cozido a uma salada com gr\u00e3o-de-bico e folhas verdes.<\/figcaption><\/figure>\n<\/div>\n\n\n<h2 class=\"wp-block-heading\">O estudo que refor\u00e7a essa rela\u00e7\u00e3o<\/h2>\n\n\n\n<p>Essa discuss\u00e3o ganhou for\u00e7a com o estudo <a href=\"https:\/\/pmc.ncbi.nlm.nih.gov\/articles\/PMC12361734\/\" target=\"_blank\" rel=\"noreferrer noopener\"><em>The impact of choline supplementation on oxidative stress and clinical outcomes among patients with non-alcoholic fatty liver disease<\/em><\/a>, publicado em 2025 e dispon\u00edvel no PubMed Central. Segundo o trabalho, a suplementa\u00e7\u00e3o de colina mostrou efeito favor\u00e1vel sobre <strong>esteatose hep\u00e1tica<\/strong>, estresse oxidativo, marcadores inflamat\u00f3rios, enzimas do f\u00edgado e perfil metab\u00f3lico em pacientes com NAFLD.<\/p>\n\n\n\n<p>Esse achado \u00e9 relevante porque sugere que a colina pode atuar como apoio na prote\u00e7\u00e3o do metabolismo hep\u00e1tico. Ainda assim, ela n\u00e3o deve ser tratada como solu\u00e7\u00e3o isolada, j\u00e1 que o f\u00edgado gorduroso depende tamb\u00e9m de perda de peso, controle da glicose, menos ultraprocessados e melhor qualidade da dieta.<\/p>\n\n\n\n<h2 class=\"wp-block-heading\">Quais alimentos ajudam a aumentar a colina<\/h2>\n\n\n\n<p>A forma mais segura de refor\u00e7ar esse nutriente costuma ser pela alimenta\u00e7\u00e3o. Isso permite melhorar a ingest\u00e3o sem depender logo de suplemento.<\/p>\n\n\n\n<ul class=\"wp-block-list\">\n<li><strong>Ovos<\/strong>, especialmente a gema<\/li>\n\n\n\n<li><strong>Peixes e frango<\/strong>, que ajudam no aporte di\u00e1rio<\/li>\n\n\n\n<li><strong>Leite e derivados<\/strong>, em quem tolera bem<\/li>\n\n\n\n<li><strong>Soja e leguminosas<\/strong>, como apoio em dietas com menos carne<\/li>\n\n\n\n<li><strong>Sementes e alguns vegetais<\/strong>, que complementam a ingest\u00e3o<\/li>\n<\/ul>\n\n\n<div class=\"wp-block-image\">\n<figure class=\"aligncenter size-large\"><img decoding=\"async\" width=\"1024\" height=\"460\" src=\"https:\/\/www.tuasaude.com\/news\/wp-content\/uploads\/2026\/04\/convertido-395-1024x460.jpg\" alt=\"Colina e F\u00edgado Gorduroso: Nutriente-Chave para o Metabolismo Hep\u00e1tico\" class=\"wp-image-29412\" srcset=\"https:\/\/www.tuasaude.com\/news\/wp-content\/uploads\/2026\/04\/convertido-395-1024x460.jpg 1024w, https:\/\/www.tuasaude.com\/news\/wp-content\/uploads\/2026\/04\/convertido-395-300x135.jpg 300w, https:\/\/www.tuasaude.com\/news\/wp-content\/uploads\/2026\/04\/convertido-395-768x345.jpg 768w, https:\/\/www.tuasaude.com\/news\/wp-content\/uploads\/2026\/04\/convertido-395-750x337.jpg 750w, https:\/\/www.tuasaude.com\/news\/wp-content\/uploads\/2026\/04\/convertido-395-1140x512.jpg 1140w, https:\/\/www.tuasaude.com\/news\/wp-content\/uploads\/2026\/04\/convertido-395.jpg 1280w\" sizes=\"(max-width: 1024px) 100vw, 1024px\" \/><figcaption class=\"wp-element-caption\">Colina e F\u00edgado Gorduroso: Nutriente-Chave para o Metabolismo Hep\u00e1tico<\/figcaption><\/figure>\n<\/div>\n\n\n<h2 class=\"wp-block-heading\">Como pensar na colina sem exageros<\/h2>\n\n\n\n<p>A colina merece aten\u00e7\u00e3o, mas n\u00e3o deve virar promessa milagrosa. O melhor cen\u00e1rio \u00e9 quando ela entra como parte de um padr\u00e3o alimentar mais protetor para o f\u00edgado, com menos a\u00e7\u00facar, menos \u00e1lcool e mais comida de verdade.<\/p>\n\n\n\n<p>Para complementar, vale ver tamb\u00e9m o conte\u00fado do Tua Sa\u00fade sobre <a href=\"https:\/\/www.tuasaude.com\/alimentos-ricos-em-colina\/\" target=\"_blank\" rel=\"noreferrer noopener\">colina e alimentos ricos nesse nutriente<\/a>. Este conte\u00fado \u00e9 apenas informativo e n\u00e3o substitui a avalia\u00e7\u00e3o de um m\u00e9dico. Para investigar gordura no f\u00edgado, ajustar a alimenta\u00e7\u00e3o ou decidir se h\u00e1 necessidade de suplementa\u00e7\u00e3o, procure orienta\u00e7\u00e3o m\u00e9dica profissional.<\/p>\n","protected":false},"excerpt":{"rendered":"<p>A colina voltou ao centro das discuss\u00f5es sobre sa\u00fade do f\u00edgado porque participa de um processo essencial: o transporte de gordura para fora das c\u00e9lulas hep\u00e1ticas. Quando esse nutriente est\u00e1 baixo, o f\u00edgado pode ter mais dificuldade para lidar com os lip\u00eddios, o que favorece ac\u00famulo de gordura e piora do equil\u00edbrio metab\u00f3lico. Isso n\u00e3o [&hellip;]<\/p>\n","protected":false},"author":12,"featured_media":29601,"comment_status":"open","ping_status":"open","sticky":false,"template":"","format":"standard","meta":{"_yoast_wpseo_focuskw":"colina","_yoast_wpseo_title":"","_yoast_wpseo_metadesc":"Colina e f\u00edgado gorduroso: entenda como esse nutriente ajuda no transporte de gordura e pode apoiar o metabolismo hep\u00e1tico.","jnews-multi-image_gallery":[],"jnews_single_post":{"format":"standard"},"jnews_primary_category":[],"jnews_social_meta":[],"jnews_override_counter":[],"footnotes":""},"categories":[111],"tags":[1096,1036,5508],"class_list":["post-29410","post","type-post","status-publish","format-standard","has-post-thumbnail","hentry","category-saude","tag-esteatose-hepatica","tag-figado-gorduroso","tag-metabolismo-hepatico"],"yoast_head":"<!-- This site is optimized with the Yoast SEO plugin v26.7 - https:\/\/yoast.com\/wordpress\/plugins\/seo\/ -->\n<title>A colina se junta \u00e0s discuss\u00f5es sobre gordura no f\u00edgado e prote\u00e7\u00e3o do metabolismo hep\u00e1tico - Tua Sa\u00fade<\/title>\n<meta name=\"description\" content=\"Colina e f\u00edgado gorduroso: entenda como esse nutriente ajuda no transporte de gordura e pode apoiar o metabolismo hep\u00e1tico.\" \/>\n<meta name=\"robots\" content=\"index, follow, max-snippet:-1, max-image-preview:large, max-video-preview:-1\" \/>\n<link rel=\"canonical\" href=\"https:\/\/www.tuasaude.com\/news\/2026\/04\/28\/a-colina-se-junta-as-discussoes-sobre-gordura-no-figado-e-protecao-do-metabolismo-hepatico\/\" \/>\n<meta property=\"og:locale\" content=\"pt_BR\" \/>\n<meta property=\"og:type\" content=\"article\" \/>\n<meta property=\"og:title\" content=\"A colina se junta \u00e0s discuss\u00f5es sobre gordura no f\u00edgado e prote\u00e7\u00e3o do metabolismo hep\u00e1tico - Tua Sa\u00fade\" \/>\n<meta property=\"og:description\" content=\"Colina e f\u00edgado gorduroso: entenda como esse nutriente ajuda no transporte de gordura e pode apoiar o metabolismo hep\u00e1tico.\" \/>\n<meta property=\"og:url\" content=\"https:\/\/www.tuasaude.com\/news\/2026\/04\/28\/a-colina-se-junta-as-discussoes-sobre-gordura-no-figado-e-protecao-do-metabolismo-hepatico\/\" \/>\n<meta property=\"og:site_name\" content=\"Tua Sa\u00fade\" \/>\n<meta property=\"article:published_time\" content=\"2026-04-28T20:42:00+00:00\" \/>\n<meta property=\"og:image\" content=\"https:\/\/www.tuasaude.com\/news\/wp-content\/uploads\/2026\/04\/freepik_illustration-nonphotoreal_2877605621.jpg\" \/>\n\t<meta property=\"og:image:width\" content=\"1280\" \/>\n\t<meta property=\"og:image:height\" content=\"714\" \/>\n\t<meta property=\"og:image:type\" content=\"image\/jpeg\" \/>\n<meta name=\"author\" content=\"Jeferson Henrique\" \/>\n<meta name=\"twitter:card\" content=\"summary_large_image\" \/>\n<meta name=\"twitter:label1\" content=\"Escrito por\" \/>\n\t<meta name=\"twitter:data1\" content=\"Jeferson Henrique\" \/>\n\t<meta name=\"twitter:label2\" content=\"Est. tempo de leitura\" \/>\n\t<meta name=\"twitter:data2\" content=\"4 minutos\" \/>\n<!-- \/ Yoast SEO plugin. -->","yoast_head_json":{"title":"A colina se junta \u00e0s discuss\u00f5es sobre gordura no f\u00edgado e prote\u00e7\u00e3o do metabolismo hep\u00e1tico - Tua Sa\u00fade","description":"Colina e f\u00edgado gorduroso: entenda como esse nutriente ajuda no transporte de gordura e pode apoiar o metabolismo hep\u00e1tico.","robots":{"index":"index","follow":"follow","max-snippet":"max-snippet:-1","max-image-preview":"max-image-preview:large","max-video-preview":"max-video-preview:-1"},"canonical":"https:\/\/www.tuasaude.com\/news\/2026\/04\/28\/a-colina-se-junta-as-discussoes-sobre-gordura-no-figado-e-protecao-do-metabolismo-hepatico\/","og_locale":"pt_BR","og_type":"article","og_title":"A colina se junta \u00e0s discuss\u00f5es sobre gordura no f\u00edgado e prote\u00e7\u00e3o do metabolismo hep\u00e1tico - Tua Sa\u00fade","og_description":"Colina e f\u00edgado gorduroso: entenda como esse nutriente ajuda no transporte de gordura e pode apoiar o metabolismo hep\u00e1tico.","og_url":"https:\/\/www.tuasaude.com\/news\/2026\/04\/28\/a-colina-se-junta-as-discussoes-sobre-gordura-no-figado-e-protecao-do-metabolismo-hepatico\/","og_site_name":"Tua Sa\u00fade","article_published_time":"2026-04-28T20:42:00+00:00","og_image":[{"width":1280,"height":714,"url":"https:\/\/www.tuasaude.com\/news\/wp-content\/uploads\/2026\/04\/freepik_illustration-nonphotoreal_2877605621.jpg","type":"image\/jpeg"}],"author":"Jeferson Henrique","twitter_card":"summary_large_image","twitter_misc":{"Escrito por":"Jeferson Henrique","Est. tempo de leitura":"4 minutos"},"schema":{"@context":"https:\/\/schema.org","@graph":[{"@type":"Article","@id":"https:\/\/www.tuasaude.com\/news\/2026\/04\/28\/a-colina-se-junta-as-discussoes-sobre-gordura-no-figado-e-protecao-do-metabolismo-hepatico\/#article","isPartOf":{"@id":"https:\/\/www.tuasaude.com\/news\/2026\/04\/28\/a-colina-se-junta-as-discussoes-sobre-gordura-no-figado-e-protecao-do-metabolismo-hepatico\/"},"author":{"name":"Jeferson Henrique","@id":"https:\/\/www.tuasaude.com\/news\/#\/schema\/person\/963d63d4e1f0c81f5f3a70ba4bcb0ef7"},"headline":"A colina se junta \u00e0s discuss\u00f5es sobre gordura no f\u00edgado e prote\u00e7\u00e3o do metabolismo hep\u00e1tico","datePublished":"2026-04-28T20:42:00+00:00","mainEntityOfPage":{"@id":"https:\/\/www.tuasaude.com\/news\/2026\/04\/28\/a-colina-se-junta-as-discussoes-sobre-gordura-no-figado-e-protecao-do-metabolismo-hepatico\/"},"wordCount":615,"commentCount":0,"image":{"@id":"https:\/\/www.tuasaude.com\/news\/2026\/04\/28\/a-colina-se-junta-as-discussoes-sobre-gordura-no-figado-e-protecao-do-metabolismo-hepatico\/#primaryimage"},"thumbnailUrl":"https:\/\/www.tuasaude.com\/news\/wp-content\/uploads\/2026\/04\/freepik_illustration-nonphotoreal_2877605621.jpg","keywords":["esteatose hep\u00e1tica","f\u00edgado gorduroso","metabolismo hep\u00e1tico"],"articleSection":["Sa\u00fade"],"inLanguage":"pt-BR","potentialAction":[{"@type":"CommentAction","name":"Comment","target":["https:\/\/www.tuasaude.com\/news\/2026\/04\/28\/a-colina-se-junta-as-discussoes-sobre-gordura-no-figado-e-protecao-do-metabolismo-hepatico\/#respond"]}]},{"@type":"WebPage","@id":"https:\/\/www.tuasaude.com\/news\/2026\/04\/28\/a-colina-se-junta-as-discussoes-sobre-gordura-no-figado-e-protecao-do-metabolismo-hepatico\/","url":"https:\/\/www.tuasaude.com\/news\/2026\/04\/28\/a-colina-se-junta-as-discussoes-sobre-gordura-no-figado-e-protecao-do-metabolismo-hepatico\/","name":"A colina se junta \u00e0s discuss\u00f5es sobre gordura no f\u00edgado e prote\u00e7\u00e3o do metabolismo hep\u00e1tico - Tua Sa\u00fade","isPartOf":{"@id":"https:\/\/www.tuasaude.com\/news\/#website"},"primaryImageOfPage":{"@id":"https:\/\/www.tuasaude.com\/news\/2026\/04\/28\/a-colina-se-junta-as-discussoes-sobre-gordura-no-figado-e-protecao-do-metabolismo-hepatico\/#primaryimage"},"image":{"@id":"https:\/\/www.tuasaude.com\/news\/2026\/04\/28\/a-colina-se-junta-as-discussoes-sobre-gordura-no-figado-e-protecao-do-metabolismo-hepatico\/#primaryimage"},"thumbnailUrl":"https:\/\/www.tuasaude.com\/news\/wp-content\/uploads\/2026\/04\/freepik_illustration-nonphotoreal_2877605621.jpg","datePublished":"2026-04-28T20:42:00+00:00","author":{"@id":"https:\/\/www.tuasaude.com\/news\/#\/schema\/person\/963d63d4e1f0c81f5f3a70ba4bcb0ef7"},"description":"Colina e f\u00edgado gorduroso: entenda como esse nutriente ajuda no transporte de gordura e pode apoiar o metabolismo hep\u00e1tico.","breadcrumb":{"@id":"https:\/\/www.tuasaude.com\/news\/2026\/04\/28\/a-colina-se-junta-as-discussoes-sobre-gordura-no-figado-e-protecao-do-metabolismo-hepatico\/#breadcrumb"},"inLanguage":"pt-BR","potentialAction":[{"@type":"ReadAction","target":["https:\/\/www.tuasaude.com\/news\/2026\/04\/28\/a-colina-se-junta-as-discussoes-sobre-gordura-no-figado-e-protecao-do-metabolismo-hepatico\/"]}]},{"@type":"ImageObject","inLanguage":"pt-BR","@id":"https:\/\/www.tuasaude.com\/news\/2026\/04\/28\/a-colina-se-junta-as-discussoes-sobre-gordura-no-figado-e-protecao-do-metabolismo-hepatico\/#primaryimage","url":"https:\/\/www.tuasaude.com\/news\/wp-content\/uploads\/2026\/04\/freepik_illustration-nonphotoreal_2877605621.jpg","contentUrl":"https:\/\/www.tuasaude.com\/news\/wp-content\/uploads\/2026\/04\/freepik_illustration-nonphotoreal_2877605621.jpg","width":1280,"height":714,"caption":"F\u00edgado gorduroso n\u00e3o depende s\u00f3 de calorias, mas de nutrientes tamb\u00e9m."},{"@type":"BreadcrumbList","@id":"https:\/\/www.tuasaude.com\/news\/2026\/04\/28\/a-colina-se-junta-as-discussoes-sobre-gordura-no-figado-e-protecao-do-metabolismo-hepatico\/#breadcrumb","itemListElement":[{"@type":"ListItem","position":1,"name":"In\u00edcio","item":"https:\/\/www.tuasaude.com\/news\/"},{"@type":"ListItem","position":2,"name":"A colina se junta \u00e0s discuss\u00f5es sobre gordura no f\u00edgado e prote\u00e7\u00e3o do metabolismo hep\u00e1tico"}]},{"@type":"WebSite","@id":"https:\/\/www.tuasaude.com\/news\/#website","url":"https:\/\/www.tuasaude.com\/news\/","name":"Tua Sa\u00fade","description":"Seu site de sa\u00fade","potentialAction":[{"@type":"SearchAction","target":{"@type":"EntryPoint","urlTemplate":"https:\/\/www.tuasaude.com\/news\/?s={search_term_string}"},"query-input":{"@type":"PropertyValueSpecification","valueRequired":true,"valueName":"search_term_string"}}],"inLanguage":"pt-BR"},{"@type":"Person","@id":"https:\/\/www.tuasaude.com\/news\/#\/schema\/person\/963d63d4e1f0c81f5f3a70ba4bcb0ef7","name":"Jeferson Henrique","image":{"@type":"ImageObject","inLanguage":"pt-BR","@id":"https:\/\/www.tuasaude.com\/news\/#\/schema\/person\/image\/","url":"https:\/\/secure.gravatar.com\/avatar\/1a476a54a48eb3cdea5dd2f016708263892c6b9f5e54b641df7c65e980fd6f69?s=96&d=mm&r=g","contentUrl":"https:\/\/secure.gravatar.com\/avatar\/1a476a54a48eb3cdea5dd2f016708263892c6b9f5e54b641df7c65e980fd6f69?s=96&d=mm&r=g","caption":"Jeferson Henrique"},"sameAs":["https:\/\/www.tuasaude.com\/news\/"],"url":"https:\/\/www.tuasaude.com\/news\/author\/jeferson-henrique\/"}]}},"_links":{"self":[{"href":"https:\/\/www.tuasaude.com\/news\/wp-json\/wp\/v2\/posts\/29410","targetHints":{"allow":["GET"]}}],"collection":[{"href":"https:\/\/www.tuasaude.com\/news\/wp-json\/wp\/v2\/posts"}],"about":[{"href":"https:\/\/www.tuasaude.com\/news\/wp-json\/wp\/v2\/types\/post"}],"author":[{"embeddable":true,"href":"https:\/\/www.tuasaude.com\/news\/wp-json\/wp\/v2\/users\/12"}],"replies":[{"embeddable":true,"href":"https:\/\/www.tuasaude.com\/news\/wp-json\/wp\/v2\/comments?post=29410"}],"version-history":[{"count":2,"href":"https:\/\/www.tuasaude.com\/news\/wp-json\/wp\/v2\/posts\/29410\/revisions"}],"predecessor-version":[{"id":29414,"href":"https:\/\/www.tuasaude.com\/news\/wp-json\/wp\/v2\/posts\/29410\/revisions\/29414"}],"wp:featuredmedia":[{"embeddable":true,"href":"https:\/\/www.tuasaude.com\/news\/wp-json\/wp\/v2\/media\/29601"}],"wp:attachment":[{"href":"https:\/\/www.tuasaude.com\/news\/wp-json\/wp\/v2\/media?parent=29410"}],"wp:term":[{"taxonomy":"category","embeddable":true,"href":"https:\/\/www.tuasaude.com\/news\/wp-json\/wp\/v2\/categories?post=29410"},{"taxonomy":"post_tag","embeddable":true,"href":"https:\/\/www.tuasaude.com\/news\/wp-json\/wp\/v2\/tags?post=29410"}],"curies":[{"name":"wp","href":"https:\/\/api.w.org\/{rel}","templated":true}]}}