{"id":29355,"date":"2026-04-28T12:10:00","date_gmt":"2026-04-28T15:10:00","guid":{"rendered":"https:\/\/www.tuasaude.com\/news\/?p=29355"},"modified":"2026-04-27T21:33:06","modified_gmt":"2026-04-28T00:33:06","slug":"como-identificar-sinais-de-deficiencia-de-magnesio-e-quando-ela-pode-afetar-sono-musculos-e-metabolismo","status":"publish","type":"post","link":"https:\/\/www.tuasaude.com\/news\/2026\/04\/28\/como-identificar-sinais-de-deficiencia-de-magnesio-e-quando-ela-pode-afetar-sono-musculos-e-metabolismo\/","title":{"rendered":"Como identificar sinais de defici\u00eancia de magn\u00e9sio e quando ela pode afetar sono, m\u00fasculos e metabolismo"},"content":{"rendered":"\n<p>O magn\u00e9sio participa de centenas de fun\u00e7\u00f5es no corpo e pode influenciar desde a contra\u00e7\u00e3o muscular at\u00e9 o equil\u00edbrio do sono e do metabolismo. Quando seus n\u00edveis ficam baixos, os sinais nem sempre aparecem de forma \u00f3bvia no in\u00edcio, mas podem incluir <strong>cansa\u00e7o, fraqueza, n\u00e1usea e perda de apetite<\/strong>. Em fases mais avan\u00e7adas, a defici\u00eancia pode afetar m\u00fasculos, sistema nervoso e at\u00e9 o controle da glicose.<\/p>\n\n\n\n<h2 class=\"wp-block-heading\">Quais sinais podem indicar falta de magn\u00e9sio<\/h2>\n\n\n\n<p>Segundo o NIH Office of Dietary Supplements, os sinais iniciais de defici\u00eancia de magn\u00e9sio incluem perda de apetite, n\u00e1usea, v\u00f4mitos, fadiga e fraqueza. Quando a defici\u00eancia piora, podem surgir dorm\u00eancia, formigamento, contra\u00e7\u00f5es musculares, c\u00e3ibras e altera\u00e7\u00f5es do ritmo card\u00edaco.<\/p>\n\n\n\n<ul class=\"wp-block-list\">\n<li><strong>Cansa\u00e7o frequente<\/strong> sem motivo claro<\/li>\n\n\n\n<li><strong>Fraqueza muscular<\/strong> ou sensa\u00e7\u00e3o de corpo mais pesado<\/li>\n\n\n\n<li><strong>C\u00e3ibras, espasmos ou tremores<\/strong><\/li>\n\n\n\n<li><strong>N\u00e1usea e perda de apetite<\/strong><\/li>\n\n\n\n<li><strong>Formigamento<\/strong> em m\u00e3os, p\u00e9s ou pernas<\/li>\n<\/ul>\n\n\n\n<h2 class=\"wp-block-heading\">Quando isso pode afetar o sono<\/h2>\n\n\n\n<p>O magn\u00e9sio ajuda no funcionamento do sistema nervoso e participa de mecanismos ligados ao relaxamento. Por isso, quando est\u00e1 baixo, algumas pessoas podem perceber mais dificuldade para relaxar, sono superficial ou sensa\u00e7\u00e3o de descanso insuficiente.<\/p>\n\n\n\n<p>Isso n\u00e3o quer dizer que toda ins\u00f4nia seja causada por falta de magn\u00e9sio, mas o mineral vem sendo estudado por seu papel na qualidade do sono. No Tua Sa\u00fade, h\u00e1 mais detalhes sobre <a href=\"https:\/\/www.tuasaude.com\/magnesio-para-dormir\/\" target=\"_blank\" rel=\"noreferrer noopener\">magn\u00e9sio para dormir<\/a> e tamb\u00e9m sobre <a href=\"https:\/\/www.tuasaude.com\/sintomas-de-falta-de-magnesio\/\" target=\"_blank\" rel=\"noreferrer noopener\">sintomas de falta de magn\u00e9sio<\/a>.<\/p>\n\n\n<div class=\"wp-block-image\">\n<figure class=\"aligncenter size-large\"><img decoding=\"async\" width=\"1024\" height=\"558\" src=\"https:\/\/www.tuasaude.com\/news\/wp-content\/uploads\/2026\/04\/Gemini_Generated_Image_u9cvrxu9cvrxu9cv-1024x558.jpg\" alt=\"M\u00e3os preparando uma tigela com aveia, banana, sementes e castanhas.\" class=\"wp-image-29358\" srcset=\"https:\/\/www.tuasaude.com\/news\/wp-content\/uploads\/2026\/04\/Gemini_Generated_Image_u9cvrxu9cvrxu9cv-1024x558.jpg 1024w, https:\/\/www.tuasaude.com\/news\/wp-content\/uploads\/2026\/04\/Gemini_Generated_Image_u9cvrxu9cvrxu9cv-300x164.jpg 300w, https:\/\/www.tuasaude.com\/news\/wp-content\/uploads\/2026\/04\/Gemini_Generated_Image_u9cvrxu9cvrxu9cv-768x419.jpg 768w, https:\/\/www.tuasaude.com\/news\/wp-content\/uploads\/2026\/04\/Gemini_Generated_Image_u9cvrxu9cvrxu9cv-750x409.jpg 750w, https:\/\/www.tuasaude.com\/news\/wp-content\/uploads\/2026\/04\/Gemini_Generated_Image_u9cvrxu9cvrxu9cv-1140x622.jpg 1140w, https:\/\/www.tuasaude.com\/news\/wp-content\/uploads\/2026\/04\/Gemini_Generated_Image_u9cvrxu9cvrxu9cv.jpg 1280w\" sizes=\"(max-width: 1024px) 100vw, 1024px\" \/><figcaption class=\"wp-element-caption\">Mulher se alongando ao acordar com prato de alimentos saudaveis proximo a ela<\/figcaption><\/figure>\n<\/div>\n\n\n<h2 class=\"wp-block-heading\">Por que os m\u00fasculos e o metabolismo tamb\u00e9m sentem<\/h2>\n\n\n\n<p>Nos m\u00fasculos, o magn\u00e9sio participa do equil\u00edbrio entre contra\u00e7\u00e3o e relaxamento. Quando falta, o corpo pode ficar mais propenso a c\u00e3ibras, espasmos e desconforto muscular, especialmente em quem j\u00e1 tem alimenta\u00e7\u00e3o pobre nesse mineral.<\/p>\n\n\n\n<p>No metabolismo, ele tamb\u00e9m ajuda em processos ligados \u00e0 produ\u00e7\u00e3o de energia e ao controle da glicose. Por isso, n\u00edveis baixos podem se associar a pior resposta do organismo \u00e0 insulina e a uma sensa\u00e7\u00e3o maior de fadiga no dia a dia.<\/p>\n\n\n\n<h2 class=\"wp-block-heading\">O estudo que refor\u00e7a essa rela\u00e7\u00e3o<\/h2>\n\n\n\n<p>Essa liga\u00e7\u00e3o tamb\u00e9m aparece na literatura cient\u00edfica. Segundo a revis\u00e3o <a href=\"https:\/\/pmc.ncbi.nlm.nih.gov\/articles\/PMC12535714\/\" target=\"_blank\" rel=\"noreferrer noopener\"><em>The Mechanisms of Magnesium in Sleep Disorders<\/em><\/a>, publicada no <strong>Biological Trace Element Research<\/strong>, a defici\u00eancia de magn\u00e9sio pode aumentar a excitabilidade neural, elevar a tens\u00e3o muscular e favorecer altera\u00e7\u00f5es que prejudicam o sono. O trabalho refor\u00e7a que o mineral n\u00e3o atua apenas na musculatura, mas tamb\u00e9m em vias importantes do sistema nervoso e do metabolismo energ\u00e9tico.<\/p>\n\n\n\n<p>Esse ponto \u00e9 importante porque ajuda a explicar por que os sintomas podem parecer espalhados pelo corpo. Em vez de afetar um \u00fanico sistema, a defici\u00eancia pode aparecer com sinais em \u00e1reas diferentes ao mesmo tempo, como sono pior, m\u00fasculos mais tensos e queda de disposi\u00e7\u00e3o.<\/p>\n\n\n<div class=\"wp-block-image\">\n<figure class=\"aligncenter size-large\"><img decoding=\"async\" width=\"1024\" height=\"441\" src=\"https:\/\/www.tuasaude.com\/news\/wp-content\/uploads\/2026\/04\/convertido-391-1024x441.jpg\" alt=\"Magn\u00e9sio Baixo: Sinais no Sono, nos M\u00fasculos e no Metabolismo\" class=\"wp-image-29357\" srcset=\"https:\/\/www.tuasaude.com\/news\/wp-content\/uploads\/2026\/04\/convertido-391-1024x441.jpg 1024w, https:\/\/www.tuasaude.com\/news\/wp-content\/uploads\/2026\/04\/convertido-391-300x129.jpg 300w, https:\/\/www.tuasaude.com\/news\/wp-content\/uploads\/2026\/04\/convertido-391-768x331.jpg 768w, https:\/\/www.tuasaude.com\/news\/wp-content\/uploads\/2026\/04\/convertido-391-750x323.jpg 750w, https:\/\/www.tuasaude.com\/news\/wp-content\/uploads\/2026\/04\/convertido-391-1140x491.jpg 1140w, https:\/\/www.tuasaude.com\/news\/wp-content\/uploads\/2026\/04\/convertido-391.jpg 1280w\" sizes=\"(max-width: 1024px) 100vw, 1024px\" \/><figcaption class=\"wp-element-caption\">Magn\u00e9sio Baixo: Sinais no Sono, nos M\u00fasculos e no Metabolismo<\/figcaption><\/figure>\n<\/div>\n\n\n<h2 class=\"wp-block-heading\">Como aumentar o magn\u00e9sio na alimenta\u00e7\u00e3o<\/h2>\n\n\n\n<p>Na maioria dos casos, a primeira medida \u00e9 refor\u00e7ar alimentos naturalmente ricos em magn\u00e9sio. Isso costuma ser mais seguro e sustent\u00e1vel do que come\u00e7ar suplemento por conta pr\u00f3pria.<\/p>\n\n\n\n<ul class=\"wp-block-list\">\n<li><strong>Sementes<\/strong>, como ab\u00f3bora, linha\u00e7a e gergelim<\/li>\n\n\n\n<li><strong>Castanhas e amendoim<\/strong><\/li>\n\n\n\n<li><strong>Feij\u00e3o, lentilha e gr\u00e3o-de-bico<\/strong><\/li>\n\n\n\n<li><strong>Aveia e cereais integrais<\/strong><\/li>\n\n\n\n<li><strong>Verduras verdes escuras<\/strong>, como espinafre<\/li>\n<\/ul>\n\n\n\n<p>Se os sintomas forem persistentes, se houver doen\u00e7a intestinal, uso de diur\u00e9ticos ou suspeita de defici\u00eancia importante, vale buscar avalia\u00e7\u00e3o profissional. Este conte\u00fado \u00e9 apenas informativo e n\u00e3o substitui a avalia\u00e7\u00e3o de um m\u00e9dico. Para investigar falta de magn\u00e9sio e decidir se h\u00e1 necessidade de suplemento, procure orienta\u00e7\u00e3o m\u00e9dica profissional.<\/p>\n","protected":false},"excerpt":{"rendered":"<p>O magn\u00e9sio participa de centenas de fun\u00e7\u00f5es no corpo e pode influenciar desde a contra\u00e7\u00e3o muscular at\u00e9 o equil\u00edbrio do sono e do metabolismo. Quando seus n\u00edveis ficam baixos, os sinais nem sempre aparecem de forma \u00f3bvia no in\u00edcio, mas podem incluir cansa\u00e7o, fraqueza, n\u00e1usea e perda de apetite. Em fases mais avan\u00e7adas, a defici\u00eancia [&hellip;]<\/p>\n","protected":false},"author":12,"featured_media":29586,"comment_status":"open","ping_status":"open","sticky":false,"template":"","format":"standard","meta":{"_yoast_wpseo_focuskw":"defici\u00eancia de magn\u00e9sio","_yoast_wpseo_title":"","_yoast_wpseo_metadesc":"Defici\u00eancia de magn\u00e9sio pode afetar sono, m\u00fasculos e metabolismo; veja sinais de alerta, fontes alimentares e quando buscar avalia\u00e7\u00e3o m\u00e9dica.","jnews-multi-image_gallery":[],"jnews_single_post":{"format":"standard"},"jnews_primary_category":[],"jnews_social_meta":[],"jnews_override_counter":[],"footnotes":""},"categories":[111],"tags":[1347,129,116],"class_list":["post-29355","post","type-post","status-publish","format-standard","has-post-thumbnail","hentry","category-saude","tag-caibras","tag-metabolismo","tag-sono"],"yoast_head":"<!-- This site is optimized with the Yoast SEO plugin v26.7 - https:\/\/yoast.com\/wordpress\/plugins\/seo\/ -->\n<title>Como identificar sinais de defici\u00eancia de magn\u00e9sio e quando ela pode afetar sono, m\u00fasculos e metabolismo - Tua Sa\u00fade<\/title>\n<meta name=\"description\" content=\"Defici\u00eancia de magn\u00e9sio pode afetar sono, m\u00fasculos e metabolismo; veja sinais de alerta, fontes alimentares e quando buscar avalia\u00e7\u00e3o m\u00e9dica.\" \/>\n<meta name=\"robots\" content=\"index, follow, max-snippet:-1, max-image-preview:large, max-video-preview:-1\" \/>\n<link rel=\"canonical\" href=\"https:\/\/www.tuasaude.com\/news\/2026\/04\/28\/como-identificar-sinais-de-deficiencia-de-magnesio-e-quando-ela-pode-afetar-sono-musculos-e-metabolismo\/\" \/>\n<meta property=\"og:locale\" content=\"pt_BR\" \/>\n<meta property=\"og:type\" content=\"article\" \/>\n<meta property=\"og:title\" content=\"Como identificar sinais de defici\u00eancia de magn\u00e9sio e quando ela pode afetar sono, m\u00fasculos e metabolismo - Tua Sa\u00fade\" \/>\n<meta property=\"og:description\" content=\"Defici\u00eancia de magn\u00e9sio pode afetar sono, m\u00fasculos e metabolismo; veja sinais de alerta, fontes alimentares e quando buscar avalia\u00e7\u00e3o m\u00e9dica.\" \/>\n<meta property=\"og:url\" content=\"https:\/\/www.tuasaude.com\/news\/2026\/04\/28\/como-identificar-sinais-de-deficiencia-de-magnesio-e-quando-ela-pode-afetar-sono-musculos-e-metabolismo\/\" \/>\n<meta property=\"og:site_name\" content=\"Tua Sa\u00fade\" \/>\n<meta property=\"article:published_time\" content=\"2026-04-28T15:10:00+00:00\" \/>\n<meta property=\"og:image\" content=\"https:\/\/www.tuasaude.com\/news\/wp-content\/uploads\/2026\/04\/freepik_illustration-nonphotoreal_2877608711.jpg\" \/>\n\t<meta property=\"og:image:width\" content=\"1280\" \/>\n\t<meta property=\"og:image:height\" content=\"714\" \/>\n\t<meta property=\"og:image:type\" content=\"image\/jpeg\" \/>\n<meta name=\"author\" content=\"Jeferson Henrique\" \/>\n<meta name=\"twitter:card\" content=\"summary_large_image\" \/>\n<meta name=\"twitter:label1\" content=\"Escrito por\" \/>\n\t<meta name=\"twitter:data1\" content=\"Jeferson Henrique\" \/>\n\t<meta name=\"twitter:label2\" content=\"Est. tempo de leitura\" \/>\n\t<meta name=\"twitter:data2\" content=\"4 minutos\" \/>\n<!-- \/ Yoast SEO plugin. -->","yoast_head_json":{"title":"Como identificar sinais de defici\u00eancia de magn\u00e9sio e quando ela pode afetar sono, m\u00fasculos e metabolismo - Tua Sa\u00fade","description":"Defici\u00eancia de magn\u00e9sio pode afetar sono, m\u00fasculos e metabolismo; veja sinais de alerta, fontes alimentares e quando buscar avalia\u00e7\u00e3o m\u00e9dica.","robots":{"index":"index","follow":"follow","max-snippet":"max-snippet:-1","max-image-preview":"max-image-preview:large","max-video-preview":"max-video-preview:-1"},"canonical":"https:\/\/www.tuasaude.com\/news\/2026\/04\/28\/como-identificar-sinais-de-deficiencia-de-magnesio-e-quando-ela-pode-afetar-sono-musculos-e-metabolismo\/","og_locale":"pt_BR","og_type":"article","og_title":"Como identificar sinais de defici\u00eancia de magn\u00e9sio e quando ela pode afetar sono, m\u00fasculos e metabolismo - Tua Sa\u00fade","og_description":"Defici\u00eancia de magn\u00e9sio pode afetar sono, m\u00fasculos e metabolismo; veja sinais de alerta, fontes alimentares e quando buscar avalia\u00e7\u00e3o m\u00e9dica.","og_url":"https:\/\/www.tuasaude.com\/news\/2026\/04\/28\/como-identificar-sinais-de-deficiencia-de-magnesio-e-quando-ela-pode-afetar-sono-musculos-e-metabolismo\/","og_site_name":"Tua Sa\u00fade","article_published_time":"2026-04-28T15:10:00+00:00","og_image":[{"width":1280,"height":714,"url":"https:\/\/www.tuasaude.com\/news\/wp-content\/uploads\/2026\/04\/freepik_illustration-nonphotoreal_2877608711.jpg","type":"image\/jpeg"}],"author":"Jeferson Henrique","twitter_card":"summary_large_image","twitter_misc":{"Escrito por":"Jeferson Henrique","Est. tempo de leitura":"4 minutos"},"schema":{"@context":"https:\/\/schema.org","@graph":[{"@type":"Article","@id":"https:\/\/www.tuasaude.com\/news\/2026\/04\/28\/como-identificar-sinais-de-deficiencia-de-magnesio-e-quando-ela-pode-afetar-sono-musculos-e-metabolismo\/#article","isPartOf":{"@id":"https:\/\/www.tuasaude.com\/news\/2026\/04\/28\/como-identificar-sinais-de-deficiencia-de-magnesio-e-quando-ela-pode-afetar-sono-musculos-e-metabolismo\/"},"author":{"name":"Jeferson Henrique","@id":"https:\/\/www.tuasaude.com\/news\/#\/schema\/person\/963d63d4e1f0c81f5f3a70ba4bcb0ef7"},"headline":"Como identificar sinais de defici\u00eancia de magn\u00e9sio e quando ela pode afetar sono, m\u00fasculos e metabolismo","datePublished":"2026-04-28T15:10:00+00:00","mainEntityOfPage":{"@id":"https:\/\/www.tuasaude.com\/news\/2026\/04\/28\/como-identificar-sinais-de-deficiencia-de-magnesio-e-quando-ela-pode-afetar-sono-musculos-e-metabolismo\/"},"wordCount":661,"commentCount":0,"image":{"@id":"https:\/\/www.tuasaude.com\/news\/2026\/04\/28\/como-identificar-sinais-de-deficiencia-de-magnesio-e-quando-ela-pode-afetar-sono-musculos-e-metabolismo\/#primaryimage"},"thumbnailUrl":"https:\/\/www.tuasaude.com\/news\/wp-content\/uploads\/2026\/04\/freepik_illustration-nonphotoreal_2877608711.jpg","keywords":["c\u00e3ibras","metabolismo","sono"],"articleSection":["Sa\u00fade"],"inLanguage":"pt-BR","potentialAction":[{"@type":"CommentAction","name":"Comment","target":["https:\/\/www.tuasaude.com\/news\/2026\/04\/28\/como-identificar-sinais-de-deficiencia-de-magnesio-e-quando-ela-pode-afetar-sono-musculos-e-metabolismo\/#respond"]}]},{"@type":"WebPage","@id":"https:\/\/www.tuasaude.com\/news\/2026\/04\/28\/como-identificar-sinais-de-deficiencia-de-magnesio-e-quando-ela-pode-afetar-sono-musculos-e-metabolismo\/","url":"https:\/\/www.tuasaude.com\/news\/2026\/04\/28\/como-identificar-sinais-de-deficiencia-de-magnesio-e-quando-ela-pode-afetar-sono-musculos-e-metabolismo\/","name":"Como identificar sinais de defici\u00eancia de magn\u00e9sio e quando ela pode afetar sono, m\u00fasculos e metabolismo - Tua Sa\u00fade","isPartOf":{"@id":"https:\/\/www.tuasaude.com\/news\/#website"},"primaryImageOfPage":{"@id":"https:\/\/www.tuasaude.com\/news\/2026\/04\/28\/como-identificar-sinais-de-deficiencia-de-magnesio-e-quando-ela-pode-afetar-sono-musculos-e-metabolismo\/#primaryimage"},"image":{"@id":"https:\/\/www.tuasaude.com\/news\/2026\/04\/28\/como-identificar-sinais-de-deficiencia-de-magnesio-e-quando-ela-pode-afetar-sono-musculos-e-metabolismo\/#primaryimage"},"thumbnailUrl":"https:\/\/www.tuasaude.com\/news\/wp-content\/uploads\/2026\/04\/freepik_illustration-nonphotoreal_2877608711.jpg","datePublished":"2026-04-28T15:10:00+00:00","author":{"@id":"https:\/\/www.tuasaude.com\/news\/#\/schema\/person\/963d63d4e1f0c81f5f3a70ba4bcb0ef7"},"description":"Defici\u00eancia de magn\u00e9sio pode afetar sono, m\u00fasculos e metabolismo; veja sinais de alerta, fontes alimentares e quando buscar avalia\u00e7\u00e3o m\u00e9dica.","breadcrumb":{"@id":"https:\/\/www.tuasaude.com\/news\/2026\/04\/28\/como-identificar-sinais-de-deficiencia-de-magnesio-e-quando-ela-pode-afetar-sono-musculos-e-metabolismo\/#breadcrumb"},"inLanguage":"pt-BR","potentialAction":[{"@type":"ReadAction","target":["https:\/\/www.tuasaude.com\/news\/2026\/04\/28\/como-identificar-sinais-de-deficiencia-de-magnesio-e-quando-ela-pode-afetar-sono-musculos-e-metabolismo\/"]}]},{"@type":"ImageObject","inLanguage":"pt-BR","@id":"https:\/\/www.tuasaude.com\/news\/2026\/04\/28\/como-identificar-sinais-de-deficiencia-de-magnesio-e-quando-ela-pode-afetar-sono-musculos-e-metabolismo\/#primaryimage","url":"https:\/\/www.tuasaude.com\/news\/wp-content\/uploads\/2026\/04\/freepik_illustration-nonphotoreal_2877608711.jpg","contentUrl":"https:\/\/www.tuasaude.com\/news\/wp-content\/uploads\/2026\/04\/freepik_illustration-nonphotoreal_2877608711.jpg","width":1280,"height":714,"caption":"C\u00e3ibras e cansa\u00e7o podem ser sinais de falta de magn\u00e9sio."},{"@type":"BreadcrumbList","@id":"https:\/\/www.tuasaude.com\/news\/2026\/04\/28\/como-identificar-sinais-de-deficiencia-de-magnesio-e-quando-ela-pode-afetar-sono-musculos-e-metabolismo\/#breadcrumb","itemListElement":[{"@type":"ListItem","position":1,"name":"In\u00edcio","item":"https:\/\/www.tuasaude.com\/news\/"},{"@type":"ListItem","position":2,"name":"Como identificar sinais de defici\u00eancia de magn\u00e9sio e quando ela pode afetar sono, m\u00fasculos e metabolismo"}]},{"@type":"WebSite","@id":"https:\/\/www.tuasaude.com\/news\/#website","url":"https:\/\/www.tuasaude.com\/news\/","name":"Tua Sa\u00fade","description":"Seu site de sa\u00fade","potentialAction":[{"@type":"SearchAction","target":{"@type":"EntryPoint","urlTemplate":"https:\/\/www.tuasaude.com\/news\/?s={search_term_string}"},"query-input":{"@type":"PropertyValueSpecification","valueRequired":true,"valueName":"search_term_string"}}],"inLanguage":"pt-BR"},{"@type":"Person","@id":"https:\/\/www.tuasaude.com\/news\/#\/schema\/person\/963d63d4e1f0c81f5f3a70ba4bcb0ef7","name":"Jeferson Henrique","image":{"@type":"ImageObject","inLanguage":"pt-BR","@id":"https:\/\/www.tuasaude.com\/news\/#\/schema\/person\/image\/","url":"https:\/\/secure.gravatar.com\/avatar\/1a476a54a48eb3cdea5dd2f016708263892c6b9f5e54b641df7c65e980fd6f69?s=96&d=mm&r=g","contentUrl":"https:\/\/secure.gravatar.com\/avatar\/1a476a54a48eb3cdea5dd2f016708263892c6b9f5e54b641df7c65e980fd6f69?s=96&d=mm&r=g","caption":"Jeferson Henrique"},"sameAs":["https:\/\/www.tuasaude.com\/news\/"],"url":"https:\/\/www.tuasaude.com\/news\/author\/jeferson-henrique\/"}]}},"_links":{"self":[{"href":"https:\/\/www.tuasaude.com\/news\/wp-json\/wp\/v2\/posts\/29355","targetHints":{"allow":["GET"]}}],"collection":[{"href":"https:\/\/www.tuasaude.com\/news\/wp-json\/wp\/v2\/posts"}],"about":[{"href":"https:\/\/www.tuasaude.com\/news\/wp-json\/wp\/v2\/types\/post"}],"author":[{"embeddable":true,"href":"https:\/\/www.tuasaude.com\/news\/wp-json\/wp\/v2\/users\/12"}],"replies":[{"embeddable":true,"href":"https:\/\/www.tuasaude.com\/news\/wp-json\/wp\/v2\/comments?post=29355"}],"version-history":[{"count":3,"href":"https:\/\/www.tuasaude.com\/news\/wp-json\/wp\/v2\/posts\/29355\/revisions"}],"predecessor-version":[{"id":29386,"href":"https:\/\/www.tuasaude.com\/news\/wp-json\/wp\/v2\/posts\/29355\/revisions\/29386"}],"wp:featuredmedia":[{"embeddable":true,"href":"https:\/\/www.tuasaude.com\/news\/wp-json\/wp\/v2\/media\/29586"}],"wp:attachment":[{"href":"https:\/\/www.tuasaude.com\/news\/wp-json\/wp\/v2\/media?parent=29355"}],"wp:term":[{"taxonomy":"category","embeddable":true,"href":"https:\/\/www.tuasaude.com\/news\/wp-json\/wp\/v2\/categories?post=29355"},{"taxonomy":"post_tag","embeddable":true,"href":"https:\/\/www.tuasaude.com\/news\/wp-json\/wp\/v2\/tags?post=29355"}],"curies":[{"name":"wp","href":"https:\/\/api.w.org\/{rel}","templated":true}]}}