{"id":29336,"date":"2026-04-28T10:48:00","date_gmt":"2026-04-28T13:48:00","guid":{"rendered":"https:\/\/www.tuasaude.com\/news\/?p=29336"},"modified":"2026-04-27T21:33:07","modified_gmt":"2026-04-28T00:33:07","slug":"o-que-a-vitamina-d-tem-a-ver-com-imunidade-ossos-e-inflamacao-sistemica","status":"publish","type":"post","link":"https:\/\/www.tuasaude.com\/news\/2026\/04\/28\/o-que-a-vitamina-d-tem-a-ver-com-imunidade-ossos-e-inflamacao-sistemica\/","title":{"rendered":"O que a vitamina D tem a ver com imunidade, ossos e inflama\u00e7\u00e3o sist\u00eamica"},"content":{"rendered":"\n<p>A vitamina D \u00e9 mais conhecida pela rela\u00e7\u00e3o com os ossos, mas seu papel vai al\u00e9m disso. Ela ajuda na <strong>absor\u00e7\u00e3o de c\u00e1lcio<\/strong>, participa do funcionamento do sistema imunol\u00f3gico e tamb\u00e9m influencia processos ligados \u00e0 inflama\u00e7\u00e3o no organismo. Por isso, quando seus n\u00edveis est\u00e3o baixos, o impacto pode aparecer em diferentes \u00e1reas da sa\u00fade, e n\u00e3o apenas na estrutura \u00f3ssea.<\/p>\n\n\n\n<h2 class=\"wp-block-heading\">Por que ela \u00e9 t\u00e3o importante para os ossos<\/h2>\n\n\n\n<p>A vitamina D facilita a absor\u00e7\u00e3o de c\u00e1lcio no intestino e ajuda a manter n\u00edveis adequados de c\u00e1lcio e f\u00f3sforo no sangue. Isso \u00e9 essencial para a forma\u00e7\u00e3o, a manuten\u00e7\u00e3o e a renova\u00e7\u00e3o dos ossos ao longo da vida.<\/p>\n\n\n\n<p>Quando h\u00e1 defici\u00eancia, o risco de ossos mais fracos aumenta. Em adultos, isso pode favorecer osteomal\u00e1cia e contribuir para a piora da sa\u00fade \u00f3ssea, especialmente quando a ingest\u00e3o de c\u00e1lcio tamb\u00e9m \u00e9 inadequada.<\/p>\n\n\n\n<h2 class=\"wp-block-heading\">Como a vitamina D se relaciona com a imunidade<\/h2>\n\n\n\n<p>A vitamina D tamb\u00e9m atua como reguladora do sistema imunol\u00f3gico. Ela participa da atividade de c\u00e9lulas de defesa e ajuda o organismo a responder de forma mais equilibrada a amea\u00e7as externas.<\/p>\n\n\n\n<ul class=\"wp-block-list\">\n<li><strong>Ajuda a modular a resposta imune<\/strong>, evitando desequil\u00edbrios<\/li>\n\n\n\n<li><strong>Participa da fun\u00e7\u00e3o de c\u00e9lulas de defesa<\/strong>, como mon\u00f3citos e linf\u00f3citos<\/li>\n\n\n\n<li><strong>Contribui para a integridade de barreiras do corpo<\/strong>, importantes para prote\u00e7\u00e3o<\/li>\n\n\n\n<li><strong>Pode influenciar o controle da inflama\u00e7\u00e3o<\/strong> em diferentes tecidos<\/li>\n<\/ul>\n\n\n<div class=\"wp-block-image\">\n<figure class=\"aligncenter size-large\"><img decoding=\"async\" width=\"1024\" height=\"558\" src=\"https:\/\/www.tuasaude.com\/news\/wp-content\/uploads\/2026\/04\/Gemini_Generated_Image_ds6wsxds6wsxds6w-1024x558.jpg\" alt=\"M\u00e3os segurando vitamina D ao lado de uma refei\u00e7\u00e3o com ovos e peixe.\" class=\"wp-image-29344\" srcset=\"https:\/\/www.tuasaude.com\/news\/wp-content\/uploads\/2026\/04\/Gemini_Generated_Image_ds6wsxds6wsxds6w-1024x558.jpg 1024w, https:\/\/www.tuasaude.com\/news\/wp-content\/uploads\/2026\/04\/Gemini_Generated_Image_ds6wsxds6wsxds6w-300x164.jpg 300w, https:\/\/www.tuasaude.com\/news\/wp-content\/uploads\/2026\/04\/Gemini_Generated_Image_ds6wsxds6wsxds6w-768x419.jpg 768w, https:\/\/www.tuasaude.com\/news\/wp-content\/uploads\/2026\/04\/Gemini_Generated_Image_ds6wsxds6wsxds6w-750x409.jpg 750w, https:\/\/www.tuasaude.com\/news\/wp-content\/uploads\/2026\/04\/Gemini_Generated_Image_ds6wsxds6wsxds6w-1140x622.jpg 1140w, https:\/\/www.tuasaude.com\/news\/wp-content\/uploads\/2026\/04\/Gemini_Generated_Image_ds6wsxds6wsxds6w.jpg 1280w\" sizes=\"(max-width: 1024px) 100vw, 1024px\" \/><figcaption class=\"wp-element-caption\">Pessoa se alimentando com legumes ovos e proteina<\/figcaption><\/figure>\n<\/div>\n\n\n<h2 class=\"wp-block-heading\">O que ela tem a ver com inflama\u00e7\u00e3o sist\u00eamica<\/h2>\n\n\n\n<p>A inflama\u00e7\u00e3o sist\u00eamica \u00e9 um estado em que o corpo mant\u00e9m sinais inflamat\u00f3rios circulando de forma cont\u00ednua, muitas vezes em baixa intensidade. A vitamina D tem sido estudada nesse contexto porque ajuda a regular genes e vias envolvidas na resposta inflamat\u00f3ria.<\/p>\n\n\n\n<p>Isso n\u00e3o significa que ela funcione como solu\u00e7\u00e3o isolada para doen\u00e7as inflamat\u00f3rias. Na pr\u00e1tica, ela parece atuar como parte de um conjunto de fatores que inclui alimenta\u00e7\u00e3o, sono, exposi\u00e7\u00e3o solar, peso corporal e atividade f\u00edsica.<\/p>\n\n\n\n<h2 class=\"wp-block-heading\">O estudo que refor\u00e7a essa rela\u00e7\u00e3o<\/h2>\n\n\n\n<p>Essa liga\u00e7\u00e3o tamb\u00e9m aparece na literatura cient\u00edfica. Segundo a revis\u00e3o <a href=\"https:\/\/pmc.ncbi.nlm.nih.gov\/articles\/PMC10163584\/\" target=\"_blank\" rel=\"noreferrer noopener\"><em>The Role of Vitamin D in Health and Disease<\/em><\/a>, publicada na revista <strong>Nutrients<\/strong>, a vitamina D \u00e9 necess\u00e1ria para a mineraliza\u00e7\u00e3o \u00f3ssea adequada e tamb\u00e9m participa da modula\u00e7\u00e3o da imunidade e da inflama\u00e7\u00e3o. O trabalho destaca que seus efeitos extrapolam os ossos, embora os benef\u00edcios cl\u00ednicos dependam do contexto e n\u00e3o justifiquem promessas exageradas com suplementa\u00e7\u00e3o sem crit\u00e9rio.<\/p>\n\n\n\n<p>Essa vis\u00e3o \u00e9 coerente com a ficha t\u00e9cnica do NIH, que descreve a vitamina D como um nutriente essencial para o metabolismo \u00f3sseo e com fun\u00e7\u00f5es relacionadas \u00e0 imunidade e \u00e0 redu\u00e7\u00e3o da inflama\u00e7\u00e3o. No Tua Sa\u00fade, voc\u00ea pode ver mais sobre <a href=\"https:\/\/www.tuasaude.com\/para-que-serve-a-vitamina-d\/\" target=\"_blank\" rel=\"noreferrer noopener\">vitamina D, para que serve e principais fontes<\/a>.<\/p>\n\n\n<div class=\"wp-block-image\">\n<figure class=\"aligncenter size-large\"><img decoding=\"async\" width=\"1024\" height=\"441\" src=\"https:\/\/www.tuasaude.com\/news\/wp-content\/uploads\/2026\/04\/convertido-389-1024x441.jpg\" alt=\"Vitamina D: Imunidade, Ossos e Controle da Inflama\u00e7\u00e3o no Corpo\" class=\"wp-image-29343\" srcset=\"https:\/\/www.tuasaude.com\/news\/wp-content\/uploads\/2026\/04\/convertido-389-1024x441.jpg 1024w, https:\/\/www.tuasaude.com\/news\/wp-content\/uploads\/2026\/04\/convertido-389-300x129.jpg 300w, https:\/\/www.tuasaude.com\/news\/wp-content\/uploads\/2026\/04\/convertido-389-768x331.jpg 768w, https:\/\/www.tuasaude.com\/news\/wp-content\/uploads\/2026\/04\/convertido-389-750x323.jpg 750w, https:\/\/www.tuasaude.com\/news\/wp-content\/uploads\/2026\/04\/convertido-389-1140x491.jpg 1140w, https:\/\/www.tuasaude.com\/news\/wp-content\/uploads\/2026\/04\/convertido-389.jpg 1280w\" sizes=\"(max-width: 1024px) 100vw, 1024px\" \/><figcaption class=\"wp-element-caption\">Vitamina D: Imunidade, Ossos e Controle da Inflama\u00e7\u00e3o no Corpo<\/figcaption><\/figure>\n<\/div>\n\n\n<h2 class=\"wp-block-heading\">Como proteger seus n\u00edveis no dia a dia<\/h2>\n\n\n\n<p>Manter bons n\u00edveis de vitamina D envolve uma combina\u00e7\u00e3o de fatores. As principais estrat\u00e9gias incluem exposi\u00e7\u00e3o solar orientada, consumo de alimentos fonte e, em alguns casos, suplementa\u00e7\u00e3o com avalia\u00e7\u00e3o profissional.<\/p>\n\n\n\n<ul class=\"wp-block-list\">\n<li><strong>Peixes, ovos e alimentos fortificados<\/strong> podem ajudar na ingest\u00e3o<\/li>\n\n\n\n<li><strong>Exposi\u00e7\u00e3o solar regular<\/strong> pode favorecer a produ\u00e7\u00e3o pela pele<\/li>\n\n\n\n<li><strong>Acompanhamento m\u00e9dico<\/strong> \u00e9 importante em grupos de risco<\/li>\n\n\n\n<li><strong>Suplementos<\/strong> s\u00f3 devem ser usados com indica\u00e7\u00e3o adequada<\/li>\n<\/ul>\n\n\n\n<p>Baixos n\u00edveis podem acontecer com mais facilidade em idosos, pessoas com pouca exposi\u00e7\u00e3o ao sol, obesidade, doen\u00e7as que reduzem a absor\u00e7\u00e3o intestinal ou uso de alguns medicamentos. Este conte\u00fado \u00e9 apenas informativo e n\u00e3o substitui a avalia\u00e7\u00e3o de um m\u00e9dico. Para investigar defici\u00eancia de vitamina D ou decidir sobre suplementa\u00e7\u00e3o, procure orienta\u00e7\u00e3o m\u00e9dica profissional.<\/p>\n","protected":false},"excerpt":{"rendered":"<p>A vitamina D \u00e9 mais conhecida pela rela\u00e7\u00e3o com os ossos, mas seu papel vai al\u00e9m disso. Ela ajuda na absor\u00e7\u00e3o de c\u00e1lcio, participa do funcionamento do sistema imunol\u00f3gico e tamb\u00e9m influencia processos ligados \u00e0 inflama\u00e7\u00e3o no organismo. Por isso, quando seus n\u00edveis est\u00e3o baixos, o impacto pode aparecer em diferentes \u00e1reas da sa\u00fade, e [&hellip;]<\/p>\n","protected":false},"author":12,"featured_media":29587,"comment_status":"open","ping_status":"open","sticky":false,"template":"","format":"standard","meta":{"_yoast_wpseo_focuskw":"vitamina D","_yoast_wpseo_title":"","_yoast_wpseo_metadesc":"Vitamina D ajuda ossos, imunidade e inflama\u00e7\u00e3o; entenda seus efeitos, fontes, riscos da defici\u00eancia e quando avaliar suplementa\u00e7\u00e3o.","jnews-multi-image_gallery":[],"jnews_single_post":{"format":"standard"},"jnews_primary_category":[],"jnews_social_meta":[],"jnews_override_counter":[],"footnotes":""},"categories":[111],"tags":[739,3022,634],"class_list":["post-29336","post","type-post","status-publish","format-standard","has-post-thumbnail","hentry","category-saude","tag-imunidade","tag-inflamacao-sistemica","tag-saude-ossea"],"yoast_head":"<!-- This site is optimized with the Yoast SEO plugin v26.7 - https:\/\/yoast.com\/wordpress\/plugins\/seo\/ -->\n<title>O que a vitamina D tem a ver com imunidade, ossos e inflama\u00e7\u00e3o sist\u00eamica - Tua Sa\u00fade<\/title>\n<meta name=\"description\" content=\"Vitamina D ajuda ossos, imunidade e inflama\u00e7\u00e3o; entenda seus efeitos, fontes, riscos da defici\u00eancia e quando avaliar suplementa\u00e7\u00e3o.\" \/>\n<meta name=\"robots\" content=\"index, follow, max-snippet:-1, max-image-preview:large, max-video-preview:-1\" \/>\n<link rel=\"canonical\" href=\"https:\/\/www.tuasaude.com\/news\/2026\/04\/28\/o-que-a-vitamina-d-tem-a-ver-com-imunidade-ossos-e-inflamacao-sistemica\/\" \/>\n<meta property=\"og:locale\" content=\"pt_BR\" \/>\n<meta property=\"og:type\" content=\"article\" \/>\n<meta property=\"og:title\" content=\"O que a vitamina D tem a ver com imunidade, ossos e inflama\u00e7\u00e3o sist\u00eamica - Tua Sa\u00fade\" \/>\n<meta property=\"og:description\" content=\"Vitamina D ajuda ossos, imunidade e inflama\u00e7\u00e3o; entenda seus efeitos, fontes, riscos da defici\u00eancia e quando avaliar suplementa\u00e7\u00e3o.\" \/>\n<meta property=\"og:url\" content=\"https:\/\/www.tuasaude.com\/news\/2026\/04\/28\/o-que-a-vitamina-d-tem-a-ver-com-imunidade-ossos-e-inflamacao-sistemica\/\" \/>\n<meta property=\"og:site_name\" content=\"Tua Sa\u00fade\" \/>\n<meta property=\"article:published_time\" content=\"2026-04-28T13:48:00+00:00\" \/>\n<meta property=\"og:image\" content=\"https:\/\/www.tuasaude.com\/news\/wp-content\/uploads\/2026\/04\/freepik_illustration-nonphotoreal_2877609652.jpg\" \/>\n\t<meta property=\"og:image:width\" content=\"1280\" \/>\n\t<meta property=\"og:image:height\" content=\"714\" \/>\n\t<meta property=\"og:image:type\" content=\"image\/jpeg\" \/>\n<meta name=\"author\" content=\"Jeferson Henrique\" \/>\n<meta name=\"twitter:card\" content=\"summary_large_image\" \/>\n<meta name=\"twitter:label1\" content=\"Escrito por\" \/>\n\t<meta name=\"twitter:data1\" content=\"Jeferson Henrique\" \/>\n\t<meta name=\"twitter:label2\" content=\"Est. tempo de leitura\" \/>\n\t<meta name=\"twitter:data2\" content=\"4 minutos\" \/>\n<!-- \/ Yoast SEO plugin. -->","yoast_head_json":{"title":"O que a vitamina D tem a ver com imunidade, ossos e inflama\u00e7\u00e3o sist\u00eamica - Tua Sa\u00fade","description":"Vitamina D ajuda ossos, imunidade e inflama\u00e7\u00e3o; entenda seus efeitos, fontes, riscos da defici\u00eancia e quando avaliar suplementa\u00e7\u00e3o.","robots":{"index":"index","follow":"follow","max-snippet":"max-snippet:-1","max-image-preview":"max-image-preview:large","max-video-preview":"max-video-preview:-1"},"canonical":"https:\/\/www.tuasaude.com\/news\/2026\/04\/28\/o-que-a-vitamina-d-tem-a-ver-com-imunidade-ossos-e-inflamacao-sistemica\/","og_locale":"pt_BR","og_type":"article","og_title":"O que a vitamina D tem a ver com imunidade, ossos e inflama\u00e7\u00e3o sist\u00eamica - Tua Sa\u00fade","og_description":"Vitamina D ajuda ossos, imunidade e inflama\u00e7\u00e3o; entenda seus efeitos, fontes, riscos da defici\u00eancia e quando avaliar suplementa\u00e7\u00e3o.","og_url":"https:\/\/www.tuasaude.com\/news\/2026\/04\/28\/o-que-a-vitamina-d-tem-a-ver-com-imunidade-ossos-e-inflamacao-sistemica\/","og_site_name":"Tua Sa\u00fade","article_published_time":"2026-04-28T13:48:00+00:00","og_image":[{"width":1280,"height":714,"url":"https:\/\/www.tuasaude.com\/news\/wp-content\/uploads\/2026\/04\/freepik_illustration-nonphotoreal_2877609652.jpg","type":"image\/jpeg"}],"author":"Jeferson Henrique","twitter_card":"summary_large_image","twitter_misc":{"Escrito por":"Jeferson Henrique","Est. tempo de leitura":"4 minutos"},"schema":{"@context":"https:\/\/schema.org","@graph":[{"@type":"Article","@id":"https:\/\/www.tuasaude.com\/news\/2026\/04\/28\/o-que-a-vitamina-d-tem-a-ver-com-imunidade-ossos-e-inflamacao-sistemica\/#article","isPartOf":{"@id":"https:\/\/www.tuasaude.com\/news\/2026\/04\/28\/o-que-a-vitamina-d-tem-a-ver-com-imunidade-ossos-e-inflamacao-sistemica\/"},"author":{"name":"Jeferson Henrique","@id":"https:\/\/www.tuasaude.com\/news\/#\/schema\/person\/963d63d4e1f0c81f5f3a70ba4bcb0ef7"},"headline":"O que a vitamina D tem a ver com imunidade, ossos e inflama\u00e7\u00e3o sist\u00eamica","datePublished":"2026-04-28T13:48:00+00:00","mainEntityOfPage":{"@id":"https:\/\/www.tuasaude.com\/news\/2026\/04\/28\/o-que-a-vitamina-d-tem-a-ver-com-imunidade-ossos-e-inflamacao-sistemica\/"},"wordCount":677,"commentCount":0,"image":{"@id":"https:\/\/www.tuasaude.com\/news\/2026\/04\/28\/o-que-a-vitamina-d-tem-a-ver-com-imunidade-ossos-e-inflamacao-sistemica\/#primaryimage"},"thumbnailUrl":"https:\/\/www.tuasaude.com\/news\/wp-content\/uploads\/2026\/04\/freepik_illustration-nonphotoreal_2877609652.jpg","keywords":["imunidade","inflama\u00e7\u00e3o sist\u00eamica","sa\u00fade \u00f3ssea"],"articleSection":["Sa\u00fade"],"inLanguage":"pt-BR","potentialAction":[{"@type":"CommentAction","name":"Comment","target":["https:\/\/www.tuasaude.com\/news\/2026\/04\/28\/o-que-a-vitamina-d-tem-a-ver-com-imunidade-ossos-e-inflamacao-sistemica\/#respond"]}]},{"@type":"WebPage","@id":"https:\/\/www.tuasaude.com\/news\/2026\/04\/28\/o-que-a-vitamina-d-tem-a-ver-com-imunidade-ossos-e-inflamacao-sistemica\/","url":"https:\/\/www.tuasaude.com\/news\/2026\/04\/28\/o-que-a-vitamina-d-tem-a-ver-com-imunidade-ossos-e-inflamacao-sistemica\/","name":"O que a vitamina D tem a ver com imunidade, ossos e inflama\u00e7\u00e3o sist\u00eamica - Tua Sa\u00fade","isPartOf":{"@id":"https:\/\/www.tuasaude.com\/news\/#website"},"primaryImageOfPage":{"@id":"https:\/\/www.tuasaude.com\/news\/2026\/04\/28\/o-que-a-vitamina-d-tem-a-ver-com-imunidade-ossos-e-inflamacao-sistemica\/#primaryimage"},"image":{"@id":"https:\/\/www.tuasaude.com\/news\/2026\/04\/28\/o-que-a-vitamina-d-tem-a-ver-com-imunidade-ossos-e-inflamacao-sistemica\/#primaryimage"},"thumbnailUrl":"https:\/\/www.tuasaude.com\/news\/wp-content\/uploads\/2026\/04\/freepik_illustration-nonphotoreal_2877609652.jpg","datePublished":"2026-04-28T13:48:00+00:00","author":{"@id":"https:\/\/www.tuasaude.com\/news\/#\/schema\/person\/963d63d4e1f0c81f5f3a70ba4bcb0ef7"},"description":"Vitamina D ajuda ossos, imunidade e inflama\u00e7\u00e3o; entenda seus efeitos, fontes, riscos da defici\u00eancia e quando avaliar suplementa\u00e7\u00e3o.","breadcrumb":{"@id":"https:\/\/www.tuasaude.com\/news\/2026\/04\/28\/o-que-a-vitamina-d-tem-a-ver-com-imunidade-ossos-e-inflamacao-sistemica\/#breadcrumb"},"inLanguage":"pt-BR","potentialAction":[{"@type":"ReadAction","target":["https:\/\/www.tuasaude.com\/news\/2026\/04\/28\/o-que-a-vitamina-d-tem-a-ver-com-imunidade-ossos-e-inflamacao-sistemica\/"]}]},{"@type":"ImageObject","inLanguage":"pt-BR","@id":"https:\/\/www.tuasaude.com\/news\/2026\/04\/28\/o-que-a-vitamina-d-tem-a-ver-com-imunidade-ossos-e-inflamacao-sistemica\/#primaryimage","url":"https:\/\/www.tuasaude.com\/news\/wp-content\/uploads\/2026\/04\/freepik_illustration-nonphotoreal_2877609652.jpg","contentUrl":"https:\/\/www.tuasaude.com\/news\/wp-content\/uploads\/2026\/04\/freepik_illustration-nonphotoreal_2877609652.jpg","width":1280,"height":714,"caption":"N\u00edveis baixos de vitamina D podem afetar v\u00e1rias \u00e1reas da sa\u00fade."},{"@type":"BreadcrumbList","@id":"https:\/\/www.tuasaude.com\/news\/2026\/04\/28\/o-que-a-vitamina-d-tem-a-ver-com-imunidade-ossos-e-inflamacao-sistemica\/#breadcrumb","itemListElement":[{"@type":"ListItem","position":1,"name":"In\u00edcio","item":"https:\/\/www.tuasaude.com\/news\/"},{"@type":"ListItem","position":2,"name":"O que a vitamina D tem a ver com imunidade, ossos e inflama\u00e7\u00e3o sist\u00eamica"}]},{"@type":"WebSite","@id":"https:\/\/www.tuasaude.com\/news\/#website","url":"https:\/\/www.tuasaude.com\/news\/","name":"Tua Sa\u00fade","description":"Seu site de sa\u00fade","potentialAction":[{"@type":"SearchAction","target":{"@type":"EntryPoint","urlTemplate":"https:\/\/www.tuasaude.com\/news\/?s={search_term_string}"},"query-input":{"@type":"PropertyValueSpecification","valueRequired":true,"valueName":"search_term_string"}}],"inLanguage":"pt-BR"},{"@type":"Person","@id":"https:\/\/www.tuasaude.com\/news\/#\/schema\/person\/963d63d4e1f0c81f5f3a70ba4bcb0ef7","name":"Jeferson Henrique","image":{"@type":"ImageObject","inLanguage":"pt-BR","@id":"https:\/\/www.tuasaude.com\/news\/#\/schema\/person\/image\/","url":"https:\/\/secure.gravatar.com\/avatar\/1a476a54a48eb3cdea5dd2f016708263892c6b9f5e54b641df7c65e980fd6f69?s=96&d=mm&r=g","contentUrl":"https:\/\/secure.gravatar.com\/avatar\/1a476a54a48eb3cdea5dd2f016708263892c6b9f5e54b641df7c65e980fd6f69?s=96&d=mm&r=g","caption":"Jeferson Henrique"},"sameAs":["https:\/\/www.tuasaude.com\/news\/"],"url":"https:\/\/www.tuasaude.com\/news\/author\/jeferson-henrique\/"}]}},"_links":{"self":[{"href":"https:\/\/www.tuasaude.com\/news\/wp-json\/wp\/v2\/posts\/29336","targetHints":{"allow":["GET"]}}],"collection":[{"href":"https:\/\/www.tuasaude.com\/news\/wp-json\/wp\/v2\/posts"}],"about":[{"href":"https:\/\/www.tuasaude.com\/news\/wp-json\/wp\/v2\/types\/post"}],"author":[{"embeddable":true,"href":"https:\/\/www.tuasaude.com\/news\/wp-json\/wp\/v2\/users\/12"}],"replies":[{"embeddable":true,"href":"https:\/\/www.tuasaude.com\/news\/wp-json\/wp\/v2\/comments?post=29336"}],"version-history":[{"count":2,"href":"https:\/\/www.tuasaude.com\/news\/wp-json\/wp\/v2\/posts\/29336\/revisions"}],"predecessor-version":[{"id":29393,"href":"https:\/\/www.tuasaude.com\/news\/wp-json\/wp\/v2\/posts\/29336\/revisions\/29393"}],"wp:featuredmedia":[{"embeddable":true,"href":"https:\/\/www.tuasaude.com\/news\/wp-json\/wp\/v2\/media\/29587"}],"wp:attachment":[{"href":"https:\/\/www.tuasaude.com\/news\/wp-json\/wp\/v2\/media?parent=29336"}],"wp:term":[{"taxonomy":"category","embeddable":true,"href":"https:\/\/www.tuasaude.com\/news\/wp-json\/wp\/v2\/categories?post=29336"},{"taxonomy":"post_tag","embeddable":true,"href":"https:\/\/www.tuasaude.com\/news\/wp-json\/wp\/v2\/tags?post=29336"}],"curies":[{"name":"wp","href":"https:\/\/api.w.org\/{rel}","templated":true}]}}