{"id":29332,"date":"2026-04-28T22:40:00","date_gmt":"2026-04-29T01:40:00","guid":{"rendered":"https:\/\/www.tuasaude.com\/news\/?p=29332"},"modified":"2026-04-27T19:57:22","modified_gmt":"2026-04-27T22:57:22","slug":"como-e-a-fadiga-causada-pelo-hipotireoidismo-e-como-diferencia-la-do-cansaco-por-privacao-de-sono-ou-depressao","status":"publish","type":"post","link":"https:\/\/www.tuasaude.com\/news\/2026\/04\/28\/como-e-a-fadiga-causada-pelo-hipotireoidismo-e-como-diferencia-la-do-cansaco-por-privacao-de-sono-ou-depressao\/","title":{"rendered":"Como \u00e9 a fadiga causada pelo hipotireoidismo e como diferenci\u00e1-la do cansa\u00e7o por priva\u00e7\u00e3o de sono ou depress\u00e3o?"},"content":{"rendered":"\n<p>A fadiga causada pelo hipotireoidismo \u00e9 persistente, n\u00e3o melhora com o descanso e vem acompanhada de sinais caracter\u00edsticos como intoler\u00e2ncia ao frio, ganho de peso e lentid\u00e3o mental. Diferente do cansa\u00e7o por priva\u00e7\u00e3o de sono, que cede ap\u00f3s noites bem dormidas, ou da fadiga depressiva, marcada por des\u00e2nimo profundo e perda de interesse, a do hipotireoidismo tem origem hormonal. Reconhecer essas diferen\u00e7as orienta os exames adequados e evita atrasos no diagn\u00f3stico e no tratamento.<\/p>\n\n\n\n<h2 class=\"wp-block-heading\">Como \u00e9 a fadiga t\u00edpica do hipotireoidismo?<\/h2>\n\n\n\n<p>O hipotireoidismo ocorre quando a tireoide produz horm\u00f4nios T3 e T4 em quantidade insuficiente, fazendo todo o metabolismo trabalhar em ritmo mais lento. A fadiga \u00e9 desproporcional ao esfor\u00e7o, presente desde o in\u00edcio do dia e n\u00e3o melhora mesmo ap\u00f3s noites longas de sono.<\/p>\n\n\n\n<p>Costuma vir acompanhada de lentid\u00e3o de racioc\u00ednio, fraqueza muscular e sensa\u00e7\u00e3o de peso no corpo. Esse padr\u00e3o se instala de forma gradual, ao longo de semanas ou meses, fazendo com que muitas pessoas demorem a perceber os principais <a href=\"https:\/\/www.tuasaude.com\/hipotireoidismo-sintomas\/\" target=\"_blank\" rel=\"noreferrer noopener\">sintomas de hipotireoidismo<\/a>.<\/p>\n\n\n\n<h2 class=\"wp-block-heading\">Quais sinais ajudam a diferenciar o hipotireoidismo?<\/h2>\n\n\n\n<p>Antes de atribuir o cansa\u00e7o apenas ao estresse ou \u00e0 rotina, vale conhecer as manifesta\u00e7\u00f5es que apontam para uma origem hormonal. A combina\u00e7\u00e3o desses sinais refor\u00e7a a necessidade de investigar a tireoide com exames espec\u00edficos.<\/p>\n\n\n<div class=\"wp-block-image\">\n<figure class=\"aligncenter size-large\"><img decoding=\"async\" width=\"1024\" height=\"589\" src=\"https:\/\/www.tuasaude.com\/news\/wp-content\/uploads\/2026\/04\/convertido-39-14-1024x589.jpg\" alt=\"Quais sinais ajudam a diferenciar o hipotireoidismo?\" class=\"wp-image-29340\" srcset=\"https:\/\/www.tuasaude.com\/news\/wp-content\/uploads\/2026\/04\/convertido-39-14-1024x589.jpg 1024w, https:\/\/www.tuasaude.com\/news\/wp-content\/uploads\/2026\/04\/convertido-39-14-300x173.jpg 300w, https:\/\/www.tuasaude.com\/news\/wp-content\/uploads\/2026\/04\/convertido-39-14-768x442.jpg 768w, https:\/\/www.tuasaude.com\/news\/wp-content\/uploads\/2026\/04\/convertido-39-14-750x431.jpg 750w, https:\/\/www.tuasaude.com\/news\/wp-content\/uploads\/2026\/04\/convertido-39-14-1140x656.jpg 1140w, https:\/\/www.tuasaude.com\/news\/wp-content\/uploads\/2026\/04\/convertido-39-14.jpg 1280w\" sizes=\"(max-width: 1024px) 100vw, 1024px\" \/><figcaption class=\"wp-element-caption\">Quais sinais ajudam a diferenciar o hipotireoidismo?<\/figcaption><\/figure>\n<\/div>\n\n\n<h2 class=\"wp-block-heading\">Como o cansa\u00e7o por priva\u00e7\u00e3o de sono se manifesta?<\/h2>\n\n\n\n<p>A fadiga por falta de sono est\u00e1 diretamente ligada \u00e0 quantidade e qualidade das horas dormidas. Costuma melhorar ou desaparecer ap\u00f3s algumas noites de descanso adequado, sem provocar altera\u00e7\u00f5es metab\u00f3licas duradouras.<\/p>\n\n\n\n<p>Os sintomas associados envolvem sonol\u00eancia diurna, irritabilidade, dificuldade de concentra\u00e7\u00e3o e olheiras, mas sem ganho de peso, intoler\u00e2ncia ao frio ou altera\u00e7\u00f5es na pele e nos cabelos. Quando o problema persiste apesar do descanso, vale investigar dist\u00farbios como apneia, que comprometem o sono mesmo com horas suficientes na cama.<\/p>\n\n\n\n<h2 class=\"wp-block-heading\">O que diz o estudo sobre o diagn\u00f3stico do hipotireoidismo?<\/h2>\n\n\n\n<p>A literatura cient\u00edfica refor\u00e7a que sintomas isolados n\u00e3o s\u00e3o suficientes para confirmar a doen\u00e7a, sendo essenciais exames laboratoriais espec\u00edficos. Segundo a revis\u00e3o por pares <a href=\"https:\/\/pubmed.ncbi.nlm.nih.gov\/37908940\/\" target=\"_blank\" rel=\"noreferrer noopener\">Epidemiology, Types, Causes, Clinical Presentation, Diagnosis, and Treatment of Hypothyroidism<\/a>, publicada na revista Cureus e indexada no PubMed, os sintomas mais comuns do hipotireoidismo incluem fadiga, ganho de peso, intoler\u00e2ncia ao frio, constipa\u00e7\u00e3o e pele seca, sendo todos resultado da redu\u00e7\u00e3o do metabolismo. A revis\u00e3o destaca que os exames laboratoriais de TSH e T4 livre permanecem como os principais instrumentos diagn\u00f3sticos, e o tratamento padr\u00e3o \u00e9 a reposi\u00e7\u00e3o com levotiroxina, complementada por mudan\u00e7as no estilo de vida.<\/p>\n\n\n<div class=\"wp-block-image\">\n<figure class=\"aligncenter size-large\"><img decoding=\"async\" width=\"1024\" height=\"571\" src=\"https:\/\/www.tuasaude.com\/news\/wp-content\/uploads\/2026\/04\/freepik_illustration-nonphotoreal_2877022229-1024x571.jpg\" alt=\"Como \u00e9 a fadiga causada pelo hipotireoidismo e como diferenci\u00e1-la do cansa\u00e7o por priva\u00e7\u00e3o de sono ou depress\u00e3o?\" class=\"wp-image-29466\" srcset=\"https:\/\/www.tuasaude.com\/news\/wp-content\/uploads\/2026\/04\/freepik_illustration-nonphotoreal_2877022229-1024x571.jpg 1024w, https:\/\/www.tuasaude.com\/news\/wp-content\/uploads\/2026\/04\/freepik_illustration-nonphotoreal_2877022229-300x167.jpg 300w, https:\/\/www.tuasaude.com\/news\/wp-content\/uploads\/2026\/04\/freepik_illustration-nonphotoreal_2877022229-768x428.jpg 768w, https:\/\/www.tuasaude.com\/news\/wp-content\/uploads\/2026\/04\/freepik_illustration-nonphotoreal_2877022229-750x418.jpg 750w, https:\/\/www.tuasaude.com\/news\/wp-content\/uploads\/2026\/04\/freepik_illustration-nonphotoreal_2877022229-1140x636.jpg 1140w, https:\/\/www.tuasaude.com\/news\/wp-content\/uploads\/2026\/04\/freepik_illustration-nonphotoreal_2877022229.jpg 1280w\" sizes=\"(max-width: 1024px) 100vw, 1024px\" \/><figcaption class=\"wp-element-caption\">Cansa\u00e7o com frio, ganho de peso e lentid\u00e3o mental pode indicar hipotireoidismo.<\/figcaption><\/figure>\n<\/div>\n\n\n<h2 class=\"wp-block-heading\">Como diferenci\u00e1-lo da fadiga por depress\u00e3o?<\/h2>\n\n\n\n<p>A fadiga depressiva est\u00e1 ligada a altera\u00e7\u00f5es do humor e geralmente vem acompanhada de tristeza profunda, perda de interesse em atividades antes prazerosas, altera\u00e7\u00f5es no apetite e pensamentos negativos recorrentes. Costuma ser mais intensa pela manh\u00e3 e melhorar em alguns per\u00edodos do dia.<\/p>\n\n\n\n<p>Embora hipotireoidismo e depress\u00e3o possam coexistir, a investiga\u00e7\u00e3o correta come\u00e7a com uma avalia\u00e7\u00e3o cl\u00ednica detalhada e exames de TSH e T4 livre. Sem essa diferencia\u00e7\u00e3o, o tratamento pode ser direcionado para a causa errada, prolongando o sofrimento e adiando a melhora. Vale lembrar que a <a href=\"https:\/\/www.tuasaude.com\/fadiga\/\" target=\"_blank\" rel=\"noreferrer noopener\">fadiga<\/a> persistente sempre merece avalia\u00e7\u00e3o m\u00e9dica para esclarecer sua origem.<\/p>\n\n\n\n<h2 class=\"wp-block-heading\">Quais exames investigam cada causa?<\/h2>\n\n\n\n<p>O caminho diagn\u00f3stico varia conforme a suspeita cl\u00ednica, mas come\u00e7a quase sempre por exames simples. A dosagem de TSH e T4 livre \u00e9 o pilar para investigar a tireoide, enquanto a avalia\u00e7\u00e3o do sono pode incluir polissonografia em casos de fadiga matinal persistente.<\/p>\n\n\n\n<p>Para suspeita de depress\u00e3o, a avalia\u00e7\u00e3o \u00e9 cl\u00ednica, com escalas validadas e conversa detalhada com profissional de sa\u00fade mental. Adotar boas pr\u00e1ticas de <a href=\"https:\/\/www.tuasaude.com\/higiene-do-sono\/\" target=\"_blank\" rel=\"noreferrer noopener\">higiene do sono<\/a> ajuda a descartar causas comportamentais antes de seguir para investiga\u00e7\u00f5es mais complexas, sempre com orienta\u00e7\u00e3o m\u00e9dica.<\/p>\n\n\n\n<p><em>Este conte\u00fado tem car\u00e1ter apenas informativo e n\u00e3o substitui a avalia\u00e7\u00e3o, o diagn\u00f3stico ou o tratamento realizado por um profissional de sa\u00fade qualificado. Em caso de fadiga persistente ou sinais de alerta, procure orienta\u00e7\u00e3o m\u00e9dica.<\/em><\/p>\n","protected":false},"excerpt":{"rendered":"<p>A fadiga causada pelo hipotireoidismo \u00e9 persistente, n\u00e3o melhora com o descanso e vem acompanhada de sinais caracter\u00edsticos como intoler\u00e2ncia ao frio, ganho de peso e lentid\u00e3o mental. Diferente do cansa\u00e7o por priva\u00e7\u00e3o de sono, que cede ap\u00f3s noites bem dormidas, ou da fadiga depressiva, marcada por des\u00e2nimo profundo e perda de interesse, a do [&hellip;]<\/p>\n","protected":false},"author":11,"featured_media":29467,"comment_status":"open","ping_status":"open","sticky":false,"template":"","format":"standard","meta":{"_yoast_wpseo_focuskw":"fadiga do hipotireoidismo","_yoast_wpseo_title":"","_yoast_wpseo_metadesc":"A fadiga do hipotireoidismo \u00e9 persistente e vem com intoler\u00e2ncia ao frio e ganho de peso. Saiba como diferenciar de outras causas.","jnews-multi-image_gallery":[],"jnews_single_post":{"format":"standard"},"jnews_primary_category":[],"jnews_social_meta":[],"jnews_override_counter":[],"footnotes":""},"categories":[111],"tags":[302,190,2858,351],"class_list":["post-29332","post","type-post","status-publish","format-standard","has-post-thumbnail","hentry","category-saude","tag-depressao","tag-fadiga","tag-hipotireoidismo","tag-privacao-de-sono"],"yoast_head":"<!-- This site is optimized with the Yoast SEO plugin v26.7 - https:\/\/yoast.com\/wordpress\/plugins\/seo\/ -->\n<title>Como \u00e9 a fadiga causada pelo hipotireoidismo e como diferenci\u00e1-la do cansa\u00e7o por priva\u00e7\u00e3o de sono ou depress\u00e3o? - Tua Sa\u00fade<\/title>\n<meta name=\"description\" content=\"A fadiga do hipotireoidismo \u00e9 persistente e vem com intoler\u00e2ncia ao frio e ganho de peso. Saiba como diferenciar de outras causas.\" \/>\n<meta name=\"robots\" content=\"index, follow, max-snippet:-1, max-image-preview:large, max-video-preview:-1\" \/>\n<link rel=\"canonical\" href=\"https:\/\/www.tuasaude.com\/news\/2026\/04\/28\/como-e-a-fadiga-causada-pelo-hipotireoidismo-e-como-diferencia-la-do-cansaco-por-privacao-de-sono-ou-depressao\/\" \/>\n<meta property=\"og:locale\" content=\"pt_BR\" \/>\n<meta property=\"og:type\" content=\"article\" \/>\n<meta property=\"og:title\" content=\"Como \u00e9 a fadiga causada pelo hipotireoidismo e como diferenci\u00e1-la do cansa\u00e7o por priva\u00e7\u00e3o de sono ou depress\u00e3o? - Tua Sa\u00fade\" \/>\n<meta property=\"og:description\" content=\"A fadiga do hipotireoidismo \u00e9 persistente e vem com intoler\u00e2ncia ao frio e ganho de peso. Saiba como diferenciar de outras causas.\" \/>\n<meta property=\"og:url\" content=\"https:\/\/www.tuasaude.com\/news\/2026\/04\/28\/como-e-a-fadiga-causada-pelo-hipotireoidismo-e-como-diferencia-la-do-cansaco-por-privacao-de-sono-ou-depressao\/\" \/>\n<meta property=\"og:site_name\" content=\"Tua Sa\u00fade\" \/>\n<meta property=\"article:published_time\" content=\"2026-04-29T01:40:00+00:00\" \/>\n<meta property=\"og:image\" content=\"https:\/\/www.tuasaude.com\/news\/wp-content\/uploads\/2026\/04\/freepik_illustration-nonphotoreal_2877022557.jpg\" \/>\n\t<meta property=\"og:image:width\" content=\"1280\" \/>\n\t<meta property=\"og:image:height\" content=\"714\" \/>\n\t<meta property=\"og:image:type\" content=\"image\/jpeg\" \/>\n<meta name=\"author\" content=\"Gessika Julia Carvalho\" \/>\n<meta name=\"twitter:card\" content=\"summary_large_image\" \/>\n<meta name=\"twitter:label1\" content=\"Escrito por\" \/>\n\t<meta name=\"twitter:data1\" content=\"Gessika Julia Carvalho\" \/>\n\t<meta name=\"twitter:label2\" content=\"Est. tempo de leitura\" \/>\n\t<meta name=\"twitter:data2\" content=\"5 minutos\" \/>\n<!-- \/ Yoast SEO plugin. -->","yoast_head_json":{"title":"Como \u00e9 a fadiga causada pelo hipotireoidismo e como diferenci\u00e1-la do cansa\u00e7o por priva\u00e7\u00e3o de sono ou depress\u00e3o? - Tua Sa\u00fade","description":"A fadiga do hipotireoidismo \u00e9 persistente e vem com intoler\u00e2ncia ao frio e ganho de peso. Saiba como diferenciar de outras causas.","robots":{"index":"index","follow":"follow","max-snippet":"max-snippet:-1","max-image-preview":"max-image-preview:large","max-video-preview":"max-video-preview:-1"},"canonical":"https:\/\/www.tuasaude.com\/news\/2026\/04\/28\/como-e-a-fadiga-causada-pelo-hipotireoidismo-e-como-diferencia-la-do-cansaco-por-privacao-de-sono-ou-depressao\/","og_locale":"pt_BR","og_type":"article","og_title":"Como \u00e9 a fadiga causada pelo hipotireoidismo e como diferenci\u00e1-la do cansa\u00e7o por priva\u00e7\u00e3o de sono ou depress\u00e3o? - Tua Sa\u00fade","og_description":"A fadiga do hipotireoidismo \u00e9 persistente e vem com intoler\u00e2ncia ao frio e ganho de peso. Saiba como diferenciar de outras causas.","og_url":"https:\/\/www.tuasaude.com\/news\/2026\/04\/28\/como-e-a-fadiga-causada-pelo-hipotireoidismo-e-como-diferencia-la-do-cansaco-por-privacao-de-sono-ou-depressao\/","og_site_name":"Tua Sa\u00fade","article_published_time":"2026-04-29T01:40:00+00:00","og_image":[{"width":1280,"height":714,"url":"https:\/\/www.tuasaude.com\/news\/wp-content\/uploads\/2026\/04\/freepik_illustration-nonphotoreal_2877022557.jpg","type":"image\/jpeg"}],"author":"Gessika Julia Carvalho","twitter_card":"summary_large_image","twitter_misc":{"Escrito por":"Gessika Julia Carvalho","Est. tempo de leitura":"5 minutos"},"schema":{"@context":"https:\/\/schema.org","@graph":[{"@type":"Article","@id":"https:\/\/www.tuasaude.com\/news\/2026\/04\/28\/como-e-a-fadiga-causada-pelo-hipotireoidismo-e-como-diferencia-la-do-cansaco-por-privacao-de-sono-ou-depressao\/#article","isPartOf":{"@id":"https:\/\/www.tuasaude.com\/news\/2026\/04\/28\/como-e-a-fadiga-causada-pelo-hipotireoidismo-e-como-diferencia-la-do-cansaco-por-privacao-de-sono-ou-depressao\/"},"author":{"name":"Gessika Julia Carvalho","@id":"https:\/\/www.tuasaude.com\/news\/#\/schema\/person\/2e9df841be69ec84f5d20ddb8d273ac2"},"headline":"Como \u00e9 a fadiga causada pelo hipotireoidismo e como diferenci\u00e1-la do cansa\u00e7o por priva\u00e7\u00e3o de sono ou depress\u00e3o?","datePublished":"2026-04-29T01:40:00+00:00","mainEntityOfPage":{"@id":"https:\/\/www.tuasaude.com\/news\/2026\/04\/28\/como-e-a-fadiga-causada-pelo-hipotireoidismo-e-como-diferencia-la-do-cansaco-por-privacao-de-sono-ou-depressao\/"},"wordCount":755,"commentCount":0,"image":{"@id":"https:\/\/www.tuasaude.com\/news\/2026\/04\/28\/como-e-a-fadiga-causada-pelo-hipotireoidismo-e-como-diferencia-la-do-cansaco-por-privacao-de-sono-ou-depressao\/#primaryimage"},"thumbnailUrl":"https:\/\/www.tuasaude.com\/news\/wp-content\/uploads\/2026\/04\/freepik_illustration-nonphotoreal_2877022557.jpg","keywords":["depress\u00e3o","fadiga","Hipotireoidismo","priva\u00e7\u00e3o de sono"],"articleSection":["Sa\u00fade"],"inLanguage":"pt-BR","potentialAction":[{"@type":"CommentAction","name":"Comment","target":["https:\/\/www.tuasaude.com\/news\/2026\/04\/28\/como-e-a-fadiga-causada-pelo-hipotireoidismo-e-como-diferencia-la-do-cansaco-por-privacao-de-sono-ou-depressao\/#respond"]}]},{"@type":"WebPage","@id":"https:\/\/www.tuasaude.com\/news\/2026\/04\/28\/como-e-a-fadiga-causada-pelo-hipotireoidismo-e-como-diferencia-la-do-cansaco-por-privacao-de-sono-ou-depressao\/","url":"https:\/\/www.tuasaude.com\/news\/2026\/04\/28\/como-e-a-fadiga-causada-pelo-hipotireoidismo-e-como-diferencia-la-do-cansaco-por-privacao-de-sono-ou-depressao\/","name":"Como \u00e9 a fadiga causada pelo hipotireoidismo e como diferenci\u00e1-la do cansa\u00e7o por priva\u00e7\u00e3o de sono ou depress\u00e3o? - Tua Sa\u00fade","isPartOf":{"@id":"https:\/\/www.tuasaude.com\/news\/#website"},"primaryImageOfPage":{"@id":"https:\/\/www.tuasaude.com\/news\/2026\/04\/28\/como-e-a-fadiga-causada-pelo-hipotireoidismo-e-como-diferencia-la-do-cansaco-por-privacao-de-sono-ou-depressao\/#primaryimage"},"image":{"@id":"https:\/\/www.tuasaude.com\/news\/2026\/04\/28\/como-e-a-fadiga-causada-pelo-hipotireoidismo-e-como-diferencia-la-do-cansaco-por-privacao-de-sono-ou-depressao\/#primaryimage"},"thumbnailUrl":"https:\/\/www.tuasaude.com\/news\/wp-content\/uploads\/2026\/04\/freepik_illustration-nonphotoreal_2877022557.jpg","datePublished":"2026-04-29T01:40:00+00:00","author":{"@id":"https:\/\/www.tuasaude.com\/news\/#\/schema\/person\/2e9df841be69ec84f5d20ddb8d273ac2"},"description":"A fadiga do hipotireoidismo \u00e9 persistente e vem com intoler\u00e2ncia ao frio e ganho de peso. Saiba como diferenciar de outras causas.","breadcrumb":{"@id":"https:\/\/www.tuasaude.com\/news\/2026\/04\/28\/como-e-a-fadiga-causada-pelo-hipotireoidismo-e-como-diferencia-la-do-cansaco-por-privacao-de-sono-ou-depressao\/#breadcrumb"},"inLanguage":"pt-BR","potentialAction":[{"@type":"ReadAction","target":["https:\/\/www.tuasaude.com\/news\/2026\/04\/28\/como-e-a-fadiga-causada-pelo-hipotireoidismo-e-como-diferencia-la-do-cansaco-por-privacao-de-sono-ou-depressao\/"]}]},{"@type":"ImageObject","inLanguage":"pt-BR","@id":"https:\/\/www.tuasaude.com\/news\/2026\/04\/28\/como-e-a-fadiga-causada-pelo-hipotireoidismo-e-como-diferencia-la-do-cansaco-por-privacao-de-sono-ou-depressao\/#primaryimage","url":"https:\/\/www.tuasaude.com\/news\/wp-content\/uploads\/2026\/04\/freepik_illustration-nonphotoreal_2877022557.jpg","contentUrl":"https:\/\/www.tuasaude.com\/news\/wp-content\/uploads\/2026\/04\/freepik_illustration-nonphotoreal_2877022557.jpg","width":1280,"height":714,"caption":"A fadiga do hipotireoidismo \u00e9 persistente e n\u00e3o melhora mesmo ap\u00f3s noites bem dormidas."},{"@type":"BreadcrumbList","@id":"https:\/\/www.tuasaude.com\/news\/2026\/04\/28\/como-e-a-fadiga-causada-pelo-hipotireoidismo-e-como-diferencia-la-do-cansaco-por-privacao-de-sono-ou-depressao\/#breadcrumb","itemListElement":[{"@type":"ListItem","position":1,"name":"In\u00edcio","item":"https:\/\/www.tuasaude.com\/news\/"},{"@type":"ListItem","position":2,"name":"Como \u00e9 a fadiga causada pelo hipotireoidismo e como diferenci\u00e1-la do cansa\u00e7o por priva\u00e7\u00e3o de sono ou depress\u00e3o?"}]},{"@type":"WebSite","@id":"https:\/\/www.tuasaude.com\/news\/#website","url":"https:\/\/www.tuasaude.com\/news\/","name":"Tua Sa\u00fade","description":"Seu site de sa\u00fade","potentialAction":[{"@type":"SearchAction","target":{"@type":"EntryPoint","urlTemplate":"https:\/\/www.tuasaude.com\/news\/?s={search_term_string}"},"query-input":{"@type":"PropertyValueSpecification","valueRequired":true,"valueName":"search_term_string"}}],"inLanguage":"pt-BR"},{"@type":"Person","@id":"https:\/\/www.tuasaude.com\/news\/#\/schema\/person\/2e9df841be69ec84f5d20ddb8d273ac2","name":"Gessika Julia Carvalho","image":{"@type":"ImageObject","inLanguage":"pt-BR","@id":"https:\/\/www.tuasaude.com\/news\/#\/schema\/person\/image\/","url":"https:\/\/secure.gravatar.com\/avatar\/0fcc8769024577fd0bc6a8b766055690f76a8e8f29dfb2a2f89cf04db8d0f2d2?s=96&d=mm&r=g","contentUrl":"https:\/\/secure.gravatar.com\/avatar\/0fcc8769024577fd0bc6a8b766055690f76a8e8f29dfb2a2f89cf04db8d0f2d2?s=96&d=mm&r=g","caption":"Gessika Julia Carvalho"},"sameAs":["https:\/\/www.tuasaude.com\/news\/"],"url":"https:\/\/www.tuasaude.com\/news\/author\/gessika-julia\/"}]}},"_links":{"self":[{"href":"https:\/\/www.tuasaude.com\/news\/wp-json\/wp\/v2\/posts\/29332","targetHints":{"allow":["GET"]}}],"collection":[{"href":"https:\/\/www.tuasaude.com\/news\/wp-json\/wp\/v2\/posts"}],"about":[{"href":"https:\/\/www.tuasaude.com\/news\/wp-json\/wp\/v2\/types\/post"}],"author":[{"embeddable":true,"href":"https:\/\/www.tuasaude.com\/news\/wp-json\/wp\/v2\/users\/11"}],"replies":[{"embeddable":true,"href":"https:\/\/www.tuasaude.com\/news\/wp-json\/wp\/v2\/comments?post=29332"}],"version-history":[{"count":3,"href":"https:\/\/www.tuasaude.com\/news\/wp-json\/wp\/v2\/posts\/29332\/revisions"}],"predecessor-version":[{"id":29486,"href":"https:\/\/www.tuasaude.com\/news\/wp-json\/wp\/v2\/posts\/29332\/revisions\/29486"}],"wp:featuredmedia":[{"embeddable":true,"href":"https:\/\/www.tuasaude.com\/news\/wp-json\/wp\/v2\/media\/29467"}],"wp:attachment":[{"href":"https:\/\/www.tuasaude.com\/news\/wp-json\/wp\/v2\/media?parent=29332"}],"wp:term":[{"taxonomy":"category","embeddable":true,"href":"https:\/\/www.tuasaude.com\/news\/wp-json\/wp\/v2\/categories?post=29332"},{"taxonomy":"post_tag","embeddable":true,"href":"https:\/\/www.tuasaude.com\/news\/wp-json\/wp\/v2\/tags?post=29332"}],"curies":[{"name":"wp","href":"https:\/\/api.w.org\/{rel}","templated":true}]}}