{"id":29320,"date":"2026-04-28T22:20:00","date_gmt":"2026-04-29T01:20:00","guid":{"rendered":"https:\/\/www.tuasaude.com\/news\/?p=29320"},"modified":"2026-04-27T19:57:22","modified_gmt":"2026-04-27T22:57:22","slug":"os-cientistas-concordam-a-deficiencia-de-magnesio-esta-associada-a-maior-frequencia-de-insonia-e-ansiedade","status":"publish","type":"post","link":"https:\/\/www.tuasaude.com\/news\/2026\/04\/28\/os-cientistas-concordam-a-deficiencia-de-magnesio-esta-associada-a-maior-frequencia-de-insonia-e-ansiedade\/","title":{"rendered":"Os cientistas concordam: &#8220;A defici\u00eancia de magn\u00e9sio est\u00e1 associada a maior frequ\u00eancia de ins\u00f4nia e ansiedade\u201d"},"content":{"rendered":"\n<p>O magn\u00e9sio \u00e9 um mineral essencial para o equil\u00edbrio do sistema nervoso, atuando como regulador natural dos receptores GABA, principal neurotransmissor inibit\u00f3rio do c\u00e9rebro. Quando seus n\u00edveis est\u00e3o baixos, o organismo tende a permanecer em estado de alerta, dificultando o relaxamento, prejudicando a qualidade do sono e intensificando sintomas de ansiedade. Reconhecer essa rela\u00e7\u00e3o ajuda a entender por que sintomas como ins\u00f4nia, irritabilidade e tens\u00e3o muscular podem ter origem nutricional e merecem investiga\u00e7\u00e3o adequada.<\/p>\n\n\n\n<h2 class=\"wp-block-heading\">Como o magn\u00e9sio age no c\u00e9rebro?<\/h2>\n\n\n\n<p>O magn\u00e9sio participa de mais de 300 rea\u00e7\u00f5es no organismo e tem papel central no equil\u00edbrio entre excita\u00e7\u00e3o e inibi\u00e7\u00e3o neural. Ele potencializa a a\u00e7\u00e3o do GABA, neurotransmissor que reduz a atividade dos neur\u00f4nios e prepara o corpo para o descanso, funcionando como um freio natural do sistema nervoso.<\/p>\n\n\n\n<p>Al\u00e9m disso, o mineral regula a libera\u00e7\u00e3o de cortisol, horm\u00f4nio do estresse, e participa da s\u00edntese de melatonina, respons\u00e1vel pelo ciclo de sono. Esse conjunto de a\u00e7\u00f5es explica por que a defici\u00eancia impacta diretamente o humor e a qualidade do <a href=\"https:\/\/www.tuasaude.com\/magnesio-para-dormir\/\" target=\"_blank\" rel=\"noreferrer noopener\">magn\u00e9sio para dormir<\/a> bem.<\/p>\n\n\n\n<h2 class=\"wp-block-heading\">Quais sintomas indicam falta de magn\u00e9sio?<\/h2>\n\n\n\n<p>Os sinais de defici\u00eancia podem ser sutis e facilmente confundidos com estresse ou ansiedade comum. Conhecer essas manifesta\u00e7\u00f5es ajuda a identificar a causa correta e buscar avalia\u00e7\u00e3o m\u00e9dica antes de iniciar qualquer suplementa\u00e7\u00e3o.<\/p>\n\n\n<div class=\"wp-block-image\">\n<figure class=\"aligncenter size-large\"><img decoding=\"async\" width=\"1024\" height=\"550\" src=\"https:\/\/www.tuasaude.com\/news\/wp-content\/uploads\/2026\/04\/convertido-38-15-1024x550.jpg\" alt=\"Quais sintomas indicam falta de magn\u00e9sio?\" class=\"wp-image-29329\" srcset=\"https:\/\/www.tuasaude.com\/news\/wp-content\/uploads\/2026\/04\/convertido-38-15-1024x550.jpg 1024w, https:\/\/www.tuasaude.com\/news\/wp-content\/uploads\/2026\/04\/convertido-38-15-300x161.jpg 300w, https:\/\/www.tuasaude.com\/news\/wp-content\/uploads\/2026\/04\/convertido-38-15-768x412.jpg 768w, https:\/\/www.tuasaude.com\/news\/wp-content\/uploads\/2026\/04\/convertido-38-15-750x403.jpg 750w, https:\/\/www.tuasaude.com\/news\/wp-content\/uploads\/2026\/04\/convertido-38-15-1140x612.jpg 1140w, https:\/\/www.tuasaude.com\/news\/wp-content\/uploads\/2026\/04\/convertido-38-15.jpg 1280w\" sizes=\"(max-width: 1024px) 100vw, 1024px\" \/><figcaption class=\"wp-element-caption\">Quais sintomas indicam falta de magn\u00e9sio?<\/figcaption><\/figure>\n<\/div>\n\n\n<h2 class=\"wp-block-heading\">O que diz o estudo sobre magn\u00e9sio e sa\u00fade mental?<\/h2>\n\n\n\n<p>A literatura cient\u00edfica vem investigando a rela\u00e7\u00e3o entre o mineral e os sintomas de ansiedade e ins\u00f4nia. Segundo a revis\u00e3o sistem\u00e1tica <a href=\"https:\/\/pubmed.ncbi.nlm.nih.gov\/38817505\/\" target=\"_blank\" rel=\"noreferrer noopener\">Examining the Effects of Supplemental Magnesium on Self-Reported Anxiety and Sleep Quality<\/a>, publicada no peri\u00f3dico Cureus e indexada no PubMed, cinco dos oito estudos analisados sobre sono mostraram melhora nos par\u00e2metros avaliados, e cinco dos sete estudos sobre ansiedade relataram redu\u00e7\u00e3o nos sintomas ap\u00f3s suplementa\u00e7\u00e3o. A revis\u00e3o por pares conclui que a reposi\u00e7\u00e3o de magn\u00e9sio tende a ser \u00fatil em quadros leves de ansiedade e ins\u00f4nia, especialmente em pessoas com n\u00edveis baixos do mineral, mas refor\u00e7a que ela n\u00e3o substitui o tratamento de transtornos mais graves.<\/p>\n\n\n\n<h2 class=\"wp-block-heading\">Quem est\u00e1 mais propenso \u00e0 defici\u00eancia?<\/h2>\n\n\n\n<p>Diversos fatores podem contribuir para a queda dos n\u00edveis de magn\u00e9sio no organismo, mesmo em pessoas com alimenta\u00e7\u00e3o aparentemente equilibrada. Identificar essas causas \u00e9 essencial antes de pensar em <a href=\"https:\/\/www.tuasaude.com\/suplemento-de-magnesio\/\" target=\"_blank\" rel=\"noreferrer noopener\">suplementa\u00e7\u00e3o de magn\u00e9sio<\/a> de forma indiscriminada.<\/p>\n\n\n\n<ul class=\"wp-block-list\">\n<li>Estresse cr\u00f4nico, que aumenta a excre\u00e7\u00e3o do mineral pela urina.<\/li>\n\n\n\n<li>Uso prolongado de inibidores de bomba de pr\u00f3tons e diur\u00e9ticos.<\/li>\n\n\n\n<li>Consumo elevado de \u00e1lcool, caf\u00e9 e refrigerantes.<\/li>\n\n\n\n<li>Dietas pobres em vegetais verdes, sementes e oleaginosas.<\/li>\n\n\n\n<li>Diabetes tipo 2 e doen\u00e7as intestinais que prejudicam a absor\u00e7\u00e3o.<\/li>\n\n\n\n<li>Idade avan\u00e7ada, com redu\u00e7\u00e3o natural da absor\u00e7\u00e3o intestinal.<\/li>\n\n\n\n<li>Atividade f\u00edsica intensa sem reposi\u00e7\u00e3o adequada.<\/li>\n<\/ul>\n\n\n<div class=\"wp-block-image\">\n<figure class=\"aligncenter size-large\"><img decoding=\"async\" width=\"1024\" height=\"571\" src=\"https:\/\/www.tuasaude.com\/news\/wp-content\/uploads\/2026\/04\/freepik_illustration-nonphotoreal_2877023796-1024x571.jpg\" alt=\"Os cientistas concordam: &quot;A defici\u00eancia de magn\u00e9sio est\u00e1 associada a maior frequ\u00eancia de ins\u00f4nia e ansiedade\u201d\" class=\"wp-image-29469\" srcset=\"https:\/\/www.tuasaude.com\/news\/wp-content\/uploads\/2026\/04\/freepik_illustration-nonphotoreal_2877023796-1024x571.jpg 1024w, https:\/\/www.tuasaude.com\/news\/wp-content\/uploads\/2026\/04\/freepik_illustration-nonphotoreal_2877023796-300x167.jpg 300w, https:\/\/www.tuasaude.com\/news\/wp-content\/uploads\/2026\/04\/freepik_illustration-nonphotoreal_2877023796-768x428.jpg 768w, https:\/\/www.tuasaude.com\/news\/wp-content\/uploads\/2026\/04\/freepik_illustration-nonphotoreal_2877023796-750x418.jpg 750w, https:\/\/www.tuasaude.com\/news\/wp-content\/uploads\/2026\/04\/freepik_illustration-nonphotoreal_2877023796-1140x636.jpg 1140w, https:\/\/www.tuasaude.com\/news\/wp-content\/uploads\/2026\/04\/freepik_illustration-nonphotoreal_2877023796.jpg 1280w\" sizes=\"(max-width: 1024px) 100vw, 1024px\" \/><figcaption class=\"wp-element-caption\">O magn\u00e9sio ajuda a relaxar o c\u00e9rebro e melhora a qualidade do sono.<\/figcaption><\/figure>\n<\/div>\n\n\n<h2 class=\"wp-block-heading\">Como repor o magn\u00e9sio de forma segura?<\/h2>\n\n\n\n<p>A primeira estrat\u00e9gia \u00e9 ajustar a alimenta\u00e7\u00e3o, incluindo fontes naturais como espinafre, abacate, sementes de ab\u00f3bora, castanhas, feij\u00e3o e cacau. Esses alimentos fornecem o mineral de forma equilibrada, sem risco de excesso.<\/p>\n\n\n\n<p>Quando a dieta n\u00e3o \u00e9 suficiente, a suplementa\u00e7\u00e3o pode ser considerada, sempre sob orienta\u00e7\u00e3o profissional. O tipo de magn\u00e9sio varia conforme o objetivo, e cuidar da <a href=\"https:\/\/www.tuasaude.com\/higiene-do-sono\/\" target=\"_blank\" rel=\"noreferrer noopener\">higiene do sono<\/a> potencializa os resultados. Pessoas com problemas renais ou em uso de medicamentos cont\u00ednuos devem ter cautela redobrada antes de iniciar qualquer reposi\u00e7\u00e3o.<\/p>\n\n\n\n<p><em>Este conte\u00fado tem car\u00e1ter apenas informativo e n\u00e3o substitui a avalia\u00e7\u00e3o, o diagn\u00f3stico ou o tratamento realizado por um profissional de sa\u00fade qualificado. Em caso de sintomas persistentes de ins\u00f4nia ou ansiedade, procure orienta\u00e7\u00e3o m\u00e9dica.<\/em><\/p>\n","protected":false},"excerpt":{"rendered":"<p>O magn\u00e9sio \u00e9 um mineral essencial para o equil\u00edbrio do sistema nervoso, atuando como regulador natural dos receptores GABA, principal neurotransmissor inibit\u00f3rio do c\u00e9rebro. Quando seus n\u00edveis est\u00e3o baixos, o organismo tende a permanecer em estado de alerta, dificultando o relaxamento, prejudicando a qualidade do sono e intensificando sintomas de ansiedade. Reconhecer essa rela\u00e7\u00e3o ajuda [&hellip;]<\/p>\n","protected":false},"author":11,"featured_media":29468,"comment_status":"open","ping_status":"open","sticky":false,"template":"","format":"standard","meta":{"_yoast_wpseo_focuskw":"defici\u00eancia de magn\u00e9sio","_yoast_wpseo_title":"","_yoast_wpseo_metadesc":"A defici\u00eancia de magn\u00e9sio prejudica o sono e intensifica ansiedade ao afetar o GABA e a produ\u00e7\u00e3o de melatonina.","jnews-multi-image_gallery":[],"jnews_single_post":{"format":"standard"},"jnews_primary_category":[],"jnews_social_meta":[],"jnews_override_counter":[],"footnotes":""},"categories":[111],"tags":[140,2265,510,189],"class_list":["post-29320","post","type-post","status-publish","format-standard","has-post-thumbnail","hentry","category-saude","tag-ansiedade","tag-deficiencia-de-magnesio","tag-insonia","tag-magnesio"],"yoast_head":"<!-- This site is optimized with the Yoast SEO plugin v26.7 - https:\/\/yoast.com\/wordpress\/plugins\/seo\/ -->\n<title>Os cientistas concordam: &quot;A defici\u00eancia de magn\u00e9sio est\u00e1 associada a maior frequ\u00eancia de ins\u00f4nia e ansiedade\u201d - Tua Sa\u00fade<\/title>\n<meta name=\"description\" content=\"A defici\u00eancia de magn\u00e9sio prejudica o sono e intensifica ansiedade ao afetar o GABA e a produ\u00e7\u00e3o de melatonina.\" \/>\n<meta name=\"robots\" content=\"index, follow, max-snippet:-1, max-image-preview:large, max-video-preview:-1\" \/>\n<link rel=\"canonical\" href=\"https:\/\/www.tuasaude.com\/news\/2026\/04\/28\/os-cientistas-concordam-a-deficiencia-de-magnesio-esta-associada-a-maior-frequencia-de-insonia-e-ansiedade\/\" \/>\n<meta property=\"og:locale\" content=\"pt_BR\" \/>\n<meta property=\"og:type\" content=\"article\" \/>\n<meta property=\"og:title\" content=\"Os cientistas concordam: &quot;A defici\u00eancia de magn\u00e9sio est\u00e1 associada a maior frequ\u00eancia de ins\u00f4nia e ansiedade\u201d - Tua Sa\u00fade\" \/>\n<meta property=\"og:description\" content=\"A defici\u00eancia de magn\u00e9sio prejudica o sono e intensifica ansiedade ao afetar o GABA e a produ\u00e7\u00e3o de melatonina.\" \/>\n<meta property=\"og:url\" content=\"https:\/\/www.tuasaude.com\/news\/2026\/04\/28\/os-cientistas-concordam-a-deficiencia-de-magnesio-esta-associada-a-maior-frequencia-de-insonia-e-ansiedade\/\" \/>\n<meta property=\"og:site_name\" content=\"Tua Sa\u00fade\" \/>\n<meta property=\"article:published_time\" content=\"2026-04-29T01:20:00+00:00\" \/>\n<meta property=\"og:image\" content=\"https:\/\/www.tuasaude.com\/news\/wp-content\/uploads\/2026\/04\/freepik_illustration-nonphotoreal_2877023400.jpg\" \/>\n\t<meta property=\"og:image:width\" content=\"1280\" \/>\n\t<meta property=\"og:image:height\" content=\"714\" \/>\n\t<meta property=\"og:image:type\" content=\"image\/jpeg\" \/>\n<meta name=\"author\" content=\"Gessika Julia Carvalho\" \/>\n<meta name=\"twitter:card\" content=\"summary_large_image\" \/>\n<meta name=\"twitter:label1\" content=\"Escrito por\" \/>\n\t<meta name=\"twitter:data1\" content=\"Gessika Julia Carvalho\" \/>\n\t<meta name=\"twitter:label2\" content=\"Est. tempo de leitura\" \/>\n\t<meta name=\"twitter:data2\" content=\"4 minutos\" \/>\n<!-- \/ Yoast SEO plugin. -->","yoast_head_json":{"title":"Os cientistas concordam: \"A defici\u00eancia de magn\u00e9sio est\u00e1 associada a maior frequ\u00eancia de ins\u00f4nia e ansiedade\u201d - Tua Sa\u00fade","description":"A defici\u00eancia de magn\u00e9sio prejudica o sono e intensifica ansiedade ao afetar o GABA e a produ\u00e7\u00e3o de melatonina.","robots":{"index":"index","follow":"follow","max-snippet":"max-snippet:-1","max-image-preview":"max-image-preview:large","max-video-preview":"max-video-preview:-1"},"canonical":"https:\/\/www.tuasaude.com\/news\/2026\/04\/28\/os-cientistas-concordam-a-deficiencia-de-magnesio-esta-associada-a-maior-frequencia-de-insonia-e-ansiedade\/","og_locale":"pt_BR","og_type":"article","og_title":"Os cientistas concordam: \"A defici\u00eancia de magn\u00e9sio est\u00e1 associada a maior frequ\u00eancia de ins\u00f4nia e ansiedade\u201d - Tua Sa\u00fade","og_description":"A defici\u00eancia de magn\u00e9sio prejudica o sono e intensifica ansiedade ao afetar o GABA e a produ\u00e7\u00e3o de melatonina.","og_url":"https:\/\/www.tuasaude.com\/news\/2026\/04\/28\/os-cientistas-concordam-a-deficiencia-de-magnesio-esta-associada-a-maior-frequencia-de-insonia-e-ansiedade\/","og_site_name":"Tua Sa\u00fade","article_published_time":"2026-04-29T01:20:00+00:00","og_image":[{"width":1280,"height":714,"url":"https:\/\/www.tuasaude.com\/news\/wp-content\/uploads\/2026\/04\/freepik_illustration-nonphotoreal_2877023400.jpg","type":"image\/jpeg"}],"author":"Gessika Julia Carvalho","twitter_card":"summary_large_image","twitter_misc":{"Escrito por":"Gessika Julia Carvalho","Est. tempo de leitura":"4 minutos"},"schema":{"@context":"https:\/\/schema.org","@graph":[{"@type":"Article","@id":"https:\/\/www.tuasaude.com\/news\/2026\/04\/28\/os-cientistas-concordam-a-deficiencia-de-magnesio-esta-associada-a-maior-frequencia-de-insonia-e-ansiedade\/#article","isPartOf":{"@id":"https:\/\/www.tuasaude.com\/news\/2026\/04\/28\/os-cientistas-concordam-a-deficiencia-de-magnesio-esta-associada-a-maior-frequencia-de-insonia-e-ansiedade\/"},"author":{"name":"Gessika Julia Carvalho","@id":"https:\/\/www.tuasaude.com\/news\/#\/schema\/person\/2e9df841be69ec84f5d20ddb8d273ac2"},"headline":"Os cientistas concordam: &#8220;A defici\u00eancia de magn\u00e9sio est\u00e1 associada a maior frequ\u00eancia de ins\u00f4nia e ansiedade\u201d","datePublished":"2026-04-29T01:20:00+00:00","mainEntityOfPage":{"@id":"https:\/\/www.tuasaude.com\/news\/2026\/04\/28\/os-cientistas-concordam-a-deficiencia-de-magnesio-esta-associada-a-maior-frequencia-de-insonia-e-ansiedade\/"},"wordCount":678,"commentCount":0,"image":{"@id":"https:\/\/www.tuasaude.com\/news\/2026\/04\/28\/os-cientistas-concordam-a-deficiencia-de-magnesio-esta-associada-a-maior-frequencia-de-insonia-e-ansiedade\/#primaryimage"},"thumbnailUrl":"https:\/\/www.tuasaude.com\/news\/wp-content\/uploads\/2026\/04\/freepik_illustration-nonphotoreal_2877023400.jpg","keywords":["ansiedade","defici\u00eancia de magn\u00e9sio","ins\u00f4nia","magn\u00e9sio"],"articleSection":["Sa\u00fade"],"inLanguage":"pt-BR","potentialAction":[{"@type":"CommentAction","name":"Comment","target":["https:\/\/www.tuasaude.com\/news\/2026\/04\/28\/os-cientistas-concordam-a-deficiencia-de-magnesio-esta-associada-a-maior-frequencia-de-insonia-e-ansiedade\/#respond"]}]},{"@type":"WebPage","@id":"https:\/\/www.tuasaude.com\/news\/2026\/04\/28\/os-cientistas-concordam-a-deficiencia-de-magnesio-esta-associada-a-maior-frequencia-de-insonia-e-ansiedade\/","url":"https:\/\/www.tuasaude.com\/news\/2026\/04\/28\/os-cientistas-concordam-a-deficiencia-de-magnesio-esta-associada-a-maior-frequencia-de-insonia-e-ansiedade\/","name":"Os cientistas concordam: \"A defici\u00eancia de magn\u00e9sio est\u00e1 associada a maior frequ\u00eancia de ins\u00f4nia e ansiedade\u201d - Tua Sa\u00fade","isPartOf":{"@id":"https:\/\/www.tuasaude.com\/news\/#website"},"primaryImageOfPage":{"@id":"https:\/\/www.tuasaude.com\/news\/2026\/04\/28\/os-cientistas-concordam-a-deficiencia-de-magnesio-esta-associada-a-maior-frequencia-de-insonia-e-ansiedade\/#primaryimage"},"image":{"@id":"https:\/\/www.tuasaude.com\/news\/2026\/04\/28\/os-cientistas-concordam-a-deficiencia-de-magnesio-esta-associada-a-maior-frequencia-de-insonia-e-ansiedade\/#primaryimage"},"thumbnailUrl":"https:\/\/www.tuasaude.com\/news\/wp-content\/uploads\/2026\/04\/freepik_illustration-nonphotoreal_2877023400.jpg","datePublished":"2026-04-29T01:20:00+00:00","author":{"@id":"https:\/\/www.tuasaude.com\/news\/#\/schema\/person\/2e9df841be69ec84f5d20ddb8d273ac2"},"description":"A defici\u00eancia de magn\u00e9sio prejudica o sono e intensifica ansiedade ao afetar o GABA e a produ\u00e7\u00e3o de melatonina.","breadcrumb":{"@id":"https:\/\/www.tuasaude.com\/news\/2026\/04\/28\/os-cientistas-concordam-a-deficiencia-de-magnesio-esta-associada-a-maior-frequencia-de-insonia-e-ansiedade\/#breadcrumb"},"inLanguage":"pt-BR","potentialAction":[{"@type":"ReadAction","target":["https:\/\/www.tuasaude.com\/news\/2026\/04\/28\/os-cientistas-concordam-a-deficiencia-de-magnesio-esta-associada-a-maior-frequencia-de-insonia-e-ansiedade\/"]}]},{"@type":"ImageObject","inLanguage":"pt-BR","@id":"https:\/\/www.tuasaude.com\/news\/2026\/04\/28\/os-cientistas-concordam-a-deficiencia-de-magnesio-esta-associada-a-maior-frequencia-de-insonia-e-ansiedade\/#primaryimage","url":"https:\/\/www.tuasaude.com\/news\/wp-content\/uploads\/2026\/04\/freepik_illustration-nonphotoreal_2877023400.jpg","contentUrl":"https:\/\/www.tuasaude.com\/news\/wp-content\/uploads\/2026\/04\/freepik_illustration-nonphotoreal_2877023400.jpg","width":1280,"height":714,"caption":"A falta de magn\u00e9sio pode causar ins\u00f4nia, ansiedade e tens\u00e3o muscular."},{"@type":"BreadcrumbList","@id":"https:\/\/www.tuasaude.com\/news\/2026\/04\/28\/os-cientistas-concordam-a-deficiencia-de-magnesio-esta-associada-a-maior-frequencia-de-insonia-e-ansiedade\/#breadcrumb","itemListElement":[{"@type":"ListItem","position":1,"name":"In\u00edcio","item":"https:\/\/www.tuasaude.com\/news\/"},{"@type":"ListItem","position":2,"name":"Os cientistas concordam: &#8220;A defici\u00eancia de magn\u00e9sio est\u00e1 associada a maior frequ\u00eancia de ins\u00f4nia e ansiedade\u201d"}]},{"@type":"WebSite","@id":"https:\/\/www.tuasaude.com\/news\/#website","url":"https:\/\/www.tuasaude.com\/news\/","name":"Tua Sa\u00fade","description":"Seu site de sa\u00fade","potentialAction":[{"@type":"SearchAction","target":{"@type":"EntryPoint","urlTemplate":"https:\/\/www.tuasaude.com\/news\/?s={search_term_string}"},"query-input":{"@type":"PropertyValueSpecification","valueRequired":true,"valueName":"search_term_string"}}],"inLanguage":"pt-BR"},{"@type":"Person","@id":"https:\/\/www.tuasaude.com\/news\/#\/schema\/person\/2e9df841be69ec84f5d20ddb8d273ac2","name":"Gessika Julia Carvalho","image":{"@type":"ImageObject","inLanguage":"pt-BR","@id":"https:\/\/www.tuasaude.com\/news\/#\/schema\/person\/image\/","url":"https:\/\/secure.gravatar.com\/avatar\/0fcc8769024577fd0bc6a8b766055690f76a8e8f29dfb2a2f89cf04db8d0f2d2?s=96&d=mm&r=g","contentUrl":"https:\/\/secure.gravatar.com\/avatar\/0fcc8769024577fd0bc6a8b766055690f76a8e8f29dfb2a2f89cf04db8d0f2d2?s=96&d=mm&r=g","caption":"Gessika Julia Carvalho"},"sameAs":["https:\/\/www.tuasaude.com\/news\/"],"url":"https:\/\/www.tuasaude.com\/news\/author\/gessika-julia\/"}]}},"_links":{"self":[{"href":"https:\/\/www.tuasaude.com\/news\/wp-json\/wp\/v2\/posts\/29320","targetHints":{"allow":["GET"]}}],"collection":[{"href":"https:\/\/www.tuasaude.com\/news\/wp-json\/wp\/v2\/posts"}],"about":[{"href":"https:\/\/www.tuasaude.com\/news\/wp-json\/wp\/v2\/types\/post"}],"author":[{"embeddable":true,"href":"https:\/\/www.tuasaude.com\/news\/wp-json\/wp\/v2\/users\/11"}],"replies":[{"embeddable":true,"href":"https:\/\/www.tuasaude.com\/news\/wp-json\/wp\/v2\/comments?post=29320"}],"version-history":[{"count":2,"href":"https:\/\/www.tuasaude.com\/news\/wp-json\/wp\/v2\/posts\/29320\/revisions"}],"predecessor-version":[{"id":29487,"href":"https:\/\/www.tuasaude.com\/news\/wp-json\/wp\/v2\/posts\/29320\/revisions\/29487"}],"wp:featuredmedia":[{"embeddable":true,"href":"https:\/\/www.tuasaude.com\/news\/wp-json\/wp\/v2\/media\/29468"}],"wp:attachment":[{"href":"https:\/\/www.tuasaude.com\/news\/wp-json\/wp\/v2\/media?parent=29320"}],"wp:term":[{"taxonomy":"category","embeddable":true,"href":"https:\/\/www.tuasaude.com\/news\/wp-json\/wp\/v2\/categories?post=29320"},{"taxonomy":"post_tag","embeddable":true,"href":"https:\/\/www.tuasaude.com\/news\/wp-json\/wp\/v2\/tags?post=29320"}],"curies":[{"name":"wp","href":"https:\/\/api.w.org\/{rel}","templated":true}]}}