{"id":29269,"date":"2026-04-28T08:00:00","date_gmt":"2026-04-28T11:00:00","guid":{"rendered":"https:\/\/www.tuasaude.com\/news\/?p=29269"},"modified":"2026-04-27T21:33:09","modified_gmt":"2026-04-28T00:33:09","slug":"cientistas-confirmam-bacterias-da-boca-podem-estar-ligadas-a-inflamacao-e-ao-risco-cardiovascular","status":"publish","type":"post","link":"https:\/\/www.tuasaude.com\/news\/2026\/04\/28\/cientistas-confirmam-bacterias-da-boca-podem-estar-ligadas-a-inflamacao-e-ao-risco-cardiovascular\/","title":{"rendered":"Cientistas confirmam: bact\u00e9rias da boca podem estar ligadas \u00e0 inflama\u00e7\u00e3o e ao risco cardiovascular"},"content":{"rendered":"\n<p>A sa\u00fade da boca vai muito al\u00e9m dos dentes. Um n\u00famero crescente de estudos mostra que o desequil\u00edbrio das bact\u00e9rias orais, especialmente em quadros como gengivite e periodontite, pode aumentar a <strong>inflama\u00e7\u00e3o no organismo<\/strong> e se associar a um maior risco cardiovascular. Isso n\u00e3o quer dizer que toda pessoa com problema na gengiva v\u00e1 desenvolver doen\u00e7a no cora\u00e7\u00e3o, mas refor\u00e7a que cuidar da boca tamb\u00e9m faz parte da prote\u00e7\u00e3o cardiovascular.<\/p>\n\n\n\n<h2 class=\"wp-block-heading\">Como as bact\u00e9rias da boca podem afetar o cora\u00e7\u00e3o<\/h2>\n\n\n\n<p>Quando h\u00e1 inflama\u00e7\u00e3o na gengiva, a barreira natural da boca fica mais vulner\u00e1vel. Com isso, bact\u00e9rias e subst\u00e2ncias inflamat\u00f3rias podem alcan\u00e7ar a corrente sangu\u00ednea e estimular respostas do sistema imune em outras partes do corpo.<\/p>\n\n\n\n<p>Esse processo pode favorecer altera\u00e7\u00f5es no revestimento dos vasos, piorar a inflama\u00e7\u00e3o sist\u00eamica e contribuir para mecanismos ligados \u00e0 forma\u00e7\u00e3o de placas nas art\u00e9rias. Em pessoas mais suscet\u00edveis, a sa\u00fade bucal ruim tamb\u00e9m pode aumentar o risco de complica\u00e7\u00f5es infecciosas mais s\u00e9rias.<\/p>\n\n\n\n<h2 class=\"wp-block-heading\">Sinais na boca que merecem aten\u00e7\u00e3o<\/h2>\n\n\n\n<p>Muitas vezes, os sinais aparecem cedo, mas s\u00e3o ignorados por parecerem simples. Observar a gengiva no dia a dia pode ajudar a procurar avalia\u00e7\u00e3o antes que a inflama\u00e7\u00e3o avance.<\/p>\n\n\n\n<ul class=\"wp-block-list\">\n<li><strong>Sangramento<\/strong> ao escovar os dentes ou passar fio dental<\/li>\n\n\n\n<li><strong>Gengiva inchada<\/strong>, vermelha ou dolorida<\/li>\n\n\n\n<li><strong>Mau h\u00e1lito persistente<\/strong><\/li>\n\n\n\n<li><strong>Ac\u00famulo de placa e t\u00e1rtaro<\/strong><\/li>\n\n\n\n<li><strong>Dentes amolecendo<\/strong> ou retra\u00e7\u00e3o da gengiva<\/li>\n<\/ul>\n\n\n<div class=\"wp-block-image\">\n<figure class=\"aligncenter size-large\"><img decoding=\"async\" width=\"1024\" height=\"576\" src=\"https:\/\/www.tuasaude.com\/news\/wp-content\/uploads\/2026\/04\/ChatGPT-Image-27-de-abr.-de-2026-15_22_39-1024x576.jpg\" alt=\"M\u00e3os preparando escova e fio dental para reduzir placa bacteriana.\" class=\"wp-image-29272\" srcset=\"https:\/\/www.tuasaude.com\/news\/wp-content\/uploads\/2026\/04\/ChatGPT-Image-27-de-abr.-de-2026-15_22_39-1024x576.jpg 1024w, https:\/\/www.tuasaude.com\/news\/wp-content\/uploads\/2026\/04\/ChatGPT-Image-27-de-abr.-de-2026-15_22_39-300x169.jpg 300w, https:\/\/www.tuasaude.com\/news\/wp-content\/uploads\/2026\/04\/ChatGPT-Image-27-de-abr.-de-2026-15_22_39-768x432.jpg 768w, https:\/\/www.tuasaude.com\/news\/wp-content\/uploads\/2026\/04\/ChatGPT-Image-27-de-abr.-de-2026-15_22_39-750x422.jpg 750w, https:\/\/www.tuasaude.com\/news\/wp-content\/uploads\/2026\/04\/ChatGPT-Image-27-de-abr.-de-2026-15_22_39-1140x641.jpg 1140w, https:\/\/www.tuasaude.com\/news\/wp-content\/uploads\/2026\/04\/ChatGPT-Image-27-de-abr.-de-2026-15_22_39.jpg 1280w\" sizes=\"(max-width: 1024px) 100vw, 1024px\" \/><figcaption class=\"wp-element-caption\">M\u00e3os preparando escova e fio dental para reduzir placa bacteriana.<\/figcaption><\/figure>\n<\/div>\n\n\n<h2 class=\"wp-block-heading\">O estudo que refor\u00e7a essa liga\u00e7\u00e3o<\/h2>\n\n\n\n<p>Segundo a revis\u00e3o <a href=\"https:\/\/pubmed.ncbi.nlm.nih.gov\/41294894\/\" target=\"_blank\" rel=\"noreferrer noopener\"><em>The Systemic Link Between Oral Health and Cardiovascular Disease: Contemporary Evidence, Mechanisms, and Risk Factor Implications<\/em><\/a>, publicada na revista <strong>Diseases<\/strong>, as evid\u00eancias atuais apoiam uma associa\u00e7\u00e3o consistente entre sa\u00fade bucal inadequada, desequil\u00edbrio da microbiota oral, inflama\u00e7\u00e3o sist\u00eamica e maior risco de doen\u00e7as cardiovasculares. O trabalho re\u00fane estudos sobre mecanismos como <strong>disfun\u00e7\u00e3o endotelial<\/strong>, ativa\u00e7\u00e3o inflamat\u00f3ria e participa\u00e7\u00e3o bacteriana em processos ligados \u00e0 aterosclerose.<\/p>\n\n\n\n<p>Isso \u00e9 importante porque a revis\u00e3o n\u00e3o trata a boca como um problema isolado. Ela mostra que a inflama\u00e7\u00e3o gengival pode fazer parte de um cen\u00e1rio mais amplo de risco metab\u00f3lico e cardiovascular, o que ajuda a explicar por que dentistas e m\u00e9dicos t\u00eam dado mais aten\u00e7\u00e3o a essa conex\u00e3o.<\/p>\n\n\n\n<h2 class=\"wp-block-heading\">O que fazer para reduzir a inflama\u00e7\u00e3o bucal<\/h2>\n\n\n\n<p>A boa not\u00edcia \u00e9 que medidas simples j\u00e1 ajudam bastante a reduzir a carga de bact\u00e9rias e a inflama\u00e7\u00e3o local. Na pr\u00e1tica, const\u00e2ncia vale mais do que exagero.<\/p>\n\n\n\n<ul class=\"wp-block-list\">\n<li><strong>Escovar os dentes<\/strong> com t\u00e9cnica adequada, pelo menos 2 vezes ao dia<\/li>\n\n\n\n<li><strong>Usar fio dental<\/strong> diariamente para limpar entre os dentes<\/li>\n\n\n\n<li><strong>Fazer limpeza profissional<\/strong> quando houver placa endurecida ou t\u00e1rtaro<\/li>\n\n\n\n<li><strong>Tratar gengivite e periodontite<\/strong> sem adiar<\/li>\n\n\n\n<li><strong>Controlar fatores gerais<\/strong>, como tabagismo, diabetes e alimenta\u00e7\u00e3o ruim<\/li>\n<\/ul>\n\n\n<div class=\"wp-block-image\">\n<figure class=\"aligncenter size-large\"><img decoding=\"async\" width=\"1024\" height=\"422\" src=\"https:\/\/www.tuasaude.com\/news\/wp-content\/uploads\/2026\/04\/convertido-385-1024x422.jpg\" alt=\"Bact\u00e9rias da Boca e Cora\u00e7\u00e3o: Sinais de Inflama\u00e7\u00e3o que Merecem Aten\u00e7\u00e3o\" class=\"wp-image-29271\" srcset=\"https:\/\/www.tuasaude.com\/news\/wp-content\/uploads\/2026\/04\/convertido-385-1024x422.jpg 1024w, https:\/\/www.tuasaude.com\/news\/wp-content\/uploads\/2026\/04\/convertido-385-300x124.jpg 300w, https:\/\/www.tuasaude.com\/news\/wp-content\/uploads\/2026\/04\/convertido-385-768x316.jpg 768w, https:\/\/www.tuasaude.com\/news\/wp-content\/uploads\/2026\/04\/convertido-385-750x309.jpg 750w, https:\/\/www.tuasaude.com\/news\/wp-content\/uploads\/2026\/04\/convertido-385-1140x469.jpg 1140w, https:\/\/www.tuasaude.com\/news\/wp-content\/uploads\/2026\/04\/convertido-385.jpg 1280w\" sizes=\"(max-width: 1024px) 100vw, 1024px\" \/><figcaption class=\"wp-element-caption\">Bact\u00e9rias da Boca e Cora\u00e7\u00e3o: Sinais de Inflama\u00e7\u00e3o que Merecem Aten\u00e7\u00e3o<\/figcaption><\/figure>\n<\/div>\n\n\n<h2 class=\"wp-block-heading\">Por que esse cuidado merece espa\u00e7o na rotina<\/h2>\n\n\n\n<p>Mesmo que a ci\u00eancia ainda continue estudando a intensidade dessa rela\u00e7\u00e3o, a dire\u00e7\u00e3o do achado \u00e9 clara: <strong>uma boca inflamada n\u00e3o afeta s\u00f3 a boca<\/strong>. Cuidar da gengiva pode ajudar a reduzir a inflama\u00e7\u00e3o do corpo e compor uma rotina mais favor\u00e1vel para o cora\u00e7\u00e3o.<\/p>\n\n\n\n<p>Para entender melhor os sinais e o tratamento, vale ler tamb\u00e9m o conte\u00fado do Tua Sa\u00fade sobre <a href=\"https:\/\/www.tuasaude.com\/gengivite\/\" target=\"_blank\" rel=\"noreferrer noopener\">gengivite<\/a>. Este conte\u00fado \u00e9 apenas informativo e n\u00e3o substitui a avalia\u00e7\u00e3o de um m\u00e9dico. Em caso de sangramento frequente, dor, mau h\u00e1lito persistente ou fatores de risco cardiovasculares, procure orienta\u00e7\u00e3o m\u00e9dica e odontol\u00f3gica profissional.<\/p>\n","protected":false},"excerpt":{"rendered":"<p>A sa\u00fade da boca vai muito al\u00e9m dos dentes. Um n\u00famero crescente de estudos mostra que o desequil\u00edbrio das bact\u00e9rias orais, especialmente em quadros como gengivite e periodontite, pode aumentar a inflama\u00e7\u00e3o no organismo e se associar a um maior risco cardiovascular. Isso n\u00e3o quer dizer que toda pessoa com problema na gengiva v\u00e1 desenvolver [&hellip;]<\/p>\n","protected":false},"author":12,"featured_media":29622,"comment_status":"open","ping_status":"open","sticky":false,"template":"","format":"standard","meta":{"_yoast_wpseo_focuskw":"bact\u00e9rias da boca","_yoast_wpseo_title":"","_yoast_wpseo_metadesc":"Bact\u00e9rias da boca podem se ligar \u00e0 inflama\u00e7\u00e3o e ao risco cardiovascular; veja sinais na gengiva e cuidados para proteger a sa\u00fade bucal.","jnews-multi-image_gallery":[],"jnews_single_post":{"format":"standard"},"jnews_primary_category":[],"jnews_social_meta":[],"jnews_override_counter":[],"footnotes":""},"categories":[111],"tags":[268,1070,1511],"class_list":["post-29269","post","type-post","status-publish","format-standard","has-post-thumbnail","hentry","category-saude","tag-gengivite","tag-periodontite","tag-risco-cardiovascular"],"yoast_head":"<!-- This site is optimized with the Yoast SEO plugin v26.7 - https:\/\/yoast.com\/wordpress\/plugins\/seo\/ -->\n<title>Cientistas confirmam: bact\u00e9rias da boca podem estar ligadas \u00e0 inflama\u00e7\u00e3o e ao risco cardiovascular - Tua Sa\u00fade<\/title>\n<meta name=\"description\" content=\"Bact\u00e9rias da boca podem se ligar \u00e0 inflama\u00e7\u00e3o e ao risco cardiovascular; veja sinais na gengiva e cuidados para proteger a sa\u00fade bucal.\" \/>\n<meta name=\"robots\" content=\"index, follow, max-snippet:-1, max-image-preview:large, max-video-preview:-1\" \/>\n<link rel=\"canonical\" href=\"https:\/\/www.tuasaude.com\/news\/2026\/04\/28\/cientistas-confirmam-bacterias-da-boca-podem-estar-ligadas-a-inflamacao-e-ao-risco-cardiovascular\/\" \/>\n<meta property=\"og:locale\" content=\"pt_BR\" \/>\n<meta property=\"og:type\" content=\"article\" \/>\n<meta property=\"og:title\" content=\"Cientistas confirmam: bact\u00e9rias da boca podem estar ligadas \u00e0 inflama\u00e7\u00e3o e ao risco cardiovascular - Tua Sa\u00fade\" \/>\n<meta property=\"og:description\" content=\"Bact\u00e9rias da boca podem se ligar \u00e0 inflama\u00e7\u00e3o e ao risco cardiovascular; veja sinais na gengiva e cuidados para proteger a sa\u00fade bucal.\" \/>\n<meta property=\"og:url\" content=\"https:\/\/www.tuasaude.com\/news\/2026\/04\/28\/cientistas-confirmam-bacterias-da-boca-podem-estar-ligadas-a-inflamacao-e-ao-risco-cardiovascular\/\" \/>\n<meta property=\"og:site_name\" content=\"Tua Sa\u00fade\" \/>\n<meta property=\"article:published_time\" content=\"2026-04-28T11:00:00+00:00\" \/>\n<meta property=\"og:image\" content=\"https:\/\/www.tuasaude.com\/news\/wp-content\/uploads\/2026\/04\/freepik_illustration-nonphotoreal_2877641058.jpg\" \/>\n\t<meta property=\"og:image:width\" content=\"1280\" \/>\n\t<meta property=\"og:image:height\" content=\"714\" \/>\n\t<meta property=\"og:image:type\" content=\"image\/jpeg\" \/>\n<meta name=\"author\" content=\"Jeferson Henrique\" \/>\n<meta name=\"twitter:card\" content=\"summary_large_image\" \/>\n<meta name=\"twitter:label1\" content=\"Escrito por\" \/>\n\t<meta name=\"twitter:data1\" content=\"Jeferson Henrique\" \/>\n\t<meta name=\"twitter:label2\" content=\"Est. tempo de leitura\" \/>\n\t<meta name=\"twitter:data2\" content=\"4 minutos\" \/>\n<!-- \/ Yoast SEO plugin. -->","yoast_head_json":{"title":"Cientistas confirmam: bact\u00e9rias da boca podem estar ligadas \u00e0 inflama\u00e7\u00e3o e ao risco cardiovascular - Tua Sa\u00fade","description":"Bact\u00e9rias da boca podem se ligar \u00e0 inflama\u00e7\u00e3o e ao risco cardiovascular; veja sinais na gengiva e cuidados para proteger a sa\u00fade bucal.","robots":{"index":"index","follow":"follow","max-snippet":"max-snippet:-1","max-image-preview":"max-image-preview:large","max-video-preview":"max-video-preview:-1"},"canonical":"https:\/\/www.tuasaude.com\/news\/2026\/04\/28\/cientistas-confirmam-bacterias-da-boca-podem-estar-ligadas-a-inflamacao-e-ao-risco-cardiovascular\/","og_locale":"pt_BR","og_type":"article","og_title":"Cientistas confirmam: bact\u00e9rias da boca podem estar ligadas \u00e0 inflama\u00e7\u00e3o e ao risco cardiovascular - Tua Sa\u00fade","og_description":"Bact\u00e9rias da boca podem se ligar \u00e0 inflama\u00e7\u00e3o e ao risco cardiovascular; veja sinais na gengiva e cuidados para proteger a sa\u00fade bucal.","og_url":"https:\/\/www.tuasaude.com\/news\/2026\/04\/28\/cientistas-confirmam-bacterias-da-boca-podem-estar-ligadas-a-inflamacao-e-ao-risco-cardiovascular\/","og_site_name":"Tua Sa\u00fade","article_published_time":"2026-04-28T11:00:00+00:00","og_image":[{"width":1280,"height":714,"url":"https:\/\/www.tuasaude.com\/news\/wp-content\/uploads\/2026\/04\/freepik_illustration-nonphotoreal_2877641058.jpg","type":"image\/jpeg"}],"author":"Jeferson Henrique","twitter_card":"summary_large_image","twitter_misc":{"Escrito por":"Jeferson Henrique","Est. tempo de leitura":"4 minutos"},"schema":{"@context":"https:\/\/schema.org","@graph":[{"@type":"Article","@id":"https:\/\/www.tuasaude.com\/news\/2026\/04\/28\/cientistas-confirmam-bacterias-da-boca-podem-estar-ligadas-a-inflamacao-e-ao-risco-cardiovascular\/#article","isPartOf":{"@id":"https:\/\/www.tuasaude.com\/news\/2026\/04\/28\/cientistas-confirmam-bacterias-da-boca-podem-estar-ligadas-a-inflamacao-e-ao-risco-cardiovascular\/"},"author":{"name":"Jeferson Henrique","@id":"https:\/\/www.tuasaude.com\/news\/#\/schema\/person\/963d63d4e1f0c81f5f3a70ba4bcb0ef7"},"headline":"Cientistas confirmam: bact\u00e9rias da boca podem estar ligadas \u00e0 inflama\u00e7\u00e3o e ao risco cardiovascular","datePublished":"2026-04-28T11:00:00+00:00","mainEntityOfPage":{"@id":"https:\/\/www.tuasaude.com\/news\/2026\/04\/28\/cientistas-confirmam-bacterias-da-boca-podem-estar-ligadas-a-inflamacao-e-ao-risco-cardiovascular\/"},"wordCount":650,"commentCount":0,"image":{"@id":"https:\/\/www.tuasaude.com\/news\/2026\/04\/28\/cientistas-confirmam-bacterias-da-boca-podem-estar-ligadas-a-inflamacao-e-ao-risco-cardiovascular\/#primaryimage"},"thumbnailUrl":"https:\/\/www.tuasaude.com\/news\/wp-content\/uploads\/2026\/04\/freepik_illustration-nonphotoreal_2877641058.jpg","keywords":["Gengivite","periodontite","risco cardiovascular"],"articleSection":["Sa\u00fade"],"inLanguage":"pt-BR","potentialAction":[{"@type":"CommentAction","name":"Comment","target":["https:\/\/www.tuasaude.com\/news\/2026\/04\/28\/cientistas-confirmam-bacterias-da-boca-podem-estar-ligadas-a-inflamacao-e-ao-risco-cardiovascular\/#respond"]}]},{"@type":"WebPage","@id":"https:\/\/www.tuasaude.com\/news\/2026\/04\/28\/cientistas-confirmam-bacterias-da-boca-podem-estar-ligadas-a-inflamacao-e-ao-risco-cardiovascular\/","url":"https:\/\/www.tuasaude.com\/news\/2026\/04\/28\/cientistas-confirmam-bacterias-da-boca-podem-estar-ligadas-a-inflamacao-e-ao-risco-cardiovascular\/","name":"Cientistas confirmam: bact\u00e9rias da boca podem estar ligadas \u00e0 inflama\u00e7\u00e3o e ao risco cardiovascular - Tua Sa\u00fade","isPartOf":{"@id":"https:\/\/www.tuasaude.com\/news\/#website"},"primaryImageOfPage":{"@id":"https:\/\/www.tuasaude.com\/news\/2026\/04\/28\/cientistas-confirmam-bacterias-da-boca-podem-estar-ligadas-a-inflamacao-e-ao-risco-cardiovascular\/#primaryimage"},"image":{"@id":"https:\/\/www.tuasaude.com\/news\/2026\/04\/28\/cientistas-confirmam-bacterias-da-boca-podem-estar-ligadas-a-inflamacao-e-ao-risco-cardiovascular\/#primaryimage"},"thumbnailUrl":"https:\/\/www.tuasaude.com\/news\/wp-content\/uploads\/2026\/04\/freepik_illustration-nonphotoreal_2877641058.jpg","datePublished":"2026-04-28T11:00:00+00:00","author":{"@id":"https:\/\/www.tuasaude.com\/news\/#\/schema\/person\/963d63d4e1f0c81f5f3a70ba4bcb0ef7"},"description":"Bact\u00e9rias da boca podem se ligar \u00e0 inflama\u00e7\u00e3o e ao risco cardiovascular; veja sinais na gengiva e cuidados para proteger a sa\u00fade bucal.","breadcrumb":{"@id":"https:\/\/www.tuasaude.com\/news\/2026\/04\/28\/cientistas-confirmam-bacterias-da-boca-podem-estar-ligadas-a-inflamacao-e-ao-risco-cardiovascular\/#breadcrumb"},"inLanguage":"pt-BR","potentialAction":[{"@type":"ReadAction","target":["https:\/\/www.tuasaude.com\/news\/2026\/04\/28\/cientistas-confirmam-bacterias-da-boca-podem-estar-ligadas-a-inflamacao-e-ao-risco-cardiovascular\/"]}]},{"@type":"ImageObject","inLanguage":"pt-BR","@id":"https:\/\/www.tuasaude.com\/news\/2026\/04\/28\/cientistas-confirmam-bacterias-da-boca-podem-estar-ligadas-a-inflamacao-e-ao-risco-cardiovascular\/#primaryimage","url":"https:\/\/www.tuasaude.com\/news\/wp-content\/uploads\/2026\/04\/freepik_illustration-nonphotoreal_2877641058.jpg","contentUrl":"https:\/\/www.tuasaude.com\/news\/wp-content\/uploads\/2026\/04\/freepik_illustration-nonphotoreal_2877641058.jpg","width":1280,"height":714,"caption":"Gengiva inflamada pode impactar mais do que a sa\u00fade da boca."},{"@type":"BreadcrumbList","@id":"https:\/\/www.tuasaude.com\/news\/2026\/04\/28\/cientistas-confirmam-bacterias-da-boca-podem-estar-ligadas-a-inflamacao-e-ao-risco-cardiovascular\/#breadcrumb","itemListElement":[{"@type":"ListItem","position":1,"name":"In\u00edcio","item":"https:\/\/www.tuasaude.com\/news\/"},{"@type":"ListItem","position":2,"name":"Cientistas confirmam: bact\u00e9rias da boca podem estar ligadas \u00e0 inflama\u00e7\u00e3o e ao risco cardiovascular"}]},{"@type":"WebSite","@id":"https:\/\/www.tuasaude.com\/news\/#website","url":"https:\/\/www.tuasaude.com\/news\/","name":"Tua Sa\u00fade","description":"Seu site de sa\u00fade","potentialAction":[{"@type":"SearchAction","target":{"@type":"EntryPoint","urlTemplate":"https:\/\/www.tuasaude.com\/news\/?s={search_term_string}"},"query-input":{"@type":"PropertyValueSpecification","valueRequired":true,"valueName":"search_term_string"}}],"inLanguage":"pt-BR"},{"@type":"Person","@id":"https:\/\/www.tuasaude.com\/news\/#\/schema\/person\/963d63d4e1f0c81f5f3a70ba4bcb0ef7","name":"Jeferson Henrique","image":{"@type":"ImageObject","inLanguage":"pt-BR","@id":"https:\/\/www.tuasaude.com\/news\/#\/schema\/person\/image\/","url":"https:\/\/secure.gravatar.com\/avatar\/1a476a54a48eb3cdea5dd2f016708263892c6b9f5e54b641df7c65e980fd6f69?s=96&d=mm&r=g","contentUrl":"https:\/\/secure.gravatar.com\/avatar\/1a476a54a48eb3cdea5dd2f016708263892c6b9f5e54b641df7c65e980fd6f69?s=96&d=mm&r=g","caption":"Jeferson Henrique"},"sameAs":["https:\/\/www.tuasaude.com\/news\/"],"url":"https:\/\/www.tuasaude.com\/news\/author\/jeferson-henrique\/"}]}},"_links":{"self":[{"href":"https:\/\/www.tuasaude.com\/news\/wp-json\/wp\/v2\/posts\/29269","targetHints":{"allow":["GET"]}}],"collection":[{"href":"https:\/\/www.tuasaude.com\/news\/wp-json\/wp\/v2\/posts"}],"about":[{"href":"https:\/\/www.tuasaude.com\/news\/wp-json\/wp\/v2\/types\/post"}],"author":[{"embeddable":true,"href":"https:\/\/www.tuasaude.com\/news\/wp-json\/wp\/v2\/users\/12"}],"replies":[{"embeddable":true,"href":"https:\/\/www.tuasaude.com\/news\/wp-json\/wp\/v2\/comments?post=29269"}],"version-history":[{"count":2,"href":"https:\/\/www.tuasaude.com\/news\/wp-json\/wp\/v2\/posts\/29269\/revisions"}],"predecessor-version":[{"id":29274,"href":"https:\/\/www.tuasaude.com\/news\/wp-json\/wp\/v2\/posts\/29269\/revisions\/29274"}],"wp:featuredmedia":[{"embeddable":true,"href":"https:\/\/www.tuasaude.com\/news\/wp-json\/wp\/v2\/media\/29622"}],"wp:attachment":[{"href":"https:\/\/www.tuasaude.com\/news\/wp-json\/wp\/v2\/media?parent=29269"}],"wp:term":[{"taxonomy":"category","embeddable":true,"href":"https:\/\/www.tuasaude.com\/news\/wp-json\/wp\/v2\/categories?post=29269"},{"taxonomy":"post_tag","embeddable":true,"href":"https:\/\/www.tuasaude.com\/news\/wp-json\/wp\/v2\/tags?post=29269"}],"curies":[{"name":"wp","href":"https:\/\/api.w.org\/{rel}","templated":true}]}}