{"id":29254,"date":"2026-04-28T19:30:00","date_gmt":"2026-04-28T22:30:00","guid":{"rendered":"https:\/\/www.tuasaude.com\/news\/?p=29254"},"modified":"2026-04-27T19:57:23","modified_gmt":"2026-04-27T22:57:23","slug":"anemia-megaloblastica-o-que-e-e-como-trata-la-para-nao-confundi-la-com-anemia-ferropriva-comum","status":"publish","type":"post","link":"https:\/\/www.tuasaude.com\/news\/2026\/04\/28\/anemia-megaloblastica-o-que-e-e-como-trata-la-para-nao-confundi-la-com-anemia-ferropriva-comum\/","title":{"rendered":"Anemia megalobl\u00e1stica: o que \u00e9 e como trat\u00e1-la para n\u00e3o confundi-la com anemia ferropriva comum"},"content":{"rendered":"\n<p>A anemia megalobl\u00e1stica \u00e9 causada pela defici\u00eancia de vitamina B12 ou de \u00e1cido f\u00f3lico, nutrientes essenciais para a produ\u00e7\u00e3o adequada de gl\u00f3bulos vermelhos. Diferente da anemia ferropriva, ela n\u00e3o melhora com suplementa\u00e7\u00e3o de ferro e exige reposi\u00e7\u00e3o vitam\u00ednica espec\u00edfica. Confundir os dois tipos pode atrasar a recupera\u00e7\u00e3o, agravar sintomas neurol\u00f3gicos e mascarar problemas absortivos importantes que precisam de avalia\u00e7\u00e3o m\u00e9dica adequada.<\/p>\n\n\n\n<h2 class=\"wp-block-heading\">O que \u00e9 a anemia megalobl\u00e1stica?<\/h2>\n\n\n\n<p>A anemia megalobl\u00e1stica \u00e9 um tipo de anemia em que a medula \u00f3ssea produz gl\u00f3bulos vermelhos maiores que o normal, chamados megaloblastos, e em quantidade insuficiente. Esse processo acontece porque a falta de vitamina B12 ou de \u00e1cido f\u00f3lico compromete a s\u00edntese de DNA nas c\u00e9lulas sangu\u00edneas.<\/p>\n\n\n\n<p>Como resultado, surgem sintomas como cansa\u00e7o extremo, palidez, fraqueza, queda de cabelo e feridas na boca. Em casos mais avan\u00e7ados, podem aparecer formigamento nas m\u00e3os e p\u00e9s, perda de equil\u00edbrio e altera\u00e7\u00f5es de mem\u00f3ria.<\/p>\n\n\n\n<h2 class=\"wp-block-heading\">Quais s\u00e3o as principais causas dessa condi\u00e7\u00e3o?<\/h2>\n\n\n\n<p>A defici\u00eancia das vitaminas envolvidas pode surgir por diferentes motivos, e identificar a origem \u00e9 fundamental para o tratamento correto. Antes de iniciar a suplementa\u00e7\u00e3o, o m\u00e9dico investiga fatores alimentares, absortivos e medicamentosos que possam estar contribuindo para o quadro de <a href=\"https:\/\/www.tuasaude.com\/anemia-megaloblastica\/\" target=\"_blank\" rel=\"noreferrer noopener\">anemia megalobl\u00e1stica<\/a>.<\/p>\n\n\n<div class=\"wp-block-image\">\n<figure class=\"aligncenter size-large\"><img decoding=\"async\" width=\"1024\" height=\"402\" src=\"https:\/\/www.tuasaude.com\/news\/wp-content\/uploads\/2026\/04\/convertido-34-14-1024x402.jpg\" alt=\"Quais s\u00e3o as principais causas dessa condi\u00e7\u00e3o?\" class=\"wp-image-29255\" srcset=\"https:\/\/www.tuasaude.com\/news\/wp-content\/uploads\/2026\/04\/convertido-34-14-1024x402.jpg 1024w, https:\/\/www.tuasaude.com\/news\/wp-content\/uploads\/2026\/04\/convertido-34-14-300x118.jpg 300w, https:\/\/www.tuasaude.com\/news\/wp-content\/uploads\/2026\/04\/convertido-34-14-768x301.jpg 768w, https:\/\/www.tuasaude.com\/news\/wp-content\/uploads\/2026\/04\/convertido-34-14-750x294.jpg 750w, https:\/\/www.tuasaude.com\/news\/wp-content\/uploads\/2026\/04\/convertido-34-14-1140x447.jpg 1140w, https:\/\/www.tuasaude.com\/news\/wp-content\/uploads\/2026\/04\/convertido-34-14.jpg 1280w\" sizes=\"(max-width: 1024px) 100vw, 1024px\" \/><figcaption class=\"wp-element-caption\">Quais s\u00e3o as principais causas dessa condi\u00e7\u00e3o?<\/figcaption><\/figure>\n<\/div>\n\n\n<h2 class=\"wp-block-heading\">Como diferenci\u00e1-la da anemia ferropriva?<\/h2>\n\n\n\n<p>Embora ambas causem cansa\u00e7o e palidez, as duas condi\u00e7\u00f5es t\u00eam origens, exames e tratamentos distintos. A <a href=\"https:\/\/www.tuasaude.com\/anemia-ferropriva\/\" target=\"_blank\" rel=\"noreferrer noopener\">anemia ferropriva<\/a> resulta da falta de ferro e produz gl\u00f3bulos vermelhos menores que o normal, enquanto a megalobl\u00e1stica produz c\u00e9lulas maiores.<\/p>\n\n\n\n<p>No hemograma, o volume corpuscular m\u00e9dio \u00e9 a principal pista: baixo na ferropriva e alto na megalobl\u00e1stica. Sintomas neurol\u00f3gicos, como formigamento e perda de sensibilidade, praticamente s\u00f3 aparecem na defici\u00eancia de B12, ajudando a orientar o diagn\u00f3stico correto.<\/p>\n\n\n<div class=\"wp-block-image\">\n<figure class=\"aligncenter size-large\"><img decoding=\"async\" width=\"1024\" height=\"571\" src=\"https:\/\/www.tuasaude.com\/news\/wp-content\/uploads\/2026\/04\/freepik_illustration-nonphotoreal_2877040225-1024x571.jpg\" alt=\"Anemia megalobl\u00e1stica: o que \u00e9 e como trat\u00e1-la para n\u00e3o confundi-la com anemia ferropriva comum\" class=\"wp-image-29447\" srcset=\"https:\/\/www.tuasaude.com\/news\/wp-content\/uploads\/2026\/04\/freepik_illustration-nonphotoreal_2877040225-1024x571.jpg 1024w, https:\/\/www.tuasaude.com\/news\/wp-content\/uploads\/2026\/04\/freepik_illustration-nonphotoreal_2877040225-300x167.jpg 300w, https:\/\/www.tuasaude.com\/news\/wp-content\/uploads\/2026\/04\/freepik_illustration-nonphotoreal_2877040225-768x428.jpg 768w, https:\/\/www.tuasaude.com\/news\/wp-content\/uploads\/2026\/04\/freepik_illustration-nonphotoreal_2877040225-750x418.jpg 750w, https:\/\/www.tuasaude.com\/news\/wp-content\/uploads\/2026\/04\/freepik_illustration-nonphotoreal_2877040225-1140x636.jpg 1140w, https:\/\/www.tuasaude.com\/news\/wp-content\/uploads\/2026\/04\/freepik_illustration-nonphotoreal_2877040225.jpg 1280w\" sizes=\"(max-width: 1024px) 100vw, 1024px\" \/><figcaption class=\"wp-element-caption\">Diferente da anemia por falta de ferro, ela exige reposi\u00e7\u00e3o vitam\u00ednica espec\u00edfica.<\/figcaption><\/figure>\n<\/div>\n\n\n<h2 class=\"wp-block-heading\">O que diz o estudo sobre o tratamento adequado?<\/h2>\n\n\n\n<p>A literatura cient\u00edfica refor\u00e7a que a identifica\u00e7\u00e3o precisa da causa \u00e9 determinante para o sucesso terap\u00eautico. Segundo a revis\u00e3o por pares <a href=\"https:\/\/pubmed.ncbi.nlm.nih.gov\/32127439\/\" target=\"_blank\" rel=\"noreferrer noopener\">Severe megaloblastic anemia: Vitamin deficiency and other causes<\/a>, publicada na revista Medical Clinics of North America e indexada no PubMed, a anemia megalobl\u00e1stica resulta da produ\u00e7\u00e3o ineficaz de gl\u00f3bulos vermelhos, sendo causada principalmente pela defici\u00eancia de folato ou cobalamina. A revis\u00e3o destaca que o tratamento deve focar na causa subjacente, com reposi\u00e7\u00e3o vitam\u00ednica espec\u00edfica ou suspens\u00e3o de medicamentos suspeitos, j\u00e1 que o uso isolado de ferro n\u00e3o corrige o problema e pode atrasar a recupera\u00e7\u00e3o.<\/p>\n\n\n\n<h2 class=\"wp-block-heading\">Como \u00e9 feito o tratamento correto?<\/h2>\n\n\n\n<p>O tratamento da anemia megalobl\u00e1stica varia conforme a vitamina deficiente e a causa identificada. Em casos de defici\u00eancia de B12, podem ser indicadas inje\u00e7\u00f5es intramusculares ou comprimidos orais em altas doses, especialmente quando h\u00e1 comprometimento absortivo.<\/p>\n\n\n\n<p>J\u00e1 na falta de \u00e1cido f\u00f3lico, a reposi\u00e7\u00e3o costuma ser feita com suplementos orais, associada a uma <a href=\"https:\/\/www.tuasaude.com\/tratamento-para-anemia\/\" target=\"_blank\" rel=\"noreferrer noopener\">dieta para anemia<\/a> rica em folato e B12. O acompanhamento m\u00e9dico com hemograma e dosagens peri\u00f3dicas \u00e9 essencial para monitorar a resposta e evitar recidivas.<\/p>\n\n\n\n<p><em>Este conte\u00fado tem car\u00e1ter apenas informativo e n\u00e3o substitui a avalia\u00e7\u00e3o, o diagn\u00f3stico ou o tratamento realizado por um profissional de sa\u00fade qualificado. Em caso de sintomas persistentes ou suspeita de anemia, procure orienta\u00e7\u00e3o m\u00e9dica.<\/em><\/p>\n","protected":false},"excerpt":{"rendered":"<p>A anemia megalobl\u00e1stica \u00e9 causada pela defici\u00eancia de vitamina B12 ou de \u00e1cido f\u00f3lico, nutrientes essenciais para a produ\u00e7\u00e3o adequada de gl\u00f3bulos vermelhos. Diferente da anemia ferropriva, ela n\u00e3o melhora com suplementa\u00e7\u00e3o de ferro e exige reposi\u00e7\u00e3o vitam\u00ednica espec\u00edfica. Confundir os dois tipos pode atrasar a recupera\u00e7\u00e3o, agravar sintomas neurol\u00f3gicos e mascarar problemas absortivos importantes [&hellip;]<\/p>\n","protected":false},"author":11,"featured_media":29446,"comment_status":"open","ping_status":"open","sticky":false,"template":"","format":"standard","meta":{"_yoast_wpseo_focuskw":"anemia megalobl\u00e1stica","_yoast_wpseo_title":"","_yoast_wpseo_metadesc":"A anemia megalobl\u00e1stica resulta da defici\u00eancia de vitamina B12 ou \u00e1cido f\u00f3lico e n\u00e3o melhora com ferro. Saiba como diferenciar da ferropriva.","jnews-multi-image_gallery":[],"jnews_single_post":{"format":"standard"},"jnews_primary_category":[],"jnews_social_meta":[],"jnews_override_counter":[],"footnotes":""},"categories":[111],"tags":[226,1184,145,136],"class_list":["post-29254","post","type-post","status-publish","format-standard","has-post-thumbnail","hentry","category-saude","tag-anemia-ferropriva","tag-anemia-megaloblastica","tag-bem-estar","tag-saude"],"yoast_head":"<!-- This site is optimized with the Yoast SEO plugin v26.7 - https:\/\/yoast.com\/wordpress\/plugins\/seo\/ -->\n<title>Anemia megalobl\u00e1stica: o que \u00e9 e como trat\u00e1-la para n\u00e3o confundi-la com anemia ferropriva comum - Tua Sa\u00fade<\/title>\n<meta name=\"description\" content=\"A anemia megalobl\u00e1stica resulta da defici\u00eancia de vitamina B12 ou \u00e1cido f\u00f3lico e n\u00e3o melhora com ferro. Saiba como diferenciar da ferropriva.\" \/>\n<meta name=\"robots\" content=\"index, follow, max-snippet:-1, max-image-preview:large, max-video-preview:-1\" \/>\n<link rel=\"canonical\" href=\"https:\/\/www.tuasaude.com\/news\/2026\/04\/28\/anemia-megaloblastica-o-que-e-e-como-trata-la-para-nao-confundi-la-com-anemia-ferropriva-comum\/\" \/>\n<meta property=\"og:locale\" content=\"pt_BR\" \/>\n<meta property=\"og:type\" content=\"article\" \/>\n<meta property=\"og:title\" content=\"Anemia megalobl\u00e1stica: o que \u00e9 e como trat\u00e1-la para n\u00e3o confundi-la com anemia ferropriva comum - Tua Sa\u00fade\" \/>\n<meta property=\"og:description\" content=\"A anemia megalobl\u00e1stica resulta da defici\u00eancia de vitamina B12 ou \u00e1cido f\u00f3lico e n\u00e3o melhora com ferro. Saiba como diferenciar da ferropriva.\" \/>\n<meta property=\"og:url\" content=\"https:\/\/www.tuasaude.com\/news\/2026\/04\/28\/anemia-megaloblastica-o-que-e-e-como-trata-la-para-nao-confundi-la-com-anemia-ferropriva-comum\/\" \/>\n<meta property=\"og:site_name\" content=\"Tua Sa\u00fade\" \/>\n<meta property=\"article:published_time\" content=\"2026-04-28T22:30:00+00:00\" \/>\n<meta property=\"og:image\" content=\"https:\/\/www.tuasaude.com\/news\/wp-content\/uploads\/2026\/04\/freepik_illustration-nonphotoreal_2877039881.jpg\" \/>\n\t<meta property=\"og:image:width\" content=\"1280\" \/>\n\t<meta property=\"og:image:height\" content=\"714\" \/>\n\t<meta property=\"og:image:type\" content=\"image\/jpeg\" \/>\n<meta name=\"author\" content=\"Gessika Julia Carvalho\" \/>\n<meta name=\"twitter:card\" content=\"summary_large_image\" \/>\n<meta name=\"twitter:label1\" content=\"Escrito por\" \/>\n\t<meta name=\"twitter:data1\" content=\"Gessika Julia Carvalho\" \/>\n\t<meta name=\"twitter:label2\" content=\"Est. tempo de leitura\" \/>\n\t<meta name=\"twitter:data2\" content=\"4 minutos\" \/>\n<!-- \/ Yoast SEO plugin. -->","yoast_head_json":{"title":"Anemia megalobl\u00e1stica: o que \u00e9 e como trat\u00e1-la para n\u00e3o confundi-la com anemia ferropriva comum - Tua Sa\u00fade","description":"A anemia megalobl\u00e1stica resulta da defici\u00eancia de vitamina B12 ou \u00e1cido f\u00f3lico e n\u00e3o melhora com ferro. Saiba como diferenciar da ferropriva.","robots":{"index":"index","follow":"follow","max-snippet":"max-snippet:-1","max-image-preview":"max-image-preview:large","max-video-preview":"max-video-preview:-1"},"canonical":"https:\/\/www.tuasaude.com\/news\/2026\/04\/28\/anemia-megaloblastica-o-que-e-e-como-trata-la-para-nao-confundi-la-com-anemia-ferropriva-comum\/","og_locale":"pt_BR","og_type":"article","og_title":"Anemia megalobl\u00e1stica: o que \u00e9 e como trat\u00e1-la para n\u00e3o confundi-la com anemia ferropriva comum - Tua Sa\u00fade","og_description":"A anemia megalobl\u00e1stica resulta da defici\u00eancia de vitamina B12 ou \u00e1cido f\u00f3lico e n\u00e3o melhora com ferro. Saiba como diferenciar da ferropriva.","og_url":"https:\/\/www.tuasaude.com\/news\/2026\/04\/28\/anemia-megaloblastica-o-que-e-e-como-trata-la-para-nao-confundi-la-com-anemia-ferropriva-comum\/","og_site_name":"Tua Sa\u00fade","article_published_time":"2026-04-28T22:30:00+00:00","og_image":[{"width":1280,"height":714,"url":"https:\/\/www.tuasaude.com\/news\/wp-content\/uploads\/2026\/04\/freepik_illustration-nonphotoreal_2877039881.jpg","type":"image\/jpeg"}],"author":"Gessika Julia Carvalho","twitter_card":"summary_large_image","twitter_misc":{"Escrito por":"Gessika Julia Carvalho","Est. tempo de leitura":"4 minutos"},"schema":{"@context":"https:\/\/schema.org","@graph":[{"@type":"Article","@id":"https:\/\/www.tuasaude.com\/news\/2026\/04\/28\/anemia-megaloblastica-o-que-e-e-como-trata-la-para-nao-confundi-la-com-anemia-ferropriva-comum\/#article","isPartOf":{"@id":"https:\/\/www.tuasaude.com\/news\/2026\/04\/28\/anemia-megaloblastica-o-que-e-e-como-trata-la-para-nao-confundi-la-com-anemia-ferropriva-comum\/"},"author":{"name":"Gessika Julia Carvalho","@id":"https:\/\/www.tuasaude.com\/news\/#\/schema\/person\/2e9df841be69ec84f5d20ddb8d273ac2"},"headline":"Anemia megalobl\u00e1stica: o que \u00e9 e como trat\u00e1-la para n\u00e3o confundi-la com anemia ferropriva comum","datePublished":"2026-04-28T22:30:00+00:00","mainEntityOfPage":{"@id":"https:\/\/www.tuasaude.com\/news\/2026\/04\/28\/anemia-megaloblastica-o-que-e-e-como-trata-la-para-nao-confundi-la-com-anemia-ferropriva-comum\/"},"wordCount":612,"commentCount":0,"image":{"@id":"https:\/\/www.tuasaude.com\/news\/2026\/04\/28\/anemia-megaloblastica-o-que-e-e-como-trata-la-para-nao-confundi-la-com-anemia-ferropriva-comum\/#primaryimage"},"thumbnailUrl":"https:\/\/www.tuasaude.com\/news\/wp-content\/uploads\/2026\/04\/freepik_illustration-nonphotoreal_2877039881.jpg","keywords":["anemia ferropriva","anemia megalobl\u00e1stica","bem-estar","sa\u00fade"],"articleSection":["Sa\u00fade"],"inLanguage":"pt-BR","potentialAction":[{"@type":"CommentAction","name":"Comment","target":["https:\/\/www.tuasaude.com\/news\/2026\/04\/28\/anemia-megaloblastica-o-que-e-e-como-trata-la-para-nao-confundi-la-com-anemia-ferropriva-comum\/#respond"]}]},{"@type":"WebPage","@id":"https:\/\/www.tuasaude.com\/news\/2026\/04\/28\/anemia-megaloblastica-o-que-e-e-como-trata-la-para-nao-confundi-la-com-anemia-ferropriva-comum\/","url":"https:\/\/www.tuasaude.com\/news\/2026\/04\/28\/anemia-megaloblastica-o-que-e-e-como-trata-la-para-nao-confundi-la-com-anemia-ferropriva-comum\/","name":"Anemia megalobl\u00e1stica: o que \u00e9 e como trat\u00e1-la para n\u00e3o confundi-la com anemia ferropriva comum - Tua Sa\u00fade","isPartOf":{"@id":"https:\/\/www.tuasaude.com\/news\/#website"},"primaryImageOfPage":{"@id":"https:\/\/www.tuasaude.com\/news\/2026\/04\/28\/anemia-megaloblastica-o-que-e-e-como-trata-la-para-nao-confundi-la-com-anemia-ferropriva-comum\/#primaryimage"},"image":{"@id":"https:\/\/www.tuasaude.com\/news\/2026\/04\/28\/anemia-megaloblastica-o-que-e-e-como-trata-la-para-nao-confundi-la-com-anemia-ferropriva-comum\/#primaryimage"},"thumbnailUrl":"https:\/\/www.tuasaude.com\/news\/wp-content\/uploads\/2026\/04\/freepik_illustration-nonphotoreal_2877039881.jpg","datePublished":"2026-04-28T22:30:00+00:00","author":{"@id":"https:\/\/www.tuasaude.com\/news\/#\/schema\/person\/2e9df841be69ec84f5d20ddb8d273ac2"},"description":"A anemia megalobl\u00e1stica resulta da defici\u00eancia de vitamina B12 ou \u00e1cido f\u00f3lico e n\u00e3o melhora com ferro. Saiba como diferenciar da ferropriva.","breadcrumb":{"@id":"https:\/\/www.tuasaude.com\/news\/2026\/04\/28\/anemia-megaloblastica-o-que-e-e-como-trata-la-para-nao-confundi-la-com-anemia-ferropriva-comum\/#breadcrumb"},"inLanguage":"pt-BR","potentialAction":[{"@type":"ReadAction","target":["https:\/\/www.tuasaude.com\/news\/2026\/04\/28\/anemia-megaloblastica-o-que-e-e-como-trata-la-para-nao-confundi-la-com-anemia-ferropriva-comum\/"]}]},{"@type":"ImageObject","inLanguage":"pt-BR","@id":"https:\/\/www.tuasaude.com\/news\/2026\/04\/28\/anemia-megaloblastica-o-que-e-e-como-trata-la-para-nao-confundi-la-com-anemia-ferropriva-comum\/#primaryimage","url":"https:\/\/www.tuasaude.com\/news\/wp-content\/uploads\/2026\/04\/freepik_illustration-nonphotoreal_2877039881.jpg","contentUrl":"https:\/\/www.tuasaude.com\/news\/wp-content\/uploads\/2026\/04\/freepik_illustration-nonphotoreal_2877039881.jpg","width":1280,"height":714,"caption":"A anemia megalobl\u00e1stica \u00e9 causada por falta de vitamina B12 ou \u00e1cido f\u00f3lico."},{"@type":"BreadcrumbList","@id":"https:\/\/www.tuasaude.com\/news\/2026\/04\/28\/anemia-megaloblastica-o-que-e-e-como-trata-la-para-nao-confundi-la-com-anemia-ferropriva-comum\/#breadcrumb","itemListElement":[{"@type":"ListItem","position":1,"name":"In\u00edcio","item":"https:\/\/www.tuasaude.com\/news\/"},{"@type":"ListItem","position":2,"name":"Anemia megalobl\u00e1stica: o que \u00e9 e como trat\u00e1-la para n\u00e3o confundi-la com anemia ferropriva comum"}]},{"@type":"WebSite","@id":"https:\/\/www.tuasaude.com\/news\/#website","url":"https:\/\/www.tuasaude.com\/news\/","name":"Tua Sa\u00fade","description":"Seu site de sa\u00fade","potentialAction":[{"@type":"SearchAction","target":{"@type":"EntryPoint","urlTemplate":"https:\/\/www.tuasaude.com\/news\/?s={search_term_string}"},"query-input":{"@type":"PropertyValueSpecification","valueRequired":true,"valueName":"search_term_string"}}],"inLanguage":"pt-BR"},{"@type":"Person","@id":"https:\/\/www.tuasaude.com\/news\/#\/schema\/person\/2e9df841be69ec84f5d20ddb8d273ac2","name":"Gessika Julia Carvalho","image":{"@type":"ImageObject","inLanguage":"pt-BR","@id":"https:\/\/www.tuasaude.com\/news\/#\/schema\/person\/image\/","url":"https:\/\/secure.gravatar.com\/avatar\/0fcc8769024577fd0bc6a8b766055690f76a8e8f29dfb2a2f89cf04db8d0f2d2?s=96&d=mm&r=g","contentUrl":"https:\/\/secure.gravatar.com\/avatar\/0fcc8769024577fd0bc6a8b766055690f76a8e8f29dfb2a2f89cf04db8d0f2d2?s=96&d=mm&r=g","caption":"Gessika Julia Carvalho"},"sameAs":["https:\/\/www.tuasaude.com\/news\/"],"url":"https:\/\/www.tuasaude.com\/news\/author\/gessika-julia\/"}]}},"_links":{"self":[{"href":"https:\/\/www.tuasaude.com\/news\/wp-json\/wp\/v2\/posts\/29254","targetHints":{"allow":["GET"]}}],"collection":[{"href":"https:\/\/www.tuasaude.com\/news\/wp-json\/wp\/v2\/posts"}],"about":[{"href":"https:\/\/www.tuasaude.com\/news\/wp-json\/wp\/v2\/types\/post"}],"author":[{"embeddable":true,"href":"https:\/\/www.tuasaude.com\/news\/wp-json\/wp\/v2\/users\/11"}],"replies":[{"embeddable":true,"href":"https:\/\/www.tuasaude.com\/news\/wp-json\/wp\/v2\/comments?post=29254"}],"version-history":[{"count":2,"href":"https:\/\/www.tuasaude.com\/news\/wp-json\/wp\/v2\/posts\/29254\/revisions"}],"predecessor-version":[{"id":29491,"href":"https:\/\/www.tuasaude.com\/news\/wp-json\/wp\/v2\/posts\/29254\/revisions\/29491"}],"wp:featuredmedia":[{"embeddable":true,"href":"https:\/\/www.tuasaude.com\/news\/wp-json\/wp\/v2\/media\/29446"}],"wp:attachment":[{"href":"https:\/\/www.tuasaude.com\/news\/wp-json\/wp\/v2\/media?parent=29254"}],"wp:term":[{"taxonomy":"category","embeddable":true,"href":"https:\/\/www.tuasaude.com\/news\/wp-json\/wp\/v2\/categories?post=29254"},{"taxonomy":"post_tag","embeddable":true,"href":"https:\/\/www.tuasaude.com\/news\/wp-json\/wp\/v2\/tags?post=29254"}],"curies":[{"name":"wp","href":"https:\/\/api.w.org\/{rel}","templated":true}]}}