{"id":29240,"date":"2026-04-28T19:10:00","date_gmt":"2026-04-28T22:10:00","guid":{"rendered":"https:\/\/www.tuasaude.com\/news\/?p=29240"},"modified":"2026-04-27T19:57:24","modified_gmt":"2026-04-27T22:57:24","slug":"como-e-a-dor-de-cabeca-causada-pela-tensao-muscular-e-como-diferencia-la-de-uma-enxaqueca-ou-de-algo-mais-grave","status":"publish","type":"post","link":"https:\/\/www.tuasaude.com\/news\/2026\/04\/28\/como-e-a-dor-de-cabeca-causada-pela-tensao-muscular-e-como-diferencia-la-de-uma-enxaqueca-ou-de-algo-mais-grave\/","title":{"rendered":"Como \u00e9 a dor de cabe\u00e7a causada pela tens\u00e3o muscular e como diferenci\u00e1-la de uma enxaqueca ou de algo mais grave?"},"content":{"rendered":"\n<p>A dor de cabe\u00e7a causada por tens\u00e3o muscular, conhecida como cefaleia tensional, costuma surgir como uma press\u00e3o constante em ambos os lados da cabe\u00e7a, com intensidade leve a moderada e sem sintomas como n\u00e1useas ou sensibilidade intensa \u00e0 luz. Reconhecer esse padr\u00e3o \u00e9 essencial para diferenci\u00e1-la da enxaqueca e de causas mais graves, evitando tanto o uso indiscriminado de medicamentos quanto a demora em buscar ajuda quando algo realmente preocupante acontece.<\/p>\n\n\n\n<h2 class=\"wp-block-heading\">Quais s\u00e3o as caracter\u00edsticas da cefaleia tensional?<\/h2>\n\n\n\n<p>A cefaleia tensional provoca uma sensa\u00e7\u00e3o de aperto ou peso, como se houvesse uma faixa apertando a cabe\u00e7a. A dor \u00e9 bilateral, de intensidade leve a moderada, e pode durar de 30 minutos a v\u00e1rios dias, sem piorar com atividades f\u00edsicas comuns.<\/p>\n\n\n\n<p>Costuma vir acompanhada de rigidez no pesco\u00e7o, ombros tensos e sensibilidade no couro cabeludo. Estresse, postura inadequada, sono irregular e longas horas em frente a telas est\u00e3o entre os principais gatilhos relatados pelos pacientes com <a href=\"https:\/\/www.tuasaude.com\/dor-de-cabeca-tensional\/\" target=\"_blank\" rel=\"noreferrer noopener\">dor de cabe\u00e7a tensional<\/a>.<\/p>\n\n\n\n<h2 class=\"wp-block-heading\">Como diferenciar a cefaleia tensional da enxaqueca?<\/h2>\n\n\n\n<p>Embora ambas sejam dores prim\u00e1rias, a enxaqueca apresenta caracter\u00edsticas bem distintas. Antes de iniciar qualquer tratamento, vale conhecer os sinais que ajudam a identificar cada uma e entender melhor os <a href=\"https:\/\/www.tuasaude.com\/sintomas-de-enxaqueca\/\" target=\"_blank\" rel=\"noreferrer noopener\">sintomas de enxaqueca<\/a> mais comuns.<\/p>\n\n\n<div class=\"wp-block-image\">\n<figure class=\"aligncenter size-large\"><img decoding=\"async\" width=\"1024\" height=\"402\" src=\"https:\/\/www.tuasaude.com\/news\/wp-content\/uploads\/2026\/04\/convertido-33-14-1024x402.jpg\" alt=\"Como diferenciar a cefaleia tensional da enxaqueca?\" class=\"wp-image-29251\" srcset=\"https:\/\/www.tuasaude.com\/news\/wp-content\/uploads\/2026\/04\/convertido-33-14-1024x402.jpg 1024w, https:\/\/www.tuasaude.com\/news\/wp-content\/uploads\/2026\/04\/convertido-33-14-300x118.jpg 300w, https:\/\/www.tuasaude.com\/news\/wp-content\/uploads\/2026\/04\/convertido-33-14-768x301.jpg 768w, https:\/\/www.tuasaude.com\/news\/wp-content\/uploads\/2026\/04\/convertido-33-14-750x294.jpg 750w, https:\/\/www.tuasaude.com\/news\/wp-content\/uploads\/2026\/04\/convertido-33-14-1140x447.jpg 1140w, https:\/\/www.tuasaude.com\/news\/wp-content\/uploads\/2026\/04\/convertido-33-14.jpg 1280w\" sizes=\"(max-width: 1024px) 100vw, 1024px\" \/><figcaption class=\"wp-element-caption\">Como diferenciar a cefaleia tensional da enxaqueca?<\/figcaption><\/figure>\n<\/div>\n\n\n<h2 class=\"wp-block-heading\">O que diz o estudo sobre o diagn\u00f3stico das cefaleias?<\/h2>\n\n\n\n<p>A literatura cient\u00edfica refor\u00e7a que a diferencia\u00e7\u00e3o cl\u00ednica entre os tipos de cefaleia \u00e9 fundamental para o tratamento adequado. Segundo a revis\u00e3o por pares <a href=\"https:\/\/pubmed.ncbi.nlm.nih.gov\/30346680\/\" target=\"_blank\" rel=\"noreferrer noopener\">Headache: Tension-Type Headache<\/a>, publicada na revista FP Essentials e indexada no PubMed, a cefaleia tensional \u00e9 o transtorno prim\u00e1rio de dor de cabe\u00e7a mais comum, com preval\u00eancia mundial entre 46% e 78%, e seu diagn\u00f3stico baseia-se na descri\u00e7\u00e3o da dor como press\u00e3o difusa, sem as caracter\u00edsticas t\u00edpicas da enxaqueca. A revis\u00e3o destaca ainda que a abordagem combinada com analg\u00e9sicos simples e medidas preventivas, incluindo mudan\u00e7as no estilo de vida, \u00e9 essencial no manejo dos casos cr\u00f4nicos.<\/p>\n\n\n\n<figure class=\"wp-block-image size-large\"><img decoding=\"async\" width=\"1024\" height=\"571\" src=\"https:\/\/www.tuasaude.com\/news\/wp-content\/uploads\/2026\/04\/freepik_illustration-nonphotoreal_2877240676-1024x571.jpg\" alt=\"Como \u00e9 a dor de cabe\u00e7a causada pela tens\u00e3o muscular e como diferenci\u00e1-la de uma enxaqueca ou de algo mais grave?\" class=\"wp-image-29494\" srcset=\"https:\/\/www.tuasaude.com\/news\/wp-content\/uploads\/2026\/04\/freepik_illustration-nonphotoreal_2877240676-1024x571.jpg 1024w, https:\/\/www.tuasaude.com\/news\/wp-content\/uploads\/2026\/04\/freepik_illustration-nonphotoreal_2877240676-300x167.jpg 300w, https:\/\/www.tuasaude.com\/news\/wp-content\/uploads\/2026\/04\/freepik_illustration-nonphotoreal_2877240676-768x428.jpg 768w, https:\/\/www.tuasaude.com\/news\/wp-content\/uploads\/2026\/04\/freepik_illustration-nonphotoreal_2877240676-750x418.jpg 750w, https:\/\/www.tuasaude.com\/news\/wp-content\/uploads\/2026\/04\/freepik_illustration-nonphotoreal_2877240676-1140x636.jpg 1140w, https:\/\/www.tuasaude.com\/news\/wp-content\/uploads\/2026\/04\/freepik_illustration-nonphotoreal_2877240676.jpg 1280w\" sizes=\"(max-width: 1024px) 100vw, 1024px\" \/><figcaption class=\"wp-element-caption\">Dor s\u00fabita e intensa pode ser sinal de algo grave e exige atendimento imediato.<\/figcaption><\/figure>\n\n\n\n<h2 class=\"wp-block-heading\">Quais sinais de alerta indicam algo mais grave?<\/h2>\n\n\n\n<p>Algumas dores de cabe\u00e7a podem sinalizar condi\u00e7\u00f5es secund\u00e1rias que exigem avalia\u00e7\u00e3o imediata. Entre elas est\u00e3o quadros neurol\u00f3gicos, infecciosos ou vasculares que precisam de investiga\u00e7\u00e3o especializada, sendo importante reconhecer quando a <a href=\"https:\/\/www.tuasaude.com\/dor-de-cabeca-forte\/\" target=\"_blank\" rel=\"noreferrer noopener\">dor de cabe\u00e7a forte<\/a> ultrapassa o padr\u00e3o habitual.<\/p>\n\n\n\n<ul class=\"wp-block-list\">\n<li>Dor s\u00fabita e intensa, descrita como a pior da vida.<\/li>\n\n\n\n<li>Dor acompanhada de febre alta, rigidez na nuca ou confus\u00e3o mental.<\/li>\n\n\n\n<li>Altera\u00e7\u00f5es visuais, fala enrolada, fraqueza ou dorm\u00eancia em parte do corpo.<\/li>\n\n\n\n<li>Dor que piora progressivamente ao longo de dias ou semanas.<\/li>\n\n\n\n<li>Dor ap\u00f3s traumatismo na cabe\u00e7a, mesmo que aparentemente leve.<\/li>\n\n\n\n<li>Dor associada a convuls\u00f5es, perda de consci\u00eancia ou v\u00f4mitos persistentes.<\/li>\n<\/ul>\n\n\n\n<p>Esses sinais exigem atendimento de emerg\u00eancia, pois podem indicar quadros como meningite, aneurisma cerebral ou acidente vascular cerebral.<\/p>\n\n\n\n<h2 class=\"wp-block-heading\">Como aliviar a dor de cabe\u00e7a tensional no dia a dia?<\/h2>\n\n\n\n<p>Medidas simples ajudam a reduzir a frequ\u00eancia e a intensidade das crises. Pausas regulares durante o trabalho, alongamentos para o pesco\u00e7o e os ombros, hidrata\u00e7\u00e3o adequada e sono de qualidade s\u00e3o pilares importantes para prevenir novos epis\u00f3dios.<\/p>\n\n\n\n<p>T\u00e9cnicas de relaxamento, atividade f\u00edsica moderada e corre\u00e7\u00e3o postural tamb\u00e9m contribuem para o controle do quadro. O uso de medicamentos deve sempre ser orientado por um profissional para evitar efeitos colaterais e depend\u00eancia medicamentosa.<\/p>\n\n\n\n<p><em>Este conte\u00fado tem car\u00e1ter apenas informativo e n\u00e3o substitui a avalia\u00e7\u00e3o, o diagn\u00f3stico ou o tratamento realizado por um profissional de sa\u00fade qualificado. Em caso de sintomas persistentes ou sinais de alerta, procure orienta\u00e7\u00e3o m\u00e9dica.<\/em><\/p>\n","protected":false},"excerpt":{"rendered":"<p>A dor de cabe\u00e7a causada por tens\u00e3o muscular, conhecida como cefaleia tensional, costuma surgir como uma press\u00e3o constante em ambos os lados da cabe\u00e7a, com intensidade leve a moderada e sem sintomas como n\u00e1useas ou sensibilidade intensa \u00e0 luz. Reconhecer esse padr\u00e3o \u00e9 essencial para diferenci\u00e1-la da enxaqueca e de causas mais graves, evitando tanto [&hellip;]<\/p>\n","protected":false},"author":11,"featured_media":29448,"comment_status":"open","ping_status":"open","sticky":false,"template":"","format":"standard","meta":{"_yoast_wpseo_focuskw":"dor de cabe\u00e7a tensional","_yoast_wpseo_title":"","_yoast_wpseo_metadesc":"A dor de cabe\u00e7a tensional causa press\u00e3o bilateral e n\u00e3o apresenta n\u00e1useas ou fotofobia como na enxaqueca. Saiba como diferenciar.","jnews-multi-image_gallery":[],"jnews_single_post":{"format":"standard"},"jnews_primary_category":[],"jnews_social_meta":[],"jnews_override_counter":[],"footnotes":""},"categories":[111],"tags":[282,437,136,2553],"class_list":["post-29240","post","type-post","status-publish","format-standard","has-post-thumbnail","hentry","category-saude","tag-dor-de-cabeca","tag-enxaqueca","tag-saude","tag-tensao-muscular"],"yoast_head":"<!-- This site is optimized with the Yoast SEO plugin v26.7 - https:\/\/yoast.com\/wordpress\/plugins\/seo\/ -->\n<title>Como \u00e9 a dor de cabe\u00e7a causada pela tens\u00e3o muscular e como diferenci\u00e1-la de uma enxaqueca ou de algo mais grave? - Tua Sa\u00fade<\/title>\n<meta name=\"description\" content=\"A dor de cabe\u00e7a tensional causa press\u00e3o bilateral e n\u00e3o apresenta n\u00e1useas ou fotofobia como na enxaqueca. Saiba como diferenciar.\" \/>\n<meta name=\"robots\" content=\"index, follow, max-snippet:-1, max-image-preview:large, max-video-preview:-1\" \/>\n<link rel=\"canonical\" href=\"https:\/\/www.tuasaude.com\/news\/2026\/04\/28\/como-e-a-dor-de-cabeca-causada-pela-tensao-muscular-e-como-diferencia-la-de-uma-enxaqueca-ou-de-algo-mais-grave\/\" \/>\n<meta property=\"og:locale\" content=\"pt_BR\" \/>\n<meta property=\"og:type\" content=\"article\" \/>\n<meta property=\"og:title\" content=\"Como \u00e9 a dor de cabe\u00e7a causada pela tens\u00e3o muscular e como diferenci\u00e1-la de uma enxaqueca ou de algo mais grave? - Tua Sa\u00fade\" \/>\n<meta property=\"og:description\" content=\"A dor de cabe\u00e7a tensional causa press\u00e3o bilateral e n\u00e3o apresenta n\u00e1useas ou fotofobia como na enxaqueca. Saiba como diferenciar.\" \/>\n<meta property=\"og:url\" content=\"https:\/\/www.tuasaude.com\/news\/2026\/04\/28\/como-e-a-dor-de-cabeca-causada-pela-tensao-muscular-e-como-diferencia-la-de-uma-enxaqueca-ou-de-algo-mais-grave\/\" \/>\n<meta property=\"og:site_name\" content=\"Tua Sa\u00fade\" \/>\n<meta property=\"article:published_time\" content=\"2026-04-28T22:10:00+00:00\" \/>\n<meta property=\"og:image\" content=\"https:\/\/www.tuasaude.com\/news\/wp-content\/uploads\/2026\/04\/freepik_illustration-nonphotoreal_2877040811.jpg\" \/>\n\t<meta property=\"og:image:width\" content=\"1280\" \/>\n\t<meta property=\"og:image:height\" content=\"714\" \/>\n\t<meta property=\"og:image:type\" content=\"image\/jpeg\" \/>\n<meta name=\"author\" content=\"Gessika Julia Carvalho\" \/>\n<meta name=\"twitter:card\" content=\"summary_large_image\" \/>\n<meta name=\"twitter:label1\" content=\"Escrito por\" \/>\n\t<meta name=\"twitter:data1\" content=\"Gessika Julia Carvalho\" \/>\n\t<meta name=\"twitter:label2\" content=\"Est. tempo de leitura\" \/>\n\t<meta name=\"twitter:data2\" content=\"4 minutos\" \/>\n<!-- \/ Yoast SEO plugin. -->","yoast_head_json":{"title":"Como \u00e9 a dor de cabe\u00e7a causada pela tens\u00e3o muscular e como diferenci\u00e1-la de uma enxaqueca ou de algo mais grave? - Tua Sa\u00fade","description":"A dor de cabe\u00e7a tensional causa press\u00e3o bilateral e n\u00e3o apresenta n\u00e1useas ou fotofobia como na enxaqueca. Saiba como diferenciar.","robots":{"index":"index","follow":"follow","max-snippet":"max-snippet:-1","max-image-preview":"max-image-preview:large","max-video-preview":"max-video-preview:-1"},"canonical":"https:\/\/www.tuasaude.com\/news\/2026\/04\/28\/como-e-a-dor-de-cabeca-causada-pela-tensao-muscular-e-como-diferencia-la-de-uma-enxaqueca-ou-de-algo-mais-grave\/","og_locale":"pt_BR","og_type":"article","og_title":"Como \u00e9 a dor de cabe\u00e7a causada pela tens\u00e3o muscular e como diferenci\u00e1-la de uma enxaqueca ou de algo mais grave? - Tua Sa\u00fade","og_description":"A dor de cabe\u00e7a tensional causa press\u00e3o bilateral e n\u00e3o apresenta n\u00e1useas ou fotofobia como na enxaqueca. Saiba como diferenciar.","og_url":"https:\/\/www.tuasaude.com\/news\/2026\/04\/28\/como-e-a-dor-de-cabeca-causada-pela-tensao-muscular-e-como-diferencia-la-de-uma-enxaqueca-ou-de-algo-mais-grave\/","og_site_name":"Tua Sa\u00fade","article_published_time":"2026-04-28T22:10:00+00:00","og_image":[{"width":1280,"height":714,"url":"https:\/\/www.tuasaude.com\/news\/wp-content\/uploads\/2026\/04\/freepik_illustration-nonphotoreal_2877040811.jpg","type":"image\/jpeg"}],"author":"Gessika Julia Carvalho","twitter_card":"summary_large_image","twitter_misc":{"Escrito por":"Gessika Julia Carvalho","Est. tempo de leitura":"4 minutos"},"schema":{"@context":"https:\/\/schema.org","@graph":[{"@type":"Article","@id":"https:\/\/www.tuasaude.com\/news\/2026\/04\/28\/como-e-a-dor-de-cabeca-causada-pela-tensao-muscular-e-como-diferencia-la-de-uma-enxaqueca-ou-de-algo-mais-grave\/#article","isPartOf":{"@id":"https:\/\/www.tuasaude.com\/news\/2026\/04\/28\/como-e-a-dor-de-cabeca-causada-pela-tensao-muscular-e-como-diferencia-la-de-uma-enxaqueca-ou-de-algo-mais-grave\/"},"author":{"name":"Gessika Julia Carvalho","@id":"https:\/\/www.tuasaude.com\/news\/#\/schema\/person\/2e9df841be69ec84f5d20ddb8d273ac2"},"headline":"Como \u00e9 a dor de cabe\u00e7a causada pela tens\u00e3o muscular e como diferenci\u00e1-la de uma enxaqueca ou de algo mais grave?","datePublished":"2026-04-28T22:10:00+00:00","mainEntityOfPage":{"@id":"https:\/\/www.tuasaude.com\/news\/2026\/04\/28\/como-e-a-dor-de-cabeca-causada-pela-tensao-muscular-e-como-diferencia-la-de-uma-enxaqueca-ou-de-algo-mais-grave\/"},"wordCount":663,"commentCount":0,"image":{"@id":"https:\/\/www.tuasaude.com\/news\/2026\/04\/28\/como-e-a-dor-de-cabeca-causada-pela-tensao-muscular-e-como-diferencia-la-de-uma-enxaqueca-ou-de-algo-mais-grave\/#primaryimage"},"thumbnailUrl":"https:\/\/www.tuasaude.com\/news\/wp-content\/uploads\/2026\/04\/freepik_illustration-nonphotoreal_2877040811.jpg","keywords":["dor de cabe\u00e7a","enxaqueca","sa\u00fade","tens\u00e3o muscular"],"articleSection":["Sa\u00fade"],"inLanguage":"pt-BR","potentialAction":[{"@type":"CommentAction","name":"Comment","target":["https:\/\/www.tuasaude.com\/news\/2026\/04\/28\/como-e-a-dor-de-cabeca-causada-pela-tensao-muscular-e-como-diferencia-la-de-uma-enxaqueca-ou-de-algo-mais-grave\/#respond"]}]},{"@type":"WebPage","@id":"https:\/\/www.tuasaude.com\/news\/2026\/04\/28\/como-e-a-dor-de-cabeca-causada-pela-tensao-muscular-e-como-diferencia-la-de-uma-enxaqueca-ou-de-algo-mais-grave\/","url":"https:\/\/www.tuasaude.com\/news\/2026\/04\/28\/como-e-a-dor-de-cabeca-causada-pela-tensao-muscular-e-como-diferencia-la-de-uma-enxaqueca-ou-de-algo-mais-grave\/","name":"Como \u00e9 a dor de cabe\u00e7a causada pela tens\u00e3o muscular e como diferenci\u00e1-la de uma enxaqueca ou de algo mais grave? - Tua Sa\u00fade","isPartOf":{"@id":"https:\/\/www.tuasaude.com\/news\/#website"},"primaryImageOfPage":{"@id":"https:\/\/www.tuasaude.com\/news\/2026\/04\/28\/como-e-a-dor-de-cabeca-causada-pela-tensao-muscular-e-como-diferencia-la-de-uma-enxaqueca-ou-de-algo-mais-grave\/#primaryimage"},"image":{"@id":"https:\/\/www.tuasaude.com\/news\/2026\/04\/28\/como-e-a-dor-de-cabeca-causada-pela-tensao-muscular-e-como-diferencia-la-de-uma-enxaqueca-ou-de-algo-mais-grave\/#primaryimage"},"thumbnailUrl":"https:\/\/www.tuasaude.com\/news\/wp-content\/uploads\/2026\/04\/freepik_illustration-nonphotoreal_2877040811.jpg","datePublished":"2026-04-28T22:10:00+00:00","author":{"@id":"https:\/\/www.tuasaude.com\/news\/#\/schema\/person\/2e9df841be69ec84f5d20ddb8d273ac2"},"description":"A dor de cabe\u00e7a tensional causa press\u00e3o bilateral e n\u00e3o apresenta n\u00e1useas ou fotofobia como na enxaqueca. Saiba como diferenciar.","breadcrumb":{"@id":"https:\/\/www.tuasaude.com\/news\/2026\/04\/28\/como-e-a-dor-de-cabeca-causada-pela-tensao-muscular-e-como-diferencia-la-de-uma-enxaqueca-ou-de-algo-mais-grave\/#breadcrumb"},"inLanguage":"pt-BR","potentialAction":[{"@type":"ReadAction","target":["https:\/\/www.tuasaude.com\/news\/2026\/04\/28\/como-e-a-dor-de-cabeca-causada-pela-tensao-muscular-e-como-diferencia-la-de-uma-enxaqueca-ou-de-algo-mais-grave\/"]}]},{"@type":"ImageObject","inLanguage":"pt-BR","@id":"https:\/\/www.tuasaude.com\/news\/2026\/04\/28\/como-e-a-dor-de-cabeca-causada-pela-tensao-muscular-e-como-diferencia-la-de-uma-enxaqueca-ou-de-algo-mais-grave\/#primaryimage","url":"https:\/\/www.tuasaude.com\/news\/wp-content\/uploads\/2026\/04\/freepik_illustration-nonphotoreal_2877040811.jpg","contentUrl":"https:\/\/www.tuasaude.com\/news\/wp-content\/uploads\/2026\/04\/freepik_illustration-nonphotoreal_2877040811.jpg","width":1280,"height":714,"caption":"Diferente da enxaqueca, a dor tensional n\u00e3o costuma causar n\u00e1usea ou sensibilidade intensa \u00e0 luz."},{"@type":"BreadcrumbList","@id":"https:\/\/www.tuasaude.com\/news\/2026\/04\/28\/como-e-a-dor-de-cabeca-causada-pela-tensao-muscular-e-como-diferencia-la-de-uma-enxaqueca-ou-de-algo-mais-grave\/#breadcrumb","itemListElement":[{"@type":"ListItem","position":1,"name":"In\u00edcio","item":"https:\/\/www.tuasaude.com\/news\/"},{"@type":"ListItem","position":2,"name":"Como \u00e9 a dor de cabe\u00e7a causada pela tens\u00e3o muscular e como diferenci\u00e1-la de uma enxaqueca ou de algo mais grave?"}]},{"@type":"WebSite","@id":"https:\/\/www.tuasaude.com\/news\/#website","url":"https:\/\/www.tuasaude.com\/news\/","name":"Tua Sa\u00fade","description":"Seu site de sa\u00fade","potentialAction":[{"@type":"SearchAction","target":{"@type":"EntryPoint","urlTemplate":"https:\/\/www.tuasaude.com\/news\/?s={search_term_string}"},"query-input":{"@type":"PropertyValueSpecification","valueRequired":true,"valueName":"search_term_string"}}],"inLanguage":"pt-BR"},{"@type":"Person","@id":"https:\/\/www.tuasaude.com\/news\/#\/schema\/person\/2e9df841be69ec84f5d20ddb8d273ac2","name":"Gessika Julia Carvalho","image":{"@type":"ImageObject","inLanguage":"pt-BR","@id":"https:\/\/www.tuasaude.com\/news\/#\/schema\/person\/image\/","url":"https:\/\/secure.gravatar.com\/avatar\/0fcc8769024577fd0bc6a8b766055690f76a8e8f29dfb2a2f89cf04db8d0f2d2?s=96&d=mm&r=g","contentUrl":"https:\/\/secure.gravatar.com\/avatar\/0fcc8769024577fd0bc6a8b766055690f76a8e8f29dfb2a2f89cf04db8d0f2d2?s=96&d=mm&r=g","caption":"Gessika Julia Carvalho"},"sameAs":["https:\/\/www.tuasaude.com\/news\/"],"url":"https:\/\/www.tuasaude.com\/news\/author\/gessika-julia\/"}]}},"_links":{"self":[{"href":"https:\/\/www.tuasaude.com\/news\/wp-json\/wp\/v2\/posts\/29240","targetHints":{"allow":["GET"]}}],"collection":[{"href":"https:\/\/www.tuasaude.com\/news\/wp-json\/wp\/v2\/posts"}],"about":[{"href":"https:\/\/www.tuasaude.com\/news\/wp-json\/wp\/v2\/types\/post"}],"author":[{"embeddable":true,"href":"https:\/\/www.tuasaude.com\/news\/wp-json\/wp\/v2\/users\/11"}],"replies":[{"embeddable":true,"href":"https:\/\/www.tuasaude.com\/news\/wp-json\/wp\/v2\/comments?post=29240"}],"version-history":[{"count":2,"href":"https:\/\/www.tuasaude.com\/news\/wp-json\/wp\/v2\/posts\/29240\/revisions"}],"predecessor-version":[{"id":29495,"href":"https:\/\/www.tuasaude.com\/news\/wp-json\/wp\/v2\/posts\/29240\/revisions\/29495"}],"wp:featuredmedia":[{"embeddable":true,"href":"https:\/\/www.tuasaude.com\/news\/wp-json\/wp\/v2\/media\/29448"}],"wp:attachment":[{"href":"https:\/\/www.tuasaude.com\/news\/wp-json\/wp\/v2\/media?parent=29240"}],"wp:term":[{"taxonomy":"category","embeddable":true,"href":"https:\/\/www.tuasaude.com\/news\/wp-json\/wp\/v2\/categories?post=29240"},{"taxonomy":"post_tag","embeddable":true,"href":"https:\/\/www.tuasaude.com\/news\/wp-json\/wp\/v2\/tags?post=29240"}],"curies":[{"name":"wp","href":"https:\/\/api.w.org\/{rel}","templated":true}]}}