{"id":29239,"date":"2026-04-28T17:55:00","date_gmt":"2026-04-28T20:55:00","guid":{"rendered":"https:\/\/www.tuasaude.com\/news\/?p=29239"},"modified":"2026-04-27T19:57:24","modified_gmt":"2026-04-27T22:57:24","slug":"os-cientistas-concordam-a-exposicao-a-luz-solar-pela-manha-ancora-o-ritmo-circadiano-e-melhora-o-sono-noturno","status":"publish","type":"post","link":"https:\/\/www.tuasaude.com\/news\/2026\/04\/28\/os-cientistas-concordam-a-exposicao-a-luz-solar-pela-manha-ancora-o-ritmo-circadiano-e-melhora-o-sono-noturno\/","title":{"rendered":"Os cientistas concordam: &#8220;A exposi\u00e7\u00e3o \u00e0 luz solar pela manh\u00e3 ancora o ritmo circadiano e melhora o sono noturno\u201d"},"content":{"rendered":"\n<p>A exposi\u00e7\u00e3o \u00e0 luz natural logo ao amanhecer \u00e9 considerada pela cronobiologia o principal sincronizador do rel\u00f3gio biol\u00f3gico humano. Quando a luz atinge a retina nas primeiras horas do dia, ela suprime a melatonina residual, eleva o cortisol no momento certo e programa a gl\u00e2ndula pineal para liberar melatonina cerca de 14 a 16 horas depois, ancorando o ciclo sono-vig\u00edlia. Pesquisas do Laborat\u00f3rio de Cronobiologia de Harvard demonstram que esse mecanismo organiza n\u00e3o apenas o sono, mas tamb\u00e9m temperatura corporal, humor e metabolismo, funcionando como um ajuste di\u00e1rio gratuito e poderoso para a sa\u00fade.<\/p>\n\n\n\n<h2 class=\"wp-block-heading\">Como o ritmo circadiano \u00e9 regulado pela luz?<\/h2>\n\n\n\n<p>O ritmo circadiano \u00e9 um ciclo de aproximadamente 24 horas comandado pelo n\u00facleo supraquiasm\u00e1tico, uma pequena estrutura do hipot\u00e1lamo que recebe sinais de luz diretamente da retina. Esse rel\u00f3gio central coordena sono, vig\u00edlia, temperatura, press\u00e3o arterial e secre\u00e7\u00e3o hormonal.<\/p>\n\n\n\n<p>Sem est\u00edmulos luminosos regulares, o rel\u00f3gio interno tende a se atrasar, j\u00e1 que o per\u00edodo end\u00f3geno humano \u00e9 ligeiramente superior a 24 horas. A luz da manh\u00e3 age como um zeitgeber, palavra alem\u00e3 para \u201cdoador de tempo\u201d, reajustando o rel\u00f3gio a cada novo dia.<\/p>\n\n\n\n<h2 class=\"wp-block-heading\">O que acontece no corpo ao receber luz matinal?<\/h2>\n\n\n\n<p>Logo ao amanhecer, a luz solar \u00e9 rica em comprimentos de onda curtos pr\u00f3ximos do azul, que ativam c\u00e9lulas ganglionares espec\u00edficas da retina. O sinal chega ao c\u00e9rebro e desencadeia uma cascata de ajustes hormonais e metab\u00f3licos imediatos.<\/p>\n\n\n<div class=\"wp-block-image\">\n<figure class=\"aligncenter size-large\"><img decoding=\"async\" width=\"1024\" height=\"402\" src=\"https:\/\/www.tuasaude.com\/news\/wp-content\/uploads\/2026\/04\/convertido-32-15-1024x402.jpg\" alt=\"O que acontece no corpo ao receber luz matinal?\" class=\"wp-image-29241\" srcset=\"https:\/\/www.tuasaude.com\/news\/wp-content\/uploads\/2026\/04\/convertido-32-15-1024x402.jpg 1024w, https:\/\/www.tuasaude.com\/news\/wp-content\/uploads\/2026\/04\/convertido-32-15-300x118.jpg 300w, https:\/\/www.tuasaude.com\/news\/wp-content\/uploads\/2026\/04\/convertido-32-15-768x301.jpg 768w, https:\/\/www.tuasaude.com\/news\/wp-content\/uploads\/2026\/04\/convertido-32-15-750x294.jpg 750w, https:\/\/www.tuasaude.com\/news\/wp-content\/uploads\/2026\/04\/convertido-32-15-1140x447.jpg 1140w, https:\/\/www.tuasaude.com\/news\/wp-content\/uploads\/2026\/04\/convertido-32-15.jpg 1280w\" sizes=\"(max-width: 1024px) 100vw, 1024px\" \/><figcaption class=\"wp-element-caption\">O que acontece no corpo ao receber luz matinal?<\/figcaption><\/figure>\n<\/div>\n\n\n<p>Esses efeitos s\u00f3 acontecem quando a luz atinge os olhos sem barreiras excessivas, motivo pelo qual a luz solar direta \u00e9 mais eficaz que a luz atrav\u00e9s de janelas fechadas. Pessoas que passam o dia em ambientes fechados tendem a ter <a href=\"https:\/\/www.tuasaude.com\/ciclo-circadino\/\" target=\"_blank\" rel=\"noreferrer noopener\">ritmo circadiano<\/a> desregulado, o que prejudica o sono e a disposi\u00e7\u00e3o.<\/p>\n\n\n\n<h2 class=\"wp-block-heading\">O que diz a pesquisa de Harvard sobre o tema?<\/h2>\n\n\n\n<p>Os efeitos da luz sobre o rel\u00f3gio biol\u00f3gico s\u00e3o amplamente documentados pela cronobiologia, com destaque para os trabalhos conduzidos no Brigham and Women\u2019s Hospital, da Harvard Medical School. Esses estudos definiram a chamada curva de resposta de fase, que descreve como a luz desloca o ritmo circadiano conforme o hor\u00e1rio em que atinge os olhos.<\/p>\n\n\n\n<p>Segundo o estudo <a href=\"https:\/\/pubmed.ncbi.nlm.nih.gov\/12717008\/\" target=\"_blank\" rel=\"noreferrer noopener\">A phase response curve to single bright light pulses in human subjects<\/a>, conduzido por Khalsa, Jewett, Cajochen e Czeisler na Divis\u00e3o de Medicina do Sono do Brigham and Women&#8217;s Hospital, da Harvard Medical School, e publicado no The Journal of Physiology, a luz aplicada nas primeiras horas ap\u00f3s o despertar avan\u00e7a a fase do ciclo circadiano, enquanto a luz noturna a atrasa. Os autores demonstraram que pulsos de luz brilhante pela manh\u00e3 podem deslocar o rel\u00f3gio biol\u00f3gico em at\u00e9 duas horas, confirmando o papel central da luz como sincronizador.<\/p>\n\n\n<div class=\"wp-block-image\">\n<figure class=\"aligncenter size-large\"><img decoding=\"async\" width=\"1024\" height=\"571\" src=\"https:\/\/www.tuasaude.com\/news\/wp-content\/uploads\/2026\/04\/freepik_illustration-nonphotoreal_2877045296-1024x571.jpg\" alt=\"Os cientistas concordam: &quot;A exposi\u00e7\u00e3o \u00e0 luz solar pela manh\u00e3 ancora o ritmo circadiano e melhora o sono noturno\u201d\" class=\"wp-image-29450\" srcset=\"https:\/\/www.tuasaude.com\/news\/wp-content\/uploads\/2026\/04\/freepik_illustration-nonphotoreal_2877045296-1024x571.jpg 1024w, https:\/\/www.tuasaude.com\/news\/wp-content\/uploads\/2026\/04\/freepik_illustration-nonphotoreal_2877045296-300x167.jpg 300w, https:\/\/www.tuasaude.com\/news\/wp-content\/uploads\/2026\/04\/freepik_illustration-nonphotoreal_2877045296-768x428.jpg 768w, https:\/\/www.tuasaude.com\/news\/wp-content\/uploads\/2026\/04\/freepik_illustration-nonphotoreal_2877045296-750x418.jpg 750w, https:\/\/www.tuasaude.com\/news\/wp-content\/uploads\/2026\/04\/freepik_illustration-nonphotoreal_2877045296-1140x636.jpg 1140w, https:\/\/www.tuasaude.com\/news\/wp-content\/uploads\/2026\/04\/freepik_illustration-nonphotoreal_2877045296.jpg 1280w\" sizes=\"(max-width: 1024px) 100vw, 1024px\" \/><figcaption class=\"wp-element-caption\">Apenas 15 minutos de sol ao acordar j\u00e1 podem melhorar humor, energia e sono.<\/figcaption><\/figure>\n<\/div>\n\n\n<h2 class=\"wp-block-heading\">Quanto tempo de exposi\u00e7\u00e3o \u00e9 recomendado?<\/h2>\n\n\n\n<p>N\u00e3o \u00e9 necess\u00e1rio tempo prolongado para obter benef\u00edcios consistentes. A maioria das diretrizes em cronobiologia indica de 15 a 30 minutos de exposi\u00e7\u00e3o direta nas primeiras horas ap\u00f3s acordar, preferencialmente at\u00e9 60 minutos depois do despertar.<\/p>\n\n\n\n<p>Em dias nublados, o tempo pode ser estendido para 30 a 45 minutos, j\u00e1 que a intensidade luminosa cai. Mesmo nessas condi\u00e7\u00f5es, a luz natural ainda \u00e9 v\u00e1rias vezes mais intensa que a ilumina\u00e7\u00e3o interna mais brilhante, sendo suficiente para sinalizar o in\u00edcio do dia ao c\u00e9rebro.<\/p>\n\n\n\n<h2 class=\"wp-block-heading\">Como incorporar o h\u00e1bito \u00e0 rotina di\u00e1ria?<\/h2>\n\n\n\n<p>Pequenas mudan\u00e7as bastam para aproveitar os efeitos da luz matinal sobre o sono noturno. O importante \u00e9 tornar a exposi\u00e7\u00e3o parte natural da manh\u00e3, de forma constante e segura, evitando hor\u00e1rios de radia\u00e7\u00e3o muito intensa.<\/p>\n\n\n\n<ul class=\"wp-block-list\">\n<li><strong>Caminhar ao ar livre:<\/strong> 15 a 30 minutos logo ap\u00f3s acordar.<\/li>\n\n\n\n<li><strong>Tomar caf\u00e9 da manh\u00e3 pr\u00f3ximo \u00e0 janela:<\/strong> com a abertura voltada para o sol.<\/li>\n\n\n\n<li><strong>Abrir cortinas imediatamente:<\/strong> permitindo que a luz natural inunde o quarto.<\/li>\n\n\n\n<li><strong>Exercitar-se ao ar livre:<\/strong> refor\u00e7a o est\u00edmulo luminoso e o efeito do cortisol.<\/li>\n\n\n\n<li><strong>Evitar \u00f3culos escuros nos primeiros minutos:<\/strong> a luz precisa atingir a retina diretamente.<\/li>\n\n\n\n<li><strong>Reduzir telas \u00e0 noite:<\/strong> luz azul tardia desfaz parte do efeito da luz matinal.<\/li>\n\n\n\n<li><strong>Manter hor\u00e1rio fixo de despertar:<\/strong> refor\u00e7a a previsibilidade do est\u00edmulo luminoso.<\/li>\n<\/ul>\n\n\n\n<p>O h\u00e1bito \u00e9 especialmente \u00fatil para quem sofre com ins\u00f4nia, jet lag ou trabalho em turnos, condi\u00e7\u00f5es em que o uso correto da <a href=\"https:\/\/www.tuasaude.com\/melatonina\/\" target=\"_blank\" rel=\"noreferrer noopener\">melatonina<\/a> tamb\u00e9m pode ser orientado por um m\u00e9dico para complementar o reajuste do ciclo.<\/p>\n\n\n\n<p><em>Este conte\u00fado tem car\u00e1ter apenas informativo e n\u00e3o substitui a avalia\u00e7\u00e3o, o diagn\u00f3stico ou o tratamento realizado por um profissional de sa\u00fade qualificado. Consulte sempre um m\u00e9dico diante de queixas persistentes de sono ou altera\u00e7\u00f5es no ritmo circadiano.<\/em><\/p>\n\n\n\n<p><\/p>\n","protected":false},"excerpt":{"rendered":"<p>A exposi\u00e7\u00e3o \u00e0 luz natural logo ao amanhecer \u00e9 considerada pela cronobiologia o principal sincronizador do rel\u00f3gio biol\u00f3gico humano. Quando a luz atinge a retina nas primeiras horas do dia, ela suprime a melatonina residual, eleva o cortisol no momento certo e programa a gl\u00e2ndula pineal para liberar melatonina cerca de 14 a 16 horas [&hellip;]<\/p>\n","protected":false},"author":11,"featured_media":29449,"comment_status":"open","ping_status":"open","sticky":false,"template":"","format":"standard","meta":{"_yoast_wpseo_focuskw":"luz solar","_yoast_wpseo_title":"","_yoast_wpseo_metadesc":"A luz solar pela manh\u00e3 sincroniza o ritmo circadiano, suprime melatonina e melhora o sono noturno de forma natural.","jnews-multi-image_gallery":[],"jnews_single_post":{"format":"standard"},"jnews_primary_category":[],"jnews_social_meta":[],"jnews_override_counter":[],"footnotes":""},"categories":[111],"tags":[5926,1174,1086,116],"class_list":["post-29239","post","type-post","status-publish","format-standard","has-post-thumbnail","hentry","category-saude","tag-luz-solar","tag-ritmo-circadiano","tag-saude-do-sono","tag-sono"],"yoast_head":"<!-- This site is optimized with the Yoast SEO plugin v26.7 - https:\/\/yoast.com\/wordpress\/plugins\/seo\/ -->\n<title>Os cientistas concordam: &quot;A exposi\u00e7\u00e3o \u00e0 luz solar pela manh\u00e3 ancora o ritmo circadiano e melhora o sono noturno\u201d - Tua Sa\u00fade<\/title>\n<meta name=\"description\" content=\"A luz solar pela manh\u00e3 sincroniza o ritmo circadiano, suprime melatonina e melhora o sono noturno de forma natural.\" \/>\n<meta name=\"robots\" content=\"index, follow, max-snippet:-1, max-image-preview:large, max-video-preview:-1\" \/>\n<link rel=\"canonical\" href=\"https:\/\/www.tuasaude.com\/news\/2026\/04\/28\/os-cientistas-concordam-a-exposicao-a-luz-solar-pela-manha-ancora-o-ritmo-circadiano-e-melhora-o-sono-noturno\/\" \/>\n<meta property=\"og:locale\" content=\"pt_BR\" \/>\n<meta property=\"og:type\" content=\"article\" \/>\n<meta property=\"og:title\" content=\"Os cientistas concordam: &quot;A exposi\u00e7\u00e3o \u00e0 luz solar pela manh\u00e3 ancora o ritmo circadiano e melhora o sono noturno\u201d - Tua Sa\u00fade\" \/>\n<meta property=\"og:description\" content=\"A luz solar pela manh\u00e3 sincroniza o ritmo circadiano, suprime melatonina e melhora o sono noturno de forma natural.\" \/>\n<meta property=\"og:url\" content=\"https:\/\/www.tuasaude.com\/news\/2026\/04\/28\/os-cientistas-concordam-a-exposicao-a-luz-solar-pela-manha-ancora-o-ritmo-circadiano-e-melhora-o-sono-noturno\/\" \/>\n<meta property=\"og:site_name\" content=\"Tua Sa\u00fade\" \/>\n<meta property=\"article:published_time\" content=\"2026-04-28T20:55:00+00:00\" \/>\n<meta property=\"og:image\" content=\"https:\/\/www.tuasaude.com\/news\/wp-content\/uploads\/2026\/04\/freepik_illustration-nonphotoreal_2877044967.jpg\" \/>\n\t<meta property=\"og:image:width\" content=\"1280\" \/>\n\t<meta property=\"og:image:height\" content=\"714\" \/>\n\t<meta property=\"og:image:type\" content=\"image\/jpeg\" \/>\n<meta name=\"author\" content=\"Gessika Julia Carvalho\" \/>\n<meta name=\"twitter:card\" content=\"summary_large_image\" \/>\n<meta name=\"twitter:label1\" content=\"Escrito por\" \/>\n\t<meta name=\"twitter:data1\" content=\"Gessika Julia Carvalho\" \/>\n\t<meta name=\"twitter:label2\" content=\"Est. tempo de leitura\" \/>\n\t<meta name=\"twitter:data2\" content=\"5 minutos\" \/>\n<!-- \/ Yoast SEO plugin. -->","yoast_head_json":{"title":"Os cientistas concordam: \"A exposi\u00e7\u00e3o \u00e0 luz solar pela manh\u00e3 ancora o ritmo circadiano e melhora o sono noturno\u201d - Tua Sa\u00fade","description":"A luz solar pela manh\u00e3 sincroniza o ritmo circadiano, suprime melatonina e melhora o sono noturno de forma natural.","robots":{"index":"index","follow":"follow","max-snippet":"max-snippet:-1","max-image-preview":"max-image-preview:large","max-video-preview":"max-video-preview:-1"},"canonical":"https:\/\/www.tuasaude.com\/news\/2026\/04\/28\/os-cientistas-concordam-a-exposicao-a-luz-solar-pela-manha-ancora-o-ritmo-circadiano-e-melhora-o-sono-noturno\/","og_locale":"pt_BR","og_type":"article","og_title":"Os cientistas concordam: \"A exposi\u00e7\u00e3o \u00e0 luz solar pela manh\u00e3 ancora o ritmo circadiano e melhora o sono noturno\u201d - Tua Sa\u00fade","og_description":"A luz solar pela manh\u00e3 sincroniza o ritmo circadiano, suprime melatonina e melhora o sono noturno de forma natural.","og_url":"https:\/\/www.tuasaude.com\/news\/2026\/04\/28\/os-cientistas-concordam-a-exposicao-a-luz-solar-pela-manha-ancora-o-ritmo-circadiano-e-melhora-o-sono-noturno\/","og_site_name":"Tua Sa\u00fade","article_published_time":"2026-04-28T20:55:00+00:00","og_image":[{"width":1280,"height":714,"url":"https:\/\/www.tuasaude.com\/news\/wp-content\/uploads\/2026\/04\/freepik_illustration-nonphotoreal_2877044967.jpg","type":"image\/jpeg"}],"author":"Gessika Julia Carvalho","twitter_card":"summary_large_image","twitter_misc":{"Escrito por":"Gessika Julia Carvalho","Est. tempo de leitura":"5 minutos"},"schema":{"@context":"https:\/\/schema.org","@graph":[{"@type":"Article","@id":"https:\/\/www.tuasaude.com\/news\/2026\/04\/28\/os-cientistas-concordam-a-exposicao-a-luz-solar-pela-manha-ancora-o-ritmo-circadiano-e-melhora-o-sono-noturno\/#article","isPartOf":{"@id":"https:\/\/www.tuasaude.com\/news\/2026\/04\/28\/os-cientistas-concordam-a-exposicao-a-luz-solar-pela-manha-ancora-o-ritmo-circadiano-e-melhora-o-sono-noturno\/"},"author":{"name":"Gessika Julia Carvalho","@id":"https:\/\/www.tuasaude.com\/news\/#\/schema\/person\/2e9df841be69ec84f5d20ddb8d273ac2"},"headline":"Os cientistas concordam: &#8220;A exposi\u00e7\u00e3o \u00e0 luz solar pela manh\u00e3 ancora o ritmo circadiano e melhora o sono noturno\u201d","datePublished":"2026-04-28T20:55:00+00:00","mainEntityOfPage":{"@id":"https:\/\/www.tuasaude.com\/news\/2026\/04\/28\/os-cientistas-concordam-a-exposicao-a-luz-solar-pela-manha-ancora-o-ritmo-circadiano-e-melhora-o-sono-noturno\/"},"wordCount":826,"commentCount":0,"image":{"@id":"https:\/\/www.tuasaude.com\/news\/2026\/04\/28\/os-cientistas-concordam-a-exposicao-a-luz-solar-pela-manha-ancora-o-ritmo-circadiano-e-melhora-o-sono-noturno\/#primaryimage"},"thumbnailUrl":"https:\/\/www.tuasaude.com\/news\/wp-content\/uploads\/2026\/04\/freepik_illustration-nonphotoreal_2877044967.jpg","keywords":["luz solar","ritmo circadiano","sa\u00fade do sono","sono"],"articleSection":["Sa\u00fade"],"inLanguage":"pt-BR","potentialAction":[{"@type":"CommentAction","name":"Comment","target":["https:\/\/www.tuasaude.com\/news\/2026\/04\/28\/os-cientistas-concordam-a-exposicao-a-luz-solar-pela-manha-ancora-o-ritmo-circadiano-e-melhora-o-sono-noturno\/#respond"]}]},{"@type":"WebPage","@id":"https:\/\/www.tuasaude.com\/news\/2026\/04\/28\/os-cientistas-concordam-a-exposicao-a-luz-solar-pela-manha-ancora-o-ritmo-circadiano-e-melhora-o-sono-noturno\/","url":"https:\/\/www.tuasaude.com\/news\/2026\/04\/28\/os-cientistas-concordam-a-exposicao-a-luz-solar-pela-manha-ancora-o-ritmo-circadiano-e-melhora-o-sono-noturno\/","name":"Os cientistas concordam: \"A exposi\u00e7\u00e3o \u00e0 luz solar pela manh\u00e3 ancora o ritmo circadiano e melhora o sono noturno\u201d - Tua Sa\u00fade","isPartOf":{"@id":"https:\/\/www.tuasaude.com\/news\/#website"},"primaryImageOfPage":{"@id":"https:\/\/www.tuasaude.com\/news\/2026\/04\/28\/os-cientistas-concordam-a-exposicao-a-luz-solar-pela-manha-ancora-o-ritmo-circadiano-e-melhora-o-sono-noturno\/#primaryimage"},"image":{"@id":"https:\/\/www.tuasaude.com\/news\/2026\/04\/28\/os-cientistas-concordam-a-exposicao-a-luz-solar-pela-manha-ancora-o-ritmo-circadiano-e-melhora-o-sono-noturno\/#primaryimage"},"thumbnailUrl":"https:\/\/www.tuasaude.com\/news\/wp-content\/uploads\/2026\/04\/freepik_illustration-nonphotoreal_2877044967.jpg","datePublished":"2026-04-28T20:55:00+00:00","author":{"@id":"https:\/\/www.tuasaude.com\/news\/#\/schema\/person\/2e9df841be69ec84f5d20ddb8d273ac2"},"description":"A luz solar pela manh\u00e3 sincroniza o ritmo circadiano, suprime melatonina e melhora o sono noturno de forma natural.","breadcrumb":{"@id":"https:\/\/www.tuasaude.com\/news\/2026\/04\/28\/os-cientistas-concordam-a-exposicao-a-luz-solar-pela-manha-ancora-o-ritmo-circadiano-e-melhora-o-sono-noturno\/#breadcrumb"},"inLanguage":"pt-BR","potentialAction":[{"@type":"ReadAction","target":["https:\/\/www.tuasaude.com\/news\/2026\/04\/28\/os-cientistas-concordam-a-exposicao-a-luz-solar-pela-manha-ancora-o-ritmo-circadiano-e-melhora-o-sono-noturno\/"]}]},{"@type":"ImageObject","inLanguage":"pt-BR","@id":"https:\/\/www.tuasaude.com\/news\/2026\/04\/28\/os-cientistas-concordam-a-exposicao-a-luz-solar-pela-manha-ancora-o-ritmo-circadiano-e-melhora-o-sono-noturno\/#primaryimage","url":"https:\/\/www.tuasaude.com\/news\/wp-content\/uploads\/2026\/04\/freepik_illustration-nonphotoreal_2877044967.jpg","contentUrl":"https:\/\/www.tuasaude.com\/news\/wp-content\/uploads\/2026\/04\/freepik_illustration-nonphotoreal_2877044967.jpg","width":1280,"height":714,"caption":"A luz natural pela manh\u00e3 ajuda a regular o sono e sincronizar o rel\u00f3gio biol\u00f3gico."},{"@type":"BreadcrumbList","@id":"https:\/\/www.tuasaude.com\/news\/2026\/04\/28\/os-cientistas-concordam-a-exposicao-a-luz-solar-pela-manha-ancora-o-ritmo-circadiano-e-melhora-o-sono-noturno\/#breadcrumb","itemListElement":[{"@type":"ListItem","position":1,"name":"In\u00edcio","item":"https:\/\/www.tuasaude.com\/news\/"},{"@type":"ListItem","position":2,"name":"Os cientistas concordam: &#8220;A exposi\u00e7\u00e3o \u00e0 luz solar pela manh\u00e3 ancora o ritmo circadiano e melhora o sono noturno\u201d"}]},{"@type":"WebSite","@id":"https:\/\/www.tuasaude.com\/news\/#website","url":"https:\/\/www.tuasaude.com\/news\/","name":"Tua Sa\u00fade","description":"Seu site de sa\u00fade","potentialAction":[{"@type":"SearchAction","target":{"@type":"EntryPoint","urlTemplate":"https:\/\/www.tuasaude.com\/news\/?s={search_term_string}"},"query-input":{"@type":"PropertyValueSpecification","valueRequired":true,"valueName":"search_term_string"}}],"inLanguage":"pt-BR"},{"@type":"Person","@id":"https:\/\/www.tuasaude.com\/news\/#\/schema\/person\/2e9df841be69ec84f5d20ddb8d273ac2","name":"Gessika Julia Carvalho","image":{"@type":"ImageObject","inLanguage":"pt-BR","@id":"https:\/\/www.tuasaude.com\/news\/#\/schema\/person\/image\/","url":"https:\/\/secure.gravatar.com\/avatar\/0fcc8769024577fd0bc6a8b766055690f76a8e8f29dfb2a2f89cf04db8d0f2d2?s=96&d=mm&r=g","contentUrl":"https:\/\/secure.gravatar.com\/avatar\/0fcc8769024577fd0bc6a8b766055690f76a8e8f29dfb2a2f89cf04db8d0f2d2?s=96&d=mm&r=g","caption":"Gessika Julia Carvalho"},"sameAs":["https:\/\/www.tuasaude.com\/news\/"],"url":"https:\/\/www.tuasaude.com\/news\/author\/gessika-julia\/"}]}},"_links":{"self":[{"href":"https:\/\/www.tuasaude.com\/news\/wp-json\/wp\/v2\/posts\/29239","targetHints":{"allow":["GET"]}}],"collection":[{"href":"https:\/\/www.tuasaude.com\/news\/wp-json\/wp\/v2\/posts"}],"about":[{"href":"https:\/\/www.tuasaude.com\/news\/wp-json\/wp\/v2\/types\/post"}],"author":[{"embeddable":true,"href":"https:\/\/www.tuasaude.com\/news\/wp-json\/wp\/v2\/users\/11"}],"replies":[{"embeddable":true,"href":"https:\/\/www.tuasaude.com\/news\/wp-json\/wp\/v2\/comments?post=29239"}],"version-history":[{"count":3,"href":"https:\/\/www.tuasaude.com\/news\/wp-json\/wp\/v2\/posts\/29239\/revisions"}],"predecessor-version":[{"id":29496,"href":"https:\/\/www.tuasaude.com\/news\/wp-json\/wp\/v2\/posts\/29239\/revisions\/29496"}],"wp:featuredmedia":[{"embeddable":true,"href":"https:\/\/www.tuasaude.com\/news\/wp-json\/wp\/v2\/media\/29449"}],"wp:attachment":[{"href":"https:\/\/www.tuasaude.com\/news\/wp-json\/wp\/v2\/media?parent=29239"}],"wp:term":[{"taxonomy":"category","embeddable":true,"href":"https:\/\/www.tuasaude.com\/news\/wp-json\/wp\/v2\/categories?post=29239"},{"taxonomy":"post_tag","embeddable":true,"href":"https:\/\/www.tuasaude.com\/news\/wp-json\/wp\/v2\/tags?post=29239"}],"curies":[{"name":"wp","href":"https:\/\/api.w.org\/{rel}","templated":true}]}}