{"id":29235,"date":"2026-04-28T17:30:00","date_gmt":"2026-04-28T20:30:00","guid":{"rendered":"https:\/\/www.tuasaude.com\/news\/?p=29235"},"modified":"2026-04-27T15:56:03","modified_gmt":"2026-04-27T18:56:03","slug":"apneia-do-sono-leve-o-que-e-e-como-trata-la-para-nao-confundi-la-com-ronco-inofensivo","status":"publish","type":"post","link":"https:\/\/www.tuasaude.com\/news\/2026\/04\/28\/apneia-do-sono-leve-o-que-e-e-como-trata-la-para-nao-confundi-la-com-ronco-inofensivo\/","title":{"rendered":"Apneia do sono leve: o que \u00e9 e como trat\u00e1-la para n\u00e3o confundi-la com ronco inofensivo"},"content":{"rendered":"\n<p>A apneia do sono leve \u00e9 um dist\u00farbio respirat\u00f3rio caracterizado por pausas curtas e repetidas na respira\u00e7\u00e3o durante o sono, com 5 a 15 epis\u00f3dios por hora identificados em polissonografia. Embora o ronco frequentemente acompanhe o quadro, ele sozinho n\u00e3o confirma o diagn\u00f3stico, e nem todo ronco indica apneia. Reconhecer essa diferen\u00e7a \u00e9 essencial porque a apneia leve j\u00e1 compromete a oxigena\u00e7\u00e3o noturna e a qualidade do descanso, com impacto sobre humor, concentra\u00e7\u00e3o e sa\u00fade cardiovascular ao longo do tempo. O exame de polissonografia continua sendo a refer\u00eancia para confirmar o quadro e definir o tratamento adequado.<\/p>\n\n\n\n<h2 class=\"wp-block-heading\">O que define a apneia do sono leve?<\/h2>\n\n\n\n<p>A condi\u00e7\u00e3o \u00e9 classificada pelo \u00edndice de apneia e hipopneia (IAH), que mede quantas pausas respirat\u00f3rias acontecem por hora de sono. No quadro leve, o IAH fica entre 5 e 15 eventos por hora, com pausas de pelo menos 10 segundos cada uma.<\/p>\n\n\n\n<p>Essas interrup\u00e7\u00f5es acontecem por colabamento das vias a\u00e9reas superiores e provocam quedas moment\u00e2neas na oxigena\u00e7\u00e3o do sangue. O c\u00e9rebro reage com microdespertares para retomar a respira\u00e7\u00e3o, fragmentando o sono mesmo quando a pessoa n\u00e3o percebe.<\/p>\n\n\n\n<h2 class=\"wp-block-heading\">Quais sintomas diferenciam o quadro do ronco simples?<\/h2>\n\n\n\n<p>O ronco prim\u00e1rio, sem apneia, gera apenas o som caracter\u00edstico, sem preju\u00edzo significativo na oxigena\u00e7\u00e3o. A apneia do sono leve, por outro lado, traz um conjunto de sintomas que se acumulam ao longo das semanas e impactam a vida diurna.<\/p>\n\n\n<div class=\"wp-block-image\">\n<figure class=\"aligncenter size-large\"><img decoding=\"async\" width=\"1024\" height=\"569\" src=\"https:\/\/www.tuasaude.com\/news\/wp-content\/uploads\/2026\/04\/convertido-31-14-1024x569.jpg\" alt=\"Quais sintomas diferenciam o quadro do ronco simples?\" class=\"wp-image-29237\" srcset=\"https:\/\/www.tuasaude.com\/news\/wp-content\/uploads\/2026\/04\/convertido-31-14-1024x569.jpg 1024w, https:\/\/www.tuasaude.com\/news\/wp-content\/uploads\/2026\/04\/convertido-31-14-300x167.jpg 300w, https:\/\/www.tuasaude.com\/news\/wp-content\/uploads\/2026\/04\/convertido-31-14-768x427.jpg 768w, https:\/\/www.tuasaude.com\/news\/wp-content\/uploads\/2026\/04\/convertido-31-14-750x417.jpg 750w, https:\/\/www.tuasaude.com\/news\/wp-content\/uploads\/2026\/04\/convertido-31-14-1140x633.jpg 1140w, https:\/\/www.tuasaude.com\/news\/wp-content\/uploads\/2026\/04\/convertido-31-14.jpg 1280w\" sizes=\"(max-width: 1024px) 100vw, 1024px\" \/><figcaption class=\"wp-element-caption\">Quais sintomas diferenciam o quadro do ronco simples?<\/figcaption><\/figure>\n<\/div>\n\n\n<p>Esses sinais costumam se sobrepor a outros <a href=\"https:\/\/www.tuasaude.com\/disturbios-do-sono\/\" target=\"_blank\" rel=\"noreferrer noopener\">dist\u00farbios do sono<\/a>, o que refor\u00e7a a import\u00e2ncia da avalia\u00e7\u00e3o m\u00e9dica para diagn\u00f3stico correto.<\/p>\n\n\n\n<h2 class=\"wp-block-heading\">Como o diagn\u00f3stico \u00e9 feito corretamente?<\/h2>\n\n\n\n<p>O diagn\u00f3stico n\u00e3o pode se basear apenas no relato de ronco ou em sintomas isolados. A polissonografia \u00e9 o exame padr\u00e3o-ouro e mede simultaneamente padr\u00e3o respirat\u00f3rio, esfor\u00e7o tor\u00e1cico, oxigena\u00e7\u00e3o, frequ\u00eancia card\u00edaca, atividade cerebral e movimentos oculares ao longo da noite.<\/p>\n\n\n\n<p>Em casos selecionados, dispositivos port\u00e1teis para uso domiciliar oferecem alternativa v\u00e1lida, especialmente quando a probabilidade cl\u00ednica de apneia \u00e9 alta. O exame quantifica o IAH e classifica o dist\u00farbio em leve, moderado ou grave, orientando a escolha terap\u00eautica.<\/p>\n\n\n<div class=\"wp-block-image\">\n<figure class=\"aligncenter size-large\"><img decoding=\"async\" width=\"1024\" height=\"571\" src=\"https:\/\/www.tuasaude.com\/news\/wp-content\/uploads\/2026\/04\/freepik_ilustracao-nao-fotorealis_2875902180-1024x571.jpg\" alt=\"Apneia do sono leve: o que \u00e9 e como trat\u00e1-la para n\u00e3o confundi-la com ronco inofensivo\" class=\"wp-image-29304\" srcset=\"https:\/\/www.tuasaude.com\/news\/wp-content\/uploads\/2026\/04\/freepik_ilustracao-nao-fotorealis_2875902180-1024x571.jpg 1024w, https:\/\/www.tuasaude.com\/news\/wp-content\/uploads\/2026\/04\/freepik_ilustracao-nao-fotorealis_2875902180-300x167.jpg 300w, https:\/\/www.tuasaude.com\/news\/wp-content\/uploads\/2026\/04\/freepik_ilustracao-nao-fotorealis_2875902180-768x428.jpg 768w, https:\/\/www.tuasaude.com\/news\/wp-content\/uploads\/2026\/04\/freepik_ilustracao-nao-fotorealis_2875902180-750x418.jpg 750w, https:\/\/www.tuasaude.com\/news\/wp-content\/uploads\/2026\/04\/freepik_ilustracao-nao-fotorealis_2875902180-1140x636.jpg 1140w, https:\/\/www.tuasaude.com\/news\/wp-content\/uploads\/2026\/04\/freepik_ilustracao-nao-fotorealis_2875902180.jpg 1280w\" sizes=\"(max-width: 1024px) 100vw, 1024px\" \/><figcaption class=\"wp-element-caption\">A apneia do sono leve provoca pausas respirat\u00f3rias que afetam a oxigena\u00e7\u00e3o e a qualidade do sono.<\/figcaption><\/figure>\n<\/div>\n\n\n<h2 class=\"wp-block-heading\">O que diz a ci\u00eancia sobre tratar a apneia leve?<\/h2>\n\n\n\n<p>Por muito tempo se discutiu se o tratamento da apneia leve traria benef\u00edcios concretos para al\u00e9m do conforto do sono. Pesquisas atuais mostram que mesmo formas leves merecem abordagem ativa, com impacto direto na prote\u00e7\u00e3o cardiovascular a longo prazo.<\/p>\n\n\n\n<p>Segundo o estudo <a href=\"https:\/\/pubmed.ncbi.nlm.nih.gov\/17673692\/\" target=\"_blank\" rel=\"noreferrer noopener\">Continuous positive airway pressure treatment of mild to moderate obstructive sleep apnea reduces cardiovascular risk<\/a>, publicado no American Journal of Respiratory and Critical Care Medicine e indexado no PubMed, pacientes com apneia leve a moderada que receberam tratamento apresentaram redu\u00e7\u00e3o significativa de eventos cardiovasculares ao longo de 10 anos, em compara\u00e7\u00e3o com os n\u00e3o tratados. Os achados refor\u00e7am que o quadro n\u00e3o deve ser subestimado mesmo em sua forma inicial.<\/p>\n\n\n\n<h2 class=\"wp-block-heading\">Quais op\u00e7\u00f5es de tratamento est\u00e3o dispon\u00edveis?<\/h2>\n\n\n\n<p>O tratamento da apneia leve costuma come\u00e7ar por medidas comportamentais e dispositivos menos invasivos, com escalonamento conforme a resposta cl\u00ednica. A combina\u00e7\u00e3o de estrat\u00e9gias \u00e9 frequentemente mais eficaz que uma \u00fanica interven\u00e7\u00e3o isolada.<\/p>\n\n\n\n<ul class=\"wp-block-list\">\n<li><strong>Perda de peso:<\/strong> reduz a gordura cervical e a press\u00e3o sobre as vias a\u00e9reas.<\/li>\n\n\n\n<li><strong>Dormir de lado:<\/strong> evita o relaxamento da l\u00edngua sobre a faringe.<\/li>\n\n\n\n<li><strong>Aparelhos intraorais:<\/strong> avan\u00e7am a mand\u00edbula e melhoram a passagem do ar.<\/li>\n\n\n\n<li><strong>CPAP:<\/strong> indicado em casos sintom\u00e1ticos ou com fatores cardiovasculares associados.<\/li>\n\n\n\n<li><strong>Higiene do sono:<\/strong> hor\u00e1rios regulares e ambiente adequado para descanso.<\/li>\n\n\n\n<li><strong>Evitar \u00e1lcool e sedativos:<\/strong> subst\u00e2ncias que relaxam excessivamente os m\u00fasculos da garganta.<\/li>\n\n\n\n<li><strong>Exerc\u00edcios f\u00edsicos regulares:<\/strong> ajudam no controle do peso e da inflama\u00e7\u00e3o sist\u00eamica.<\/li>\n<\/ul>\n\n\n\n<p>O acompanhamento cont\u00ednuo \u00e9 fundamental, e medidas naturais como dormir <a href=\"https:\/\/www.tuasaude.com\/solucao-natural-para-apneia\/\" target=\"_blank\" rel=\"noreferrer noopener\">de lado para combater a apneia<\/a> complementam, mas n\u00e3o substituem, a orienta\u00e7\u00e3o m\u00e9dica especializada.<\/p>\n\n\n\n<p><em>Este conte\u00fado tem car\u00e1ter apenas informativo e n\u00e3o substitui a avalia\u00e7\u00e3o, o diagn\u00f3stico ou o tratamento realizado por um profissional de sa\u00fade qualificado. Consulte sempre um m\u00e9dico do sono diante de ronco frequente, sonol\u00eancia diurna ou pausas respirat\u00f3rias durante o sono.<\/em><\/p>\n","protected":false},"excerpt":{"rendered":"<p>A apneia do sono leve \u00e9 um dist\u00farbio respirat\u00f3rio caracterizado por pausas curtas e repetidas na respira\u00e7\u00e3o durante o sono, com 5 a 15 epis\u00f3dios por hora identificados em polissonografia. Embora o ronco frequentemente acompanhe o quadro, ele sozinho n\u00e3o confirma o diagn\u00f3stico, e nem todo ronco indica apneia. Reconhecer essa diferen\u00e7a \u00e9 essencial porque [&hellip;]<\/p>\n","protected":false},"author":11,"featured_media":29302,"comment_status":"open","ping_status":"open","sticky":false,"template":"","format":"standard","meta":{"_yoast_wpseo_focuskw":"apneia do sono leve","_yoast_wpseo_title":"","_yoast_wpseo_metadesc":"Apneia do sono leve provoca 5 a 15 pausas respirat\u00f3rias por hora e compromete a oxigena\u00e7\u00e3o noturna, diferente do ronco simples.","jnews-multi-image_gallery":[],"jnews_single_post":{"format":"standard"},"jnews_primary_category":[],"jnews_social_meta":[],"jnews_override_counter":[],"footnotes":""},"categories":[111],"tags":[1189,2245,136,1086],"class_list":["post-29235","post","type-post","status-publish","format-standard","has-post-thumbnail","hentry","category-saude","tag-apneia-do-sono","tag-ronco","tag-saude","tag-saude-do-sono"],"yoast_head":"<!-- This site is optimized with the Yoast SEO plugin v26.7 - https:\/\/yoast.com\/wordpress\/plugins\/seo\/ -->\n<title>Apneia do sono leve: o que \u00e9 e como trat\u00e1-la para n\u00e3o confundi-la com ronco inofensivo - Tua Sa\u00fade<\/title>\n<meta name=\"description\" content=\"Apneia do sono leve provoca 5 a 15 pausas respirat\u00f3rias por hora e compromete a oxigena\u00e7\u00e3o noturna, diferente do ronco simples.\" \/>\n<meta name=\"robots\" content=\"index, follow, max-snippet:-1, max-image-preview:large, max-video-preview:-1\" \/>\n<link rel=\"canonical\" href=\"https:\/\/www.tuasaude.com\/news\/2026\/04\/28\/apneia-do-sono-leve-o-que-e-e-como-trata-la-para-nao-confundi-la-com-ronco-inofensivo\/\" \/>\n<meta property=\"og:locale\" content=\"pt_BR\" \/>\n<meta property=\"og:type\" content=\"article\" \/>\n<meta property=\"og:title\" content=\"Apneia do sono leve: o que \u00e9 e como trat\u00e1-la para n\u00e3o confundi-la com ronco inofensivo - Tua Sa\u00fade\" \/>\n<meta property=\"og:description\" content=\"Apneia do sono leve provoca 5 a 15 pausas respirat\u00f3rias por hora e compromete a oxigena\u00e7\u00e3o noturna, diferente do ronco simples.\" \/>\n<meta property=\"og:url\" content=\"https:\/\/www.tuasaude.com\/news\/2026\/04\/28\/apneia-do-sono-leve-o-que-e-e-como-trata-la-para-nao-confundi-la-com-ronco-inofensivo\/\" \/>\n<meta property=\"og:site_name\" content=\"Tua Sa\u00fade\" \/>\n<meta property=\"article:published_time\" content=\"2026-04-28T20:30:00+00:00\" \/>\n<meta property=\"og:image\" content=\"https:\/\/www.tuasaude.com\/news\/wp-content\/uploads\/2026\/04\/freepik_ilustracao-nao-fotorealis_2875901651.jpg\" \/>\n\t<meta property=\"og:image:width\" content=\"1280\" \/>\n\t<meta property=\"og:image:height\" content=\"714\" \/>\n\t<meta property=\"og:image:type\" content=\"image\/jpeg\" \/>\n<meta name=\"author\" content=\"Gessika Julia Carvalho\" \/>\n<meta name=\"twitter:card\" content=\"summary_large_image\" \/>\n<meta name=\"twitter:label1\" content=\"Escrito por\" \/>\n\t<meta name=\"twitter:data1\" content=\"Gessika Julia Carvalho\" \/>\n\t<meta name=\"twitter:label2\" content=\"Est. tempo de leitura\" \/>\n\t<meta name=\"twitter:data2\" content=\"5 minutos\" \/>\n<!-- \/ Yoast SEO plugin. -->","yoast_head_json":{"title":"Apneia do sono leve: o que \u00e9 e como trat\u00e1-la para n\u00e3o confundi-la com ronco inofensivo - Tua Sa\u00fade","description":"Apneia do sono leve provoca 5 a 15 pausas respirat\u00f3rias por hora e compromete a oxigena\u00e7\u00e3o noturna, diferente do ronco simples.","robots":{"index":"index","follow":"follow","max-snippet":"max-snippet:-1","max-image-preview":"max-image-preview:large","max-video-preview":"max-video-preview:-1"},"canonical":"https:\/\/www.tuasaude.com\/news\/2026\/04\/28\/apneia-do-sono-leve-o-que-e-e-como-trata-la-para-nao-confundi-la-com-ronco-inofensivo\/","og_locale":"pt_BR","og_type":"article","og_title":"Apneia do sono leve: o que \u00e9 e como trat\u00e1-la para n\u00e3o confundi-la com ronco inofensivo - Tua Sa\u00fade","og_description":"Apneia do sono leve provoca 5 a 15 pausas respirat\u00f3rias por hora e compromete a oxigena\u00e7\u00e3o noturna, diferente do ronco simples.","og_url":"https:\/\/www.tuasaude.com\/news\/2026\/04\/28\/apneia-do-sono-leve-o-que-e-e-como-trata-la-para-nao-confundi-la-com-ronco-inofensivo\/","og_site_name":"Tua Sa\u00fade","article_published_time":"2026-04-28T20:30:00+00:00","og_image":[{"width":1280,"height":714,"url":"https:\/\/www.tuasaude.com\/news\/wp-content\/uploads\/2026\/04\/freepik_ilustracao-nao-fotorealis_2875901651.jpg","type":"image\/jpeg"}],"author":"Gessika Julia Carvalho","twitter_card":"summary_large_image","twitter_misc":{"Escrito por":"Gessika Julia Carvalho","Est. tempo de leitura":"5 minutos"},"schema":{"@context":"https:\/\/schema.org","@graph":[{"@type":"Article","@id":"https:\/\/www.tuasaude.com\/news\/2026\/04\/28\/apneia-do-sono-leve-o-que-e-e-como-trata-la-para-nao-confundi-la-com-ronco-inofensivo\/#article","isPartOf":{"@id":"https:\/\/www.tuasaude.com\/news\/2026\/04\/28\/apneia-do-sono-leve-o-que-e-e-como-trata-la-para-nao-confundi-la-com-ronco-inofensivo\/"},"author":{"name":"Gessika Julia Carvalho","@id":"https:\/\/www.tuasaude.com\/news\/#\/schema\/person\/2e9df841be69ec84f5d20ddb8d273ac2"},"headline":"Apneia do sono leve: o que \u00e9 e como trat\u00e1-la para n\u00e3o confundi-la com ronco inofensivo","datePublished":"2026-04-28T20:30:00+00:00","mainEntityOfPage":{"@id":"https:\/\/www.tuasaude.com\/news\/2026\/04\/28\/apneia-do-sono-leve-o-que-e-e-como-trata-la-para-nao-confundi-la-com-ronco-inofensivo\/"},"wordCount":761,"commentCount":0,"image":{"@id":"https:\/\/www.tuasaude.com\/news\/2026\/04\/28\/apneia-do-sono-leve-o-que-e-e-como-trata-la-para-nao-confundi-la-com-ronco-inofensivo\/#primaryimage"},"thumbnailUrl":"https:\/\/www.tuasaude.com\/news\/wp-content\/uploads\/2026\/04\/freepik_ilustracao-nao-fotorealis_2875901651.jpg","keywords":["apneia do sono","ronco","sa\u00fade","sa\u00fade do sono"],"articleSection":["Sa\u00fade"],"inLanguage":"pt-BR","potentialAction":[{"@type":"CommentAction","name":"Comment","target":["https:\/\/www.tuasaude.com\/news\/2026\/04\/28\/apneia-do-sono-leve-o-que-e-e-como-trata-la-para-nao-confundi-la-com-ronco-inofensivo\/#respond"]}]},{"@type":"WebPage","@id":"https:\/\/www.tuasaude.com\/news\/2026\/04\/28\/apneia-do-sono-leve-o-que-e-e-como-trata-la-para-nao-confundi-la-com-ronco-inofensivo\/","url":"https:\/\/www.tuasaude.com\/news\/2026\/04\/28\/apneia-do-sono-leve-o-que-e-e-como-trata-la-para-nao-confundi-la-com-ronco-inofensivo\/","name":"Apneia do sono leve: o que \u00e9 e como trat\u00e1-la para n\u00e3o confundi-la com ronco inofensivo - Tua Sa\u00fade","isPartOf":{"@id":"https:\/\/www.tuasaude.com\/news\/#website"},"primaryImageOfPage":{"@id":"https:\/\/www.tuasaude.com\/news\/2026\/04\/28\/apneia-do-sono-leve-o-que-e-e-como-trata-la-para-nao-confundi-la-com-ronco-inofensivo\/#primaryimage"},"image":{"@id":"https:\/\/www.tuasaude.com\/news\/2026\/04\/28\/apneia-do-sono-leve-o-que-e-e-como-trata-la-para-nao-confundi-la-com-ronco-inofensivo\/#primaryimage"},"thumbnailUrl":"https:\/\/www.tuasaude.com\/news\/wp-content\/uploads\/2026\/04\/freepik_ilustracao-nao-fotorealis_2875901651.jpg","datePublished":"2026-04-28T20:30:00+00:00","author":{"@id":"https:\/\/www.tuasaude.com\/news\/#\/schema\/person\/2e9df841be69ec84f5d20ddb8d273ac2"},"description":"Apneia do sono leve provoca 5 a 15 pausas respirat\u00f3rias por hora e compromete a oxigena\u00e7\u00e3o noturna, diferente do ronco simples.","breadcrumb":{"@id":"https:\/\/www.tuasaude.com\/news\/2026\/04\/28\/apneia-do-sono-leve-o-que-e-e-como-trata-la-para-nao-confundi-la-com-ronco-inofensivo\/#breadcrumb"},"inLanguage":"pt-BR","potentialAction":[{"@type":"ReadAction","target":["https:\/\/www.tuasaude.com\/news\/2026\/04\/28\/apneia-do-sono-leve-o-que-e-e-como-trata-la-para-nao-confundi-la-com-ronco-inofensivo\/"]}]},{"@type":"ImageObject","inLanguage":"pt-BR","@id":"https:\/\/www.tuasaude.com\/news\/2026\/04\/28\/apneia-do-sono-leve-o-que-e-e-como-trata-la-para-nao-confundi-la-com-ronco-inofensivo\/#primaryimage","url":"https:\/\/www.tuasaude.com\/news\/wp-content\/uploads\/2026\/04\/freepik_ilustracao-nao-fotorealis_2875901651.jpg","contentUrl":"https:\/\/www.tuasaude.com\/news\/wp-content\/uploads\/2026\/04\/freepik_ilustracao-nao-fotorealis_2875901651.jpg","width":1280,"height":714,"caption":"O tratamento da apneia leve pode reduzir o risco cardiovascular a longo prazo, com medidas comportamentais e dispositivos adequados."},{"@type":"BreadcrumbList","@id":"https:\/\/www.tuasaude.com\/news\/2026\/04\/28\/apneia-do-sono-leve-o-que-e-e-como-trata-la-para-nao-confundi-la-com-ronco-inofensivo\/#breadcrumb","itemListElement":[{"@type":"ListItem","position":1,"name":"In\u00edcio","item":"https:\/\/www.tuasaude.com\/news\/"},{"@type":"ListItem","position":2,"name":"Apneia do sono leve: o que \u00e9 e como trat\u00e1-la para n\u00e3o confundi-la com ronco inofensivo"}]},{"@type":"WebSite","@id":"https:\/\/www.tuasaude.com\/news\/#website","url":"https:\/\/www.tuasaude.com\/news\/","name":"Tua Sa\u00fade","description":"Seu site de sa\u00fade","potentialAction":[{"@type":"SearchAction","target":{"@type":"EntryPoint","urlTemplate":"https:\/\/www.tuasaude.com\/news\/?s={search_term_string}"},"query-input":{"@type":"PropertyValueSpecification","valueRequired":true,"valueName":"search_term_string"}}],"inLanguage":"pt-BR"},{"@type":"Person","@id":"https:\/\/www.tuasaude.com\/news\/#\/schema\/person\/2e9df841be69ec84f5d20ddb8d273ac2","name":"Gessika Julia Carvalho","image":{"@type":"ImageObject","inLanguage":"pt-BR","@id":"https:\/\/www.tuasaude.com\/news\/#\/schema\/person\/image\/","url":"https:\/\/secure.gravatar.com\/avatar\/0fcc8769024577fd0bc6a8b766055690f76a8e8f29dfb2a2f89cf04db8d0f2d2?s=96&d=mm&r=g","contentUrl":"https:\/\/secure.gravatar.com\/avatar\/0fcc8769024577fd0bc6a8b766055690f76a8e8f29dfb2a2f89cf04db8d0f2d2?s=96&d=mm&r=g","caption":"Gessika Julia Carvalho"},"sameAs":["https:\/\/www.tuasaude.com\/news\/"],"url":"https:\/\/www.tuasaude.com\/news\/author\/gessika-julia\/"}]}},"_links":{"self":[{"href":"https:\/\/www.tuasaude.com\/news\/wp-json\/wp\/v2\/posts\/29235","targetHints":{"allow":["GET"]}}],"collection":[{"href":"https:\/\/www.tuasaude.com\/news\/wp-json\/wp\/v2\/posts"}],"about":[{"href":"https:\/\/www.tuasaude.com\/news\/wp-json\/wp\/v2\/types\/post"}],"author":[{"embeddable":true,"href":"https:\/\/www.tuasaude.com\/news\/wp-json\/wp\/v2\/users\/11"}],"replies":[{"embeddable":true,"href":"https:\/\/www.tuasaude.com\/news\/wp-json\/wp\/v2\/comments?post=29235"}],"version-history":[{"count":2,"href":"https:\/\/www.tuasaude.com\/news\/wp-json\/wp\/v2\/posts\/29235\/revisions"}],"predecessor-version":[{"id":29360,"href":"https:\/\/www.tuasaude.com\/news\/wp-json\/wp\/v2\/posts\/29235\/revisions\/29360"}],"wp:featuredmedia":[{"embeddable":true,"href":"https:\/\/www.tuasaude.com\/news\/wp-json\/wp\/v2\/media\/29302"}],"wp:attachment":[{"href":"https:\/\/www.tuasaude.com\/news\/wp-json\/wp\/v2\/media?parent=29235"}],"wp:term":[{"taxonomy":"category","embeddable":true,"href":"https:\/\/www.tuasaude.com\/news\/wp-json\/wp\/v2\/categories?post=29235"},{"taxonomy":"post_tag","embeddable":true,"href":"https:\/\/www.tuasaude.com\/news\/wp-json\/wp\/v2\/tags?post=29235"}],"curies":[{"name":"wp","href":"https:\/\/api.w.org\/{rel}","templated":true}]}}