{"id":29229,"date":"2026-04-28T17:05:00","date_gmt":"2026-04-28T20:05:00","guid":{"rendered":"https:\/\/www.tuasaude.com\/news\/?p=29229"},"modified":"2026-04-27T15:56:04","modified_gmt":"2026-04-27T18:56:04","slug":"como-e-a-falta-de-ar-causada-pelo-estresse-e-como-diferencia-la-de-um-problema-pulmonar-ou-cardiaco","status":"publish","type":"post","link":"https:\/\/www.tuasaude.com\/news\/2026\/04\/28\/como-e-a-falta-de-ar-causada-pelo-estresse-e-como-diferencia-la-de-um-problema-pulmonar-ou-cardiaco\/","title":{"rendered":"Como \u00e9 a falta de ar causada pelo estresse e como diferenci\u00e1-la de um problema pulmonar ou card\u00edaco?"},"content":{"rendered":"\n<p>A falta de ar provocada pelo estresse, conhecida como dispneia psicog\u00eanica, \u00e9 uma sensa\u00e7\u00e3o subjetiva de que o ar n\u00e3o preenche os pulm\u00f5es, mesmo com a oxigena\u00e7\u00e3o preservada. Costuma surgir em momentos de tens\u00e3o emocional, vir acompanhada de suspiros frequentes e melhorar com distra\u00e7\u00e3o ou respira\u00e7\u00e3o lenta. J\u00e1 a falta de ar de causa card\u00edaca ou pulmonar tende a piorar com o esfor\u00e7o f\u00edsico, mant\u00e9m um padr\u00e3o progressivo e geralmente est\u00e1 associada a sinais como dor no peito, tosse persistente ou incha\u00e7o nas pernas. Reconhecer essas diferen\u00e7as ajuda a evitar idas desnecess\u00e1rias ao pronto-socorro e, ao mesmo tempo, identificar quando a avalia\u00e7\u00e3o m\u00e9dica \u00e9 urgente.<\/p>\n\n\n\n<h2 class=\"wp-block-heading\">Como o estresse provoca a sensa\u00e7\u00e3o de falta de ar?<\/h2>\n\n\n\n<p>Em situa\u00e7\u00f5es de estresse e ansiedade, o corpo entra em estado de alerta e libera adrenalina e cortisol, o que acelera a respira\u00e7\u00e3o e ativa a musculatura tor\u00e1cica em vez do diafragma. Esse padr\u00e3o gera hiperventila\u00e7\u00e3o, com queda do g\u00e1s carb\u00f4nico no sangue e sensa\u00e7\u00e3o paradoxal de sufocamento.<\/p>\n\n\n\n<p>O resultado \u00e9 a impress\u00e3o de que o ar n\u00e3o desce, com necessidade de suspirar ou bocejar para completar a inspira\u00e7\u00e3o. A intensidade emocional do quadro refor\u00e7a a percep\u00e7\u00e3o do sintoma, criando um ciclo que se retroalimenta.<\/p>\n\n\n\n<h2 class=\"wp-block-heading\">Quais sintomas indicam que a origem \u00e9 emocional?<\/h2>\n\n\n\n<p>A dispneia ligada ao estresse costuma ter um padr\u00e3o caracter\u00edstico, com pistas que ajudam a diferenci\u00e1-la de problemas org\u00e2nicos. Observar quando o sintoma aparece e o que melhora ou piora a sensa\u00e7\u00e3o \u00e9 essencial.<\/p>\n\n\n<div class=\"wp-block-image\">\n<figure class=\"aligncenter size-large\"><img decoding=\"async\" width=\"1024\" height=\"402\" src=\"https:\/\/www.tuasaude.com\/news\/wp-content\/uploads\/2026\/04\/convertido-30-14-1024x402.jpg\" alt=\"Quais sintomas indicam que a origem \u00e9 emocional?\" class=\"wp-image-29230\" srcset=\"https:\/\/www.tuasaude.com\/news\/wp-content\/uploads\/2026\/04\/convertido-30-14-1024x402.jpg 1024w, https:\/\/www.tuasaude.com\/news\/wp-content\/uploads\/2026\/04\/convertido-30-14-300x118.jpg 300w, https:\/\/www.tuasaude.com\/news\/wp-content\/uploads\/2026\/04\/convertido-30-14-768x301.jpg 768w, https:\/\/www.tuasaude.com\/news\/wp-content\/uploads\/2026\/04\/convertido-30-14-750x294.jpg 750w, https:\/\/www.tuasaude.com\/news\/wp-content\/uploads\/2026\/04\/convertido-30-14-1140x447.jpg 1140w, https:\/\/www.tuasaude.com\/news\/wp-content\/uploads\/2026\/04\/convertido-30-14.jpg 1280w\" sizes=\"(max-width: 1024px) 100vw, 1024px\" \/><figcaption class=\"wp-element-caption\">Quais sintomas indicam que a origem \u00e9 emocional?<\/figcaption><\/figure>\n<\/div>\n\n\n<p>Esses sinais costumam fazer parte dos <a href=\"https:\/\/www.tuasaude.com\/sintomas-de-ansiedade\/\" target=\"_blank\" rel=\"noreferrer noopener\">sintomas de ansiedade<\/a> mais comuns, e tendem a aparecer em conjunto durante crises.<\/p>\n\n\n\n<h2 class=\"wp-block-heading\">Quais sinais apontam para causa card\u00edaca ou pulmonar?<\/h2>\n\n\n\n<p>Quando a falta de ar tem origem org\u00e2nica, ela costuma seguir um padr\u00e3o diferente, com piora consistente ao esfor\u00e7o e melhora ao repouso. Sintomas associados espec\u00edficos elevam o n\u00edvel de preocupa\u00e7\u00e3o e exigem avalia\u00e7\u00e3o m\u00e9dica imediata.<\/p>\n\n\n\n<ul class=\"wp-block-list\">\n<li><strong>Piora com esfor\u00e7o f\u00edsico:<\/strong> ao subir escadas, caminhar ou levantar objetos.<\/li>\n\n\n\n<li><strong>Dor tor\u00e1cica intensa:<\/strong> aperto que pode irradiar para o bra\u00e7o, mand\u00edbula ou costas.<\/li>\n\n\n\n<li><strong>Incha\u00e7o nos p\u00e9s e tornozelos:<\/strong> sinal frequente de insufici\u00eancia card\u00edaca.<\/li>\n\n\n\n<li><strong>Tosse persistente ou com sangue:<\/strong> indica poss\u00edvel causa pulmonar grave.<\/li>\n\n\n\n<li><strong>Chiado no peito:<\/strong> comum em asma, bronquite ou DPOC.<\/li>\n\n\n\n<li><strong>L\u00e1bios ou unhas azulados:<\/strong> indica baixa oxigena\u00e7\u00e3o e exige atendimento urgente.<\/li>\n\n\n\n<li><strong>Falta de ar ao deitar:<\/strong> carater\u00edstica da dispneia parox\u00edstica noturna card\u00edaca.<\/li>\n<\/ul>\n\n\n\n<h2 class=\"wp-block-heading\">O que diz a ci\u00eancia sobre a dispneia ansiosa?<\/h2>\n\n\n\n<p>A diferen\u00e7a entre falta de ar emocional e org\u00e2nica j\u00e1 foi estudada em pesquisas cl\u00ednicas que mapearam as caracter\u00edsticas t\u00edpicas de cada quadro, ajudando m\u00e9dicos a reduzir exames desnecess\u00e1rios. Esses estudos mostram que a dispneia psicog\u00eanica tem assinatura cl\u00ednica reconhec\u00edvel, distinta da dispneia card\u00edaca ou pulmonar.<\/p>\n\n\n\n<p>Segundo o estudo <a href=\"https:\/\/pubmed.ncbi.nlm.nih.gov\/24791552\/\" target=\"_blank\" rel=\"noreferrer noopener\">Anxiety dyspnea<\/a>, publicado na revista Harefuah e indexado no PubMed, pacientes com dispneia ansiosa apresentam padr\u00e3o caracter\u00edstico em que a falta de ar n\u00e3o est\u00e1 relacionada ao esfor\u00e7o, vem com dificuldade de encher o pulm\u00e3o e necessidade de suspiros ou bocejos para completar a respira\u00e7\u00e3o, o que ajuda a diferenciar o quadro de causas org\u00e2nicas.<\/p>\n\n\n<div class=\"wp-block-image\">\n<figure class=\"aligncenter size-large\"><img decoding=\"async\" width=\"1024\" height=\"571\" src=\"https:\/\/www.tuasaude.com\/news\/wp-content\/uploads\/2026\/04\/freepik_ilustracao-nao-fotorealis_2875903871-1024x571.jpg\" alt=\"Como \u00e9 a falta de ar causada pelo estresse e como diferenci\u00e1-la de um problema pulmonar ou card\u00edaco?\" class=\"wp-image-29305\" srcset=\"https:\/\/www.tuasaude.com\/news\/wp-content\/uploads\/2026\/04\/freepik_ilustracao-nao-fotorealis_2875903871-1024x571.jpg 1024w, https:\/\/www.tuasaude.com\/news\/wp-content\/uploads\/2026\/04\/freepik_ilustracao-nao-fotorealis_2875903871-300x167.jpg 300w, https:\/\/www.tuasaude.com\/news\/wp-content\/uploads\/2026\/04\/freepik_ilustracao-nao-fotorealis_2875903871-768x428.jpg 768w, https:\/\/www.tuasaude.com\/news\/wp-content\/uploads\/2026\/04\/freepik_ilustracao-nao-fotorealis_2875903871-750x418.jpg 750w, https:\/\/www.tuasaude.com\/news\/wp-content\/uploads\/2026\/04\/freepik_ilustracao-nao-fotorealis_2875903871-1140x636.jpg 1140w, https:\/\/www.tuasaude.com\/news\/wp-content\/uploads\/2026\/04\/freepik_ilustracao-nao-fotorealis_2875903871.jpg 1280w\" sizes=\"(max-width: 1024px) 100vw, 1024px\" \/><figcaption class=\"wp-element-caption\">A falta de ar provocada pelo estresse \u00e9 tempor\u00e1ria e melhora com respira\u00e7\u00e3o lenta e distra\u00e7\u00e3o.<\/figcaption><\/figure>\n<\/div>\n\n\n<h2 class=\"wp-block-heading\">Quando procurar atendimento m\u00e9dico?<\/h2>\n\n\n\n<p>Mesmo quando o estresse parece ser o principal gatilho, alguns sinais n\u00e3o devem ser ignorados e exigem avalia\u00e7\u00e3o r\u00e1pida. Procure pronto-socorro diante de dor tor\u00e1cica intensa, l\u00e1bios azulados, dificuldade para falar frases completas, tosse com sangue, desmaio, incha\u00e7o s\u00fabito em uma perna ou se a falta de ar surgir ap\u00f3s cirurgia ou imobiliza\u00e7\u00e3o prolongada.<\/p>\n\n\n\n<p>Em quadros recorrentes sem sinais de gravidade, a investiga\u00e7\u00e3o ambulatorial costuma incluir exame f\u00edsico, eletrocardiograma, espirometria e exames de sangue. Pessoas com diagn\u00f3stico pr\u00e9vio de asma, DPOC ou doen\u00e7a card\u00edaca devem ter limiar mais baixo para buscar avalia\u00e7\u00e3o. Saiba tamb\u00e9m identificar diferentes <a href=\"https:\/\/www.tuasaude.com\/causas-do-estresse\/\" target=\"_blank\" rel=\"noreferrer noopener\">causas do estresse<\/a> que podem desencadear sintomas f\u00edsicos persistentes.<\/p>\n\n\n\n<p><em>Este conte\u00fado tem car\u00e1ter apenas informativo e n\u00e3o substitui a avalia\u00e7\u00e3o, o diagn\u00f3stico ou o tratamento realizado por um profissional de sa\u00fade qualificado. Diante de falta de ar intensa ou persistente, procure atendimento m\u00e9dico imediato.<\/em><\/p>\n","protected":false},"excerpt":{"rendered":"<p>A falta de ar provocada pelo estresse, conhecida como dispneia psicog\u00eanica, \u00e9 uma sensa\u00e7\u00e3o subjetiva de que o ar n\u00e3o preenche os pulm\u00f5es, mesmo com a oxigena\u00e7\u00e3o preservada. Costuma surgir em momentos de tens\u00e3o emocional, vir acompanhada de suspiros frequentes e melhorar com distra\u00e7\u00e3o ou respira\u00e7\u00e3o lenta. J\u00e1 a falta de ar de causa card\u00edaca [&hellip;]<\/p>\n","protected":false},"author":11,"featured_media":29306,"comment_status":"open","ping_status":"open","sticky":false,"template":"","format":"standard","meta":{"_yoast_wpseo_focuskw":"falta de ar causada pelo estresse","_yoast_wpseo_title":"","_yoast_wpseo_metadesc":"A falta de ar causada pelo estresse surge em repouso e melhora com respira\u00e7\u00e3o lenta, diferente da dispneia card\u00edaca ou pulmonar.","jnews-multi-image_gallery":[],"jnews_single_post":{"format":"standard"},"jnews_primary_category":[],"jnews_social_meta":[],"jnews_override_counter":[],"footnotes":""},"categories":[111],"tags":[2624,177,447,6256],"class_list":["post-29229","post","type-post","status-publish","format-standard","has-post-thumbnail","hentry","category-saude","tag-doencas-cardiacas","tag-estresse","tag-falta-de-ar","tag-problema-pulmonar"],"yoast_head":"<!-- This site is optimized with the Yoast SEO plugin v26.7 - https:\/\/yoast.com\/wordpress\/plugins\/seo\/ -->\n<title>Como \u00e9 a falta de ar causada pelo estresse e como diferenci\u00e1-la de um problema pulmonar ou card\u00edaco? - Tua Sa\u00fade<\/title>\n<meta name=\"description\" content=\"A falta de ar causada pelo estresse surge em repouso e melhora com respira\u00e7\u00e3o lenta, diferente da dispneia card\u00edaca ou pulmonar.\" \/>\n<meta name=\"robots\" content=\"index, follow, max-snippet:-1, max-image-preview:large, max-video-preview:-1\" \/>\n<link rel=\"canonical\" href=\"https:\/\/www.tuasaude.com\/news\/2026\/04\/28\/como-e-a-falta-de-ar-causada-pelo-estresse-e-como-diferencia-la-de-um-problema-pulmonar-ou-cardiaco\/\" \/>\n<meta property=\"og:locale\" content=\"pt_BR\" \/>\n<meta property=\"og:type\" content=\"article\" \/>\n<meta property=\"og:title\" content=\"Como \u00e9 a falta de ar causada pelo estresse e como diferenci\u00e1-la de um problema pulmonar ou card\u00edaco? - Tua Sa\u00fade\" \/>\n<meta property=\"og:description\" content=\"A falta de ar causada pelo estresse surge em repouso e melhora com respira\u00e7\u00e3o lenta, diferente da dispneia card\u00edaca ou pulmonar.\" \/>\n<meta property=\"og:url\" content=\"https:\/\/www.tuasaude.com\/news\/2026\/04\/28\/como-e-a-falta-de-ar-causada-pelo-estresse-e-como-diferencia-la-de-um-problema-pulmonar-ou-cardiaco\/\" \/>\n<meta property=\"og:site_name\" content=\"Tua Sa\u00fade\" \/>\n<meta property=\"article:published_time\" content=\"2026-04-28T20:05:00+00:00\" \/>\n<meta property=\"og:image\" content=\"https:\/\/www.tuasaude.com\/news\/wp-content\/uploads\/2026\/04\/freepik_ilustracao-nao-fotorealis_2875904603.jpg\" \/>\n\t<meta property=\"og:image:width\" content=\"1280\" \/>\n\t<meta property=\"og:image:height\" content=\"714\" \/>\n\t<meta property=\"og:image:type\" content=\"image\/jpeg\" \/>\n<meta name=\"author\" content=\"Gessika Julia Carvalho\" \/>\n<meta name=\"twitter:card\" content=\"summary_large_image\" \/>\n<meta name=\"twitter:label1\" content=\"Escrito por\" \/>\n\t<meta name=\"twitter:data1\" content=\"Gessika Julia Carvalho\" \/>\n\t<meta name=\"twitter:label2\" content=\"Est. tempo de leitura\" \/>\n\t<meta name=\"twitter:data2\" content=\"5 minutos\" \/>\n<!-- \/ Yoast SEO plugin. -->","yoast_head_json":{"title":"Como \u00e9 a falta de ar causada pelo estresse e como diferenci\u00e1-la de um problema pulmonar ou card\u00edaco? - Tua Sa\u00fade","description":"A falta de ar causada pelo estresse surge em repouso e melhora com respira\u00e7\u00e3o lenta, diferente da dispneia card\u00edaca ou pulmonar.","robots":{"index":"index","follow":"follow","max-snippet":"max-snippet:-1","max-image-preview":"max-image-preview:large","max-video-preview":"max-video-preview:-1"},"canonical":"https:\/\/www.tuasaude.com\/news\/2026\/04\/28\/como-e-a-falta-de-ar-causada-pelo-estresse-e-como-diferencia-la-de-um-problema-pulmonar-ou-cardiaco\/","og_locale":"pt_BR","og_type":"article","og_title":"Como \u00e9 a falta de ar causada pelo estresse e como diferenci\u00e1-la de um problema pulmonar ou card\u00edaco? - Tua Sa\u00fade","og_description":"A falta de ar causada pelo estresse surge em repouso e melhora com respira\u00e7\u00e3o lenta, diferente da dispneia card\u00edaca ou pulmonar.","og_url":"https:\/\/www.tuasaude.com\/news\/2026\/04\/28\/como-e-a-falta-de-ar-causada-pelo-estresse-e-como-diferencia-la-de-um-problema-pulmonar-ou-cardiaco\/","og_site_name":"Tua Sa\u00fade","article_published_time":"2026-04-28T20:05:00+00:00","og_image":[{"width":1280,"height":714,"url":"https:\/\/www.tuasaude.com\/news\/wp-content\/uploads\/2026\/04\/freepik_ilustracao-nao-fotorealis_2875904603.jpg","type":"image\/jpeg"}],"author":"Gessika Julia Carvalho","twitter_card":"summary_large_image","twitter_misc":{"Escrito por":"Gessika Julia Carvalho","Est. tempo de leitura":"5 minutos"},"schema":{"@context":"https:\/\/schema.org","@graph":[{"@type":"Article","@id":"https:\/\/www.tuasaude.com\/news\/2026\/04\/28\/como-e-a-falta-de-ar-causada-pelo-estresse-e-como-diferencia-la-de-um-problema-pulmonar-ou-cardiaco\/#article","isPartOf":{"@id":"https:\/\/www.tuasaude.com\/news\/2026\/04\/28\/como-e-a-falta-de-ar-causada-pelo-estresse-e-como-diferencia-la-de-um-problema-pulmonar-ou-cardiaco\/"},"author":{"name":"Gessika Julia Carvalho","@id":"https:\/\/www.tuasaude.com\/news\/#\/schema\/person\/2e9df841be69ec84f5d20ddb8d273ac2"},"headline":"Como \u00e9 a falta de ar causada pelo estresse e como diferenci\u00e1-la de um problema pulmonar ou card\u00edaco?","datePublished":"2026-04-28T20:05:00+00:00","mainEntityOfPage":{"@id":"https:\/\/www.tuasaude.com\/news\/2026\/04\/28\/como-e-a-falta-de-ar-causada-pelo-estresse-e-como-diferencia-la-de-um-problema-pulmonar-ou-cardiaco\/"},"wordCount":782,"commentCount":0,"image":{"@id":"https:\/\/www.tuasaude.com\/news\/2026\/04\/28\/como-e-a-falta-de-ar-causada-pelo-estresse-e-como-diferencia-la-de-um-problema-pulmonar-ou-cardiaco\/#primaryimage"},"thumbnailUrl":"https:\/\/www.tuasaude.com\/news\/wp-content\/uploads\/2026\/04\/freepik_ilustracao-nao-fotorealis_2875904603.jpg","keywords":["doen\u00e7as card\u00edacas","estresse","falta de ar","problema pulmonar"],"articleSection":["Sa\u00fade"],"inLanguage":"pt-BR","potentialAction":[{"@type":"CommentAction","name":"Comment","target":["https:\/\/www.tuasaude.com\/news\/2026\/04\/28\/como-e-a-falta-de-ar-causada-pelo-estresse-e-como-diferencia-la-de-um-problema-pulmonar-ou-cardiaco\/#respond"]}]},{"@type":"WebPage","@id":"https:\/\/www.tuasaude.com\/news\/2026\/04\/28\/como-e-a-falta-de-ar-causada-pelo-estresse-e-como-diferencia-la-de-um-problema-pulmonar-ou-cardiaco\/","url":"https:\/\/www.tuasaude.com\/news\/2026\/04\/28\/como-e-a-falta-de-ar-causada-pelo-estresse-e-como-diferencia-la-de-um-problema-pulmonar-ou-cardiaco\/","name":"Como \u00e9 a falta de ar causada pelo estresse e como diferenci\u00e1-la de um problema pulmonar ou card\u00edaco? - Tua Sa\u00fade","isPartOf":{"@id":"https:\/\/www.tuasaude.com\/news\/#website"},"primaryImageOfPage":{"@id":"https:\/\/www.tuasaude.com\/news\/2026\/04\/28\/como-e-a-falta-de-ar-causada-pelo-estresse-e-como-diferencia-la-de-um-problema-pulmonar-ou-cardiaco\/#primaryimage"},"image":{"@id":"https:\/\/www.tuasaude.com\/news\/2026\/04\/28\/como-e-a-falta-de-ar-causada-pelo-estresse-e-como-diferencia-la-de-um-problema-pulmonar-ou-cardiaco\/#primaryimage"},"thumbnailUrl":"https:\/\/www.tuasaude.com\/news\/wp-content\/uploads\/2026\/04\/freepik_ilustracao-nao-fotorealis_2875904603.jpg","datePublished":"2026-04-28T20:05:00+00:00","author":{"@id":"https:\/\/www.tuasaude.com\/news\/#\/schema\/person\/2e9df841be69ec84f5d20ddb8d273ac2"},"description":"A falta de ar causada pelo estresse surge em repouso e melhora com respira\u00e7\u00e3o lenta, diferente da dispneia card\u00edaca ou pulmonar.","breadcrumb":{"@id":"https:\/\/www.tuasaude.com\/news\/2026\/04\/28\/como-e-a-falta-de-ar-causada-pelo-estresse-e-como-diferencia-la-de-um-problema-pulmonar-ou-cardiaco\/#breadcrumb"},"inLanguage":"pt-BR","potentialAction":[{"@type":"ReadAction","target":["https:\/\/www.tuasaude.com\/news\/2026\/04\/28\/como-e-a-falta-de-ar-causada-pelo-estresse-e-como-diferencia-la-de-um-problema-pulmonar-ou-cardiaco\/"]}]},{"@type":"ImageObject","inLanguage":"pt-BR","@id":"https:\/\/www.tuasaude.com\/news\/2026\/04\/28\/como-e-a-falta-de-ar-causada-pelo-estresse-e-como-diferencia-la-de-um-problema-pulmonar-ou-cardiaco\/#primaryimage","url":"https:\/\/www.tuasaude.com\/news\/wp-content\/uploads\/2026\/04\/freepik_ilustracao-nao-fotorealis_2875904603.jpg","contentUrl":"https:\/\/www.tuasaude.com\/news\/wp-content\/uploads\/2026\/04\/freepik_ilustracao-nao-fotorealis_2875904603.jpg","width":1280,"height":714,"caption":"Falta de ar com dor no peito e tosse persistente pode ser sinal de problema card\u00edaco ou pulmonar grave."},{"@type":"BreadcrumbList","@id":"https:\/\/www.tuasaude.com\/news\/2026\/04\/28\/como-e-a-falta-de-ar-causada-pelo-estresse-e-como-diferencia-la-de-um-problema-pulmonar-ou-cardiaco\/#breadcrumb","itemListElement":[{"@type":"ListItem","position":1,"name":"In\u00edcio","item":"https:\/\/www.tuasaude.com\/news\/"},{"@type":"ListItem","position":2,"name":"Como \u00e9 a falta de ar causada pelo estresse e como diferenci\u00e1-la de um problema pulmonar ou card\u00edaco?"}]},{"@type":"WebSite","@id":"https:\/\/www.tuasaude.com\/news\/#website","url":"https:\/\/www.tuasaude.com\/news\/","name":"Tua Sa\u00fade","description":"Seu site de sa\u00fade","potentialAction":[{"@type":"SearchAction","target":{"@type":"EntryPoint","urlTemplate":"https:\/\/www.tuasaude.com\/news\/?s={search_term_string}"},"query-input":{"@type":"PropertyValueSpecification","valueRequired":true,"valueName":"search_term_string"}}],"inLanguage":"pt-BR"},{"@type":"Person","@id":"https:\/\/www.tuasaude.com\/news\/#\/schema\/person\/2e9df841be69ec84f5d20ddb8d273ac2","name":"Gessika Julia Carvalho","image":{"@type":"ImageObject","inLanguage":"pt-BR","@id":"https:\/\/www.tuasaude.com\/news\/#\/schema\/person\/image\/","url":"https:\/\/secure.gravatar.com\/avatar\/0fcc8769024577fd0bc6a8b766055690f76a8e8f29dfb2a2f89cf04db8d0f2d2?s=96&d=mm&r=g","contentUrl":"https:\/\/secure.gravatar.com\/avatar\/0fcc8769024577fd0bc6a8b766055690f76a8e8f29dfb2a2f89cf04db8d0f2d2?s=96&d=mm&r=g","caption":"Gessika Julia Carvalho"},"sameAs":["https:\/\/www.tuasaude.com\/news\/"],"url":"https:\/\/www.tuasaude.com\/news\/author\/gessika-julia\/"}]}},"_links":{"self":[{"href":"https:\/\/www.tuasaude.com\/news\/wp-json\/wp\/v2\/posts\/29229","targetHints":{"allow":["GET"]}}],"collection":[{"href":"https:\/\/www.tuasaude.com\/news\/wp-json\/wp\/v2\/posts"}],"about":[{"href":"https:\/\/www.tuasaude.com\/news\/wp-json\/wp\/v2\/types\/post"}],"author":[{"embeddable":true,"href":"https:\/\/www.tuasaude.com\/news\/wp-json\/wp\/v2\/users\/11"}],"replies":[{"embeddable":true,"href":"https:\/\/www.tuasaude.com\/news\/wp-json\/wp\/v2\/comments?post=29229"}],"version-history":[{"count":2,"href":"https:\/\/www.tuasaude.com\/news\/wp-json\/wp\/v2\/posts\/29229\/revisions"}],"predecessor-version":[{"id":29361,"href":"https:\/\/www.tuasaude.com\/news\/wp-json\/wp\/v2\/posts\/29229\/revisions\/29361"}],"wp:featuredmedia":[{"embeddable":true,"href":"https:\/\/www.tuasaude.com\/news\/wp-json\/wp\/v2\/media\/29306"}],"wp:attachment":[{"href":"https:\/\/www.tuasaude.com\/news\/wp-json\/wp\/v2\/media?parent=29229"}],"wp:term":[{"taxonomy":"category","embeddable":true,"href":"https:\/\/www.tuasaude.com\/news\/wp-json\/wp\/v2\/categories?post=29229"},{"taxonomy":"post_tag","embeddable":true,"href":"https:\/\/www.tuasaude.com\/news\/wp-json\/wp\/v2\/tags?post=29229"}],"curies":[{"name":"wp","href":"https:\/\/api.w.org\/{rel}","templated":true}]}}