{"id":29213,"date":"2026-04-28T14:10:00","date_gmt":"2026-04-28T17:10:00","guid":{"rendered":"https:\/\/www.tuasaude.com\/news\/?p=29213"},"modified":"2026-04-27T15:56:18","modified_gmt":"2026-04-27T18:56:18","slug":"deficiencia-de-ferro-silenciosa-o-que-e-e-como-detecta-la-para-nao-confundi-la-com-simples-preguica-ou-falta-de-animo","status":"publish","type":"post","link":"https:\/\/www.tuasaude.com\/news\/2026\/04\/28\/deficiencia-de-ferro-silenciosa-o-que-e-e-como-detecta-la-para-nao-confundi-la-com-simples-preguica-ou-falta-de-animo\/","title":{"rendered":"Defici\u00eancia de ferro silenciosa: o que \u00e9 e como detect\u00e1-la para n\u00e3o confundi-la com simples pregui\u00e7a ou falta de \u00e2nimo"},"content":{"rendered":"\n<p>A defici\u00eancia de ferro silenciosa, tamb\u00e9m chamada de ferropenia sem anemia, \u00e9 uma condi\u00e7\u00e3o em que os estoques de ferro do organismo j\u00e1 est\u00e3o reduzidos, mas a hemoglobina ainda permanece dentro da faixa normal no hemograma b\u00e1sico. Por isso, muitas pessoas convivem com sintomas como cansa\u00e7o persistente, queda de cabelo e dificuldade de concentra\u00e7\u00e3o sem suspeitar do problema, atribuindo esses sinais a estresse, pregui\u00e7a ou falta de \u00e2nimo. O diagn\u00f3stico correto exige a dosagem da ferritina s\u00e9rica, exame que reflete diretamente as reservas corporais de ferro.<\/p>\n\n\n\n<h2 class=\"wp-block-heading\">O que \u00e9 a defici\u00eancia de ferro silenciosa?<\/h2>\n\n\n\n<p>Trata-se da fase inicial da defici\u00eancia de ferro, em que os estoques do mineral no f\u00edgado e nos demais tecidos come\u00e7am a se esgotar antes que a produ\u00e7\u00e3o de hemoglobina seja afetada. O hemograma costuma estar normal, o que dificulta a identifica\u00e7\u00e3o precoce.<\/p>\n\n\n\n<p>Apesar da aus\u00eancia de anemia confirmada, o organismo j\u00e1 sente os efeitos da redu\u00e7\u00e3o do ferro dispon\u00edvel para enzimas e processos celulares. Isso causa sintomas reais e mensur\u00e1veis, mesmo quando os exames b\u00e1sicos sugerem que est\u00e1 tudo bem.<\/p>\n\n\n\n<h2 class=\"wp-block-heading\">Como diferenci\u00e1-la do cansa\u00e7o comum?<\/h2>\n\n\n\n<p>O cansa\u00e7o pontual, ligado a noites mal dormidas ou rotinas intensas, melhora com descanso adequado e pausas. J\u00e1 a fadiga causada pela ferropenia silenciosa \u00e9 persistente, desproporcional ao esfor\u00e7o e n\u00e3o cede mesmo ap\u00f3s dormir bem por v\u00e1rias noites seguidas.<\/p>\n\n\n\n<p>Outra caracter\u00edstica importante \u00e9 a presen\u00e7a de sinais associados que v\u00e3o al\u00e9m da indisposi\u00e7\u00e3o, como queda de cabelo aumentada, unhas fr\u00e1geis e palidez sutil. Esse conjunto de sintomas merece investiga\u00e7\u00e3o laboratorial detalhada, e n\u00e3o apenas mudan\u00e7as no estilo de vida.<\/p>\n\n\n<div class=\"wp-block-image\">\n<figure class=\"aligncenter size-large\"><img decoding=\"async\" width=\"1024\" height=\"571\" src=\"https:\/\/www.tuasaude.com\/news\/wp-content\/uploads\/2026\/04\/freepik_ilustracao-nao-fotorealis_2875915379-1024x571.jpg\" alt=\"Defici\u00eancia de ferro silenciosa: o que \u00e9 e como detect\u00e1-la para n\u00e3o confundi-la com simples pregui\u00e7a ou falta de \u00e2nimo\" class=\"wp-image-29284\" srcset=\"https:\/\/www.tuasaude.com\/news\/wp-content\/uploads\/2026\/04\/freepik_ilustracao-nao-fotorealis_2875915379-1024x571.jpg 1024w, https:\/\/www.tuasaude.com\/news\/wp-content\/uploads\/2026\/04\/freepik_ilustracao-nao-fotorealis_2875915379-300x167.jpg 300w, https:\/\/www.tuasaude.com\/news\/wp-content\/uploads\/2026\/04\/freepik_ilustracao-nao-fotorealis_2875915379-768x428.jpg 768w, https:\/\/www.tuasaude.com\/news\/wp-content\/uploads\/2026\/04\/freepik_ilustracao-nao-fotorealis_2875915379-750x418.jpg 750w, https:\/\/www.tuasaude.com\/news\/wp-content\/uploads\/2026\/04\/freepik_ilustracao-nao-fotorealis_2875915379-1140x636.jpg 1140w, https:\/\/www.tuasaude.com\/news\/wp-content\/uploads\/2026\/04\/freepik_ilustracao-nao-fotorealis_2875915379.jpg 1280w\" sizes=\"(max-width: 1024px) 100vw, 1024px\" \/><figcaption class=\"wp-element-caption\">A ferritina s\u00e9rica \u00e9 o exame crucial para diagnosticar a defici\u00eancia de ferro antes que se torne anemia.<\/figcaption><\/figure>\n<\/div>\n\n\n<h2 class=\"wp-block-heading\">Quais sintomas podem indicar defici\u00eancia de ferro silenciosa?<\/h2>\n\n\n\n<p>Os sinais costumam aparecer de forma gradual e podem ser interpretados como simples falta de disposi\u00e7\u00e3o. Reconhecer o conjunto desses sintomas ajuda a buscar avalia\u00e7\u00e3o m\u00e9dica antes que o quadro evolua para anemia.<\/p>\n\n\n<div class=\"wp-block-image\">\n<figure class=\"aligncenter size-large\"><img decoding=\"async\" width=\"1024\" height=\"589\" src=\"https:\/\/www.tuasaude.com\/news\/wp-content\/uploads\/2026\/04\/convertido-25-14-1024x589.jpg\" alt=\"Quais sintomas podem indicar defici\u00eancia de ferro silenciosa?\" class=\"wp-image-29215\" srcset=\"https:\/\/www.tuasaude.com\/news\/wp-content\/uploads\/2026\/04\/convertido-25-14-1024x589.jpg 1024w, https:\/\/www.tuasaude.com\/news\/wp-content\/uploads\/2026\/04\/convertido-25-14-300x173.jpg 300w, https:\/\/www.tuasaude.com\/news\/wp-content\/uploads\/2026\/04\/convertido-25-14-768x442.jpg 768w, https:\/\/www.tuasaude.com\/news\/wp-content\/uploads\/2026\/04\/convertido-25-14-750x431.jpg 750w, https:\/\/www.tuasaude.com\/news\/wp-content\/uploads\/2026\/04\/convertido-25-14-1140x656.jpg 1140w, https:\/\/www.tuasaude.com\/news\/wp-content\/uploads\/2026\/04\/convertido-25-14.jpg 1280w\" sizes=\"(max-width: 1024px) 100vw, 1024px\" \/><figcaption class=\"wp-element-caption\">Quais sintomas podem indicar defici\u00eancia de ferro silenciosa?<\/figcaption><\/figure>\n<\/div>\n\n\n<p>A presen\u00e7a de v\u00e1rios desses sinais por mais de algumas semanas justifica solicitar a dosagem de <a href=\"https:\/\/www.tuasaude.com\/indice-de-saturacao-da-transferrina\/\" target=\"_blank\" rel=\"noreferrer noopener\">\u00edndice de satura\u00e7\u00e3o da transferrina<\/a> e ferritina s\u00e9rica.<\/p>\n\n\n\n<h2 class=\"wp-block-heading\">O que diz o estudo cient\u00edfico sobre fadiga e defici\u00eancia de ferro?<\/h2>\n\n\n\n<p>A rela\u00e7\u00e3o entre baixa ferritina e cansa\u00e7o persistente em pessoas sem anemia tem ganhado aten\u00e7\u00e3o da literatura m\u00e9dica nos \u00faltimos anos. Diversos estudos cl\u00ednicos randomizados confirmaram que essa condi\u00e7\u00e3o pode causar sintomas significativos, mesmo com hemograma normal.<\/p>\n\n\n\n<p>Segundo a meta-an\u00e1lise <a href=\"https:\/\/pubmed.ncbi.nlm.nih.gov\/28625177\/\" target=\"_blank\" rel=\"noreferrer noopener\">Iron deficiency without anaemia is a potential cause of fatigue<\/a>, publicada na revista British Journal of Nutrition e indexada no PubMed, a defici\u00eancia de ferro sem anemia foi identificada como causa potencial de fadiga em diferentes popula\u00e7\u00f5es, com melhora significativa dos sintomas ap\u00f3s reposi\u00e7\u00e3o adequada de ferro guiada pela dosagem de ferritina s\u00e9rica.<\/p>\n\n\n\n<h2 class=\"wp-block-heading\">Como \u00e9 feito o diagn\u00f3stico e o tratamento?<\/h2>\n\n\n\n<p>O diagn\u00f3stico depende da combina\u00e7\u00e3o de exames espec\u00edficos do metabolismo do ferro, e n\u00e3o apenas do hemograma. O tratamento deve ser individualizado, com base na causa identificada e no grau de deple\u00e7\u00e3o dos estoques.<\/p>\n\n\n\n<ul class=\"wp-block-list\">\n<li><strong>Hemograma completo:<\/strong> avalia hemoglobina e \u00edndices das hem\u00e1cias.<\/li>\n\n\n\n<li><strong>Ferritina s\u00e9rica:<\/strong> exame mais sens\u00edvel para detectar a defici\u00eancia precoce.<\/li>\n\n\n\n<li><strong>Ferro s\u00e9rico:<\/strong> mede o ferro circulante no momento da coleta.<\/li>\n\n\n\n<li><strong>Satura\u00e7\u00e3o de transferrina:<\/strong> avalia a disponibilidade do ferro para uso celular.<\/li>\n\n\n\n<li><strong>Suplementa\u00e7\u00e3o oral de ferro:<\/strong> indicada conforme orienta\u00e7\u00e3o m\u00e9dica, geralmente por 3 a 6 meses.<\/li>\n\n\n\n<li><strong>Dieta rica em ferro:<\/strong> inclui carnes vermelhas, f\u00edgado, feij\u00e3o, lentilha e folhas verde-escuras.<\/li>\n\n\n\n<li><strong>Vitamina C nas refei\u00e7\u00f5es:<\/strong> potencializa a absor\u00e7\u00e3o do ferro de origem vegetal.<\/li>\n\n\n\n<li><strong>Investiga\u00e7\u00e3o da causa:<\/strong> sangramento menstrual intenso, perda gastrointestinal ou m\u00e1 absor\u00e7\u00e3o.<\/li>\n<\/ul>\n\n\n\n<p>O tratamento adequado da <a href=\"https:\/\/www.tuasaude.com\/anemia-ferropriva\/\" target=\"_blank\" rel=\"noreferrer noopener\">anemia ferropriva<\/a> e da defici\u00eancia sem anemia depende da identifica\u00e7\u00e3o correta da causa. Pessoas com sintomas persistentes devem evitar a automedica\u00e7\u00e3o com ferro e buscar avalia\u00e7\u00e3o m\u00e9dica para confirma\u00e7\u00e3o por exames laboratoriais e investiga\u00e7\u00e3o adequada de eventual <a href=\"https:\/\/www.tuasaude.com\/sintomas-de-anemia\/\" target=\"_blank\" rel=\"noreferrer noopener\">sinais de anemia<\/a> em fase posterior.<\/p>\n\n\n\n<p><em>Este conte\u00fado tem car\u00e1ter apenas informativo e n\u00e3o substitui a avalia\u00e7\u00e3o, o diagn\u00f3stico ou o tratamento indicado por um profissional de sa\u00fade. Diante de sintomas persistentes de cansa\u00e7o, queda de cabelo ou outros sinais de defici\u00eancia de ferro, procure orienta\u00e7\u00e3o m\u00e9dica para investiga\u00e7\u00e3o adequada e defini\u00e7\u00e3o do melhor tratamento.<\/em><\/p>\n","protected":false},"excerpt":{"rendered":"<p>A defici\u00eancia de ferro silenciosa, tamb\u00e9m chamada de ferropenia sem anemia, \u00e9 uma condi\u00e7\u00e3o em que os estoques de ferro do organismo j\u00e1 est\u00e3o reduzidos, mas a hemoglobina ainda permanece dentro da faixa normal no hemograma b\u00e1sico. Por isso, muitas pessoas convivem com sintomas como cansa\u00e7o persistente, queda de cabelo e dificuldade de concentra\u00e7\u00e3o sem [&hellip;]<\/p>\n","protected":false},"author":11,"featured_media":29283,"comment_status":"open","ping_status":"open","sticky":false,"template":"","format":"standard","meta":{"_yoast_wpseo_focuskw":"defici\u00eancia de ferro silenciosa","_yoast_wpseo_title":"","_yoast_wpseo_metadesc":"Ferropenia sem anemia pode explicar fadiga constante e falta de \u00e2nimo. Saiba quando dosar ferritina s\u00e9rica e investigar a causa correta.","jnews-multi-image_gallery":[],"jnews_single_post":{"format":"standard"},"jnews_primary_category":[],"jnews_social_meta":[],"jnews_override_counter":[],"footnotes":""},"categories":[111],"tags":[1066,6252,199,1013],"class_list":["post-29213","post","type-post","status-publish","format-standard","has-post-thumbnail","hentry","category-saude","tag-deficiencia-de-ferro","tag-falta-de-animo","tag-ferro","tag-preguica"],"yoast_head":"<!-- This site is optimized with the Yoast SEO plugin v26.7 - https:\/\/yoast.com\/wordpress\/plugins\/seo\/ -->\n<title>Defici\u00eancia de ferro silenciosa: o que \u00e9 e como detect\u00e1-la para n\u00e3o confundi-la com simples pregui\u00e7a ou falta de \u00e2nimo - Tua Sa\u00fade<\/title>\n<meta name=\"description\" content=\"Ferropenia sem anemia pode explicar fadiga constante e falta de \u00e2nimo. Saiba quando dosar ferritina s\u00e9rica e investigar a causa correta.\" \/>\n<meta name=\"robots\" content=\"index, follow, max-snippet:-1, max-image-preview:large, max-video-preview:-1\" \/>\n<link rel=\"canonical\" href=\"https:\/\/www.tuasaude.com\/news\/2026\/04\/28\/deficiencia-de-ferro-silenciosa-o-que-e-e-como-detecta-la-para-nao-confundi-la-com-simples-preguica-ou-falta-de-animo\/\" \/>\n<meta property=\"og:locale\" content=\"pt_BR\" \/>\n<meta property=\"og:type\" content=\"article\" \/>\n<meta property=\"og:title\" content=\"Defici\u00eancia de ferro silenciosa: o que \u00e9 e como detect\u00e1-la para n\u00e3o confundi-la com simples pregui\u00e7a ou falta de \u00e2nimo - Tua Sa\u00fade\" \/>\n<meta property=\"og:description\" content=\"Ferropenia sem anemia pode explicar fadiga constante e falta de \u00e2nimo. Saiba quando dosar ferritina s\u00e9rica e investigar a causa correta.\" \/>\n<meta property=\"og:url\" content=\"https:\/\/www.tuasaude.com\/news\/2026\/04\/28\/deficiencia-de-ferro-silenciosa-o-que-e-e-como-detecta-la-para-nao-confundi-la-com-simples-preguica-ou-falta-de-animo\/\" \/>\n<meta property=\"og:site_name\" content=\"Tua Sa\u00fade\" \/>\n<meta property=\"article:published_time\" content=\"2026-04-28T17:10:00+00:00\" \/>\n<meta property=\"og:image\" content=\"https:\/\/www.tuasaude.com\/news\/wp-content\/uploads\/2026\/04\/freepik_ilustracao-nao-fotorealis_2875914976.jpg\" \/>\n\t<meta property=\"og:image:width\" content=\"1280\" \/>\n\t<meta property=\"og:image:height\" content=\"714\" \/>\n\t<meta property=\"og:image:type\" content=\"image\/jpeg\" \/>\n<meta name=\"author\" content=\"Gessika Julia Carvalho\" \/>\n<meta name=\"twitter:card\" content=\"summary_large_image\" \/>\n<meta name=\"twitter:label1\" content=\"Escrito por\" \/>\n\t<meta name=\"twitter:data1\" content=\"Gessika Julia Carvalho\" \/>\n\t<meta name=\"twitter:label2\" content=\"Est. tempo de leitura\" \/>\n\t<meta name=\"twitter:data2\" content=\"5 minutos\" \/>\n<!-- \/ Yoast SEO plugin. -->","yoast_head_json":{"title":"Defici\u00eancia de ferro silenciosa: o que \u00e9 e como detect\u00e1-la para n\u00e3o confundi-la com simples pregui\u00e7a ou falta de \u00e2nimo - Tua Sa\u00fade","description":"Ferropenia sem anemia pode explicar fadiga constante e falta de \u00e2nimo. Saiba quando dosar ferritina s\u00e9rica e investigar a causa correta.","robots":{"index":"index","follow":"follow","max-snippet":"max-snippet:-1","max-image-preview":"max-image-preview:large","max-video-preview":"max-video-preview:-1"},"canonical":"https:\/\/www.tuasaude.com\/news\/2026\/04\/28\/deficiencia-de-ferro-silenciosa-o-que-e-e-como-detecta-la-para-nao-confundi-la-com-simples-preguica-ou-falta-de-animo\/","og_locale":"pt_BR","og_type":"article","og_title":"Defici\u00eancia de ferro silenciosa: o que \u00e9 e como detect\u00e1-la para n\u00e3o confundi-la com simples pregui\u00e7a ou falta de \u00e2nimo - Tua Sa\u00fade","og_description":"Ferropenia sem anemia pode explicar fadiga constante e falta de \u00e2nimo. Saiba quando dosar ferritina s\u00e9rica e investigar a causa correta.","og_url":"https:\/\/www.tuasaude.com\/news\/2026\/04\/28\/deficiencia-de-ferro-silenciosa-o-que-e-e-como-detecta-la-para-nao-confundi-la-com-simples-preguica-ou-falta-de-animo\/","og_site_name":"Tua Sa\u00fade","article_published_time":"2026-04-28T17:10:00+00:00","og_image":[{"width":1280,"height":714,"url":"https:\/\/www.tuasaude.com\/news\/wp-content\/uploads\/2026\/04\/freepik_ilustracao-nao-fotorealis_2875914976.jpg","type":"image\/jpeg"}],"author":"Gessika Julia Carvalho","twitter_card":"summary_large_image","twitter_misc":{"Escrito por":"Gessika Julia Carvalho","Est. tempo de leitura":"5 minutos"},"schema":{"@context":"https:\/\/schema.org","@graph":[{"@type":"Article","@id":"https:\/\/www.tuasaude.com\/news\/2026\/04\/28\/deficiencia-de-ferro-silenciosa-o-que-e-e-como-detecta-la-para-nao-confundi-la-com-simples-preguica-ou-falta-de-animo\/#article","isPartOf":{"@id":"https:\/\/www.tuasaude.com\/news\/2026\/04\/28\/deficiencia-de-ferro-silenciosa-o-que-e-e-como-detecta-la-para-nao-confundi-la-com-simples-preguica-ou-falta-de-animo\/"},"author":{"name":"Gessika Julia Carvalho","@id":"https:\/\/www.tuasaude.com\/news\/#\/schema\/person\/2e9df841be69ec84f5d20ddb8d273ac2"},"headline":"Defici\u00eancia de ferro silenciosa: o que \u00e9 e como detect\u00e1-la para n\u00e3o confundi-la com simples pregui\u00e7a ou falta de \u00e2nimo","datePublished":"2026-04-28T17:10:00+00:00","mainEntityOfPage":{"@id":"https:\/\/www.tuasaude.com\/news\/2026\/04\/28\/deficiencia-de-ferro-silenciosa-o-que-e-e-como-detecta-la-para-nao-confundi-la-com-simples-preguica-ou-falta-de-animo\/"},"wordCount":800,"commentCount":0,"image":{"@id":"https:\/\/www.tuasaude.com\/news\/2026\/04\/28\/deficiencia-de-ferro-silenciosa-o-que-e-e-como-detecta-la-para-nao-confundi-la-com-simples-preguica-ou-falta-de-animo\/#primaryimage"},"thumbnailUrl":"https:\/\/www.tuasaude.com\/news\/wp-content\/uploads\/2026\/04\/freepik_ilustracao-nao-fotorealis_2875914976.jpg","keywords":["defici\u00eancia de ferro","falta de \u00e2nimo","ferro","pregui\u00e7a"],"articleSection":["Sa\u00fade"],"inLanguage":"pt-BR","potentialAction":[{"@type":"CommentAction","name":"Comment","target":["https:\/\/www.tuasaude.com\/news\/2026\/04\/28\/deficiencia-de-ferro-silenciosa-o-que-e-e-como-detecta-la-para-nao-confundi-la-com-simples-preguica-ou-falta-de-animo\/#respond"]}]},{"@type":"WebPage","@id":"https:\/\/www.tuasaude.com\/news\/2026\/04\/28\/deficiencia-de-ferro-silenciosa-o-que-e-e-como-detecta-la-para-nao-confundi-la-com-simples-preguica-ou-falta-de-animo\/","url":"https:\/\/www.tuasaude.com\/news\/2026\/04\/28\/deficiencia-de-ferro-silenciosa-o-que-e-e-como-detecta-la-para-nao-confundi-la-com-simples-preguica-ou-falta-de-animo\/","name":"Defici\u00eancia de ferro silenciosa: o que \u00e9 e como detect\u00e1-la para n\u00e3o confundi-la com simples pregui\u00e7a ou falta de \u00e2nimo - Tua Sa\u00fade","isPartOf":{"@id":"https:\/\/www.tuasaude.com\/news\/#website"},"primaryImageOfPage":{"@id":"https:\/\/www.tuasaude.com\/news\/2026\/04\/28\/deficiencia-de-ferro-silenciosa-o-que-e-e-como-detecta-la-para-nao-confundi-la-com-simples-preguica-ou-falta-de-animo\/#primaryimage"},"image":{"@id":"https:\/\/www.tuasaude.com\/news\/2026\/04\/28\/deficiencia-de-ferro-silenciosa-o-que-e-e-como-detecta-la-para-nao-confundi-la-com-simples-preguica-ou-falta-de-animo\/#primaryimage"},"thumbnailUrl":"https:\/\/www.tuasaude.com\/news\/wp-content\/uploads\/2026\/04\/freepik_ilustracao-nao-fotorealis_2875914976.jpg","datePublished":"2026-04-28T17:10:00+00:00","author":{"@id":"https:\/\/www.tuasaude.com\/news\/#\/schema\/person\/2e9df841be69ec84f5d20ddb8d273ac2"},"description":"Ferropenia sem anemia pode explicar fadiga constante e falta de \u00e2nimo. Saiba quando dosar ferritina s\u00e9rica e investigar a causa correta.","breadcrumb":{"@id":"https:\/\/www.tuasaude.com\/news\/2026\/04\/28\/deficiencia-de-ferro-silenciosa-o-que-e-e-como-detecta-la-para-nao-confundi-la-com-simples-preguica-ou-falta-de-animo\/#breadcrumb"},"inLanguage":"pt-BR","potentialAction":[{"@type":"ReadAction","target":["https:\/\/www.tuasaude.com\/news\/2026\/04\/28\/deficiencia-de-ferro-silenciosa-o-que-e-e-como-detecta-la-para-nao-confundi-la-com-simples-preguica-ou-falta-de-animo\/"]}]},{"@type":"ImageObject","inLanguage":"pt-BR","@id":"https:\/\/www.tuasaude.com\/news\/2026\/04\/28\/deficiencia-de-ferro-silenciosa-o-que-e-e-como-detecta-la-para-nao-confundi-la-com-simples-preguica-ou-falta-de-animo\/#primaryimage","url":"https:\/\/www.tuasaude.com\/news\/wp-content\/uploads\/2026\/04\/freepik_ilustracao-nao-fotorealis_2875914976.jpg","contentUrl":"https:\/\/www.tuasaude.com\/news\/wp-content\/uploads\/2026\/04\/freepik_ilustracao-nao-fotorealis_2875914976.jpg","width":1280,"height":714,"caption":"A defici\u00eancia de ferro silenciosa causa cansa\u00e7o persistente e queda de cabelo, sem anemia no hemograma."},{"@type":"BreadcrumbList","@id":"https:\/\/www.tuasaude.com\/news\/2026\/04\/28\/deficiencia-de-ferro-silenciosa-o-que-e-e-como-detecta-la-para-nao-confundi-la-com-simples-preguica-ou-falta-de-animo\/#breadcrumb","itemListElement":[{"@type":"ListItem","position":1,"name":"In\u00edcio","item":"https:\/\/www.tuasaude.com\/news\/"},{"@type":"ListItem","position":2,"name":"Defici\u00eancia de ferro silenciosa: o que \u00e9 e como detect\u00e1-la para n\u00e3o confundi-la com simples pregui\u00e7a ou falta de \u00e2nimo"}]},{"@type":"WebSite","@id":"https:\/\/www.tuasaude.com\/news\/#website","url":"https:\/\/www.tuasaude.com\/news\/","name":"Tua Sa\u00fade","description":"Seu site de sa\u00fade","potentialAction":[{"@type":"SearchAction","target":{"@type":"EntryPoint","urlTemplate":"https:\/\/www.tuasaude.com\/news\/?s={search_term_string}"},"query-input":{"@type":"PropertyValueSpecification","valueRequired":true,"valueName":"search_term_string"}}],"inLanguage":"pt-BR"},{"@type":"Person","@id":"https:\/\/www.tuasaude.com\/news\/#\/schema\/person\/2e9df841be69ec84f5d20ddb8d273ac2","name":"Gessika Julia Carvalho","image":{"@type":"ImageObject","inLanguage":"pt-BR","@id":"https:\/\/www.tuasaude.com\/news\/#\/schema\/person\/image\/","url":"https:\/\/secure.gravatar.com\/avatar\/0fcc8769024577fd0bc6a8b766055690f76a8e8f29dfb2a2f89cf04db8d0f2d2?s=96&d=mm&r=g","contentUrl":"https:\/\/secure.gravatar.com\/avatar\/0fcc8769024577fd0bc6a8b766055690f76a8e8f29dfb2a2f89cf04db8d0f2d2?s=96&d=mm&r=g","caption":"Gessika Julia Carvalho"},"sameAs":["https:\/\/www.tuasaude.com\/news\/"],"url":"https:\/\/www.tuasaude.com\/news\/author\/gessika-julia\/"}]}},"_links":{"self":[{"href":"https:\/\/www.tuasaude.com\/news\/wp-json\/wp\/v2\/posts\/29213","targetHints":{"allow":["GET"]}}],"collection":[{"href":"https:\/\/www.tuasaude.com\/news\/wp-json\/wp\/v2\/posts"}],"about":[{"href":"https:\/\/www.tuasaude.com\/news\/wp-json\/wp\/v2\/types\/post"}],"author":[{"embeddable":true,"href":"https:\/\/www.tuasaude.com\/news\/wp-json\/wp\/v2\/users\/11"}],"replies":[{"embeddable":true,"href":"https:\/\/www.tuasaude.com\/news\/wp-json\/wp\/v2\/comments?post=29213"}],"version-history":[{"count":2,"href":"https:\/\/www.tuasaude.com\/news\/wp-json\/wp\/v2\/posts\/29213\/revisions"}],"predecessor-version":[{"id":29366,"href":"https:\/\/www.tuasaude.com\/news\/wp-json\/wp\/v2\/posts\/29213\/revisions\/29366"}],"wp:featuredmedia":[{"embeddable":true,"href":"https:\/\/www.tuasaude.com\/news\/wp-json\/wp\/v2\/media\/29283"}],"wp:attachment":[{"href":"https:\/\/www.tuasaude.com\/news\/wp-json\/wp\/v2\/media?parent=29213"}],"wp:term":[{"taxonomy":"category","embeddable":true,"href":"https:\/\/www.tuasaude.com\/news\/wp-json\/wp\/v2\/categories?post=29213"},{"taxonomy":"post_tag","embeddable":true,"href":"https:\/\/www.tuasaude.com\/news\/wp-json\/wp\/v2\/tags?post=29213"}],"curies":[{"name":"wp","href":"https:\/\/api.w.org\/{rel}","templated":true}]}}