{"id":29200,"date":"2026-04-28T12:35:00","date_gmt":"2026-04-28T15:35:00","guid":{"rendered":"https:\/\/www.tuasaude.com\/news\/?p=29200"},"modified":"2026-04-28T12:58:03","modified_gmt":"2026-04-28T15:58:03","slug":"3-dicas-simples-para-proteger-sua-visao-ao-longo-do-tempo-segundo-um-estudo","status":"publish","type":"post","link":"https:\/\/www.tuasaude.com\/news\/2026\/04\/28\/3-dicas-simples-para-proteger-sua-visao-ao-longo-do-tempo-segundo-um-estudo\/","title":{"rendered":"3 dicas simples para proteger sua vis\u00e3o ao longo do tempo, segundo um estudo"},"content":{"rendered":"\n<p>Cuidar da vis\u00e3o exige menos esfor\u00e7o do que parece, e tr\u00eas h\u00e1bitos simples bastam para reduzir o risco das principais doen\u00e7as oculares relacionadas \u00e0 idade. Segundo o professor Roy S. Chuck, MD, PhD, professor e chairman do Departamento de Oftalmologia e Ci\u00eancias Visuais do Albert Einstein College of Medicine, em Nova York, a prote\u00e7\u00e3o da vis\u00e3o a longo prazo passa por tr\u00eas pilares acess\u00edveis: usar \u00f3culos escuros com filtro UV adequado, manter uma alimenta\u00e7\u00e3o rica em antioxidantes e fazer pausas regulares no uso de telas. Pequenas atitudes di\u00e1rias produzem efeito acumulado e ajudam a preservar a sa\u00fade ocular por d\u00e9cadas.<\/p>\n\n\n\n<h2 class=\"wp-block-heading\">Por que proteger os olhos do sol \u00e9 a primeira recomenda\u00e7\u00e3o?<\/h2>\n\n\n\n<p>A radia\u00e7\u00e3o ultravioleta atinge os olhos durante todo o ano e contribui para o desenvolvimento de catarata e degenera\u00e7\u00e3o macular. Por isso, \u00f3culos escuros com prote\u00e7\u00e3o UV 99% a 100% s\u00e3o a barreira mais eficaz contra esse desgaste cumulativo, especialmente em ambientes externos.<\/p>\n\n\n\n<p>Lentes envolventes, com cobertura lateral, evitam que os raios entrem pelos cantos dos \u00f3culos. Chap\u00e9us de aba larga complementam a prote\u00e7\u00e3o, sobretudo em hor\u00e1rios de maior intensidade solar. Esse cuidado \u00e9 v\u00e1lido inclusive em dias nublados, j\u00e1 que a radia\u00e7\u00e3o atravessa as nuvens e reflete em superf\u00edcies como areia e asfalto.<\/p>\n\n\n\n<h2 class=\"wp-block-heading\">Quais alimentos sustentam a sa\u00fade ocular?<\/h2>\n\n\n\n<p>A alimenta\u00e7\u00e3o fornece os antioxidantes que protegem as c\u00e9lulas da retina contra o estresse oxidativo. Uma dieta variada, rica em vegetais coloridos, peixes e frutas, \u00e9 considerada um dos pilares para preservar a vis\u00e3o ao longo da vida.<\/p>\n\n\n<div class=\"wp-block-image\">\n<figure class=\"aligncenter size-large\"><img decoding=\"async\" width=\"1024\" height=\"382\" src=\"https:\/\/www.tuasaude.com\/news\/wp-content\/uploads\/2026\/04\/convertido-30-15-1024x382.jpg\" alt=\"Quais alimentos sustentam a sa\u00fade ocular?\" class=\"wp-image-29233\" srcset=\"https:\/\/www.tuasaude.com\/news\/wp-content\/uploads\/2026\/04\/convertido-30-15-1024x382.jpg 1024w, https:\/\/www.tuasaude.com\/news\/wp-content\/uploads\/2026\/04\/convertido-30-15-300x112.jpg 300w, https:\/\/www.tuasaude.com\/news\/wp-content\/uploads\/2026\/04\/convertido-30-15-768x287.jpg 768w, https:\/\/www.tuasaude.com\/news\/wp-content\/uploads\/2026\/04\/convertido-30-15-750x280.jpg 750w, https:\/\/www.tuasaude.com\/news\/wp-content\/uploads\/2026\/04\/convertido-30-15-1140x426.jpg 1140w, https:\/\/www.tuasaude.com\/news\/wp-content\/uploads\/2026\/04\/convertido-30-15.jpg 1280w\" sizes=\"(max-width: 1024px) 100vw, 1024px\" \/><figcaption class=\"wp-element-caption\">Quais alimentos sustentam a sa\u00fade ocular?<\/figcaption><\/figure>\n<\/div>\n\n\n<p>Para conhecer outras op\u00e7\u00f5es pr\u00e1ticas, vale conferir a lista completa de <a href=\"https:\/\/www.tuasaude.com\/alimentos-para-os-olhos\/\" target=\"_blank\" rel=\"noreferrer noopener\">alimentos para os olhos<\/a> que ajudam a fortalecer a vis\u00e3o no dia a dia.<\/p>\n\n\n\n<h2 class=\"wp-block-heading\">Como reduzir o impacto das telas sobre os olhos?<\/h2>\n\n\n\n<p>O uso prolongado de computadores, celulares e tablets reduz o piscar e sobrecarrega os m\u00fasculos oculares, gerando fadiga, ressecamento e vis\u00e3o emba\u00e7ada. Adotar pausas regulares ajuda a relaxar as estruturas envolvidas no foco e preservar o conforto visual.<\/p>\n\n\n\n<ul class=\"wp-block-list\">\n<li><strong>Regra 20-20-20:<\/strong> a cada 20 minutos, olhe por 20 segundos para algo a 6 metros de dist\u00e2ncia.<\/li>\n\n\n\n<li><strong>Pausas mais longas:<\/strong> 15 minutos de descanso a cada 2 horas em frente \u00e0 tela.<\/li>\n\n\n\n<li><strong>Ilumina\u00e7\u00e3o adequada:<\/strong> evite telas com brilho excessivo em ambientes escuros.<\/li>\n\n\n\n<li><strong>Dist\u00e2ncia correta:<\/strong> mantenha o monitor a cerca de 50 a 70 cm dos olhos.<\/li>\n\n\n\n<li><strong>Piscar conscientemente:<\/strong> ajuda a redistribuir a l\u00e1grima e prevenir o ressecamento.<\/li>\n\n\n\n<li><strong>Ajuste do contraste:<\/strong> reduz o esfor\u00e7o visual em leitura prolongada.<\/li>\n<\/ul>\n\n\n\n<h2 class=\"wp-block-heading\">O que diz a ci\u00eancia sobre essas medidas?<\/h2>\n\n\n\n<p>As recomenda\u00e7\u00f5es de prote\u00e7\u00e3o solar e alimenta\u00e7\u00e3o antioxidante s\u00e3o amplamente sustentadas pela literatura oftalmol\u00f3gica, com destaque para os estudos sobre a rela\u00e7\u00e3o entre carotenoides e preven\u00e7\u00e3o da degenera\u00e7\u00e3o macular. Esses dados orientam a pr\u00e1tica cl\u00ednica em todo o mundo.<\/p>\n\n\n\n<p>Segundo o ensaio cl\u00ednico <a href=\"https:\/\/pubmed.ncbi.nlm.nih.gov\/23644932\/\" target=\"_blank\" rel=\"noreferrer noopener\">Lutein + zeaxanthin and omega-3 fatty acids for age-related macular degeneration: the AREDS2 randomized clinical trial<\/a>, publicado no Journal of the American Medical Association (JAMA) e indexado no PubMed, a suplementa\u00e7\u00e3o com lute\u00edna e zeaxantina, combinada com vitaminas C, E e zinco, reduziu significativamente o risco de progress\u00e3o da degenera\u00e7\u00e3o macular relacionada \u00e0 idade, refor\u00e7ando o papel da nutri\u00e7\u00e3o no cuidado ocular preventivo.<\/p>\n\n\n<div class=\"wp-block-image\">\n<figure class=\"aligncenter size-large\"><img decoding=\"async\" width=\"1024\" height=\"571\" src=\"https:\/\/www.tuasaude.com\/news\/wp-content\/uploads\/2026\/04\/freepik_ilustracao-nao-fotorealis_2876212066-1024x571.jpg\" alt=\"3 dicas simples para proteger sua vis\u00e3o ao longo do tempo, segundo um professor de medicina\" class=\"wp-image-29373\" srcset=\"https:\/\/www.tuasaude.com\/news\/wp-content\/uploads\/2026\/04\/freepik_ilustracao-nao-fotorealis_2876212066-1024x571.jpg 1024w, https:\/\/www.tuasaude.com\/news\/wp-content\/uploads\/2026\/04\/freepik_ilustracao-nao-fotorealis_2876212066-300x167.jpg 300w, https:\/\/www.tuasaude.com\/news\/wp-content\/uploads\/2026\/04\/freepik_ilustracao-nao-fotorealis_2876212066-768x428.jpg 768w, https:\/\/www.tuasaude.com\/news\/wp-content\/uploads\/2026\/04\/freepik_ilustracao-nao-fotorealis_2876212066-750x418.jpg 750w, https:\/\/www.tuasaude.com\/news\/wp-content\/uploads\/2026\/04\/freepik_ilustracao-nao-fotorealis_2876212066-1140x636.jpg 1140w, https:\/\/www.tuasaude.com\/news\/wp-content\/uploads\/2026\/04\/freepik_ilustracao-nao-fotorealis_2876212066.jpg 1280w\" sizes=\"(max-width: 1024px) 100vw, 1024px\" \/><figcaption class=\"wp-element-caption\">Uma alimenta\u00e7\u00e3o rica em antioxidantes, como vegetais e peixes, fortalece a sa\u00fade ocular ao longo da vida.<\/figcaption><\/figure>\n<\/div>\n\n\n<h2 class=\"wp-block-heading\">Quando consultar um oftalmologista?<\/h2>\n\n\n\n<p>Mesmo com h\u00e1bitos protetores, exames oftalmol\u00f3gicos peri\u00f3dicos s\u00e3o essenciais para detectar precocemente doen\u00e7as silenciosas, como glaucoma e degenera\u00e7\u00e3o macular. A recomenda\u00e7\u00e3o geral \u00e9 fazer avalia\u00e7\u00e3o a cada 1 a 2 anos, com frequ\u00eancia maior ap\u00f3s os 40 anos ou em casos de hist\u00f3rico familiar de doen\u00e7as oculares.<\/p>\n\n\n\n<p>Procure atendimento sem demora diante de vis\u00e3o emba\u00e7ada repentina, dor ocular intensa, halos ao redor de luzes, manchas no campo visual ou perda s\u00fabita da vis\u00e3o. Identificar precocemente os <a href=\"https:\/\/www.tuasaude.com\/sintomas-de-glaucoma\/\" target=\"_blank\" rel=\"noreferrer noopener\">sintomas de glaucoma<\/a> e outras altera\u00e7\u00f5es oculares aumenta as chances de preservar a vis\u00e3o por mais tempo.<\/p>\n\n\n\n<p><em>Este conte\u00fado tem car\u00e1ter apenas informativo e n\u00e3o substitui a avalia\u00e7\u00e3o, o diagn\u00f3stico ou o tratamento realizado por um profissional de sa\u00fade qualificado. Consulte sempre um oftalmologista para uma avalia\u00e7\u00e3o personalizada da sua sa\u00fade ocular.<\/em><\/p>\n","protected":false},"excerpt":{"rendered":"<p>Cuidar da vis\u00e3o exige menos esfor\u00e7o do que parece, e tr\u00eas h\u00e1bitos simples bastam para reduzir o risco das principais doen\u00e7as oculares relacionadas \u00e0 idade. Segundo o professor Roy S. Chuck, MD, PhD, professor e chairman do Departamento de Oftalmologia e Ci\u00eancias Visuais do Albert Einstein College of Medicine, em Nova York, a prote\u00e7\u00e3o da [&hellip;]<\/p>\n","protected":false},"author":11,"featured_media":29291,"comment_status":"open","ping_status":"open","sticky":false,"template":"","format":"standard","meta":{"_yoast_wpseo_focuskw":"proteger a vis\u00e3o","_yoast_wpseo_title":"","_yoast_wpseo_metadesc":"Professor explica como proteger a vis\u00e3o com \u00f3culos UV, alimenta\u00e7\u00e3o antioxidante e pausas nas telas para reduzir risco de doen\u00e7as oculares.","jnews-multi-image_gallery":[],"jnews_single_post":{"format":"standard"},"jnews_primary_category":[],"jnews_social_meta":[],"jnews_override_counter":[],"footnotes":""},"categories":[111],"tags":[2652,2778,1120,2427],"class_list":["post-29200","post","type-post","status-publish","format-standard","has-post-thumbnail","hentry","category-saude","tag-doencas-oculares","tag-proteger-a-visao","tag-saude-dos-olhos","tag-saude-ocular"],"yoast_head":"<!-- This site is optimized with the Yoast SEO plugin v26.7 - https:\/\/yoast.com\/wordpress\/plugins\/seo\/ -->\n<title>3 dicas simples para proteger sua vis\u00e3o ao longo do tempo, segundo um estudo - Tua Sa\u00fade<\/title>\n<meta name=\"description\" content=\"Professor explica como proteger a vis\u00e3o com \u00f3culos UV, alimenta\u00e7\u00e3o antioxidante e pausas nas telas para reduzir risco de doen\u00e7as oculares.\" \/>\n<meta name=\"robots\" content=\"index, follow, max-snippet:-1, max-image-preview:large, max-video-preview:-1\" \/>\n<link rel=\"canonical\" href=\"https:\/\/www.tuasaude.com\/news\/2026\/04\/28\/3-dicas-simples-para-proteger-sua-visao-ao-longo-do-tempo-segundo-um-estudo\/\" \/>\n<meta property=\"og:locale\" content=\"pt_BR\" \/>\n<meta property=\"og:type\" content=\"article\" \/>\n<meta property=\"og:title\" content=\"3 dicas simples para proteger sua vis\u00e3o ao longo do tempo, segundo um estudo - Tua Sa\u00fade\" \/>\n<meta property=\"og:description\" content=\"Professor explica como proteger a vis\u00e3o com \u00f3culos UV, alimenta\u00e7\u00e3o antioxidante e pausas nas telas para reduzir risco de doen\u00e7as oculares.\" \/>\n<meta property=\"og:url\" content=\"https:\/\/www.tuasaude.com\/news\/2026\/04\/28\/3-dicas-simples-para-proteger-sua-visao-ao-longo-do-tempo-segundo-um-estudo\/\" \/>\n<meta property=\"og:site_name\" content=\"Tua Sa\u00fade\" \/>\n<meta property=\"article:published_time\" content=\"2026-04-28T15:35:00+00:00\" \/>\n<meta property=\"article:modified_time\" content=\"2026-04-28T15:58:03+00:00\" \/>\n<meta property=\"og:image\" content=\"https:\/\/www.tuasaude.com\/news\/wp-content\/uploads\/2026\/04\/freepik_ilustracao-nao-fotorealis_2875926523.jpg\" \/>\n\t<meta property=\"og:image:width\" content=\"1280\" \/>\n\t<meta property=\"og:image:height\" content=\"714\" \/>\n\t<meta property=\"og:image:type\" content=\"image\/jpeg\" \/>\n<meta name=\"author\" content=\"Gessika Julia Carvalho\" \/>\n<meta name=\"twitter:card\" content=\"summary_large_image\" \/>\n<meta name=\"twitter:label1\" content=\"Escrito por\" \/>\n\t<meta name=\"twitter:data1\" content=\"Gessika Julia Carvalho\" \/>\n\t<meta name=\"twitter:label2\" content=\"Est. tempo de leitura\" \/>\n\t<meta name=\"twitter:data2\" content=\"5 minutos\" \/>\n<!-- \/ Yoast SEO plugin. -->","yoast_head_json":{"title":"3 dicas simples para proteger sua vis\u00e3o ao longo do tempo, segundo um estudo - Tua Sa\u00fade","description":"Professor explica como proteger a vis\u00e3o com \u00f3culos UV, alimenta\u00e7\u00e3o antioxidante e pausas nas telas para reduzir risco de doen\u00e7as oculares.","robots":{"index":"index","follow":"follow","max-snippet":"max-snippet:-1","max-image-preview":"max-image-preview:large","max-video-preview":"max-video-preview:-1"},"canonical":"https:\/\/www.tuasaude.com\/news\/2026\/04\/28\/3-dicas-simples-para-proteger-sua-visao-ao-longo-do-tempo-segundo-um-estudo\/","og_locale":"pt_BR","og_type":"article","og_title":"3 dicas simples para proteger sua vis\u00e3o ao longo do tempo, segundo um estudo - Tua Sa\u00fade","og_description":"Professor explica como proteger a vis\u00e3o com \u00f3culos UV, alimenta\u00e7\u00e3o antioxidante e pausas nas telas para reduzir risco de doen\u00e7as oculares.","og_url":"https:\/\/www.tuasaude.com\/news\/2026\/04\/28\/3-dicas-simples-para-proteger-sua-visao-ao-longo-do-tempo-segundo-um-estudo\/","og_site_name":"Tua Sa\u00fade","article_published_time":"2026-04-28T15:35:00+00:00","article_modified_time":"2026-04-28T15:58:03+00:00","og_image":[{"width":1280,"height":714,"url":"https:\/\/www.tuasaude.com\/news\/wp-content\/uploads\/2026\/04\/freepik_ilustracao-nao-fotorealis_2875926523.jpg","type":"image\/jpeg"}],"author":"Gessika Julia Carvalho","twitter_card":"summary_large_image","twitter_misc":{"Escrito por":"Gessika Julia Carvalho","Est. tempo de leitura":"5 minutos"},"schema":{"@context":"https:\/\/schema.org","@graph":[{"@type":"Article","@id":"https:\/\/www.tuasaude.com\/news\/2026\/04\/28\/3-dicas-simples-para-proteger-sua-visao-ao-longo-do-tempo-segundo-um-estudo\/#article","isPartOf":{"@id":"https:\/\/www.tuasaude.com\/news\/2026\/04\/28\/3-dicas-simples-para-proteger-sua-visao-ao-longo-do-tempo-segundo-um-estudo\/"},"author":{"name":"Gessika Julia Carvalho","@id":"https:\/\/www.tuasaude.com\/news\/#\/schema\/person\/2e9df841be69ec84f5d20ddb8d273ac2"},"headline":"3 dicas simples para proteger sua vis\u00e3o ao longo do tempo, segundo um estudo","datePublished":"2026-04-28T15:35:00+00:00","dateModified":"2026-04-28T15:58:03+00:00","mainEntityOfPage":{"@id":"https:\/\/www.tuasaude.com\/news\/2026\/04\/28\/3-dicas-simples-para-proteger-sua-visao-ao-longo-do-tempo-segundo-um-estudo\/"},"wordCount":749,"commentCount":0,"image":{"@id":"https:\/\/www.tuasaude.com\/news\/2026\/04\/28\/3-dicas-simples-para-proteger-sua-visao-ao-longo-do-tempo-segundo-um-estudo\/#primaryimage"},"thumbnailUrl":"https:\/\/www.tuasaude.com\/news\/wp-content\/uploads\/2026\/04\/freepik_ilustracao-nao-fotorealis_2875926523.jpg","keywords":["doen\u00e7as oculares","proteger a vis\u00e3o","sa\u00fade dos olhos","sa\u00fade ocular"],"articleSection":["Sa\u00fade"],"inLanguage":"pt-BR","potentialAction":[{"@type":"CommentAction","name":"Comment","target":["https:\/\/www.tuasaude.com\/news\/2026\/04\/28\/3-dicas-simples-para-proteger-sua-visao-ao-longo-do-tempo-segundo-um-estudo\/#respond"]}]},{"@type":"WebPage","@id":"https:\/\/www.tuasaude.com\/news\/2026\/04\/28\/3-dicas-simples-para-proteger-sua-visao-ao-longo-do-tempo-segundo-um-estudo\/","url":"https:\/\/www.tuasaude.com\/news\/2026\/04\/28\/3-dicas-simples-para-proteger-sua-visao-ao-longo-do-tempo-segundo-um-estudo\/","name":"3 dicas simples para proteger sua vis\u00e3o ao longo do tempo, segundo um estudo - Tua Sa\u00fade","isPartOf":{"@id":"https:\/\/www.tuasaude.com\/news\/#website"},"primaryImageOfPage":{"@id":"https:\/\/www.tuasaude.com\/news\/2026\/04\/28\/3-dicas-simples-para-proteger-sua-visao-ao-longo-do-tempo-segundo-um-estudo\/#primaryimage"},"image":{"@id":"https:\/\/www.tuasaude.com\/news\/2026\/04\/28\/3-dicas-simples-para-proteger-sua-visao-ao-longo-do-tempo-segundo-um-estudo\/#primaryimage"},"thumbnailUrl":"https:\/\/www.tuasaude.com\/news\/wp-content\/uploads\/2026\/04\/freepik_ilustracao-nao-fotorealis_2875926523.jpg","datePublished":"2026-04-28T15:35:00+00:00","dateModified":"2026-04-28T15:58:03+00:00","author":{"@id":"https:\/\/www.tuasaude.com\/news\/#\/schema\/person\/2e9df841be69ec84f5d20ddb8d273ac2"},"description":"Professor explica como proteger a vis\u00e3o com \u00f3culos UV, alimenta\u00e7\u00e3o antioxidante e pausas nas telas para reduzir risco de doen\u00e7as oculares.","breadcrumb":{"@id":"https:\/\/www.tuasaude.com\/news\/2026\/04\/28\/3-dicas-simples-para-proteger-sua-visao-ao-longo-do-tempo-segundo-um-estudo\/#breadcrumb"},"inLanguage":"pt-BR","potentialAction":[{"@type":"ReadAction","target":["https:\/\/www.tuasaude.com\/news\/2026\/04\/28\/3-dicas-simples-para-proteger-sua-visao-ao-longo-do-tempo-segundo-um-estudo\/"]}]},{"@type":"ImageObject","inLanguage":"pt-BR","@id":"https:\/\/www.tuasaude.com\/news\/2026\/04\/28\/3-dicas-simples-para-proteger-sua-visao-ao-longo-do-tempo-segundo-um-estudo\/#primaryimage","url":"https:\/\/www.tuasaude.com\/news\/wp-content\/uploads\/2026\/04\/freepik_ilustracao-nao-fotorealis_2875926523.jpg","contentUrl":"https:\/\/www.tuasaude.com\/news\/wp-content\/uploads\/2026\/04\/freepik_ilustracao-nao-fotorealis_2875926523.jpg","width":1280,"height":714,"caption":"Proteger os olhos do sol com \u00f3culos escuros adequados ajuda a prevenir catarata e degenera\u00e7\u00e3o macular."},{"@type":"BreadcrumbList","@id":"https:\/\/www.tuasaude.com\/news\/2026\/04\/28\/3-dicas-simples-para-proteger-sua-visao-ao-longo-do-tempo-segundo-um-estudo\/#breadcrumb","itemListElement":[{"@type":"ListItem","position":1,"name":"In\u00edcio","item":"https:\/\/www.tuasaude.com\/news\/"},{"@type":"ListItem","position":2,"name":"3 dicas simples para proteger sua vis\u00e3o ao longo do tempo, segundo um estudo"}]},{"@type":"WebSite","@id":"https:\/\/www.tuasaude.com\/news\/#website","url":"https:\/\/www.tuasaude.com\/news\/","name":"Tua Sa\u00fade","description":"Seu site de sa\u00fade","potentialAction":[{"@type":"SearchAction","target":{"@type":"EntryPoint","urlTemplate":"https:\/\/www.tuasaude.com\/news\/?s={search_term_string}"},"query-input":{"@type":"PropertyValueSpecification","valueRequired":true,"valueName":"search_term_string"}}],"inLanguage":"pt-BR"},{"@type":"Person","@id":"https:\/\/www.tuasaude.com\/news\/#\/schema\/person\/2e9df841be69ec84f5d20ddb8d273ac2","name":"Gessika Julia Carvalho","image":{"@type":"ImageObject","inLanguage":"pt-BR","@id":"https:\/\/www.tuasaude.com\/news\/#\/schema\/person\/image\/","url":"https:\/\/secure.gravatar.com\/avatar\/0fcc8769024577fd0bc6a8b766055690f76a8e8f29dfb2a2f89cf04db8d0f2d2?s=96&d=mm&r=g","contentUrl":"https:\/\/secure.gravatar.com\/avatar\/0fcc8769024577fd0bc6a8b766055690f76a8e8f29dfb2a2f89cf04db8d0f2d2?s=96&d=mm&r=g","caption":"Gessika Julia Carvalho"},"sameAs":["https:\/\/www.tuasaude.com\/news\/"],"url":"https:\/\/www.tuasaude.com\/news\/author\/gessika-julia\/"}]}},"_links":{"self":[{"href":"https:\/\/www.tuasaude.com\/news\/wp-json\/wp\/v2\/posts\/29200","targetHints":{"allow":["GET"]}}],"collection":[{"href":"https:\/\/www.tuasaude.com\/news\/wp-json\/wp\/v2\/posts"}],"about":[{"href":"https:\/\/www.tuasaude.com\/news\/wp-json\/wp\/v2\/types\/post"}],"author":[{"embeddable":true,"href":"https:\/\/www.tuasaude.com\/news\/wp-json\/wp\/v2\/users\/11"}],"replies":[{"embeddable":true,"href":"https:\/\/www.tuasaude.com\/news\/wp-json\/wp\/v2\/comments?post=29200"}],"version-history":[{"count":4,"href":"https:\/\/www.tuasaude.com\/news\/wp-json\/wp\/v2\/posts\/29200\/revisions"}],"predecessor-version":[{"id":29733,"href":"https:\/\/www.tuasaude.com\/news\/wp-json\/wp\/v2\/posts\/29200\/revisions\/29733"}],"wp:featuredmedia":[{"embeddable":true,"href":"https:\/\/www.tuasaude.com\/news\/wp-json\/wp\/v2\/media\/29291"}],"wp:attachment":[{"href":"https:\/\/www.tuasaude.com\/news\/wp-json\/wp\/v2\/media?parent=29200"}],"wp:term":[{"taxonomy":"category","embeddable":true,"href":"https:\/\/www.tuasaude.com\/news\/wp-json\/wp\/v2\/categories?post=29200"},{"taxonomy":"post_tag","embeddable":true,"href":"https:\/\/www.tuasaude.com\/news\/wp-json\/wp\/v2\/tags?post=29200"}],"curies":[{"name":"wp","href":"https:\/\/api.w.org\/{rel}","templated":true}]}}