{"id":29182,"date":"2026-04-28T10:30:00","date_gmt":"2026-04-28T13:30:00","guid":{"rendered":"https:\/\/www.tuasaude.com\/news\/?p=29182"},"modified":"2026-04-27T19:57:25","modified_gmt":"2026-04-27T22:57:25","slug":"uma-das-maneiras-de-identificar-deficiencia-de-ferro-e-atraves-da-coloracao-das-palpebras-inferiores-e-da-fragilidade-das-unhas","status":"publish","type":"post","link":"https:\/\/www.tuasaude.com\/news\/2026\/04\/28\/uma-das-maneiras-de-identificar-deficiencia-de-ferro-e-atraves-da-coloracao-das-palpebras-inferiores-e-da-fragilidade-das-unhas\/","title":{"rendered":"Uma das maneiras de identificar defici\u00eancia de ferro \u00e9 atrav\u00e9s da colora\u00e7\u00e3o das p\u00e1lpebras inferiores e da fragilidade das unhas"},"content":{"rendered":"\n<p>A colora\u00e7\u00e3o da parte interna da p\u00e1lpebra inferior e o aspecto das unhas s\u00e3o pistas valiosas que o corpo oferece sobre os n\u00edveis de ferro. Quando a hemoglobina come\u00e7a a cair, a regi\u00e3o fica mais p\u00e1lida que o tom rosado habitual, e as unhas podem se tornar finas, quebradi\u00e7as ou em formato de colher. Reconhecer esses sinais cedo permite buscar avalia\u00e7\u00e3o antes que a anemia se instale e os sintomas se intensifiquem.<\/p>\n\n\n\n<h2 class=\"wp-block-heading\">O que a cor das p\u00e1lpebras revela sobre o ferro?<\/h2>\n\n\n\n<p>A face interna da p\u00e1lpebra inferior, chamada conjuntiva palpebral, \u00e9 uma mucosa altamente vascularizada que reflete diretamente a quantidade de hemoglobina circulante. Em pessoas com n\u00edveis adequados, ela apresenta tom vermelho-rosado intenso e uniforme.<\/p>\n\n\n\n<p>Quando o ferro est\u00e1 baixo, a colora\u00e7\u00e3o se torna p\u00e1lida, rosada-clara ou esbranqui\u00e7ada. Esse exame simples, feito ao puxar levemente a p\u00e1lpebra para baixo sob luz natural, \u00e9 utilizado h\u00e1 d\u00e9cadas como triagem inicial para suspeita de anemia.<\/p>\n\n\n\n<h2 class=\"wp-block-heading\">Como as unhas mostram a falta de ferro?<\/h2>\n\n\n\n<p>As unhas crescem de forma lenta e funcionam como um registro do estado nutricional dos \u00faltimos meses. A defici\u00eancia prolongada de ferro compromete a produ\u00e7\u00e3o de queratina e altera sua estrutura.<\/p>\n\n\n\n<p>Os sinais mais comuns incluem unhas finas, quebradi\u00e7as, com estrias longitudinais ou formato de colher, condi\u00e7\u00e3o chamada coilon\u00edquia. Esses achados costumam acompanhar outros <a href=\"https:\/\/www.tuasaude.com\/sintomas-de-anemia\/\" target=\"_blank\" rel=\"noreferrer noopener\">sintomas de anemia<\/a> como cansa\u00e7o persistente e queda de cabelo.<\/p>\n\n\n<div class=\"wp-block-image\">\n<figure class=\"aligncenter size-large\"><img decoding=\"async\" width=\"1024\" height=\"571\" src=\"https:\/\/www.tuasaude.com\/news\/wp-content\/uploads\/2026\/04\/freepik_illustration-nonphotoreal_2877049305-1024x571.jpg\" alt=\"Uma das maneiras de identificar defici\u00eancia de ferro \u00e9 atrav\u00e9s da colora\u00e7\u00e3o das p\u00e1lpebras inferiores e da fragilidade das unhas\" class=\"wp-image-29453\" srcset=\"https:\/\/www.tuasaude.com\/news\/wp-content\/uploads\/2026\/04\/freepik_illustration-nonphotoreal_2877049305-1024x571.jpg 1024w, https:\/\/www.tuasaude.com\/news\/wp-content\/uploads\/2026\/04\/freepik_illustration-nonphotoreal_2877049305-300x167.jpg 300w, https:\/\/www.tuasaude.com\/news\/wp-content\/uploads\/2026\/04\/freepik_illustration-nonphotoreal_2877049305-768x428.jpg 768w, https:\/\/www.tuasaude.com\/news\/wp-content\/uploads\/2026\/04\/freepik_illustration-nonphotoreal_2877049305-750x418.jpg 750w, https:\/\/www.tuasaude.com\/news\/wp-content\/uploads\/2026\/04\/freepik_illustration-nonphotoreal_2877049305-1140x636.jpg 1140w, https:\/\/www.tuasaude.com\/news\/wp-content\/uploads\/2026\/04\/freepik_illustration-nonphotoreal_2877049305.jpg 1280w\" sizes=\"(max-width: 1024px) 100vw, 1024px\" \/><figcaption class=\"wp-element-caption\">A defici\u00eancia de ferro pode causar cansa\u00e7o, queda de cabelo e unhas em formato de colher.<\/figcaption><\/figure>\n<\/div>\n\n\n<h2 class=\"wp-block-heading\">O que diz o estudo cient\u00edfico sobre a palidez conjuntival?<\/h2>\n\n\n\n<p>A avalia\u00e7\u00e3o da p\u00e1lpebra inferior como ferramenta cl\u00ednica foi formalmente estudada e validada em pesquisas que mediram sua precis\u00e3o diagn\u00f3stica. Esses dados explicam por que o exame continua sendo amplamente utilizado mesmo com a disponibilidade de testes laboratoriais modernos.<\/p>\n\n\n\n<p>Segundo o estudo <a href=\"https:\/\/pmc.ncbi.nlm.nih.gov\/articles\/PMC1497067\/\" target=\"_blank\" rel=\"noreferrer noopener\">The relation of conjunctival pallor to the presence of anemia<\/a>, publicado no Journal of General Internal Medicine e indexado no PubMed, a presen\u00e7a de palidez na conjuntiva palpebral apresentou raz\u00e3o de verossimilhan\u00e7a de 4,49 para anemia, indicando forte associa\u00e7\u00e3o com hemoglobina abaixo de 9 g\/dL e justificando a solicita\u00e7\u00e3o imediata de hemograma.<\/p>\n\n\n\n<h2 class=\"wp-block-heading\">Quais outros sinais f\u00edsicos acompanham a defici\u00eancia?<\/h2>\n\n\n\n<p>A falta de ferro raramente se manifesta de forma isolada. O corpo costuma exibir um conjunto de sinais que aparecem antes mesmo da anemia se confirmar nos exames de sangue.<\/p>\n\n\n<div class=\"wp-block-image\">\n<figure class=\"aligncenter size-large\"><img decoding=\"async\" width=\"1024\" height=\"589\" src=\"https:\/\/www.tuasaude.com\/news\/wp-content\/uploads\/2026\/04\/convertido-15-14-1024x589.jpg\" alt=\"Quais outros sinais f\u00edsicos acompanham a defici\u00eancia?\" class=\"wp-image-29183\" srcset=\"https:\/\/www.tuasaude.com\/news\/wp-content\/uploads\/2026\/04\/convertido-15-14-1024x589.jpg 1024w, https:\/\/www.tuasaude.com\/news\/wp-content\/uploads\/2026\/04\/convertido-15-14-300x173.jpg 300w, https:\/\/www.tuasaude.com\/news\/wp-content\/uploads\/2026\/04\/convertido-15-14-768x442.jpg 768w, https:\/\/www.tuasaude.com\/news\/wp-content\/uploads\/2026\/04\/convertido-15-14-750x431.jpg 750w, https:\/\/www.tuasaude.com\/news\/wp-content\/uploads\/2026\/04\/convertido-15-14-1140x656.jpg 1140w, https:\/\/www.tuasaude.com\/news\/wp-content\/uploads\/2026\/04\/convertido-15-14.jpg 1280w\" sizes=\"(max-width: 1024px) 100vw, 1024px\" \/><figcaption class=\"wp-element-caption\">Quais outros sinais f\u00edsicos acompanham a defici\u00eancia?<\/figcaption><\/figure>\n<\/div>\n\n\n<p>Quanto maior o n\u00famero de sinais presentes, maior a chance de a defici\u00eancia j\u00e1 estar instalada e exigir investiga\u00e7\u00e3o r\u00e1pida.<\/p>\n\n\n\n<h2 class=\"wp-block-heading\">Como confirmar e tratar a defici\u00eancia de ferro?<\/h2>\n\n\n\n<p>O diagn\u00f3stico definitivo exige exames laboratoriais que avaliam diferentes aspectos do metabolismo do ferro. Apenas a observa\u00e7\u00e3o cl\u00ednica n\u00e3o basta para confirmar ou descartar o quadro.<\/p>\n\n\n\n<p>O m\u00e9dico costuma solicitar hemograma completo, dosagem de ferritina, ferro s\u00e9rico, transferrina e satura\u00e7\u00e3o da transferrina. O tratamento varia conforme a causa e a gravidade, podendo incluir ajustes na alimenta\u00e7\u00e3o com <a href=\"https:\/\/www.tuasaude.com\/alimentos-ricos-em-ferro-para-anemia\/\" target=\"_blank\" rel=\"noreferrer noopener\">alimentos ricos em ferro<\/a>, suplementa\u00e7\u00e3o oral ou, em casos selecionados, ferro intravenoso. Identificar e corrigir a causa subjacente, como perdas menstruais intensas ou m\u00e1 absor\u00e7\u00e3o intestinal, \u00e9 t\u00e3o importante quanto repor o mineral em situa\u00e7\u00f5es de <a href=\"https:\/\/www.tuasaude.com\/anemia-ferropriva\/\" target=\"_blank\" rel=\"noreferrer noopener\">anemia ferropriva<\/a>.<\/p>\n\n\n\n<p><em>Este conte\u00fado tem car\u00e1ter apenas informativo e n\u00e3o substitui a avalia\u00e7\u00e3o, o diagn\u00f3stico ou o tratamento indicado por um profissional de sa\u00fade. Diante de palidez nas p\u00e1lpebras, unhas fr\u00e1geis ou cansa\u00e7o persistente, procure orienta\u00e7\u00e3o m\u00e9dica para investiga\u00e7\u00e3o adequada.<\/em><\/p>\n\n\n\n<p><\/p>\n","protected":false},"excerpt":{"rendered":"<p>A colora\u00e7\u00e3o da parte interna da p\u00e1lpebra inferior e o aspecto das unhas s\u00e3o pistas valiosas que o corpo oferece sobre os n\u00edveis de ferro. Quando a hemoglobina come\u00e7a a cair, a regi\u00e3o fica mais p\u00e1lida que o tom rosado habitual, e as unhas podem se tornar finas, quebradi\u00e7as ou em formato de colher. Reconhecer [&hellip;]<\/p>\n","protected":false},"author":11,"featured_media":29465,"comment_status":"open","ping_status":"open","sticky":false,"template":"","format":"standard","meta":{"_yoast_wpseo_focuskw":"defici\u00eancia de ferro","_yoast_wpseo_title":"","_yoast_wpseo_metadesc":"P\u00e1lpebras inferiores p\u00e1lidas e unhas fr\u00e1geis podem indicar defici\u00eancia de ferro antes da anemia se agravar.","jnews-multi-image_gallery":[],"jnews_single_post":{"format":"standard"},"jnews_primary_category":[],"jnews_social_meta":[],"jnews_override_counter":[],"footnotes":""},"categories":[111],"tags":[1066,199,6241,3226],"class_list":["post-29182","post","type-post","status-publish","format-standard","has-post-thumbnail","hentry","category-saude","tag-deficiencia-de-ferro","tag-ferro","tag-palpebras-inferiores","tag-unhas-frageis"],"yoast_head":"<!-- This site is optimized with the Yoast SEO plugin v26.7 - https:\/\/yoast.com\/wordpress\/plugins\/seo\/ -->\n<title>Uma das maneiras de identificar defici\u00eancia de ferro \u00e9 atrav\u00e9s da colora\u00e7\u00e3o das p\u00e1lpebras inferiores e da fragilidade das unhas - Tua Sa\u00fade<\/title>\n<meta name=\"description\" content=\"P\u00e1lpebras inferiores p\u00e1lidas e unhas fr\u00e1geis podem indicar defici\u00eancia de ferro antes da anemia se agravar.\" \/>\n<meta name=\"robots\" content=\"index, follow, max-snippet:-1, max-image-preview:large, max-video-preview:-1\" \/>\n<link rel=\"canonical\" href=\"https:\/\/www.tuasaude.com\/news\/2026\/04\/28\/uma-das-maneiras-de-identificar-deficiencia-de-ferro-e-atraves-da-coloracao-das-palpebras-inferiores-e-da-fragilidade-das-unhas\/\" \/>\n<meta property=\"og:locale\" content=\"pt_BR\" \/>\n<meta property=\"og:type\" content=\"article\" \/>\n<meta property=\"og:title\" content=\"Uma das maneiras de identificar defici\u00eancia de ferro \u00e9 atrav\u00e9s da colora\u00e7\u00e3o das p\u00e1lpebras inferiores e da fragilidade das unhas - Tua Sa\u00fade\" \/>\n<meta property=\"og:description\" content=\"P\u00e1lpebras inferiores p\u00e1lidas e unhas fr\u00e1geis podem indicar defici\u00eancia de ferro antes da anemia se agravar.\" \/>\n<meta property=\"og:url\" content=\"https:\/\/www.tuasaude.com\/news\/2026\/04\/28\/uma-das-maneiras-de-identificar-deficiencia-de-ferro-e-atraves-da-coloracao-das-palpebras-inferiores-e-da-fragilidade-das-unhas\/\" \/>\n<meta property=\"og:site_name\" content=\"Tua Sa\u00fade\" \/>\n<meta property=\"article:published_time\" content=\"2026-04-28T13:30:00+00:00\" \/>\n<meta property=\"og:image\" content=\"https:\/\/www.tuasaude.com\/news\/wp-content\/uploads\/2026\/04\/freepik_illustration-nonphotoreal_2877147718.jpg\" \/>\n\t<meta property=\"og:image:width\" content=\"1280\" \/>\n\t<meta property=\"og:image:height\" content=\"714\" \/>\n\t<meta property=\"og:image:type\" content=\"image\/jpeg\" \/>\n<meta name=\"author\" content=\"Gessika Julia Carvalho\" \/>\n<meta name=\"twitter:card\" content=\"summary_large_image\" \/>\n<meta name=\"twitter:label1\" content=\"Escrito por\" \/>\n\t<meta name=\"twitter:data1\" content=\"Gessika Julia Carvalho\" \/>\n\t<meta name=\"twitter:label2\" content=\"Est. tempo de leitura\" \/>\n\t<meta name=\"twitter:data2\" content=\"4 minutos\" \/>\n<!-- \/ Yoast SEO plugin. -->","yoast_head_json":{"title":"Uma das maneiras de identificar defici\u00eancia de ferro \u00e9 atrav\u00e9s da colora\u00e7\u00e3o das p\u00e1lpebras inferiores e da fragilidade das unhas - Tua Sa\u00fade","description":"P\u00e1lpebras inferiores p\u00e1lidas e unhas fr\u00e1geis podem indicar defici\u00eancia de ferro antes da anemia se agravar.","robots":{"index":"index","follow":"follow","max-snippet":"max-snippet:-1","max-image-preview":"max-image-preview:large","max-video-preview":"max-video-preview:-1"},"canonical":"https:\/\/www.tuasaude.com\/news\/2026\/04\/28\/uma-das-maneiras-de-identificar-deficiencia-de-ferro-e-atraves-da-coloracao-das-palpebras-inferiores-e-da-fragilidade-das-unhas\/","og_locale":"pt_BR","og_type":"article","og_title":"Uma das maneiras de identificar defici\u00eancia de ferro \u00e9 atrav\u00e9s da colora\u00e7\u00e3o das p\u00e1lpebras inferiores e da fragilidade das unhas - Tua Sa\u00fade","og_description":"P\u00e1lpebras inferiores p\u00e1lidas e unhas fr\u00e1geis podem indicar defici\u00eancia de ferro antes da anemia se agravar.","og_url":"https:\/\/www.tuasaude.com\/news\/2026\/04\/28\/uma-das-maneiras-de-identificar-deficiencia-de-ferro-e-atraves-da-coloracao-das-palpebras-inferiores-e-da-fragilidade-das-unhas\/","og_site_name":"Tua Sa\u00fade","article_published_time":"2026-04-28T13:30:00+00:00","og_image":[{"width":1280,"height":714,"url":"https:\/\/www.tuasaude.com\/news\/wp-content\/uploads\/2026\/04\/freepik_illustration-nonphotoreal_2877147718.jpg","type":"image\/jpeg"}],"author":"Gessika Julia Carvalho","twitter_card":"summary_large_image","twitter_misc":{"Escrito por":"Gessika Julia Carvalho","Est. tempo de leitura":"4 minutos"},"schema":{"@context":"https:\/\/schema.org","@graph":[{"@type":"Article","@id":"https:\/\/www.tuasaude.com\/news\/2026\/04\/28\/uma-das-maneiras-de-identificar-deficiencia-de-ferro-e-atraves-da-coloracao-das-palpebras-inferiores-e-da-fragilidade-das-unhas\/#article","isPartOf":{"@id":"https:\/\/www.tuasaude.com\/news\/2026\/04\/28\/uma-das-maneiras-de-identificar-deficiencia-de-ferro-e-atraves-da-coloracao-das-palpebras-inferiores-e-da-fragilidade-das-unhas\/"},"author":{"name":"Gessika Julia Carvalho","@id":"https:\/\/www.tuasaude.com\/news\/#\/schema\/person\/2e9df841be69ec84f5d20ddb8d273ac2"},"headline":"Uma das maneiras de identificar defici\u00eancia de ferro \u00e9 atrav\u00e9s da colora\u00e7\u00e3o das p\u00e1lpebras inferiores e da fragilidade das unhas","datePublished":"2026-04-28T13:30:00+00:00","mainEntityOfPage":{"@id":"https:\/\/www.tuasaude.com\/news\/2026\/04\/28\/uma-das-maneiras-de-identificar-deficiencia-de-ferro-e-atraves-da-coloracao-das-palpebras-inferiores-e-da-fragilidade-das-unhas\/"},"wordCount":639,"commentCount":0,"image":{"@id":"https:\/\/www.tuasaude.com\/news\/2026\/04\/28\/uma-das-maneiras-de-identificar-deficiencia-de-ferro-e-atraves-da-coloracao-das-palpebras-inferiores-e-da-fragilidade-das-unhas\/#primaryimage"},"thumbnailUrl":"https:\/\/www.tuasaude.com\/news\/wp-content\/uploads\/2026\/04\/freepik_illustration-nonphotoreal_2877147718.jpg","keywords":["defici\u00eancia de ferro","ferro","p\u00e1lpebras inferiores","unhas fr\u00e1geis"],"articleSection":["Sa\u00fade"],"inLanguage":"pt-BR","potentialAction":[{"@type":"CommentAction","name":"Comment","target":["https:\/\/www.tuasaude.com\/news\/2026\/04\/28\/uma-das-maneiras-de-identificar-deficiencia-de-ferro-e-atraves-da-coloracao-das-palpebras-inferiores-e-da-fragilidade-das-unhas\/#respond"]}]},{"@type":"WebPage","@id":"https:\/\/www.tuasaude.com\/news\/2026\/04\/28\/uma-das-maneiras-de-identificar-deficiencia-de-ferro-e-atraves-da-coloracao-das-palpebras-inferiores-e-da-fragilidade-das-unhas\/","url":"https:\/\/www.tuasaude.com\/news\/2026\/04\/28\/uma-das-maneiras-de-identificar-deficiencia-de-ferro-e-atraves-da-coloracao-das-palpebras-inferiores-e-da-fragilidade-das-unhas\/","name":"Uma das maneiras de identificar defici\u00eancia de ferro \u00e9 atrav\u00e9s da colora\u00e7\u00e3o das p\u00e1lpebras inferiores e da fragilidade das unhas - Tua Sa\u00fade","isPartOf":{"@id":"https:\/\/www.tuasaude.com\/news\/#website"},"primaryImageOfPage":{"@id":"https:\/\/www.tuasaude.com\/news\/2026\/04\/28\/uma-das-maneiras-de-identificar-deficiencia-de-ferro-e-atraves-da-coloracao-das-palpebras-inferiores-e-da-fragilidade-das-unhas\/#primaryimage"},"image":{"@id":"https:\/\/www.tuasaude.com\/news\/2026\/04\/28\/uma-das-maneiras-de-identificar-deficiencia-de-ferro-e-atraves-da-coloracao-das-palpebras-inferiores-e-da-fragilidade-das-unhas\/#primaryimage"},"thumbnailUrl":"https:\/\/www.tuasaude.com\/news\/wp-content\/uploads\/2026\/04\/freepik_illustration-nonphotoreal_2877147718.jpg","datePublished":"2026-04-28T13:30:00+00:00","author":{"@id":"https:\/\/www.tuasaude.com\/news\/#\/schema\/person\/2e9df841be69ec84f5d20ddb8d273ac2"},"description":"P\u00e1lpebras inferiores p\u00e1lidas e unhas fr\u00e1geis podem indicar defici\u00eancia de ferro antes da anemia se agravar.","breadcrumb":{"@id":"https:\/\/www.tuasaude.com\/news\/2026\/04\/28\/uma-das-maneiras-de-identificar-deficiencia-de-ferro-e-atraves-da-coloracao-das-palpebras-inferiores-e-da-fragilidade-das-unhas\/#breadcrumb"},"inLanguage":"pt-BR","potentialAction":[{"@type":"ReadAction","target":["https:\/\/www.tuasaude.com\/news\/2026\/04\/28\/uma-das-maneiras-de-identificar-deficiencia-de-ferro-e-atraves-da-coloracao-das-palpebras-inferiores-e-da-fragilidade-das-unhas\/"]}]},{"@type":"ImageObject","inLanguage":"pt-BR","@id":"https:\/\/www.tuasaude.com\/news\/2026\/04\/28\/uma-das-maneiras-de-identificar-deficiencia-de-ferro-e-atraves-da-coloracao-das-palpebras-inferiores-e-da-fragilidade-das-unhas\/#primaryimage","url":"https:\/\/www.tuasaude.com\/news\/wp-content\/uploads\/2026\/04\/freepik_illustration-nonphotoreal_2877147718.jpg","contentUrl":"https:\/\/www.tuasaude.com\/news\/wp-content\/uploads\/2026\/04\/freepik_illustration-nonphotoreal_2877147718.jpg","width":1280,"height":714,"caption":"P\u00e1lpebras p\u00e1lidas e unhas fr\u00e1geis podem ser sinais de falta de ferro."},{"@type":"BreadcrumbList","@id":"https:\/\/www.tuasaude.com\/news\/2026\/04\/28\/uma-das-maneiras-de-identificar-deficiencia-de-ferro-e-atraves-da-coloracao-das-palpebras-inferiores-e-da-fragilidade-das-unhas\/#breadcrumb","itemListElement":[{"@type":"ListItem","position":1,"name":"In\u00edcio","item":"https:\/\/www.tuasaude.com\/news\/"},{"@type":"ListItem","position":2,"name":"Uma das maneiras de identificar defici\u00eancia de ferro \u00e9 atrav\u00e9s da colora\u00e7\u00e3o das p\u00e1lpebras inferiores e da fragilidade das unhas"}]},{"@type":"WebSite","@id":"https:\/\/www.tuasaude.com\/news\/#website","url":"https:\/\/www.tuasaude.com\/news\/","name":"Tua Sa\u00fade","description":"Seu site de sa\u00fade","potentialAction":[{"@type":"SearchAction","target":{"@type":"EntryPoint","urlTemplate":"https:\/\/www.tuasaude.com\/news\/?s={search_term_string}"},"query-input":{"@type":"PropertyValueSpecification","valueRequired":true,"valueName":"search_term_string"}}],"inLanguage":"pt-BR"},{"@type":"Person","@id":"https:\/\/www.tuasaude.com\/news\/#\/schema\/person\/2e9df841be69ec84f5d20ddb8d273ac2","name":"Gessika Julia Carvalho","image":{"@type":"ImageObject","inLanguage":"pt-BR","@id":"https:\/\/www.tuasaude.com\/news\/#\/schema\/person\/image\/","url":"https:\/\/secure.gravatar.com\/avatar\/0fcc8769024577fd0bc6a8b766055690f76a8e8f29dfb2a2f89cf04db8d0f2d2?s=96&d=mm&r=g","contentUrl":"https:\/\/secure.gravatar.com\/avatar\/0fcc8769024577fd0bc6a8b766055690f76a8e8f29dfb2a2f89cf04db8d0f2d2?s=96&d=mm&r=g","caption":"Gessika Julia Carvalho"},"sameAs":["https:\/\/www.tuasaude.com\/news\/"],"url":"https:\/\/www.tuasaude.com\/news\/author\/gessika-julia\/"}]}},"_links":{"self":[{"href":"https:\/\/www.tuasaude.com\/news\/wp-json\/wp\/v2\/posts\/29182","targetHints":{"allow":["GET"]}}],"collection":[{"href":"https:\/\/www.tuasaude.com\/news\/wp-json\/wp\/v2\/posts"}],"about":[{"href":"https:\/\/www.tuasaude.com\/news\/wp-json\/wp\/v2\/types\/post"}],"author":[{"embeddable":true,"href":"https:\/\/www.tuasaude.com\/news\/wp-json\/wp\/v2\/users\/11"}],"replies":[{"embeddable":true,"href":"https:\/\/www.tuasaude.com\/news\/wp-json\/wp\/v2\/comments?post=29182"}],"version-history":[{"count":2,"href":"https:\/\/www.tuasaude.com\/news\/wp-json\/wp\/v2\/posts\/29182\/revisions"}],"predecessor-version":[{"id":29498,"href":"https:\/\/www.tuasaude.com\/news\/wp-json\/wp\/v2\/posts\/29182\/revisions\/29498"}],"wp:featuredmedia":[{"embeddable":true,"href":"https:\/\/www.tuasaude.com\/news\/wp-json\/wp\/v2\/media\/29465"}],"wp:attachment":[{"href":"https:\/\/www.tuasaude.com\/news\/wp-json\/wp\/v2\/media?parent=29182"}],"wp:term":[{"taxonomy":"category","embeddable":true,"href":"https:\/\/www.tuasaude.com\/news\/wp-json\/wp\/v2\/categories?post=29182"},{"taxonomy":"post_tag","embeddable":true,"href":"https:\/\/www.tuasaude.com\/news\/wp-json\/wp\/v2\/tags?post=29182"}],"curies":[{"name":"wp","href":"https:\/\/api.w.org\/{rel}","templated":true}]}}