{"id":29176,"date":"2026-04-28T09:40:00","date_gmt":"2026-04-28T12:40:00","guid":{"rendered":"https:\/\/www.tuasaude.com\/news\/?p=29176"},"modified":"2026-04-27T19:57:25","modified_gmt":"2026-04-27T22:57:25","slug":"como-e-a-dor-nas-articulacoes-causada-pela-inflamacao-alimentar-e-como-diferencia-la-de-artrite-ou-artrose","status":"publish","type":"post","link":"https:\/\/www.tuasaude.com\/news\/2026\/04\/28\/como-e-a-dor-nas-articulacoes-causada-pela-inflamacao-alimentar-e-como-diferencia-la-de-artrite-ou-artrose\/","title":{"rendered":"Como \u00e9 a dor nas articula\u00e7\u00f5es causada pela inflama\u00e7\u00e3o alimentar e como diferenci\u00e1-la de artrite ou artrose?"},"content":{"rendered":"\n<p>A dor nas articula\u00e7\u00f5es causada por inflama\u00e7\u00e3o alimentar costuma ser difusa, migrat\u00f3ria e oscilar conforme o consumo de certos alimentos, enquanto artrite e artrose apresentam padr\u00f5es mais definidos de localiza\u00e7\u00e3o, rigidez e progress\u00e3o. Reconhecer essas diferen\u00e7as \u00e9 essencial para buscar o diagn\u00f3stico correto, evitar tratamentos inadequados e ajustar a alimenta\u00e7\u00e3o de forma estrat\u00e9gica. Marcadores laboratoriais e a observa\u00e7\u00e3o dos sintomas no dia a dia s\u00e3o as principais ferramentas para identificar a verdadeira origem do problema.<\/p>\n\n\n\n<h2 class=\"wp-block-heading\">Como \u00e9 a dor causada pela inflama\u00e7\u00e3o alimentar?<\/h2>\n\n\n\n<p>A dor por inflama\u00e7\u00e3o alimentar tende a ser difusa, leve a moderada e migra entre articula\u00e7\u00f5es diferentes ao longo dos dias. Costuma piorar ap\u00f3s o consumo de ultraprocessados, a\u00e7\u00facar refinado, frituras, embutidos e \u00e1lcool, e melhora com dietas anti-inflamat\u00f3rias.<\/p>\n\n\n\n<p>Esse tipo de desconforto raramente vem acompanhado de incha\u00e7o importante ou deformidade. O quadro est\u00e1 ligado ao aumento de citocinas pr\u00f3-inflamat\u00f3rias e \u00e0 disbiose intestinal, fatores influenciados diretamente por h\u00e1bitos <a href=\"https:\/\/www.tuasaude.com\/alimentos-anti-inflamatorios\/\" target=\"_blank\" rel=\"noreferrer noopener\">alimentares anti-inflamat\u00f3rios<\/a>.<\/p>\n\n\n\n<h2 class=\"wp-block-heading\">Quais s\u00e3o as caracter\u00edsticas da artrite?<\/h2>\n\n\n\n<p>A artrite \u00e9 uma inflama\u00e7\u00e3o real da articula\u00e7\u00e3o, geralmente de origem autoimune ou infecciosa, e provoca sintomas mais intensos e localizados. A artrite reumatoide, a forma mais comum, costuma afetar pequenas articula\u00e7\u00f5es de m\u00e3os e p\u00e9s de forma sim\u00e9trica.<\/p>\n\n\n\n<p>Os sinais t\u00edpicos incluem dor persistente, calor, vermelhid\u00e3o, incha\u00e7o e rigidez matinal prolongada, com dura\u00e7\u00e3o superior a uma hora. A condi\u00e7\u00e3o evolui com epis\u00f3dios de piora e exige acompanhamento reumatol\u00f3gico cont\u00ednuo.<\/p>\n\n\n<div class=\"wp-block-image\">\n<figure class=\"aligncenter size-large\"><img decoding=\"async\" width=\"1024\" height=\"571\" src=\"https:\/\/www.tuasaude.com\/news\/wp-content\/uploads\/2026\/04\/freepik_illustration-nonphotoreal_2877051130-1024x571.jpg\" alt=\"Como \u00e9 a dor nas articula\u00e7\u00f5es causada pela inflama\u00e7\u00e3o alimentar e como diferenci\u00e1-la de artrite ou artrose?\" class=\"wp-image-29457\" srcset=\"https:\/\/www.tuasaude.com\/news\/wp-content\/uploads\/2026\/04\/freepik_illustration-nonphotoreal_2877051130-1024x571.jpg 1024w, https:\/\/www.tuasaude.com\/news\/wp-content\/uploads\/2026\/04\/freepik_illustration-nonphotoreal_2877051130-300x167.jpg 300w, https:\/\/www.tuasaude.com\/news\/wp-content\/uploads\/2026\/04\/freepik_illustration-nonphotoreal_2877051130-768x428.jpg 768w, https:\/\/www.tuasaude.com\/news\/wp-content\/uploads\/2026\/04\/freepik_illustration-nonphotoreal_2877051130-750x418.jpg 750w, https:\/\/www.tuasaude.com\/news\/wp-content\/uploads\/2026\/04\/freepik_illustration-nonphotoreal_2877051130-1140x636.jpg 1140w, https:\/\/www.tuasaude.com\/news\/wp-content\/uploads\/2026\/04\/freepik_illustration-nonphotoreal_2877051130.jpg 1280w\" sizes=\"(max-width: 1024px) 100vw, 1024px\" \/><figcaption class=\"wp-element-caption\">Artrite causa dor com incha\u00e7o e rigidez; artrose piora com o uso.<\/figcaption><\/figure>\n<\/div>\n\n\n<h2 class=\"wp-block-heading\">O que diz o estudo cient\u00edfico sobre dieta e dor articular?<\/h2>\n\n\n\n<p>A rela\u00e7\u00e3o entre alimenta\u00e7\u00e3o e dor nas articula\u00e7\u00f5es vem ganhando respaldo em pesquisas robustas, que mostram impacto direto de padr\u00f5es alimentares sobre marcadores de inflama\u00e7\u00e3o e percep\u00e7\u00e3o da dor. Esses dados ajudam a explicar por que algumas pessoas relatam melhora articular ap\u00f3s mudan\u00e7as no card\u00e1pio.<\/p>\n\n\n\n<p>Segundo a revis\u00e3o sistem\u00e1tica com meta-an\u00e1lise <a href=\"https:\/\/pmc.ncbi.nlm.nih.gov\/articles\/PMC8706441\/\" target=\"_blank\" rel=\"noreferrer noopener\">Effect of Anti-Inflammatory Diets on Pain in Rheumatoid Arthritis<\/a>, publicada na revista Nutrients e indexada no PubMed, dietas anti-inflamat\u00f3rias como a mediterr\u00e2nea, vegetariana e vegana reduziram significativamente a dor em pacientes com artrite reumatoide quando comparadas a dietas comuns, com efeitos mensur\u00e1veis em escalas validadas.<\/p>\n\n\n\n<h2 class=\"wp-block-heading\">Quais sinais e exames ajudam a identificar a origem da dor?<\/h2>\n\n\n\n<p>Observar o comportamento da dor e realizar exames laboratoriais permite diferenciar com mais precis\u00e3o cada quadro. Algumas caracter\u00edsticas cl\u00ednicas e marcadores s\u00e3o especialmente \u00fateis para guiar o diagn\u00f3stico.<\/p>\n\n\n<div class=\"wp-block-image\">\n<figure class=\"aligncenter size-large\"><img decoding=\"async\" width=\"1024\" height=\"422\" src=\"https:\/\/www.tuasaude.com\/news\/wp-content\/uploads\/2026\/04\/convertido-13-14-1024x422.jpg\" alt=\"Quais sinais e exames ajudam a identificar a origem da dor?\" class=\"wp-image-29177\" srcset=\"https:\/\/www.tuasaude.com\/news\/wp-content\/uploads\/2026\/04\/convertido-13-14-1024x422.jpg 1024w, https:\/\/www.tuasaude.com\/news\/wp-content\/uploads\/2026\/04\/convertido-13-14-300x124.jpg 300w, https:\/\/www.tuasaude.com\/news\/wp-content\/uploads\/2026\/04\/convertido-13-14-768x316.jpg 768w, https:\/\/www.tuasaude.com\/news\/wp-content\/uploads\/2026\/04\/convertido-13-14-750x309.jpg 750w, https:\/\/www.tuasaude.com\/news\/wp-content\/uploads\/2026\/04\/convertido-13-14-1140x469.jpg 1140w, https:\/\/www.tuasaude.com\/news\/wp-content\/uploads\/2026\/04\/convertido-13-14.jpg 1280w\" sizes=\"(max-width: 1024px) 100vw, 1024px\" \/><figcaption class=\"wp-element-caption\">Quais sinais e exames ajudam a identificar a origem da dor?<\/figcaption><\/figure>\n<\/div>\n\n\n<p>Outras pistas importantes incluem o padr\u00e3o da rigidez, a simetria das articula\u00e7\u00f5es afetadas e a resposta \u00e0 mudan\u00e7a no card\u00e1pio. Pessoas com sintomas frequentes podem se beneficiar de avalia\u00e7\u00e3o combinada com cl\u00ednico geral, reumatologista e nutricionista, al\u00e9m de adotar estrat\u00e9gias para reduzir a inflama\u00e7\u00e3o no corpo de forma sustent\u00e1vel.<\/p>\n\n\n\n<h2 class=\"wp-block-heading\">O que diferencia a artrose dos demais quadros?<\/h2>\n\n\n\n<p>A artrose, ou osteoartrite, \u00e9 uma doen\u00e7a degenerativa que resulta do desgaste progressivo da cartilagem. Afeta principalmente joelhos, quadris, coluna e m\u00e3os, com piora gradual ao longo dos anos.<\/p>\n\n\n\n<p>A dor surge ou intensifica com o uso da articula\u00e7\u00e3o e melhora com o repouso. A rigidez matinal, quando existe, \u00e9 breve e dura menos de 30 minutos. Esse padr\u00e3o a diferencia tanto da inflama\u00e7\u00e3o alimentar quanto das formas inflamat\u00f3rias cl\u00e1ssicas.<\/p>\n\n\n\n<p><em>Este conte\u00fado tem car\u00e1ter apenas informativo e n\u00e3o substitui a avalia\u00e7\u00e3o, o diagn\u00f3stico ou o tratamento indicado por um profissional de sa\u00fade. Em caso de dor articular persistente, recorrente ou associada a incha\u00e7o e rigidez, procure orienta\u00e7\u00e3o m\u00e9dica para investiga\u00e7\u00e3o adequada.<\/em><\/p>\n","protected":false},"excerpt":{"rendered":"<p>A dor nas articula\u00e7\u00f5es causada por inflama\u00e7\u00e3o alimentar costuma ser difusa, migrat\u00f3ria e oscilar conforme o consumo de certos alimentos, enquanto artrite e artrose apresentam padr\u00f5es mais definidos de localiza\u00e7\u00e3o, rigidez e progress\u00e3o. Reconhecer essas diferen\u00e7as \u00e9 essencial para buscar o diagn\u00f3stico correto, evitar tratamentos inadequados e ajustar a alimenta\u00e7\u00e3o de forma estrat\u00e9gica. Marcadores laboratoriais [&hellip;]<\/p>\n","protected":false},"author":11,"featured_media":29456,"comment_status":"open","ping_status":"open","sticky":false,"template":"","format":"standard","meta":{"_yoast_wpseo_focuskw":"dor articular","_yoast_wpseo_title":"","_yoast_wpseo_metadesc":"Dor articular pode estar ligada \u00e0 alimenta\u00e7\u00e3o inflamat\u00f3ria, artrite ou artrose. Entenda como diferenciar os sinais.","jnews-multi-image_gallery":[],"jnews_single_post":{"format":"standard"},"jnews_primary_category":[],"jnews_social_meta":[],"jnews_override_counter":[],"footnotes":""},"categories":[111],"tags":[642,1262,644,6240],"class_list":["post-29176","post","type-post","status-publish","format-standard","has-post-thumbnail","hentry","category-saude","tag-artrite","tag-artrose","tag-dor-nas-articulacoes","tag-inflamacao-alimentar"],"yoast_head":"<!-- This site is optimized with the Yoast SEO plugin v26.7 - https:\/\/yoast.com\/wordpress\/plugins\/seo\/ -->\n<title>Como \u00e9 a dor nas articula\u00e7\u00f5es causada pela inflama\u00e7\u00e3o alimentar e como diferenci\u00e1-la de artrite ou artrose? - Tua Sa\u00fade<\/title>\n<meta name=\"description\" content=\"Dor articular pode estar ligada \u00e0 alimenta\u00e7\u00e3o inflamat\u00f3ria, artrite ou artrose. Entenda como diferenciar os sinais.\" \/>\n<meta name=\"robots\" content=\"index, follow, max-snippet:-1, max-image-preview:large, max-video-preview:-1\" \/>\n<link rel=\"canonical\" href=\"https:\/\/www.tuasaude.com\/news\/2026\/04\/28\/como-e-a-dor-nas-articulacoes-causada-pela-inflamacao-alimentar-e-como-diferencia-la-de-artrite-ou-artrose\/\" \/>\n<meta property=\"og:locale\" content=\"pt_BR\" \/>\n<meta property=\"og:type\" content=\"article\" \/>\n<meta property=\"og:title\" content=\"Como \u00e9 a dor nas articula\u00e7\u00f5es causada pela inflama\u00e7\u00e3o alimentar e como diferenci\u00e1-la de artrite ou artrose? - Tua Sa\u00fade\" \/>\n<meta property=\"og:description\" content=\"Dor articular pode estar ligada \u00e0 alimenta\u00e7\u00e3o inflamat\u00f3ria, artrite ou artrose. Entenda como diferenciar os sinais.\" \/>\n<meta property=\"og:url\" content=\"https:\/\/www.tuasaude.com\/news\/2026\/04\/28\/como-e-a-dor-nas-articulacoes-causada-pela-inflamacao-alimentar-e-como-diferencia-la-de-artrite-ou-artrose\/\" \/>\n<meta property=\"og:site_name\" content=\"Tua Sa\u00fade\" \/>\n<meta property=\"article:published_time\" content=\"2026-04-28T12:40:00+00:00\" \/>\n<meta property=\"og:image\" content=\"https:\/\/www.tuasaude.com\/news\/wp-content\/uploads\/2026\/04\/freepik_illustration-nonphotoreal_2877050834.jpg\" \/>\n\t<meta property=\"og:image:width\" content=\"1280\" \/>\n\t<meta property=\"og:image:height\" content=\"714\" \/>\n\t<meta property=\"og:image:type\" content=\"image\/jpeg\" \/>\n<meta name=\"author\" content=\"Gessika Julia Carvalho\" \/>\n<meta name=\"twitter:card\" content=\"summary_large_image\" \/>\n<meta name=\"twitter:label1\" content=\"Escrito por\" \/>\n\t<meta name=\"twitter:data1\" content=\"Gessika Julia Carvalho\" \/>\n\t<meta name=\"twitter:label2\" content=\"Est. tempo de leitura\" \/>\n\t<meta name=\"twitter:data2\" content=\"4 minutos\" \/>\n<!-- \/ Yoast SEO plugin. -->","yoast_head_json":{"title":"Como \u00e9 a dor nas articula\u00e7\u00f5es causada pela inflama\u00e7\u00e3o alimentar e como diferenci\u00e1-la de artrite ou artrose? - Tua Sa\u00fade","description":"Dor articular pode estar ligada \u00e0 alimenta\u00e7\u00e3o inflamat\u00f3ria, artrite ou artrose. Entenda como diferenciar os sinais.","robots":{"index":"index","follow":"follow","max-snippet":"max-snippet:-1","max-image-preview":"max-image-preview:large","max-video-preview":"max-video-preview:-1"},"canonical":"https:\/\/www.tuasaude.com\/news\/2026\/04\/28\/como-e-a-dor-nas-articulacoes-causada-pela-inflamacao-alimentar-e-como-diferencia-la-de-artrite-ou-artrose\/","og_locale":"pt_BR","og_type":"article","og_title":"Como \u00e9 a dor nas articula\u00e7\u00f5es causada pela inflama\u00e7\u00e3o alimentar e como diferenci\u00e1-la de artrite ou artrose? - Tua Sa\u00fade","og_description":"Dor articular pode estar ligada \u00e0 alimenta\u00e7\u00e3o inflamat\u00f3ria, artrite ou artrose. Entenda como diferenciar os sinais.","og_url":"https:\/\/www.tuasaude.com\/news\/2026\/04\/28\/como-e-a-dor-nas-articulacoes-causada-pela-inflamacao-alimentar-e-como-diferencia-la-de-artrite-ou-artrose\/","og_site_name":"Tua Sa\u00fade","article_published_time":"2026-04-28T12:40:00+00:00","og_image":[{"width":1280,"height":714,"url":"https:\/\/www.tuasaude.com\/news\/wp-content\/uploads\/2026\/04\/freepik_illustration-nonphotoreal_2877050834.jpg","type":"image\/jpeg"}],"author":"Gessika Julia Carvalho","twitter_card":"summary_large_image","twitter_misc":{"Escrito por":"Gessika Julia Carvalho","Est. tempo de leitura":"4 minutos"},"schema":{"@context":"https:\/\/schema.org","@graph":[{"@type":"Article","@id":"https:\/\/www.tuasaude.com\/news\/2026\/04\/28\/como-e-a-dor-nas-articulacoes-causada-pela-inflamacao-alimentar-e-como-diferencia-la-de-artrite-ou-artrose\/#article","isPartOf":{"@id":"https:\/\/www.tuasaude.com\/news\/2026\/04\/28\/como-e-a-dor-nas-articulacoes-causada-pela-inflamacao-alimentar-e-como-diferencia-la-de-artrite-ou-artrose\/"},"author":{"name":"Gessika Julia Carvalho","@id":"https:\/\/www.tuasaude.com\/news\/#\/schema\/person\/2e9df841be69ec84f5d20ddb8d273ac2"},"headline":"Como \u00e9 a dor nas articula\u00e7\u00f5es causada pela inflama\u00e7\u00e3o alimentar e como diferenci\u00e1-la de artrite ou artrose?","datePublished":"2026-04-28T12:40:00+00:00","mainEntityOfPage":{"@id":"https:\/\/www.tuasaude.com\/news\/2026\/04\/28\/como-e-a-dor-nas-articulacoes-causada-pela-inflamacao-alimentar-e-como-diferencia-la-de-artrite-ou-artrose\/"},"wordCount":666,"commentCount":0,"image":{"@id":"https:\/\/www.tuasaude.com\/news\/2026\/04\/28\/como-e-a-dor-nas-articulacoes-causada-pela-inflamacao-alimentar-e-como-diferencia-la-de-artrite-ou-artrose\/#primaryimage"},"thumbnailUrl":"https:\/\/www.tuasaude.com\/news\/wp-content\/uploads\/2026\/04\/freepik_illustration-nonphotoreal_2877050834.jpg","keywords":["artrite","artrose","dor nas articula\u00e7\u00f5es","inflama\u00e7\u00e3o alimentar"],"articleSection":["Sa\u00fade"],"inLanguage":"pt-BR","potentialAction":[{"@type":"CommentAction","name":"Comment","target":["https:\/\/www.tuasaude.com\/news\/2026\/04\/28\/como-e-a-dor-nas-articulacoes-causada-pela-inflamacao-alimentar-e-como-diferencia-la-de-artrite-ou-artrose\/#respond"]}]},{"@type":"WebPage","@id":"https:\/\/www.tuasaude.com\/news\/2026\/04\/28\/como-e-a-dor-nas-articulacoes-causada-pela-inflamacao-alimentar-e-como-diferencia-la-de-artrite-ou-artrose\/","url":"https:\/\/www.tuasaude.com\/news\/2026\/04\/28\/como-e-a-dor-nas-articulacoes-causada-pela-inflamacao-alimentar-e-como-diferencia-la-de-artrite-ou-artrose\/","name":"Como \u00e9 a dor nas articula\u00e7\u00f5es causada pela inflama\u00e7\u00e3o alimentar e como diferenci\u00e1-la de artrite ou artrose? - Tua Sa\u00fade","isPartOf":{"@id":"https:\/\/www.tuasaude.com\/news\/#website"},"primaryImageOfPage":{"@id":"https:\/\/www.tuasaude.com\/news\/2026\/04\/28\/como-e-a-dor-nas-articulacoes-causada-pela-inflamacao-alimentar-e-como-diferencia-la-de-artrite-ou-artrose\/#primaryimage"},"image":{"@id":"https:\/\/www.tuasaude.com\/news\/2026\/04\/28\/como-e-a-dor-nas-articulacoes-causada-pela-inflamacao-alimentar-e-como-diferencia-la-de-artrite-ou-artrose\/#primaryimage"},"thumbnailUrl":"https:\/\/www.tuasaude.com\/news\/wp-content\/uploads\/2026\/04\/freepik_illustration-nonphotoreal_2877050834.jpg","datePublished":"2026-04-28T12:40:00+00:00","author":{"@id":"https:\/\/www.tuasaude.com\/news\/#\/schema\/person\/2e9df841be69ec84f5d20ddb8d273ac2"},"description":"Dor articular pode estar ligada \u00e0 alimenta\u00e7\u00e3o inflamat\u00f3ria, artrite ou artrose. Entenda como diferenciar os sinais.","breadcrumb":{"@id":"https:\/\/www.tuasaude.com\/news\/2026\/04\/28\/como-e-a-dor-nas-articulacoes-causada-pela-inflamacao-alimentar-e-como-diferencia-la-de-artrite-ou-artrose\/#breadcrumb"},"inLanguage":"pt-BR","potentialAction":[{"@type":"ReadAction","target":["https:\/\/www.tuasaude.com\/news\/2026\/04\/28\/como-e-a-dor-nas-articulacoes-causada-pela-inflamacao-alimentar-e-como-diferencia-la-de-artrite-ou-artrose\/"]}]},{"@type":"ImageObject","inLanguage":"pt-BR","@id":"https:\/\/www.tuasaude.com\/news\/2026\/04\/28\/como-e-a-dor-nas-articulacoes-causada-pela-inflamacao-alimentar-e-como-diferencia-la-de-artrite-ou-artrose\/#primaryimage","url":"https:\/\/www.tuasaude.com\/news\/wp-content\/uploads\/2026\/04\/freepik_illustration-nonphotoreal_2877050834.jpg","contentUrl":"https:\/\/www.tuasaude.com\/news\/wp-content\/uploads\/2026\/04\/freepik_illustration-nonphotoreal_2877050834.jpg","width":1280,"height":714,"caption":"Dor articular ap\u00f3s certos alimentos pode ser sinal de inflama\u00e7\u00e3o alimentar."},{"@type":"BreadcrumbList","@id":"https:\/\/www.tuasaude.com\/news\/2026\/04\/28\/como-e-a-dor-nas-articulacoes-causada-pela-inflamacao-alimentar-e-como-diferencia-la-de-artrite-ou-artrose\/#breadcrumb","itemListElement":[{"@type":"ListItem","position":1,"name":"In\u00edcio","item":"https:\/\/www.tuasaude.com\/news\/"},{"@type":"ListItem","position":2,"name":"Como \u00e9 a dor nas articula\u00e7\u00f5es causada pela inflama\u00e7\u00e3o alimentar e como diferenci\u00e1-la de artrite ou artrose?"}]},{"@type":"WebSite","@id":"https:\/\/www.tuasaude.com\/news\/#website","url":"https:\/\/www.tuasaude.com\/news\/","name":"Tua Sa\u00fade","description":"Seu site de sa\u00fade","potentialAction":[{"@type":"SearchAction","target":{"@type":"EntryPoint","urlTemplate":"https:\/\/www.tuasaude.com\/news\/?s={search_term_string}"},"query-input":{"@type":"PropertyValueSpecification","valueRequired":true,"valueName":"search_term_string"}}],"inLanguage":"pt-BR"},{"@type":"Person","@id":"https:\/\/www.tuasaude.com\/news\/#\/schema\/person\/2e9df841be69ec84f5d20ddb8d273ac2","name":"Gessika Julia Carvalho","image":{"@type":"ImageObject","inLanguage":"pt-BR","@id":"https:\/\/www.tuasaude.com\/news\/#\/schema\/person\/image\/","url":"https:\/\/secure.gravatar.com\/avatar\/0fcc8769024577fd0bc6a8b766055690f76a8e8f29dfb2a2f89cf04db8d0f2d2?s=96&d=mm&r=g","contentUrl":"https:\/\/secure.gravatar.com\/avatar\/0fcc8769024577fd0bc6a8b766055690f76a8e8f29dfb2a2f89cf04db8d0f2d2?s=96&d=mm&r=g","caption":"Gessika Julia Carvalho"},"sameAs":["https:\/\/www.tuasaude.com\/news\/"],"url":"https:\/\/www.tuasaude.com\/news\/author\/gessika-julia\/"}]}},"_links":{"self":[{"href":"https:\/\/www.tuasaude.com\/news\/wp-json\/wp\/v2\/posts\/29176","targetHints":{"allow":["GET"]}}],"collection":[{"href":"https:\/\/www.tuasaude.com\/news\/wp-json\/wp\/v2\/posts"}],"about":[{"href":"https:\/\/www.tuasaude.com\/news\/wp-json\/wp\/v2\/types\/post"}],"author":[{"embeddable":true,"href":"https:\/\/www.tuasaude.com\/news\/wp-json\/wp\/v2\/users\/11"}],"replies":[{"embeddable":true,"href":"https:\/\/www.tuasaude.com\/news\/wp-json\/wp\/v2\/comments?post=29176"}],"version-history":[{"count":2,"href":"https:\/\/www.tuasaude.com\/news\/wp-json\/wp\/v2\/posts\/29176\/revisions"}],"predecessor-version":[{"id":29500,"href":"https:\/\/www.tuasaude.com\/news\/wp-json\/wp\/v2\/posts\/29176\/revisions\/29500"}],"wp:featuredmedia":[{"embeddable":true,"href":"https:\/\/www.tuasaude.com\/news\/wp-json\/wp\/v2\/media\/29456"}],"wp:attachment":[{"href":"https:\/\/www.tuasaude.com\/news\/wp-json\/wp\/v2\/media?parent=29176"}],"wp:term":[{"taxonomy":"category","embeddable":true,"href":"https:\/\/www.tuasaude.com\/news\/wp-json\/wp\/v2\/categories?post=29176"},{"taxonomy":"post_tag","embeddable":true,"href":"https:\/\/www.tuasaude.com\/news\/wp-json\/wp\/v2\/tags?post=29176"}],"curies":[{"name":"wp","href":"https:\/\/api.w.org\/{rel}","templated":true}]}}