{"id":29173,"date":"2026-04-28T09:10:00","date_gmt":"2026-04-28T12:10:00","guid":{"rendered":"https:\/\/www.tuasaude.com\/news\/?p=29173"},"modified":"2026-04-27T19:57:26","modified_gmt":"2026-04-27T22:57:26","slug":"uma-das-maneiras-de-identificar-problemas-no-figado-e-atraves-da-coloracao-amarelada-nos-olhos-e-na-pele","status":"publish","type":"post","link":"https:\/\/www.tuasaude.com\/news\/2026\/04\/28\/uma-das-maneiras-de-identificar-problemas-no-figado-e-atraves-da-coloracao-amarelada-nos-olhos-e-na-pele\/","title":{"rendered":"Uma das maneiras de identificar problemas no f\u00edgado \u00e9 atrav\u00e9s da colora\u00e7\u00e3o amarelada nos olhos e na pele"},"content":{"rendered":"\n<p>O amarelamento dos olhos e da pele, conhecido como icter\u00edcia, \u00e9 um dos sinais mais vis\u00edveis de que o f\u00edgado pode estar sobrecarregado ou em disfun\u00e7\u00e3o. Esse sintoma ocorre pelo ac\u00famulo de bilirrubina no sangue, um pigmento amarelado produzido na degrada\u00e7\u00e3o dos gl\u00f3bulos vermelhos. Quando o f\u00edgado n\u00e3o consegue processar ou eliminar essa subst\u00e2ncia adequadamente, ela se deposita na pele e na esclera, exigindo investiga\u00e7\u00e3o m\u00e9dica imediata.<\/p>\n\n\n\n<h2 class=\"wp-block-heading\">O que \u00e9 a icter\u00edcia e por que ela aparece?<\/h2>\n\n\n\n<p>A icter\u00edcia \u00e9 a colora\u00e7\u00e3o amarelada da pele, das mucosas e da parte branca dos olhos provocada pelo aumento da bilirrubina no sangue. O pigmento se acumula quando h\u00e1 produ\u00e7\u00e3o excessiva, falha na capta\u00e7\u00e3o pelo f\u00edgado ou obstru\u00e7\u00e3o na elimina\u00e7\u00e3o pela bile.<\/p>\n\n\n\n<p>O sinal costuma se tornar vis\u00edvel primeiro nos olhos, especificamente na esclera, e s\u00f3 depois na pele. Por isso, a observa\u00e7\u00e3o cuidadosa da regi\u00e3o ocular \u00e9 uma das formas mais sens\u00edveis de identificar precocemente altera\u00e7\u00f5es hep\u00e1ticas.<\/p>\n\n\n\n<h2 class=\"wp-block-heading\">Quais doen\u00e7as do f\u00edgado provocam o amarelamento?<\/h2>\n\n\n\n<p>Diversas condi\u00e7\u00f5es hep\u00e1ticas comprometem o metabolismo da bilirrubina e desencadeiam icter\u00edcia. Reconhecer as principais causas ajuda a entender a gravidade do sinal e a import\u00e2ncia da investiga\u00e7\u00e3o cl\u00ednica.<\/p>\n\n\n<div class=\"wp-block-image\">\n<figure class=\"aligncenter size-large\"><img decoding=\"async\" width=\"1024\" height=\"422\" src=\"https:\/\/www.tuasaude.com\/news\/wp-content\/uploads\/2026\/04\/convertido-12-14-1024x422.jpg\" alt=\"Quais doen\u00e7as do f\u00edgado provocam o amarelamento?\" class=\"wp-image-29174\" srcset=\"https:\/\/www.tuasaude.com\/news\/wp-content\/uploads\/2026\/04\/convertido-12-14-1024x422.jpg 1024w, https:\/\/www.tuasaude.com\/news\/wp-content\/uploads\/2026\/04\/convertido-12-14-300x124.jpg 300w, https:\/\/www.tuasaude.com\/news\/wp-content\/uploads\/2026\/04\/convertido-12-14-768x316.jpg 768w, https:\/\/www.tuasaude.com\/news\/wp-content\/uploads\/2026\/04\/convertido-12-14-750x309.jpg 750w, https:\/\/www.tuasaude.com\/news\/wp-content\/uploads\/2026\/04\/convertido-12-14-1140x469.jpg 1140w, https:\/\/www.tuasaude.com\/news\/wp-content\/uploads\/2026\/04\/convertido-12-14.jpg 1280w\" sizes=\"(max-width: 1024px) 100vw, 1024px\" \/><figcaption class=\"wp-element-caption\">Quais doen\u00e7as do f\u00edgado provocam o amarelamento?<\/figcaption><\/figure>\n<\/div>\n\n\n<p>Identificar a origem exige avalia\u00e7\u00e3o cl\u00ednica, exames de enzimas hep\u00e1ticas e, frequentemente, exames de imagem complementares.<\/p>\n\n\n\n<h2 class=\"wp-block-heading\">Como o estudo cient\u00edfico explica o mecanismo da icter\u00edcia?<\/h2>\n\n\n\n<p>A rela\u00e7\u00e3o entre bilirrubina elevada e doen\u00e7a hep\u00e1tica \u00e9 amplamente documentada na literatura m\u00e9dica e fundamenta a investiga\u00e7\u00e3o cl\u00ednica de qualquer paciente com pele ou olhos amarelados. Pesquisadores definem com precis\u00e3o a partir de qual n\u00edvel esse sinal se torna vis\u00edvel e o que ele representa.<\/p>\n\n\n\n<p>Segundo a revis\u00e3o <a href=\"https:\/\/pmc.ncbi.nlm.nih.gov\/articles\/PMC5088098\/\" target=\"_blank\" rel=\"noreferrer noopener\">A Systematic Approach to Patients with Jaundice<\/a>, publicada no peri\u00f3dico Clinics in Liver Disease e indexada no PubMed, a icter\u00edcia se torna clinicamente percept\u00edvel quando a bilirrubina s\u00e9rica ultrapassa 2,5 a 3 mg\/dL e indica colestase, altera\u00e7\u00e3o do metabolismo da bilirrubina ou disfun\u00e7\u00e3o hepatocelular, exigindo investiga\u00e7\u00e3o laboratorial detalhada.<\/p>\n\n\n<div class=\"wp-block-image\">\n<figure class=\"aligncenter size-large\"><img decoding=\"async\" width=\"1024\" height=\"571\" src=\"https:\/\/www.tuasaude.com\/news\/wp-content\/uploads\/2026\/04\/freepik_illustration-nonphotoreal_2877054416-1024x571.jpg\" alt=\"Uma das maneiras de identificar problemas no f\u00edgado \u00e9 atrav\u00e9s da colora\u00e7\u00e3o amarelada nos olhos e na pele\" class=\"wp-image-29458\" srcset=\"https:\/\/www.tuasaude.com\/news\/wp-content\/uploads\/2026\/04\/freepik_illustration-nonphotoreal_2877054416-1024x571.jpg 1024w, https:\/\/www.tuasaude.com\/news\/wp-content\/uploads\/2026\/04\/freepik_illustration-nonphotoreal_2877054416-300x167.jpg 300w, https:\/\/www.tuasaude.com\/news\/wp-content\/uploads\/2026\/04\/freepik_illustration-nonphotoreal_2877054416-768x428.jpg 768w, https:\/\/www.tuasaude.com\/news\/wp-content\/uploads\/2026\/04\/freepik_illustration-nonphotoreal_2877054416-750x418.jpg 750w, https:\/\/www.tuasaude.com\/news\/wp-content\/uploads\/2026\/04\/freepik_illustration-nonphotoreal_2877054416-1140x636.jpg 1140w, https:\/\/www.tuasaude.com\/news\/wp-content\/uploads\/2026\/04\/freepik_illustration-nonphotoreal_2877054416.jpg 1280w\" sizes=\"(max-width: 1024px) 100vw, 1024px\" \/><figcaption class=\"wp-element-caption\">A icter\u00edcia acontece quando a bilirrubina se acumula no sangue.<\/figcaption><\/figure>\n<\/div>\n\n\n<h2 class=\"wp-block-heading\">Quais sintomas costumam acompanhar o quadro?<\/h2>\n\n\n\n<p>O amarelamento raramente aparece isolado. Outros sinais ajudam a confirmar a suspeita de problema hep\u00e1tico e orientam o m\u00e9dico sobre a poss\u00edvel causa.<\/p>\n\n\n\n<ul class=\"wp-block-list\">\n<li>Urina com colora\u00e7\u00e3o escura, semelhante a ch\u00e1 preto.<\/li>\n\n\n\n<li>Fezes claras ou esbranqui\u00e7adas.<\/li>\n\n\n\n<li>Coceira persistente em todo o corpo.<\/li>\n\n\n\n<li>Cansa\u00e7o excessivo e perda de apetite.<\/li>\n\n\n\n<li>Dor ou desconforto no quadrante superior direito do abd\u00f4men.<\/li>\n\n\n\n<li>N\u00e1useas, perda de peso e febre baixa.<\/li>\n<\/ul>\n\n\n\n<p>A presen\u00e7a desses sinais, isolados ou combinados, refor\u00e7a a necessidade de procurar atendimento m\u00e9dico para investigar poss\u00edveis <a href=\"https:\/\/www.tuasaude.com\/sintomas-de-problemas-no-figado\/\" target=\"_blank\" rel=\"noreferrer noopener\">sintomas de problemas no f\u00edgado<\/a> com exames espec\u00edficos.<\/p>\n\n\n\n<h2 class=\"wp-block-heading\">Quando procurar avalia\u00e7\u00e3o m\u00e9dica?<\/h2>\n\n\n\n<p>Qualquer altera\u00e7\u00e3o na colora\u00e7\u00e3o dos olhos ou da pele para tons amarelados deve ser investigada o quanto antes, especialmente quando associada aos sintomas listados. O diagn\u00f3stico precoce permite identificar a causa e iniciar o tratamento adequado, prevenindo complica\u00e7\u00f5es como insufici\u00eancia hep\u00e1tica.<\/p>\n\n\n\n<p>O m\u00e9dico costuma solicitar dosagem de bilirrubina total e fra\u00e7\u00f5es, transaminases, ultrassonografia abdominal e, conforme o caso, sorologias virais. Essa abordagem ajuda a diferenciar quadros benignos, como a <a href=\"https:\/\/www.tuasaude.com\/sindrome-de-gilbert\/\" target=\"_blank\" rel=\"noreferrer noopener\">s\u00edndrome de Gilbert<\/a>, de doen\u00e7as graves que exigem tratamento imediato.<\/p>\n\n\n\n<p><em>Este conte\u00fado tem car\u00e1ter apenas informativo e n\u00e3o substitui a avalia\u00e7\u00e3o, o diagn\u00f3stico ou o tratamento indicado por um profissional de sa\u00fade. Diante de qualquer sinal de amarelamento da pele ou dos olhos, procure orienta\u00e7\u00e3o m\u00e9dica para investiga\u00e7\u00e3o adequada.<\/em><\/p>\n","protected":false},"excerpt":{"rendered":"<p>O amarelamento dos olhos e da pele, conhecido como icter\u00edcia, \u00e9 um dos sinais mais vis\u00edveis de que o f\u00edgado pode estar sobrecarregado ou em disfun\u00e7\u00e3o. Esse sintoma ocorre pelo ac\u00famulo de bilirrubina no sangue, um pigmento amarelado produzido na degrada\u00e7\u00e3o dos gl\u00f3bulos vermelhos. Quando o f\u00edgado n\u00e3o consegue processar ou eliminar essa subst\u00e2ncia adequadamente, [&hellip;]<\/p>\n","protected":false},"author":11,"featured_media":29459,"comment_status":"open","ping_status":"open","sticky":false,"template":"","format":"standard","meta":{"_yoast_wpseo_focuskw":"olhos amarelados","_yoast_wpseo_title":"","_yoast_wpseo_metadesc":"Olhos e pele amarelados podem indicar bilirrubina elevada e problemas no f\u00edgado. Entenda quando investigar.","jnews-multi-image_gallery":[],"jnews_single_post":{"format":"standard"},"jnews_primary_category":[],"jnews_social_meta":[],"jnews_override_counter":[],"footnotes":""},"categories":[111],"tags":[3966,2049,2940,1128],"class_list":["post-29173","post","type-post","status-publish","format-standard","has-post-thumbnail","hentry","category-saude","tag-olhos-amarelos","tag-pele-amarela","tag-problemas-no-figado","tag-saude-do-figado"],"yoast_head":"<!-- This site is optimized with the Yoast SEO plugin v26.7 - https:\/\/yoast.com\/wordpress\/plugins\/seo\/ -->\n<title>Uma das maneiras de identificar problemas no f\u00edgado \u00e9 atrav\u00e9s da colora\u00e7\u00e3o amarelada nos olhos e na pele - Tua Sa\u00fade<\/title>\n<meta name=\"description\" content=\"Olhos e pele amarelados podem indicar bilirrubina elevada e problemas no f\u00edgado. Entenda quando investigar.\" \/>\n<meta name=\"robots\" content=\"index, follow, max-snippet:-1, max-image-preview:large, max-video-preview:-1\" \/>\n<link rel=\"canonical\" href=\"https:\/\/www.tuasaude.com\/news\/2026\/04\/28\/uma-das-maneiras-de-identificar-problemas-no-figado-e-atraves-da-coloracao-amarelada-nos-olhos-e-na-pele\/\" \/>\n<meta property=\"og:locale\" content=\"pt_BR\" \/>\n<meta property=\"og:type\" content=\"article\" \/>\n<meta property=\"og:title\" content=\"Uma das maneiras de identificar problemas no f\u00edgado \u00e9 atrav\u00e9s da colora\u00e7\u00e3o amarelada nos olhos e na pele - Tua Sa\u00fade\" \/>\n<meta property=\"og:description\" content=\"Olhos e pele amarelados podem indicar bilirrubina elevada e problemas no f\u00edgado. Entenda quando investigar.\" \/>\n<meta property=\"og:url\" content=\"https:\/\/www.tuasaude.com\/news\/2026\/04\/28\/uma-das-maneiras-de-identificar-problemas-no-figado-e-atraves-da-coloracao-amarelada-nos-olhos-e-na-pele\/\" \/>\n<meta property=\"og:site_name\" content=\"Tua Sa\u00fade\" \/>\n<meta property=\"article:published_time\" content=\"2026-04-28T12:10:00+00:00\" \/>\n<meta property=\"og:image\" content=\"https:\/\/www.tuasaude.com\/news\/wp-content\/uploads\/2026\/04\/freepik_illustration-nonphotoreal_2877054795.jpg\" \/>\n\t<meta property=\"og:image:width\" content=\"1280\" \/>\n\t<meta property=\"og:image:height\" content=\"714\" \/>\n\t<meta property=\"og:image:type\" content=\"image\/jpeg\" \/>\n<meta name=\"author\" content=\"Gessika Julia Carvalho\" \/>\n<meta name=\"twitter:card\" content=\"summary_large_image\" \/>\n<meta name=\"twitter:label1\" content=\"Escrito por\" \/>\n\t<meta name=\"twitter:data1\" content=\"Gessika Julia Carvalho\" \/>\n\t<meta name=\"twitter:label2\" content=\"Est. tempo de leitura\" \/>\n\t<meta name=\"twitter:data2\" content=\"4 minutos\" \/>\n<!-- \/ Yoast SEO plugin. -->","yoast_head_json":{"title":"Uma das maneiras de identificar problemas no f\u00edgado \u00e9 atrav\u00e9s da colora\u00e7\u00e3o amarelada nos olhos e na pele - Tua Sa\u00fade","description":"Olhos e pele amarelados podem indicar bilirrubina elevada e problemas no f\u00edgado. Entenda quando investigar.","robots":{"index":"index","follow":"follow","max-snippet":"max-snippet:-1","max-image-preview":"max-image-preview:large","max-video-preview":"max-video-preview:-1"},"canonical":"https:\/\/www.tuasaude.com\/news\/2026\/04\/28\/uma-das-maneiras-de-identificar-problemas-no-figado-e-atraves-da-coloracao-amarelada-nos-olhos-e-na-pele\/","og_locale":"pt_BR","og_type":"article","og_title":"Uma das maneiras de identificar problemas no f\u00edgado \u00e9 atrav\u00e9s da colora\u00e7\u00e3o amarelada nos olhos e na pele - Tua Sa\u00fade","og_description":"Olhos e pele amarelados podem indicar bilirrubina elevada e problemas no f\u00edgado. Entenda quando investigar.","og_url":"https:\/\/www.tuasaude.com\/news\/2026\/04\/28\/uma-das-maneiras-de-identificar-problemas-no-figado-e-atraves-da-coloracao-amarelada-nos-olhos-e-na-pele\/","og_site_name":"Tua Sa\u00fade","article_published_time":"2026-04-28T12:10:00+00:00","og_image":[{"width":1280,"height":714,"url":"https:\/\/www.tuasaude.com\/news\/wp-content\/uploads\/2026\/04\/freepik_illustration-nonphotoreal_2877054795.jpg","type":"image\/jpeg"}],"author":"Gessika Julia Carvalho","twitter_card":"summary_large_image","twitter_misc":{"Escrito por":"Gessika Julia Carvalho","Est. tempo de leitura":"4 minutos"},"schema":{"@context":"https:\/\/schema.org","@graph":[{"@type":"Article","@id":"https:\/\/www.tuasaude.com\/news\/2026\/04\/28\/uma-das-maneiras-de-identificar-problemas-no-figado-e-atraves-da-coloracao-amarelada-nos-olhos-e-na-pele\/#article","isPartOf":{"@id":"https:\/\/www.tuasaude.com\/news\/2026\/04\/28\/uma-das-maneiras-de-identificar-problemas-no-figado-e-atraves-da-coloracao-amarelada-nos-olhos-e-na-pele\/"},"author":{"name":"Gessika Julia Carvalho","@id":"https:\/\/www.tuasaude.com\/news\/#\/schema\/person\/2e9df841be69ec84f5d20ddb8d273ac2"},"headline":"Uma das maneiras de identificar problemas no f\u00edgado \u00e9 atrav\u00e9s da colora\u00e7\u00e3o amarelada nos olhos e na pele","datePublished":"2026-04-28T12:10:00+00:00","mainEntityOfPage":{"@id":"https:\/\/www.tuasaude.com\/news\/2026\/04\/28\/uma-das-maneiras-de-identificar-problemas-no-figado-e-atraves-da-coloracao-amarelada-nos-olhos-e-na-pele\/"},"wordCount":653,"commentCount":0,"image":{"@id":"https:\/\/www.tuasaude.com\/news\/2026\/04\/28\/uma-das-maneiras-de-identificar-problemas-no-figado-e-atraves-da-coloracao-amarelada-nos-olhos-e-na-pele\/#primaryimage"},"thumbnailUrl":"https:\/\/www.tuasaude.com\/news\/wp-content\/uploads\/2026\/04\/freepik_illustration-nonphotoreal_2877054795.jpg","keywords":["olhos amarelos","pele amarela","problemas no f\u00edgado","sa\u00fade do f\u00edgado"],"articleSection":["Sa\u00fade"],"inLanguage":"pt-BR","potentialAction":[{"@type":"CommentAction","name":"Comment","target":["https:\/\/www.tuasaude.com\/news\/2026\/04\/28\/uma-das-maneiras-de-identificar-problemas-no-figado-e-atraves-da-coloracao-amarelada-nos-olhos-e-na-pele\/#respond"]}]},{"@type":"WebPage","@id":"https:\/\/www.tuasaude.com\/news\/2026\/04\/28\/uma-das-maneiras-de-identificar-problemas-no-figado-e-atraves-da-coloracao-amarelada-nos-olhos-e-na-pele\/","url":"https:\/\/www.tuasaude.com\/news\/2026\/04\/28\/uma-das-maneiras-de-identificar-problemas-no-figado-e-atraves-da-coloracao-amarelada-nos-olhos-e-na-pele\/","name":"Uma das maneiras de identificar problemas no f\u00edgado \u00e9 atrav\u00e9s da colora\u00e7\u00e3o amarelada nos olhos e na pele - Tua Sa\u00fade","isPartOf":{"@id":"https:\/\/www.tuasaude.com\/news\/#website"},"primaryImageOfPage":{"@id":"https:\/\/www.tuasaude.com\/news\/2026\/04\/28\/uma-das-maneiras-de-identificar-problemas-no-figado-e-atraves-da-coloracao-amarelada-nos-olhos-e-na-pele\/#primaryimage"},"image":{"@id":"https:\/\/www.tuasaude.com\/news\/2026\/04\/28\/uma-das-maneiras-de-identificar-problemas-no-figado-e-atraves-da-coloracao-amarelada-nos-olhos-e-na-pele\/#primaryimage"},"thumbnailUrl":"https:\/\/www.tuasaude.com\/news\/wp-content\/uploads\/2026\/04\/freepik_illustration-nonphotoreal_2877054795.jpg","datePublished":"2026-04-28T12:10:00+00:00","author":{"@id":"https:\/\/www.tuasaude.com\/news\/#\/schema\/person\/2e9df841be69ec84f5d20ddb8d273ac2"},"description":"Olhos e pele amarelados podem indicar bilirrubina elevada e problemas no f\u00edgado. Entenda quando investigar.","breadcrumb":{"@id":"https:\/\/www.tuasaude.com\/news\/2026\/04\/28\/uma-das-maneiras-de-identificar-problemas-no-figado-e-atraves-da-coloracao-amarelada-nos-olhos-e-na-pele\/#breadcrumb"},"inLanguage":"pt-BR","potentialAction":[{"@type":"ReadAction","target":["https:\/\/www.tuasaude.com\/news\/2026\/04\/28\/uma-das-maneiras-de-identificar-problemas-no-figado-e-atraves-da-coloracao-amarelada-nos-olhos-e-na-pele\/"]}]},{"@type":"ImageObject","inLanguage":"pt-BR","@id":"https:\/\/www.tuasaude.com\/news\/2026\/04\/28\/uma-das-maneiras-de-identificar-problemas-no-figado-e-atraves-da-coloracao-amarelada-nos-olhos-e-na-pele\/#primaryimage","url":"https:\/\/www.tuasaude.com\/news\/wp-content\/uploads\/2026\/04\/freepik_illustration-nonphotoreal_2877054795.jpg","contentUrl":"https:\/\/www.tuasaude.com\/news\/wp-content\/uploads\/2026\/04\/freepik_illustration-nonphotoreal_2877054795.jpg","width":1280,"height":714,"caption":"Olhos e pele amarelados podem ser sinal de problema no f\u00edgado."},{"@type":"BreadcrumbList","@id":"https:\/\/www.tuasaude.com\/news\/2026\/04\/28\/uma-das-maneiras-de-identificar-problemas-no-figado-e-atraves-da-coloracao-amarelada-nos-olhos-e-na-pele\/#breadcrumb","itemListElement":[{"@type":"ListItem","position":1,"name":"In\u00edcio","item":"https:\/\/www.tuasaude.com\/news\/"},{"@type":"ListItem","position":2,"name":"Uma das maneiras de identificar problemas no f\u00edgado \u00e9 atrav\u00e9s da colora\u00e7\u00e3o amarelada nos olhos e na pele"}]},{"@type":"WebSite","@id":"https:\/\/www.tuasaude.com\/news\/#website","url":"https:\/\/www.tuasaude.com\/news\/","name":"Tua Sa\u00fade","description":"Seu site de sa\u00fade","potentialAction":[{"@type":"SearchAction","target":{"@type":"EntryPoint","urlTemplate":"https:\/\/www.tuasaude.com\/news\/?s={search_term_string}"},"query-input":{"@type":"PropertyValueSpecification","valueRequired":true,"valueName":"search_term_string"}}],"inLanguage":"pt-BR"},{"@type":"Person","@id":"https:\/\/www.tuasaude.com\/news\/#\/schema\/person\/2e9df841be69ec84f5d20ddb8d273ac2","name":"Gessika Julia Carvalho","image":{"@type":"ImageObject","inLanguage":"pt-BR","@id":"https:\/\/www.tuasaude.com\/news\/#\/schema\/person\/image\/","url":"https:\/\/secure.gravatar.com\/avatar\/0fcc8769024577fd0bc6a8b766055690f76a8e8f29dfb2a2f89cf04db8d0f2d2?s=96&d=mm&r=g","contentUrl":"https:\/\/secure.gravatar.com\/avatar\/0fcc8769024577fd0bc6a8b766055690f76a8e8f29dfb2a2f89cf04db8d0f2d2?s=96&d=mm&r=g","caption":"Gessika Julia Carvalho"},"sameAs":["https:\/\/www.tuasaude.com\/news\/"],"url":"https:\/\/www.tuasaude.com\/news\/author\/gessika-julia\/"}]}},"_links":{"self":[{"href":"https:\/\/www.tuasaude.com\/news\/wp-json\/wp\/v2\/posts\/29173","targetHints":{"allow":["GET"]}}],"collection":[{"href":"https:\/\/www.tuasaude.com\/news\/wp-json\/wp\/v2\/posts"}],"about":[{"href":"https:\/\/www.tuasaude.com\/news\/wp-json\/wp\/v2\/types\/post"}],"author":[{"embeddable":true,"href":"https:\/\/www.tuasaude.com\/news\/wp-json\/wp\/v2\/users\/11"}],"replies":[{"embeddable":true,"href":"https:\/\/www.tuasaude.com\/news\/wp-json\/wp\/v2\/comments?post=29173"}],"version-history":[{"count":2,"href":"https:\/\/www.tuasaude.com\/news\/wp-json\/wp\/v2\/posts\/29173\/revisions"}],"predecessor-version":[{"id":29501,"href":"https:\/\/www.tuasaude.com\/news\/wp-json\/wp\/v2\/posts\/29173\/revisions\/29501"}],"wp:featuredmedia":[{"embeddable":true,"href":"https:\/\/www.tuasaude.com\/news\/wp-json\/wp\/v2\/media\/29459"}],"wp:attachment":[{"href":"https:\/\/www.tuasaude.com\/news\/wp-json\/wp\/v2\/media?parent=29173"}],"wp:term":[{"taxonomy":"category","embeddable":true,"href":"https:\/\/www.tuasaude.com\/news\/wp-json\/wp\/v2\/categories?post=29173"},{"taxonomy":"post_tag","embeddable":true,"href":"https:\/\/www.tuasaude.com\/news\/wp-json\/wp\/v2\/tags?post=29173"}],"curies":[{"name":"wp","href":"https:\/\/api.w.org\/{rel}","templated":true}]}}