{"id":29170,"date":"2026-04-28T08:50:00","date_gmt":"2026-04-28T11:50:00","guid":{"rendered":"https:\/\/www.tuasaude.com\/news\/?p=29170"},"modified":"2026-04-27T19:57:26","modified_gmt":"2026-04-27T22:57:26","slug":"ferro-quando-devemos-toma-lo-para-o-organismo-absorver-a-quantidade-certa","status":"publish","type":"post","link":"https:\/\/www.tuasaude.com\/news\/2026\/04\/28\/ferro-quando-devemos-toma-lo-para-o-organismo-absorver-a-quantidade-certa\/","title":{"rendered":"Ferro: quando devemos tom\u00e1-lo para o organismo absorver a quantidade certa?"},"content":{"rendered":"\n<p>O melhor momento para tomar ferro \u00e9 em jejum, pela manh\u00e3, acompanhado de \u00e1gua e de uma fonte de vitamina C, como suco de laranja ou lim\u00e3o. Essa combina\u00e7\u00e3o aumenta significativamente a absor\u00e7\u00e3o do mineral, enquanto caf\u00e9, ch\u00e1 e latic\u00ednios reduzem o aproveitamento quando consumidos pr\u00f3ximos ao suplemento. Entender o hor\u00e1rio e as combina\u00e7\u00f5es certas faz diferen\u00e7a real no tratamento da anemia e na manuten\u00e7\u00e3o dos n\u00edveis adequados de ferro no organismo.<\/p>\n\n\n\n<h2 class=\"wp-block-heading\">Por que o hor\u00e1rio do ferro importa?<\/h2>\n\n\n\n<p>O ferro \u00e9 absorvido principalmente no duodeno, e essa absor\u00e7\u00e3o depende de um ambiente \u00e1cido no est\u00f4mago. Pela manh\u00e3, em jejum, o pH g\u00e1strico est\u00e1 mais baixo e favorece a convers\u00e3o do ferro em sua forma sol\u00favel, aumentando o aproveitamento pelo intestino.<\/p>\n\n\n\n<p>Quando o suplemento \u00e9 tomado junto com refei\u00e7\u00f5es completas, a absor\u00e7\u00e3o pode cair de forma expressiva. Por isso, a recomenda\u00e7\u00e3o cl\u00e1ssica \u00e9 ingerir o ferro pelo menos 30 a 60 minutos antes do caf\u00e9 da manh\u00e3, com o est\u00f4mago vazio e bastante \u00e1gua.<\/p>\n\n\n\n<h2 class=\"wp-block-heading\">Como a vitamina C potencializa a absor\u00e7\u00e3o?<\/h2>\n\n\n\n<p>A vitamina C, ou \u00e1cido asc\u00f3rbico, transforma o ferro f\u00e9rrico em ferro ferroso, forma que as c\u00e9lulas intestinais absorvem com mais efici\u00eancia. Al\u00e9m disso, neutraliza parte dos inibidores presentes em alimentos vegetais, como fitatos e polifen\u00f3is.<\/p>\n\n\n\n<p>Frutas como laranja, acerola, kiwi e lim\u00e3o s\u00e3o op\u00e7\u00f5es pr\u00e1ticas para acompanhar o suplemento ou as refei\u00e7\u00f5es ricas em <a href=\"https:\/\/www.tuasaude.com\/alimentos-ricos-em-ferro-para-anemia\/\" target=\"_blank\" rel=\"noreferrer noopener\">alimentos ricos em ferro<\/a>. Meio copo de suco natural j\u00e1 \u00e9 suficiente para gerar efeito significativo sobre a biodisponibilidade do mineral.<\/p>\n\n\n\n<h2 class=\"wp-block-heading\">Quais alimentos e bebidas atrapalham a absor\u00e7\u00e3o?<\/h2>\n\n\n\n<p>Alguns alimentos competem diretamente com o ferro ou se ligam a ele no intestino, formando compostos que n\u00e3o s\u00e3o aproveitados. Conhecer esses inibidores ajuda a planejar melhor o hor\u00e1rio do suplemento e das refei\u00e7\u00f5es principais.<\/p>\n\n\n<div class=\"wp-block-image\">\n<figure class=\"aligncenter size-large\"><img decoding=\"async\" width=\"1024\" height=\"422\" src=\"https:\/\/www.tuasaude.com\/news\/wp-content\/uploads\/2026\/04\/convertido-11-15-1024x422.jpg\" alt=\"Quais alimentos e bebidas atrapalham a absor\u00e7\u00e3o?\" class=\"wp-image-29171\" srcset=\"https:\/\/www.tuasaude.com\/news\/wp-content\/uploads\/2026\/04\/convertido-11-15-1024x422.jpg 1024w, https:\/\/www.tuasaude.com\/news\/wp-content\/uploads\/2026\/04\/convertido-11-15-300x124.jpg 300w, https:\/\/www.tuasaude.com\/news\/wp-content\/uploads\/2026\/04\/convertido-11-15-768x316.jpg 768w, https:\/\/www.tuasaude.com\/news\/wp-content\/uploads\/2026\/04\/convertido-11-15-750x309.jpg 750w, https:\/\/www.tuasaude.com\/news\/wp-content\/uploads\/2026\/04\/convertido-11-15-1140x469.jpg 1140w, https:\/\/www.tuasaude.com\/news\/wp-content\/uploads\/2026\/04\/convertido-11-15.jpg 1280w\" sizes=\"(max-width: 1024px) 100vw, 1024px\" \/><figcaption class=\"wp-element-caption\">Quais alimentos e bebidas atrapalham a absor\u00e7\u00e3o?<\/figcaption><\/figure>\n<\/div>\n\n\n<p>O ideal \u00e9 manter um intervalo de pelo menos 1 a 2 horas entre o suplemento de ferro e esses alimentos para preservar a absor\u00e7\u00e3o.<\/p>\n\n\n\n<h2 class=\"wp-block-heading\">O que diz o estudo cient\u00edfico sobre hor\u00e1rio e jejum?<\/h2>\n\n\n\n<p>Pesquisadores avaliaram diretamente o impacto do hor\u00e1rio, do caf\u00e9 e da vitamina C sobre a absor\u00e7\u00e3o do ferro em mulheres com defici\u00eancia do mineral. Os resultados oferecem orienta\u00e7\u00e3o pr\u00e1tica baseada em medi\u00e7\u00f5es isot\u00f3picas precisas, e n\u00e3o apenas em recomenda\u00e7\u00f5es emp\u00edricas.<\/p>\n\n\n\n<p>Segundo o estudo <a href=\"https:\/\/onlinelibrary.wiley.com\/doi\/10.1002\/ajh.26987\" target=\"_blank\" rel=\"noreferrer noopener\">Effect of dietary factors and time of day on iron absorption from oral iron supplements in iron deficient women<\/a>, publicado no American Journal of Hematology, tomar o suplemento junto ao caf\u00e9 da manh\u00e3 reduziu a absor\u00e7\u00e3o de ferro em 67% em compara\u00e7\u00e3o ao consumo em jejum, e a vitamina C aumentou de forma significativa o aproveitamento do mineral.<\/p>\n\n\n<div class=\"wp-block-image\">\n<figure class=\"aligncenter size-large\"><img decoding=\"async\" width=\"1024\" height=\"571\" src=\"https:\/\/www.tuasaude.com\/news\/wp-content\/uploads\/2026\/04\/freepik_illustration-nonphotoreal_2877056043-1024x571.jpg\" alt=\"Ferro: quando devemos tom\u00e1-lo para o organismo absorver a quantidade certa?\" class=\"wp-image-29461\" srcset=\"https:\/\/www.tuasaude.com\/news\/wp-content\/uploads\/2026\/04\/freepik_illustration-nonphotoreal_2877056043-1024x571.jpg 1024w, https:\/\/www.tuasaude.com\/news\/wp-content\/uploads\/2026\/04\/freepik_illustration-nonphotoreal_2877056043-300x167.jpg 300w, https:\/\/www.tuasaude.com\/news\/wp-content\/uploads\/2026\/04\/freepik_illustration-nonphotoreal_2877056043-768x428.jpg 768w, https:\/\/www.tuasaude.com\/news\/wp-content\/uploads\/2026\/04\/freepik_illustration-nonphotoreal_2877056043-750x418.jpg 750w, https:\/\/www.tuasaude.com\/news\/wp-content\/uploads\/2026\/04\/freepik_illustration-nonphotoreal_2877056043-1140x636.jpg 1140w, https:\/\/www.tuasaude.com\/news\/wp-content\/uploads\/2026\/04\/freepik_illustration-nonphotoreal_2877056043.jpg 1280w\" sizes=\"(max-width: 1024px) 100vw, 1024px\" \/><figcaption class=\"wp-element-caption\">Caf\u00e9, ch\u00e1 e leite podem atrapalhar o efeito do suplemento de ferro.<\/figcaption><\/figure>\n<\/div>\n\n\n<h2 class=\"wp-block-heading\">Como organizar a rotina para aproveitar melhor o ferro?<\/h2>\n\n\n\n<p>Pequenos ajustes di\u00e1rios transformam o resultado da suplementa\u00e7\u00e3o e da alimenta\u00e7\u00e3o rica no mineral. A organiza\u00e7\u00e3o do hor\u00e1rio \u00e9 t\u00e3o importante quanto a dose prescrita, especialmente para quem trata <a href=\"https:\/\/www.tuasaude.com\/sintomas-de-anemia\/\" target=\"_blank\" rel=\"noreferrer noopener\">sintomas de anemia<\/a> ou apresenta ferritina baixa.<\/p>\n\n\n\n<ul class=\"wp-block-list\">\n<li>Tomar o suplemento ao acordar, com \u00e1gua e suco c\u00edtrico natural.<\/li>\n\n\n\n<li>Aguardar de 30 a 60 minutos antes do caf\u00e9 da manh\u00e3.<\/li>\n\n\n\n<li>Evitar caf\u00e9, ch\u00e1 e leite por pelo menos 1 hora ap\u00f3s a dose.<\/li>\n\n\n\n<li>Distanciar suplementos de c\u00e1lcio em pelo menos 2 horas do ferro.<\/li>\n\n\n\n<li>Consumir <a href=\"https:\/\/www.tuasaude.com\/alimentos-ricos-em-vitamina-c\/\" target=\"_blank\" rel=\"noreferrer noopener\">alimentos ricos em vitamina C<\/a> nas refei\u00e7\u00f5es com fontes vegetais de ferro.<\/li>\n\n\n\n<li>Considerar dose em dias alternados, conforme orienta\u00e7\u00e3o m\u00e9dica, para melhorar a toler\u00e2ncia e a absor\u00e7\u00e3o.<\/li>\n<\/ul>\n\n\n\n<p><em>Este conte\u00fado tem car\u00e1ter apenas informativo e n\u00e3o substitui a avalia\u00e7\u00e3o, o diagn\u00f3stico ou o tratamento indicado por um m\u00e9dico ou nutricionista. Em caso de suspeita de anemia, ferritina baixa ou d\u00favidas sobre suplementa\u00e7\u00e3o, procure orienta\u00e7\u00e3o profissional qualificada.<\/em><\/p>\n","protected":false},"excerpt":{"rendered":"<p>O melhor momento para tomar ferro \u00e9 em jejum, pela manh\u00e3, acompanhado de \u00e1gua e de uma fonte de vitamina C, como suco de laranja ou lim\u00e3o. Essa combina\u00e7\u00e3o aumenta significativamente a absor\u00e7\u00e3o do mineral, enquanto caf\u00e9, ch\u00e1 e latic\u00ednios reduzem o aproveitamento quando consumidos pr\u00f3ximos ao suplemento. Entender o hor\u00e1rio e as combina\u00e7\u00f5es certas [&hellip;]<\/p>\n","protected":false},"author":11,"featured_media":29460,"comment_status":"open","ping_status":"open","sticky":false,"template":"","format":"standard","meta":{"_yoast_wpseo_focuskw":"como tomar ferro","_yoast_wpseo_title":"","_yoast_wpseo_metadesc":"Ferro em jejum e com vitamina C pode aumentar a absor\u00e7\u00e3o. Saiba como evitar erros que reduzem sua efic\u00e1cia.","jnews-multi-image_gallery":[],"jnews_single_post":{"format":"standard"},"jnews_primary_category":[],"jnews_social_meta":[],"jnews_override_counter":[],"footnotes":""},"categories":[111],"tags":[226,145,199,136],"class_list":["post-29170","post","type-post","status-publish","format-standard","has-post-thumbnail","hentry","category-saude","tag-anemia-ferropriva","tag-bem-estar","tag-ferro","tag-saude"],"yoast_head":"<!-- This site is optimized with the Yoast SEO plugin v26.7 - https:\/\/yoast.com\/wordpress\/plugins\/seo\/ -->\n<title>Ferro: quando devemos tom\u00e1-lo para o organismo absorver a quantidade certa? - Tua Sa\u00fade<\/title>\n<meta name=\"description\" content=\"Ferro em jejum e com vitamina C pode aumentar a absor\u00e7\u00e3o. Saiba como evitar erros que reduzem sua efic\u00e1cia.\" \/>\n<meta name=\"robots\" content=\"index, follow, max-snippet:-1, max-image-preview:large, max-video-preview:-1\" \/>\n<link rel=\"canonical\" href=\"https:\/\/www.tuasaude.com\/news\/2026\/04\/28\/ferro-quando-devemos-toma-lo-para-o-organismo-absorver-a-quantidade-certa\/\" \/>\n<meta property=\"og:locale\" content=\"pt_BR\" \/>\n<meta property=\"og:type\" content=\"article\" \/>\n<meta property=\"og:title\" content=\"Ferro: quando devemos tom\u00e1-lo para o organismo absorver a quantidade certa? - Tua Sa\u00fade\" \/>\n<meta property=\"og:description\" content=\"Ferro em jejum e com vitamina C pode aumentar a absor\u00e7\u00e3o. Saiba como evitar erros que reduzem sua efic\u00e1cia.\" \/>\n<meta property=\"og:url\" content=\"https:\/\/www.tuasaude.com\/news\/2026\/04\/28\/ferro-quando-devemos-toma-lo-para-o-organismo-absorver-a-quantidade-certa\/\" \/>\n<meta property=\"og:site_name\" content=\"Tua Sa\u00fade\" \/>\n<meta property=\"article:published_time\" content=\"2026-04-28T11:50:00+00:00\" \/>\n<meta property=\"og:image\" content=\"https:\/\/www.tuasaude.com\/news\/wp-content\/uploads\/2026\/04\/freepik_illustration-nonphotoreal_2877055637.jpg\" \/>\n\t<meta property=\"og:image:width\" content=\"1280\" \/>\n\t<meta property=\"og:image:height\" content=\"714\" \/>\n\t<meta property=\"og:image:type\" content=\"image\/jpeg\" \/>\n<meta name=\"author\" content=\"Gessika Julia Carvalho\" \/>\n<meta name=\"twitter:card\" content=\"summary_large_image\" \/>\n<meta name=\"twitter:label1\" content=\"Escrito por\" \/>\n\t<meta name=\"twitter:data1\" content=\"Gessika Julia Carvalho\" \/>\n\t<meta name=\"twitter:label2\" content=\"Est. tempo de leitura\" \/>\n\t<meta name=\"twitter:data2\" content=\"4 minutos\" \/>\n<!-- \/ Yoast SEO plugin. -->","yoast_head_json":{"title":"Ferro: quando devemos tom\u00e1-lo para o organismo absorver a quantidade certa? - Tua Sa\u00fade","description":"Ferro em jejum e com vitamina C pode aumentar a absor\u00e7\u00e3o. Saiba como evitar erros que reduzem sua efic\u00e1cia.","robots":{"index":"index","follow":"follow","max-snippet":"max-snippet:-1","max-image-preview":"max-image-preview:large","max-video-preview":"max-video-preview:-1"},"canonical":"https:\/\/www.tuasaude.com\/news\/2026\/04\/28\/ferro-quando-devemos-toma-lo-para-o-organismo-absorver-a-quantidade-certa\/","og_locale":"pt_BR","og_type":"article","og_title":"Ferro: quando devemos tom\u00e1-lo para o organismo absorver a quantidade certa? - Tua Sa\u00fade","og_description":"Ferro em jejum e com vitamina C pode aumentar a absor\u00e7\u00e3o. Saiba como evitar erros que reduzem sua efic\u00e1cia.","og_url":"https:\/\/www.tuasaude.com\/news\/2026\/04\/28\/ferro-quando-devemos-toma-lo-para-o-organismo-absorver-a-quantidade-certa\/","og_site_name":"Tua Sa\u00fade","article_published_time":"2026-04-28T11:50:00+00:00","og_image":[{"width":1280,"height":714,"url":"https:\/\/www.tuasaude.com\/news\/wp-content\/uploads\/2026\/04\/freepik_illustration-nonphotoreal_2877055637.jpg","type":"image\/jpeg"}],"author":"Gessika Julia Carvalho","twitter_card":"summary_large_image","twitter_misc":{"Escrito por":"Gessika Julia Carvalho","Est. tempo de leitura":"4 minutos"},"schema":{"@context":"https:\/\/schema.org","@graph":[{"@type":"Article","@id":"https:\/\/www.tuasaude.com\/news\/2026\/04\/28\/ferro-quando-devemos-toma-lo-para-o-organismo-absorver-a-quantidade-certa\/#article","isPartOf":{"@id":"https:\/\/www.tuasaude.com\/news\/2026\/04\/28\/ferro-quando-devemos-toma-lo-para-o-organismo-absorver-a-quantidade-certa\/"},"author":{"name":"Gessika Julia Carvalho","@id":"https:\/\/www.tuasaude.com\/news\/#\/schema\/person\/2e9df841be69ec84f5d20ddb8d273ac2"},"headline":"Ferro: quando devemos tom\u00e1-lo para o organismo absorver a quantidade certa?","datePublished":"2026-04-28T11:50:00+00:00","mainEntityOfPage":{"@id":"https:\/\/www.tuasaude.com\/news\/2026\/04\/28\/ferro-quando-devemos-toma-lo-para-o-organismo-absorver-a-quantidade-certa\/"},"wordCount":674,"commentCount":0,"image":{"@id":"https:\/\/www.tuasaude.com\/news\/2026\/04\/28\/ferro-quando-devemos-toma-lo-para-o-organismo-absorver-a-quantidade-certa\/#primaryimage"},"thumbnailUrl":"https:\/\/www.tuasaude.com\/news\/wp-content\/uploads\/2026\/04\/freepik_illustration-nonphotoreal_2877055637.jpg","keywords":["anemia ferropriva","bem-estar","ferro","sa\u00fade"],"articleSection":["Sa\u00fade"],"inLanguage":"pt-BR","potentialAction":[{"@type":"CommentAction","name":"Comment","target":["https:\/\/www.tuasaude.com\/news\/2026\/04\/28\/ferro-quando-devemos-toma-lo-para-o-organismo-absorver-a-quantidade-certa\/#respond"]}]},{"@type":"WebPage","@id":"https:\/\/www.tuasaude.com\/news\/2026\/04\/28\/ferro-quando-devemos-toma-lo-para-o-organismo-absorver-a-quantidade-certa\/","url":"https:\/\/www.tuasaude.com\/news\/2026\/04\/28\/ferro-quando-devemos-toma-lo-para-o-organismo-absorver-a-quantidade-certa\/","name":"Ferro: quando devemos tom\u00e1-lo para o organismo absorver a quantidade certa? - Tua Sa\u00fade","isPartOf":{"@id":"https:\/\/www.tuasaude.com\/news\/#website"},"primaryImageOfPage":{"@id":"https:\/\/www.tuasaude.com\/news\/2026\/04\/28\/ferro-quando-devemos-toma-lo-para-o-organismo-absorver-a-quantidade-certa\/#primaryimage"},"image":{"@id":"https:\/\/www.tuasaude.com\/news\/2026\/04\/28\/ferro-quando-devemos-toma-lo-para-o-organismo-absorver-a-quantidade-certa\/#primaryimage"},"thumbnailUrl":"https:\/\/www.tuasaude.com\/news\/wp-content\/uploads\/2026\/04\/freepik_illustration-nonphotoreal_2877055637.jpg","datePublished":"2026-04-28T11:50:00+00:00","author":{"@id":"https:\/\/www.tuasaude.com\/news\/#\/schema\/person\/2e9df841be69ec84f5d20ddb8d273ac2"},"description":"Ferro em jejum e com vitamina C pode aumentar a absor\u00e7\u00e3o. Saiba como evitar erros que reduzem sua efic\u00e1cia.","breadcrumb":{"@id":"https:\/\/www.tuasaude.com\/news\/2026\/04\/28\/ferro-quando-devemos-toma-lo-para-o-organismo-absorver-a-quantidade-certa\/#breadcrumb"},"inLanguage":"pt-BR","potentialAction":[{"@type":"ReadAction","target":["https:\/\/www.tuasaude.com\/news\/2026\/04\/28\/ferro-quando-devemos-toma-lo-para-o-organismo-absorver-a-quantidade-certa\/"]}]},{"@type":"ImageObject","inLanguage":"pt-BR","@id":"https:\/\/www.tuasaude.com\/news\/2026\/04\/28\/ferro-quando-devemos-toma-lo-para-o-organismo-absorver-a-quantidade-certa\/#primaryimage","url":"https:\/\/www.tuasaude.com\/news\/wp-content\/uploads\/2026\/04\/freepik_illustration-nonphotoreal_2877055637.jpg","contentUrl":"https:\/\/www.tuasaude.com\/news\/wp-content\/uploads\/2026\/04\/freepik_illustration-nonphotoreal_2877055637.jpg","width":1280,"height":714,"caption":"Tomar ferro em jejum com vitamina C melhora a absor\u00e7\u00e3o."},{"@type":"BreadcrumbList","@id":"https:\/\/www.tuasaude.com\/news\/2026\/04\/28\/ferro-quando-devemos-toma-lo-para-o-organismo-absorver-a-quantidade-certa\/#breadcrumb","itemListElement":[{"@type":"ListItem","position":1,"name":"In\u00edcio","item":"https:\/\/www.tuasaude.com\/news\/"},{"@type":"ListItem","position":2,"name":"Ferro: quando devemos tom\u00e1-lo para o organismo absorver a quantidade certa?"}]},{"@type":"WebSite","@id":"https:\/\/www.tuasaude.com\/news\/#website","url":"https:\/\/www.tuasaude.com\/news\/","name":"Tua Sa\u00fade","description":"Seu site de sa\u00fade","potentialAction":[{"@type":"SearchAction","target":{"@type":"EntryPoint","urlTemplate":"https:\/\/www.tuasaude.com\/news\/?s={search_term_string}"},"query-input":{"@type":"PropertyValueSpecification","valueRequired":true,"valueName":"search_term_string"}}],"inLanguage":"pt-BR"},{"@type":"Person","@id":"https:\/\/www.tuasaude.com\/news\/#\/schema\/person\/2e9df841be69ec84f5d20ddb8d273ac2","name":"Gessika Julia Carvalho","image":{"@type":"ImageObject","inLanguage":"pt-BR","@id":"https:\/\/www.tuasaude.com\/news\/#\/schema\/person\/image\/","url":"https:\/\/secure.gravatar.com\/avatar\/0fcc8769024577fd0bc6a8b766055690f76a8e8f29dfb2a2f89cf04db8d0f2d2?s=96&d=mm&r=g","contentUrl":"https:\/\/secure.gravatar.com\/avatar\/0fcc8769024577fd0bc6a8b766055690f76a8e8f29dfb2a2f89cf04db8d0f2d2?s=96&d=mm&r=g","caption":"Gessika Julia Carvalho"},"sameAs":["https:\/\/www.tuasaude.com\/news\/"],"url":"https:\/\/www.tuasaude.com\/news\/author\/gessika-julia\/"}]}},"_links":{"self":[{"href":"https:\/\/www.tuasaude.com\/news\/wp-json\/wp\/v2\/posts\/29170","targetHints":{"allow":["GET"]}}],"collection":[{"href":"https:\/\/www.tuasaude.com\/news\/wp-json\/wp\/v2\/posts"}],"about":[{"href":"https:\/\/www.tuasaude.com\/news\/wp-json\/wp\/v2\/types\/post"}],"author":[{"embeddable":true,"href":"https:\/\/www.tuasaude.com\/news\/wp-json\/wp\/v2\/users\/11"}],"replies":[{"embeddable":true,"href":"https:\/\/www.tuasaude.com\/news\/wp-json\/wp\/v2\/comments?post=29170"}],"version-history":[{"count":2,"href":"https:\/\/www.tuasaude.com\/news\/wp-json\/wp\/v2\/posts\/29170\/revisions"}],"predecessor-version":[{"id":29502,"href":"https:\/\/www.tuasaude.com\/news\/wp-json\/wp\/v2\/posts\/29170\/revisions\/29502"}],"wp:featuredmedia":[{"embeddable":true,"href":"https:\/\/www.tuasaude.com\/news\/wp-json\/wp\/v2\/media\/29460"}],"wp:attachment":[{"href":"https:\/\/www.tuasaude.com\/news\/wp-json\/wp\/v2\/media?parent=29170"}],"wp:term":[{"taxonomy":"category","embeddable":true,"href":"https:\/\/www.tuasaude.com\/news\/wp-json\/wp\/v2\/categories?post=29170"},{"taxonomy":"post_tag","embeddable":true,"href":"https:\/\/www.tuasaude.com\/news\/wp-json\/wp\/v2\/tags?post=29170"}],"curies":[{"name":"wp","href":"https:\/\/api.w.org\/{rel}","templated":true}]}}