{"id":29167,"date":"2026-04-28T08:20:00","date_gmt":"2026-04-28T11:20:00","guid":{"rendered":"https:\/\/www.tuasaude.com\/news\/?p=29167"},"modified":"2026-04-27T19:57:26","modified_gmt":"2026-04-27T22:57:26","slug":"como-e-a-perda-de-memoria-causada-pelo-estresse-cronico-e-como-diferencia-la-do-inicio-de-um-declinio-cognitivo","status":"publish","type":"post","link":"https:\/\/www.tuasaude.com\/news\/2026\/04\/28\/como-e-a-perda-de-memoria-causada-pelo-estresse-cronico-e-como-diferencia-la-do-inicio-de-um-declinio-cognitivo\/","title":{"rendered":"Como \u00e9 a perda de mem\u00f3ria causada pelo estresse cr\u00f4nico e como diferenci\u00e1-la do in\u00edcio de um decl\u00ednio cognitivo?"},"content":{"rendered":"\n<p>A perda de mem\u00f3ria causada pelo estresse cr\u00f4nico costuma ser flutuante, revers\u00edvel e relacionada a esquecimentos do cotidiano, como compromissos, nomes e tarefas recentes. J\u00e1 o decl\u00ednio cognitivo apresenta padr\u00e3o progressivo, afeta fun\u00e7\u00f5es espec\u00edficas como linguagem e orienta\u00e7\u00e3o espacial e tende a piorar mesmo em momentos de descanso. Diferenciar os dois quadros depende de observar a evolu\u00e7\u00e3o dos sintomas, o impacto na rotina e o desempenho em avalia\u00e7\u00f5es neuropsicol\u00f3gicas, que ajudam a indicar quando a altera\u00e7\u00e3o merece investiga\u00e7\u00e3o mais aprofundada.<\/p>\n\n\n\n<h2 class=\"wp-block-heading\">Como o estresse cr\u00f4nico afeta a mem\u00f3ria?<\/h2>\n\n\n\n<p>O estresse prolongado mant\u00e9m o cortisol elevado por semanas ou meses, e esse excesso atinge diretamente o hipocampo, \u00e1rea cerebral respons\u00e1vel pela forma\u00e7\u00e3o e recupera\u00e7\u00e3o de novas mem\u00f3rias. O resultado \u00e9 dificuldade para concentrar-se, registrar informa\u00e7\u00f5es e lembrar de detalhes do dia a dia.<\/p>\n\n\n\n<p>Diferente do decl\u00ednio cognitivo, esse efeito \u00e9, em geral, revers\u00edvel quando o estresse \u00e9 controlado. O sono melhora, a alimenta\u00e7\u00e3o se reorganiza e a mem\u00f3ria tende a voltar ao padr\u00e3o habitual. Outros sintomas, como cansa\u00e7o mental, irritabilidade e dores de cabe\u00e7a, costumam acompanhar o quadro de <a href=\"https:\/\/www.tuasaude.com\/estresse\/\" target=\"_blank\" rel=\"noreferrer noopener\">estresse cr\u00f4nico<\/a>.<\/p>\n\n\n\n<h2 class=\"wp-block-heading\">Quais esquecimentos sugerem decl\u00ednio cognitivo?<\/h2>\n\n\n\n<p>O decl\u00ednio cognitivo, especialmente nas fases iniciais de dem\u00eancias como o Alzheimer, tende a apresentar caracter\u00edsticas diferentes do esquecimento por estresse. Alguns sinais que merecem aten\u00e7\u00e3o m\u00e9dica incluem:<\/p>\n\n\n<div class=\"wp-block-image\">\n<figure class=\"aligncenter size-large\"><img decoding=\"async\" width=\"1024\" height=\"608\" src=\"https:\/\/www.tuasaude.com\/news\/wp-content\/uploads\/2026\/04\/convertido-10-14-1024x608.jpg\" alt=\"Quais esquecimentos sugerem decl\u00ednio cognitivo?\" class=\"wp-image-29168\" srcset=\"https:\/\/www.tuasaude.com\/news\/wp-content\/uploads\/2026\/04\/convertido-10-14-1024x608.jpg 1024w, https:\/\/www.tuasaude.com\/news\/wp-content\/uploads\/2026\/04\/convertido-10-14-300x178.jpg 300w, https:\/\/www.tuasaude.com\/news\/wp-content\/uploads\/2026\/04\/convertido-10-14-768x456.jpg 768w, https:\/\/www.tuasaude.com\/news\/wp-content\/uploads\/2026\/04\/convertido-10-14-750x445.jpg 750w, https:\/\/www.tuasaude.com\/news\/wp-content\/uploads\/2026\/04\/convertido-10-14-1140x677.jpg 1140w, https:\/\/www.tuasaude.com\/news\/wp-content\/uploads\/2026\/04\/convertido-10-14.jpg 1280w\" sizes=\"(max-width: 1024px) 100vw, 1024px\" \/><figcaption class=\"wp-element-caption\">Quais esquecimentos sugerem decl\u00ednio cognitivo?<\/figcaption><\/figure>\n<\/div>\n\n\n<p>Esses esquecimentos costumam interferir nas atividades di\u00e1rias e s\u00e3o frequentemente percebidos antes pela fam\u00edlia do que pela pr\u00f3pria pessoa.<\/p>\n\n\n\n<h2 class=\"wp-block-heading\">O que diz um estudo cient\u00edfico sobre cortisol e mem\u00f3ria?<\/h2>\n\n\n\n<p>A rela\u00e7\u00e3o entre estresse cr\u00f4nico e desempenho cognitivo j\u00e1 foi avaliada em pesquisas populacionais de grande porte. Segundo o estudo <a href=\"https:\/\/www.neurology.org\/doi\/10.1212\/WNL.0000000000006549\" target=\"_blank\" rel=\"noreferrer noopener\">Circulating cortisol and cognitive and structural brain measures: The Framingham Heart Study<\/a>, publicado na revista Neurology, adultos jovens e de meia-idade com n\u00edveis matinais de cortisol mais elevados apresentaram pior desempenho em testes de mem\u00f3ria e menor volume cerebral em exames de resson\u00e2ncia magn\u00e9tica.<\/p>\n\n\n\n<p>Os autores destacam que essas altera\u00e7\u00f5es foram observadas mesmo em pessoas sem qualquer sintoma de dem\u00eancia, refor\u00e7ando que o controle do estresse \u00e9 uma medida importante para a sa\u00fade cognitiva ao longo da vida e que o cortisol elevado pode comprometer a mem\u00f3ria antes de qualquer diagn\u00f3stico cl\u00ednico.<\/p>\n\n\n<div class=\"wp-block-image\">\n<figure class=\"aligncenter size-large\"><img decoding=\"async\" width=\"1024\" height=\"571\" src=\"https:\/\/www.tuasaude.com\/news\/wp-content\/uploads\/2026\/04\/freepik_illustration-nonphotoreal_2877057123-1024x571.jpg\" alt=\"Como \u00e9 a perda de mem\u00f3ria causada pelo estresse cr\u00f4nico e como diferenci\u00e1-la do in\u00edcio de um decl\u00ednio cognitivo?\" class=\"wp-image-29462\" srcset=\"https:\/\/www.tuasaude.com\/news\/wp-content\/uploads\/2026\/04\/freepik_illustration-nonphotoreal_2877057123-1024x571.jpg 1024w, https:\/\/www.tuasaude.com\/news\/wp-content\/uploads\/2026\/04\/freepik_illustration-nonphotoreal_2877057123-300x167.jpg 300w, https:\/\/www.tuasaude.com\/news\/wp-content\/uploads\/2026\/04\/freepik_illustration-nonphotoreal_2877057123-768x428.jpg 768w, https:\/\/www.tuasaude.com\/news\/wp-content\/uploads\/2026\/04\/freepik_illustration-nonphotoreal_2877057123-750x418.jpg 750w, https:\/\/www.tuasaude.com\/news\/wp-content\/uploads\/2026\/04\/freepik_illustration-nonphotoreal_2877057123-1140x636.jpg 1140w, https:\/\/www.tuasaude.com\/news\/wp-content\/uploads\/2026\/04\/freepik_illustration-nonphotoreal_2877057123.jpg 1280w\" sizes=\"(max-width: 1024px) 100vw, 1024px\" \/><figcaption class=\"wp-element-caption\">Perda de mem\u00f3ria progressiva e dificuldade em tarefas simples podem indicar decl\u00ednio cognitivo.<\/figcaption><\/figure>\n<\/div>\n\n\n<h2 class=\"wp-block-heading\">Quais avalia\u00e7\u00f5es ajudam a investigar cada quadro?<\/h2>\n\n\n\n<p>Diante de queixas persistentes de mem\u00f3ria, o m\u00e9dico pode solicitar uma combina\u00e7\u00e3o de avalia\u00e7\u00f5es para entender a origem do problema. As principais incluem:<\/p>\n\n\n\n<ul class=\"wp-block-list\">\n<li>Avalia\u00e7\u00e3o neuropsicol\u00f3gica completa, com testes de mem\u00f3ria, aten\u00e7\u00e3o, linguagem e fun\u00e7\u00f5es executivas.<\/li>\n\n\n\n<li>Mini-Exame do Estado Mental e Montreal Cognitive Assessment, usados como triagem.<\/li>\n\n\n\n<li>Exames de sangue para vitamina B12, TSH, glicemia e fun\u00e7\u00e3o hep\u00e1tica e renal.<\/li>\n\n\n\n<li>Dosagem de cortisol e investiga\u00e7\u00e3o de sintomas de ansiedade e depress\u00e3o.<\/li>\n\n\n\n<li>Resson\u00e2ncia magn\u00e9tica do cr\u00e2nio, em casos com suspeita de decl\u00ednio cognitivo.<\/li>\n\n\n\n<li>Polissonografia, quando h\u00e1 suspeita de dist\u00farbios do sono interferindo na mem\u00f3ria.<\/li>\n<\/ul>\n\n\n\n<p>Essa investiga\u00e7\u00e3o ajuda a distinguir altera\u00e7\u00f5es revers\u00edveis, como esquecimentos por estresse e priva\u00e7\u00e3o de sono, de quadros que exigem tratamento espec\u00edfico, como depress\u00e3o, hipotireoidismo ou doen\u00e7as neurodegenerativas.<\/p>\n\n\n\n<h2 class=\"wp-block-heading\">Quando procurar avalia\u00e7\u00e3o m\u00e9dica?<\/h2>\n\n\n\n<p>Esquecimentos pontuais fazem parte da rotina e nem sempre indicam um problema. No entanto, \u00e9 importante procurar um neurologista, geriatra ou psiquiatra quando os lapsos de mem\u00f3ria passam a interferir no trabalho, nos relacionamentos ou nas atividades cotidianas. A avalia\u00e7\u00e3o precoce permite identificar causas trat\u00e1veis e iniciar estrat\u00e9gias para preservar a fun\u00e7\u00e3o cognitiva.<\/p>\n\n\n\n<p>O controle do estresse, com sono adequado, pr\u00e1tica regular de exerc\u00edcios, alimenta\u00e7\u00e3o equilibrada e suporte psicol\u00f3gico, costuma melhorar de forma significativa a perda de mem\u00f3ria associada ao excesso de cortisol. J\u00e1 em quadros sugestivos de decl\u00ednio cognitivo, o acompanhamento m\u00e9dico cont\u00ednuo \u00e9 fundamental para definir o diagn\u00f3stico e o tratamento mais adequado para cada caso.<\/p>\n\n\n\n<p><em>Este conte\u00fado tem car\u00e1ter exclusivamente informativo e n\u00e3o substitui a avalia\u00e7\u00e3o, o diagn\u00f3stico ou o tratamento realizados por um profissional de sa\u00fade qualificado. Em caso de esquecimentos persistentes, consulte um neurologista ou psiquiatra.<\/em><\/p>\n","protected":false},"excerpt":{"rendered":"<p>A perda de mem\u00f3ria causada pelo estresse cr\u00f4nico costuma ser flutuante, revers\u00edvel e relacionada a esquecimentos do cotidiano, como compromissos, nomes e tarefas recentes. J\u00e1 o decl\u00ednio cognitivo apresenta padr\u00e3o progressivo, afeta fun\u00e7\u00f5es espec\u00edficas como linguagem e orienta\u00e7\u00e3o espacial e tende a piorar mesmo em momentos de descanso. Diferenciar os dois quadros depende de observar [&hellip;]<\/p>\n","protected":false},"author":11,"featured_media":29463,"comment_status":"open","ping_status":"open","sticky":false,"template":"","format":"standard","meta":{"_yoast_wpseo_focuskw":"perda de mem\u00f3ria","_yoast_wpseo_title":"","_yoast_wpseo_metadesc":"Perda de mem\u00f3ria pode estar ligada ao estresse cr\u00f4nico, mas sintomas progressivos podem indicar decl\u00ednio cognitivo.","jnews-multi-image_gallery":[],"jnews_single_post":{"format":"standard"},"jnews_primary_category":[],"jnews_social_meta":[],"jnews_override_counter":[],"footnotes":""},"categories":[111],"tags":[1294,1204,389,136],"class_list":["post-29167","post","type-post","status-publish","format-standard","has-post-thumbnail","hentry","category-saude","tag-declinio-cognitivo","tag-estresse-cronico","tag-perda-de-memoria","tag-saude"],"yoast_head":"<!-- This site is optimized with the Yoast SEO plugin v26.7 - https:\/\/yoast.com\/wordpress\/plugins\/seo\/ -->\n<title>Como \u00e9 a perda de mem\u00f3ria causada pelo estresse cr\u00f4nico e como diferenci\u00e1-la do in\u00edcio de um decl\u00ednio cognitivo? - Tua Sa\u00fade<\/title>\n<meta name=\"description\" content=\"Perda de mem\u00f3ria pode estar ligada ao estresse cr\u00f4nico, mas sintomas progressivos podem indicar decl\u00ednio cognitivo.\" \/>\n<meta name=\"robots\" content=\"index, follow, max-snippet:-1, max-image-preview:large, max-video-preview:-1\" \/>\n<link rel=\"canonical\" href=\"https:\/\/www.tuasaude.com\/news\/2026\/04\/28\/como-e-a-perda-de-memoria-causada-pelo-estresse-cronico-e-como-diferencia-la-do-inicio-de-um-declinio-cognitivo\/\" \/>\n<meta property=\"og:locale\" content=\"pt_BR\" \/>\n<meta property=\"og:type\" content=\"article\" \/>\n<meta property=\"og:title\" content=\"Como \u00e9 a perda de mem\u00f3ria causada pelo estresse cr\u00f4nico e como diferenci\u00e1-la do in\u00edcio de um decl\u00ednio cognitivo? - Tua Sa\u00fade\" \/>\n<meta property=\"og:description\" content=\"Perda de mem\u00f3ria pode estar ligada ao estresse cr\u00f4nico, mas sintomas progressivos podem indicar decl\u00ednio cognitivo.\" \/>\n<meta property=\"og:url\" content=\"https:\/\/www.tuasaude.com\/news\/2026\/04\/28\/como-e-a-perda-de-memoria-causada-pelo-estresse-cronico-e-como-diferencia-la-do-inicio-de-um-declinio-cognitivo\/\" \/>\n<meta property=\"og:site_name\" content=\"Tua Sa\u00fade\" \/>\n<meta property=\"article:published_time\" content=\"2026-04-28T11:20:00+00:00\" \/>\n<meta property=\"og:image\" content=\"https:\/\/www.tuasaude.com\/news\/wp-content\/uploads\/2026\/04\/freepik_illustration-nonphotoreal_2877058382.jpg\" \/>\n\t<meta property=\"og:image:width\" content=\"1280\" \/>\n\t<meta property=\"og:image:height\" content=\"714\" \/>\n\t<meta property=\"og:image:type\" content=\"image\/jpeg\" \/>\n<meta name=\"author\" content=\"Gessika Julia Carvalho\" \/>\n<meta name=\"twitter:card\" content=\"summary_large_image\" \/>\n<meta name=\"twitter:label1\" content=\"Escrito por\" \/>\n\t<meta name=\"twitter:data1\" content=\"Gessika Julia Carvalho\" \/>\n\t<meta name=\"twitter:label2\" content=\"Est. tempo de leitura\" \/>\n\t<meta name=\"twitter:data2\" content=\"5 minutos\" \/>\n<!-- \/ Yoast SEO plugin. -->","yoast_head_json":{"title":"Como \u00e9 a perda de mem\u00f3ria causada pelo estresse cr\u00f4nico e como diferenci\u00e1-la do in\u00edcio de um decl\u00ednio cognitivo? - Tua Sa\u00fade","description":"Perda de mem\u00f3ria pode estar ligada ao estresse cr\u00f4nico, mas sintomas progressivos podem indicar decl\u00ednio cognitivo.","robots":{"index":"index","follow":"follow","max-snippet":"max-snippet:-1","max-image-preview":"max-image-preview:large","max-video-preview":"max-video-preview:-1"},"canonical":"https:\/\/www.tuasaude.com\/news\/2026\/04\/28\/como-e-a-perda-de-memoria-causada-pelo-estresse-cronico-e-como-diferencia-la-do-inicio-de-um-declinio-cognitivo\/","og_locale":"pt_BR","og_type":"article","og_title":"Como \u00e9 a perda de mem\u00f3ria causada pelo estresse cr\u00f4nico e como diferenci\u00e1-la do in\u00edcio de um decl\u00ednio cognitivo? - Tua Sa\u00fade","og_description":"Perda de mem\u00f3ria pode estar ligada ao estresse cr\u00f4nico, mas sintomas progressivos podem indicar decl\u00ednio cognitivo.","og_url":"https:\/\/www.tuasaude.com\/news\/2026\/04\/28\/como-e-a-perda-de-memoria-causada-pelo-estresse-cronico-e-como-diferencia-la-do-inicio-de-um-declinio-cognitivo\/","og_site_name":"Tua Sa\u00fade","article_published_time":"2026-04-28T11:20:00+00:00","og_image":[{"width":1280,"height":714,"url":"https:\/\/www.tuasaude.com\/news\/wp-content\/uploads\/2026\/04\/freepik_illustration-nonphotoreal_2877058382.jpg","type":"image\/jpeg"}],"author":"Gessika Julia Carvalho","twitter_card":"summary_large_image","twitter_misc":{"Escrito por":"Gessika Julia Carvalho","Est. tempo de leitura":"5 minutos"},"schema":{"@context":"https:\/\/schema.org","@graph":[{"@type":"Article","@id":"https:\/\/www.tuasaude.com\/news\/2026\/04\/28\/como-e-a-perda-de-memoria-causada-pelo-estresse-cronico-e-como-diferencia-la-do-inicio-de-um-declinio-cognitivo\/#article","isPartOf":{"@id":"https:\/\/www.tuasaude.com\/news\/2026\/04\/28\/como-e-a-perda-de-memoria-causada-pelo-estresse-cronico-e-como-diferencia-la-do-inicio-de-um-declinio-cognitivo\/"},"author":{"name":"Gessika Julia Carvalho","@id":"https:\/\/www.tuasaude.com\/news\/#\/schema\/person\/2e9df841be69ec84f5d20ddb8d273ac2"},"headline":"Como \u00e9 a perda de mem\u00f3ria causada pelo estresse cr\u00f4nico e como diferenci\u00e1-la do in\u00edcio de um decl\u00ednio cognitivo?","datePublished":"2026-04-28T11:20:00+00:00","mainEntityOfPage":{"@id":"https:\/\/www.tuasaude.com\/news\/2026\/04\/28\/como-e-a-perda-de-memoria-causada-pelo-estresse-cronico-e-como-diferencia-la-do-inicio-de-um-declinio-cognitivo\/"},"wordCount":765,"commentCount":0,"image":{"@id":"https:\/\/www.tuasaude.com\/news\/2026\/04\/28\/como-e-a-perda-de-memoria-causada-pelo-estresse-cronico-e-como-diferencia-la-do-inicio-de-um-declinio-cognitivo\/#primaryimage"},"thumbnailUrl":"https:\/\/www.tuasaude.com\/news\/wp-content\/uploads\/2026\/04\/freepik_illustration-nonphotoreal_2877058382.jpg","keywords":["decl\u00ednio cognitivo","estresse cr\u00f4nico","perda de mem\u00f3ria","sa\u00fade"],"articleSection":["Sa\u00fade"],"inLanguage":"pt-BR","potentialAction":[{"@type":"CommentAction","name":"Comment","target":["https:\/\/www.tuasaude.com\/news\/2026\/04\/28\/como-e-a-perda-de-memoria-causada-pelo-estresse-cronico-e-como-diferencia-la-do-inicio-de-um-declinio-cognitivo\/#respond"]}]},{"@type":"WebPage","@id":"https:\/\/www.tuasaude.com\/news\/2026\/04\/28\/como-e-a-perda-de-memoria-causada-pelo-estresse-cronico-e-como-diferencia-la-do-inicio-de-um-declinio-cognitivo\/","url":"https:\/\/www.tuasaude.com\/news\/2026\/04\/28\/como-e-a-perda-de-memoria-causada-pelo-estresse-cronico-e-como-diferencia-la-do-inicio-de-um-declinio-cognitivo\/","name":"Como \u00e9 a perda de mem\u00f3ria causada pelo estresse cr\u00f4nico e como diferenci\u00e1-la do in\u00edcio de um decl\u00ednio cognitivo? - Tua Sa\u00fade","isPartOf":{"@id":"https:\/\/www.tuasaude.com\/news\/#website"},"primaryImageOfPage":{"@id":"https:\/\/www.tuasaude.com\/news\/2026\/04\/28\/como-e-a-perda-de-memoria-causada-pelo-estresse-cronico-e-como-diferencia-la-do-inicio-de-um-declinio-cognitivo\/#primaryimage"},"image":{"@id":"https:\/\/www.tuasaude.com\/news\/2026\/04\/28\/como-e-a-perda-de-memoria-causada-pelo-estresse-cronico-e-como-diferencia-la-do-inicio-de-um-declinio-cognitivo\/#primaryimage"},"thumbnailUrl":"https:\/\/www.tuasaude.com\/news\/wp-content\/uploads\/2026\/04\/freepik_illustration-nonphotoreal_2877058382.jpg","datePublished":"2026-04-28T11:20:00+00:00","author":{"@id":"https:\/\/www.tuasaude.com\/news\/#\/schema\/person\/2e9df841be69ec84f5d20ddb8d273ac2"},"description":"Perda de mem\u00f3ria pode estar ligada ao estresse cr\u00f4nico, mas sintomas progressivos podem indicar decl\u00ednio cognitivo.","breadcrumb":{"@id":"https:\/\/www.tuasaude.com\/news\/2026\/04\/28\/como-e-a-perda-de-memoria-causada-pelo-estresse-cronico-e-como-diferencia-la-do-inicio-de-um-declinio-cognitivo\/#breadcrumb"},"inLanguage":"pt-BR","potentialAction":[{"@type":"ReadAction","target":["https:\/\/www.tuasaude.com\/news\/2026\/04\/28\/como-e-a-perda-de-memoria-causada-pelo-estresse-cronico-e-como-diferencia-la-do-inicio-de-um-declinio-cognitivo\/"]}]},{"@type":"ImageObject","inLanguage":"pt-BR","@id":"https:\/\/www.tuasaude.com\/news\/2026\/04\/28\/como-e-a-perda-de-memoria-causada-pelo-estresse-cronico-e-como-diferencia-la-do-inicio-de-um-declinio-cognitivo\/#primaryimage","url":"https:\/\/www.tuasaude.com\/news\/wp-content\/uploads\/2026\/04\/freepik_illustration-nonphotoreal_2877058382.jpg","contentUrl":"https:\/\/www.tuasaude.com\/news\/wp-content\/uploads\/2026\/04\/freepik_illustration-nonphotoreal_2877058382.jpg","width":1280,"height":714,"caption":"Controlar o estresse ajuda a proteger a mem\u00f3ria e a sa\u00fade do c\u00e9rebro."},{"@type":"BreadcrumbList","@id":"https:\/\/www.tuasaude.com\/news\/2026\/04\/28\/como-e-a-perda-de-memoria-causada-pelo-estresse-cronico-e-como-diferencia-la-do-inicio-de-um-declinio-cognitivo\/#breadcrumb","itemListElement":[{"@type":"ListItem","position":1,"name":"In\u00edcio","item":"https:\/\/www.tuasaude.com\/news\/"},{"@type":"ListItem","position":2,"name":"Como \u00e9 a perda de mem\u00f3ria causada pelo estresse cr\u00f4nico e como diferenci\u00e1-la do in\u00edcio de um decl\u00ednio cognitivo?"}]},{"@type":"WebSite","@id":"https:\/\/www.tuasaude.com\/news\/#website","url":"https:\/\/www.tuasaude.com\/news\/","name":"Tua Sa\u00fade","description":"Seu site de sa\u00fade","potentialAction":[{"@type":"SearchAction","target":{"@type":"EntryPoint","urlTemplate":"https:\/\/www.tuasaude.com\/news\/?s={search_term_string}"},"query-input":{"@type":"PropertyValueSpecification","valueRequired":true,"valueName":"search_term_string"}}],"inLanguage":"pt-BR"},{"@type":"Person","@id":"https:\/\/www.tuasaude.com\/news\/#\/schema\/person\/2e9df841be69ec84f5d20ddb8d273ac2","name":"Gessika Julia Carvalho","image":{"@type":"ImageObject","inLanguage":"pt-BR","@id":"https:\/\/www.tuasaude.com\/news\/#\/schema\/person\/image\/","url":"https:\/\/secure.gravatar.com\/avatar\/0fcc8769024577fd0bc6a8b766055690f76a8e8f29dfb2a2f89cf04db8d0f2d2?s=96&d=mm&r=g","contentUrl":"https:\/\/secure.gravatar.com\/avatar\/0fcc8769024577fd0bc6a8b766055690f76a8e8f29dfb2a2f89cf04db8d0f2d2?s=96&d=mm&r=g","caption":"Gessika Julia Carvalho"},"sameAs":["https:\/\/www.tuasaude.com\/news\/"],"url":"https:\/\/www.tuasaude.com\/news\/author\/gessika-julia\/"}]}},"_links":{"self":[{"href":"https:\/\/www.tuasaude.com\/news\/wp-json\/wp\/v2\/posts\/29167","targetHints":{"allow":["GET"]}}],"collection":[{"href":"https:\/\/www.tuasaude.com\/news\/wp-json\/wp\/v2\/posts"}],"about":[{"href":"https:\/\/www.tuasaude.com\/news\/wp-json\/wp\/v2\/types\/post"}],"author":[{"embeddable":true,"href":"https:\/\/www.tuasaude.com\/news\/wp-json\/wp\/v2\/users\/11"}],"replies":[{"embeddable":true,"href":"https:\/\/www.tuasaude.com\/news\/wp-json\/wp\/v2\/comments?post=29167"}],"version-history":[{"count":2,"href":"https:\/\/www.tuasaude.com\/news\/wp-json\/wp\/v2\/posts\/29167\/revisions"}],"predecessor-version":[{"id":29503,"href":"https:\/\/www.tuasaude.com\/news\/wp-json\/wp\/v2\/posts\/29167\/revisions\/29503"}],"wp:featuredmedia":[{"embeddable":true,"href":"https:\/\/www.tuasaude.com\/news\/wp-json\/wp\/v2\/media\/29463"}],"wp:attachment":[{"href":"https:\/\/www.tuasaude.com\/news\/wp-json\/wp\/v2\/media?parent=29167"}],"wp:term":[{"taxonomy":"category","embeddable":true,"href":"https:\/\/www.tuasaude.com\/news\/wp-json\/wp\/v2\/categories?post=29167"},{"taxonomy":"post_tag","embeddable":true,"href":"https:\/\/www.tuasaude.com\/news\/wp-json\/wp\/v2\/tags?post=29167"}],"curies":[{"name":"wp","href":"https:\/\/api.w.org\/{rel}","templated":true}]}}