{"id":29161,"date":"2026-04-28T07:50:00","date_gmt":"2026-04-28T10:50:00","guid":{"rendered":"https:\/\/www.tuasaude.com\/news\/?p=29161"},"modified":"2026-04-27T20:18:48","modified_gmt":"2026-04-27T23:18:48","slug":"probioticos-quando-devemos-toma-los-para-a-flora-intestinal-se-recuperar-de-verdade","status":"publish","type":"post","link":"https:\/\/www.tuasaude.com\/news\/2026\/04\/28\/probioticos-quando-devemos-toma-los-para-a-flora-intestinal-se-recuperar-de-verdade\/","title":{"rendered":"Probi\u00f3ticos: quando devemos tom\u00e1-los para a flora intestinal se recuperar de verdade?"},"content":{"rendered":"\n<p>O melhor momento para tomar probi\u00f3ticos \u00e9 durante uma refei\u00e7\u00e3o ou cerca de 30 minutos antes dela, especialmente quando o prato cont\u00e9m um pouco de gordura. Esse h\u00e1bito ajuda a proteger as bact\u00e9rias ben\u00e9ficas da acidez do est\u00f4mago e aumenta de forma significativa a quantidade de microrganismos vivos que chegam ao intestino. Tomar em jejum, com bebidas \u00e1cidas ou logo ap\u00f3s uma refei\u00e7\u00e3o pesada reduz a sobreviv\u00eancia das cepas e compromete o efeito esperado sobre a flora intestinal.<\/p>\n\n\n\n<h2 class=\"wp-block-heading\">Por que o hor\u00e1rio influencia a sobreviv\u00eancia dos probi\u00f3ticos?<\/h2>\n\n\n\n<p>Os probi\u00f3ticos s\u00e3o microrganismos vivos sens\u00edveis ao \u00e1cido g\u00e1strico. Quando o est\u00f4mago est\u00e1 produzindo grandes quantidades de \u00e1cido, como acontece pouco depois das refei\u00e7\u00f5es, boa parte das bact\u00e9rias \u00e9 destru\u00edda antes de chegar ao intestino, onde precisam atuar para reequilibrar a microbiota.<\/p>\n\n\n\n<p>A presen\u00e7a de alimento na refei\u00e7\u00e3o funciona como um tamp\u00e3o natural, elevando o pH do est\u00f4mago e protegendo as cepas. Por isso, o hor\u00e1rio em rela\u00e7\u00e3o \u00e0s refei\u00e7\u00f5es afeta diretamente a efici\u00eancia da reposi\u00e7\u00e3o da <a href=\"https:\/\/www.tuasaude.com\/flora-intestinal\/\" target=\"_blank\" rel=\"noreferrer noopener\">flora intestinal<\/a>.<\/p>\n\n\n\n<h2 class=\"wp-block-heading\">Qual \u00e9 o melhor hor\u00e1rio para tomar probi\u00f3ticos?<\/h2>\n\n\n\n<p>Estudos atuais indicam que o consumo durante a refei\u00e7\u00e3o ou cerca de 30 minutos antes dela favorece a sobreviv\u00eancia das bact\u00e9rias. Tomar pela manh\u00e3, junto ao caf\u00e9 da manh\u00e3 com um pouco de gordura, \u00e9 uma das op\u00e7\u00f5es mais pr\u00e1ticas e funciona bem para a maioria das pessoas.<\/p>\n\n\n\n<p>J\u00e1 a ingest\u00e3o 30 minutos depois da refei\u00e7\u00e3o costuma reduzir a viabilidade das cepas, porque coincide com o pico de produ\u00e7\u00e3o de \u00e1cido g\u00e1strico. O mais importante \u00e9 manter o uso di\u00e1rio no mesmo hor\u00e1rio, criando uma rotina que permita ao organismo receber bact\u00e9rias ben\u00e9ficas de forma constante.<\/p>\n\n\n<div class=\"wp-block-image\">\n<figure class=\"aligncenter size-large\"><img decoding=\"async\" width=\"1024\" height=\"571\" src=\"https:\/\/www.tuasaude.com\/news\/wp-content\/uploads\/2026\/04\/freepik_illustration-nonphotoreal_2877386234-1024x571.jpg\" alt=\"Probi\u00f3ticos: quando devemos tom\u00e1-los para a flora intestinal se recuperar de verdade?\" class=\"wp-image-29522\" srcset=\"https:\/\/www.tuasaude.com\/news\/wp-content\/uploads\/2026\/04\/freepik_illustration-nonphotoreal_2877386234-1024x571.jpg 1024w, https:\/\/www.tuasaude.com\/news\/wp-content\/uploads\/2026\/04\/freepik_illustration-nonphotoreal_2877386234-300x167.jpg 300w, https:\/\/www.tuasaude.com\/news\/wp-content\/uploads\/2026\/04\/freepik_illustration-nonphotoreal_2877386234-768x428.jpg 768w, https:\/\/www.tuasaude.com\/news\/wp-content\/uploads\/2026\/04\/freepik_illustration-nonphotoreal_2877386234-750x418.jpg 750w, https:\/\/www.tuasaude.com\/news\/wp-content\/uploads\/2026\/04\/freepik_illustration-nonphotoreal_2877386234-1140x636.jpg 1140w, https:\/\/www.tuasaude.com\/news\/wp-content\/uploads\/2026\/04\/freepik_illustration-nonphotoreal_2877386234.jpg 1280w\" sizes=\"(max-width: 1024px) 100vw, 1024px\" \/><figcaption class=\"wp-element-caption\">Refei\u00e7\u00f5es com um pouco de gordura ajudam os probi\u00f3ticos a chegar vivos ao intestino.<\/figcaption><\/figure>\n<\/div>\n\n\n<h2 class=\"wp-block-heading\">Como um estudo cient\u00edfico comprova o impacto do hor\u00e1rio?<\/h2>\n\n\n\n<p>A rela\u00e7\u00e3o entre alimenta\u00e7\u00e3o e sobreviv\u00eancia dos probi\u00f3ticos foi avaliada de forma direta em pesquisas laboratoriais. Segundo o estudo <a href=\"https:\/\/pubmed.ncbi.nlm.nih.gov\/22146689\/\" target=\"_blank\" rel=\"noreferrer noopener\">The impact of meals on a probiotic during transit through a model of the human upper gastrointestinal tract<\/a>, publicado na revista Beneficial Microbes, a sobreviv\u00eancia das cepas foi significativamente maior quando o suplemento foi tomado junto \u00e0 refei\u00e7\u00e3o ou 30 minutos antes dela, em compara\u00e7\u00e3o ao consumo 30 minutos ap\u00f3s comer.<\/p>\n\n\n\n<p>Os autores tamb\u00e9m observaram que refei\u00e7\u00f5es com alguma gordura, como aveia com leite, ofereceram melhor prote\u00e7\u00e3o do que sucos \u00e1cidos ou apenas \u00e1gua, refor\u00e7ando a import\u00e2ncia da composi\u00e7\u00e3o da refei\u00e7\u00e3o para o aproveitamento das bact\u00e9rias ben\u00e9ficas.<\/p>\n\n\n\n<h2 class=\"wp-block-heading\">Quais cuidados aumentam o efeito dos probi\u00f3ticos?<\/h2>\n\n\n\n<p>Al\u00e9m do hor\u00e1rio correto, alguns h\u00e1bitos pr\u00e1ticos potencializam a recupera\u00e7\u00e3o da flora intestinal e a coloniza\u00e7\u00e3o das cepas. Veja os principais:<\/p>\n\n\n<div class=\"wp-block-image\">\n<figure class=\"aligncenter size-large\"><img decoding=\"async\" width=\"1024\" height=\"438\" src=\"https:\/\/www.tuasaude.com\/news\/wp-content\/uploads\/2026\/04\/convertido-8-15-1024x438.jpg\" alt=\"Quais cuidados aumentam o efeito dos probi\u00f3ticos?\" class=\"wp-image-29162\" srcset=\"https:\/\/www.tuasaude.com\/news\/wp-content\/uploads\/2026\/04\/convertido-8-15-1024x438.jpg 1024w, https:\/\/www.tuasaude.com\/news\/wp-content\/uploads\/2026\/04\/convertido-8-15-300x128.jpg 300w, https:\/\/www.tuasaude.com\/news\/wp-content\/uploads\/2026\/04\/convertido-8-15-768x328.jpg 768w, https:\/\/www.tuasaude.com\/news\/wp-content\/uploads\/2026\/04\/convertido-8-15-750x321.jpg 750w, https:\/\/www.tuasaude.com\/news\/wp-content\/uploads\/2026\/04\/convertido-8-15-1140x487.jpg 1140w, https:\/\/www.tuasaude.com\/news\/wp-content\/uploads\/2026\/04\/convertido-8-15.jpg 1280w\" sizes=\"(max-width: 1024px) 100vw, 1024px\" \/><figcaption class=\"wp-element-caption\">Quais cuidados aumentam o efeito dos probi\u00f3ticos?<\/figcaption><\/figure>\n<\/div>\n\n\n<p>A combina\u00e7\u00e3o de probi\u00f3ticos com fibras prebi\u00f3ticas \u00e9 conhecida como simbi\u00f3tica e potencializa o equil\u00edbrio da microbiota.<\/p>\n\n\n\n<h2 class=\"wp-block-heading\">Quando os probi\u00f3ticos s\u00e3o realmente indicados?<\/h2>\n\n\n\n<p>Embora possam ser usados de forma preventiva, os probi\u00f3ticos s\u00e3o especialmente \u00fateis em situa\u00e7\u00f5es que desequilibram a microbiota. As principais indica\u00e7\u00f5es incluem:<\/p>\n\n\n\n<ul class=\"wp-block-list\">\n<li>Ap\u00f3s o uso de antibi\u00f3ticos, para repovoar o intestino com bact\u00e9rias ben\u00e9ficas.<\/li>\n\n\n\n<li>Em casos de diarreia aguda, infecciosa ou associada ao tr\u00e2nsito intestinal alterado.<\/li>\n\n\n\n<li>Para auxiliar no controle de sintomas da s\u00edndrome do intestino irrit\u00e1vel.<\/li>\n\n\n\n<li>Em per\u00edodos de estresse intenso ou alimenta\u00e7\u00e3o pobre em fibras.<\/li>\n\n\n\n<li>Durante viagens, para reduzir o risco de diarreia do viajante.<\/li>\n\n\n\n<li>Em quadros de pris\u00e3o de ventre cr\u00f4nica, sob orienta\u00e7\u00e3o profissional.<\/li>\n<\/ul>\n\n\n\n<p>A escolha da cepa adequada faz diferen\u00e7a no resultado, j\u00e1 que cada esp\u00e9cie de bact\u00e9ria atua de forma espec\u00edfica. Por isso, \u00e9 importante alinhar a suplementa\u00e7\u00e3o com mudan\u00e7as na alimenta\u00e7\u00e3o e incluir <a href=\"https:\/\/www.tuasaude.com\/alimentos-probioticos\/\" target=\"_blank\" rel=\"noreferrer noopener\">alimentos probi\u00f3ticos<\/a> na rotina, como iogurte natural, kefir e chucrute.<\/p>\n\n\n\n<p><em>Este conte\u00fado tem car\u00e1ter exclusivamente informativo e n\u00e3o substitui a avalia\u00e7\u00e3o, o diagn\u00f3stico ou o tratamento realizados por um profissional de sa\u00fade qualificado. Antes de iniciar qualquer suplementa\u00e7\u00e3o, consulte um m\u00e9dico ou nutricionista.<\/em><\/p>\n","protected":false},"excerpt":{"rendered":"<p>O melhor momento para tomar probi\u00f3ticos \u00e9 durante uma refei\u00e7\u00e3o ou cerca de 30 minutos antes dela, especialmente quando o prato cont\u00e9m um pouco de gordura. Esse h\u00e1bito ajuda a proteger as bact\u00e9rias ben\u00e9ficas da acidez do est\u00f4mago e aumenta de forma significativa a quantidade de microrganismos vivos que chegam ao intestino. Tomar em jejum, [&hellip;]<\/p>\n","protected":false},"author":11,"featured_media":29521,"comment_status":"open","ping_status":"open","sticky":false,"template":"","format":"standard","meta":{"_yoast_wpseo_focuskw":"probi\u00f3ticos","_yoast_wpseo_title":"","_yoast_wpseo_metadesc":"Probi\u00f3ticos precisam do momento certo para sobreviver ao est\u00f4mago e fortalecer a flora intestinal de forma eficiente.","jnews-multi-image_gallery":[],"jnews_single_post":{"format":"standard"},"jnews_primary_category":[],"jnews_social_meta":[],"jnews_override_counter":[],"footnotes":""},"categories":[111],"tags":[2560,4746,136,299],"class_list":["post-29161","post","type-post","status-publish","format-standard","has-post-thumbnail","hentry","category-saude","tag-flora-intestinal","tag-probioticos","tag-saude","tag-saude-intestinal"],"yoast_head":"<!-- This site is optimized with the Yoast SEO plugin v26.7 - https:\/\/yoast.com\/wordpress\/plugins\/seo\/ -->\n<title>Probi\u00f3ticos: quando devemos tom\u00e1-los para a flora intestinal se recuperar de verdade? - Tua Sa\u00fade<\/title>\n<meta name=\"description\" content=\"Probi\u00f3ticos precisam do momento certo para sobreviver ao est\u00f4mago e fortalecer a flora intestinal de forma eficiente.\" \/>\n<meta name=\"robots\" content=\"index, follow, max-snippet:-1, max-image-preview:large, max-video-preview:-1\" \/>\n<link rel=\"canonical\" href=\"https:\/\/www.tuasaude.com\/news\/2026\/04\/28\/probioticos-quando-devemos-toma-los-para-a-flora-intestinal-se-recuperar-de-verdade\/\" \/>\n<meta property=\"og:locale\" content=\"pt_BR\" \/>\n<meta property=\"og:type\" content=\"article\" \/>\n<meta property=\"og:title\" content=\"Probi\u00f3ticos: quando devemos tom\u00e1-los para a flora intestinal se recuperar de verdade? - Tua Sa\u00fade\" \/>\n<meta property=\"og:description\" content=\"Probi\u00f3ticos precisam do momento certo para sobreviver ao est\u00f4mago e fortalecer a flora intestinal de forma eficiente.\" \/>\n<meta property=\"og:url\" content=\"https:\/\/www.tuasaude.com\/news\/2026\/04\/28\/probioticos-quando-devemos-toma-los-para-a-flora-intestinal-se-recuperar-de-verdade\/\" \/>\n<meta property=\"og:site_name\" content=\"Tua Sa\u00fade\" \/>\n<meta property=\"article:published_time\" content=\"2026-04-28T10:50:00+00:00\" \/>\n<meta property=\"og:image\" content=\"https:\/\/www.tuasaude.com\/news\/wp-content\/uploads\/2026\/04\/freepik_illustration-nonphotoreal_2877385972.jpg\" \/>\n\t<meta property=\"og:image:width\" content=\"1280\" \/>\n\t<meta property=\"og:image:height\" content=\"714\" \/>\n\t<meta property=\"og:image:type\" content=\"image\/jpeg\" \/>\n<meta name=\"author\" content=\"Gessika Julia Carvalho\" \/>\n<meta name=\"twitter:card\" content=\"summary_large_image\" \/>\n<meta name=\"twitter:label1\" content=\"Escrito por\" \/>\n\t<meta name=\"twitter:data1\" content=\"Gessika Julia Carvalho\" \/>\n\t<meta name=\"twitter:label2\" content=\"Est. tempo de leitura\" \/>\n\t<meta name=\"twitter:data2\" content=\"5 minutos\" \/>\n<!-- \/ Yoast SEO plugin. -->","yoast_head_json":{"title":"Probi\u00f3ticos: quando devemos tom\u00e1-los para a flora intestinal se recuperar de verdade? - Tua Sa\u00fade","description":"Probi\u00f3ticos precisam do momento certo para sobreviver ao est\u00f4mago e fortalecer a flora intestinal de forma eficiente.","robots":{"index":"index","follow":"follow","max-snippet":"max-snippet:-1","max-image-preview":"max-image-preview:large","max-video-preview":"max-video-preview:-1"},"canonical":"https:\/\/www.tuasaude.com\/news\/2026\/04\/28\/probioticos-quando-devemos-toma-los-para-a-flora-intestinal-se-recuperar-de-verdade\/","og_locale":"pt_BR","og_type":"article","og_title":"Probi\u00f3ticos: quando devemos tom\u00e1-los para a flora intestinal se recuperar de verdade? - Tua Sa\u00fade","og_description":"Probi\u00f3ticos precisam do momento certo para sobreviver ao est\u00f4mago e fortalecer a flora intestinal de forma eficiente.","og_url":"https:\/\/www.tuasaude.com\/news\/2026\/04\/28\/probioticos-quando-devemos-toma-los-para-a-flora-intestinal-se-recuperar-de-verdade\/","og_site_name":"Tua Sa\u00fade","article_published_time":"2026-04-28T10:50:00+00:00","og_image":[{"width":1280,"height":714,"url":"https:\/\/www.tuasaude.com\/news\/wp-content\/uploads\/2026\/04\/freepik_illustration-nonphotoreal_2877385972.jpg","type":"image\/jpeg"}],"author":"Gessika Julia Carvalho","twitter_card":"summary_large_image","twitter_misc":{"Escrito por":"Gessika Julia Carvalho","Est. tempo de leitura":"5 minutos"},"schema":{"@context":"https:\/\/schema.org","@graph":[{"@type":"Article","@id":"https:\/\/www.tuasaude.com\/news\/2026\/04\/28\/probioticos-quando-devemos-toma-los-para-a-flora-intestinal-se-recuperar-de-verdade\/#article","isPartOf":{"@id":"https:\/\/www.tuasaude.com\/news\/2026\/04\/28\/probioticos-quando-devemos-toma-los-para-a-flora-intestinal-se-recuperar-de-verdade\/"},"author":{"name":"Gessika Julia Carvalho","@id":"https:\/\/www.tuasaude.com\/news\/#\/schema\/person\/2e9df841be69ec84f5d20ddb8d273ac2"},"headline":"Probi\u00f3ticos: quando devemos tom\u00e1-los para a flora intestinal se recuperar de verdade?","datePublished":"2026-04-28T10:50:00+00:00","mainEntityOfPage":{"@id":"https:\/\/www.tuasaude.com\/news\/2026\/04\/28\/probioticos-quando-devemos-toma-los-para-a-flora-intestinal-se-recuperar-de-verdade\/"},"wordCount":733,"commentCount":0,"image":{"@id":"https:\/\/www.tuasaude.com\/news\/2026\/04\/28\/probioticos-quando-devemos-toma-los-para-a-flora-intestinal-se-recuperar-de-verdade\/#primaryimage"},"thumbnailUrl":"https:\/\/www.tuasaude.com\/news\/wp-content\/uploads\/2026\/04\/freepik_illustration-nonphotoreal_2877385972.jpg","keywords":["flora intestinal","probi\u00f3ticos","sa\u00fade","sa\u00fade intestinal"],"articleSection":["Sa\u00fade"],"inLanguage":"pt-BR","potentialAction":[{"@type":"CommentAction","name":"Comment","target":["https:\/\/www.tuasaude.com\/news\/2026\/04\/28\/probioticos-quando-devemos-toma-los-para-a-flora-intestinal-se-recuperar-de-verdade\/#respond"]}]},{"@type":"WebPage","@id":"https:\/\/www.tuasaude.com\/news\/2026\/04\/28\/probioticos-quando-devemos-toma-los-para-a-flora-intestinal-se-recuperar-de-verdade\/","url":"https:\/\/www.tuasaude.com\/news\/2026\/04\/28\/probioticos-quando-devemos-toma-los-para-a-flora-intestinal-se-recuperar-de-verdade\/","name":"Probi\u00f3ticos: quando devemos tom\u00e1-los para a flora intestinal se recuperar de verdade? - Tua Sa\u00fade","isPartOf":{"@id":"https:\/\/www.tuasaude.com\/news\/#website"},"primaryImageOfPage":{"@id":"https:\/\/www.tuasaude.com\/news\/2026\/04\/28\/probioticos-quando-devemos-toma-los-para-a-flora-intestinal-se-recuperar-de-verdade\/#primaryimage"},"image":{"@id":"https:\/\/www.tuasaude.com\/news\/2026\/04\/28\/probioticos-quando-devemos-toma-los-para-a-flora-intestinal-se-recuperar-de-verdade\/#primaryimage"},"thumbnailUrl":"https:\/\/www.tuasaude.com\/news\/wp-content\/uploads\/2026\/04\/freepik_illustration-nonphotoreal_2877385972.jpg","datePublished":"2026-04-28T10:50:00+00:00","author":{"@id":"https:\/\/www.tuasaude.com\/news\/#\/schema\/person\/2e9df841be69ec84f5d20ddb8d273ac2"},"description":"Probi\u00f3ticos precisam do momento certo para sobreviver ao est\u00f4mago e fortalecer a flora intestinal de forma eficiente.","breadcrumb":{"@id":"https:\/\/www.tuasaude.com\/news\/2026\/04\/28\/probioticos-quando-devemos-toma-los-para-a-flora-intestinal-se-recuperar-de-verdade\/#breadcrumb"},"inLanguage":"pt-BR","potentialAction":[{"@type":"ReadAction","target":["https:\/\/www.tuasaude.com\/news\/2026\/04\/28\/probioticos-quando-devemos-toma-los-para-a-flora-intestinal-se-recuperar-de-verdade\/"]}]},{"@type":"ImageObject","inLanguage":"pt-BR","@id":"https:\/\/www.tuasaude.com\/news\/2026\/04\/28\/probioticos-quando-devemos-toma-los-para-a-flora-intestinal-se-recuperar-de-verdade\/#primaryimage","url":"https:\/\/www.tuasaude.com\/news\/wp-content\/uploads\/2026\/04\/freepik_illustration-nonphotoreal_2877385972.jpg","contentUrl":"https:\/\/www.tuasaude.com\/news\/wp-content\/uploads\/2026\/04\/freepik_illustration-nonphotoreal_2877385972.jpg","width":1280,"height":714,"caption":"Tomar probi\u00f3ticos antes ou durante a refei\u00e7\u00e3o melhora a sobreviv\u00eancia das bact\u00e9rias."},{"@type":"BreadcrumbList","@id":"https:\/\/www.tuasaude.com\/news\/2026\/04\/28\/probioticos-quando-devemos-toma-los-para-a-flora-intestinal-se-recuperar-de-verdade\/#breadcrumb","itemListElement":[{"@type":"ListItem","position":1,"name":"In\u00edcio","item":"https:\/\/www.tuasaude.com\/news\/"},{"@type":"ListItem","position":2,"name":"Probi\u00f3ticos: quando devemos tom\u00e1-los para a flora intestinal se recuperar de verdade?"}]},{"@type":"WebSite","@id":"https:\/\/www.tuasaude.com\/news\/#website","url":"https:\/\/www.tuasaude.com\/news\/","name":"Tua Sa\u00fade","description":"Seu site de sa\u00fade","potentialAction":[{"@type":"SearchAction","target":{"@type":"EntryPoint","urlTemplate":"https:\/\/www.tuasaude.com\/news\/?s={search_term_string}"},"query-input":{"@type":"PropertyValueSpecification","valueRequired":true,"valueName":"search_term_string"}}],"inLanguage":"pt-BR"},{"@type":"Person","@id":"https:\/\/www.tuasaude.com\/news\/#\/schema\/person\/2e9df841be69ec84f5d20ddb8d273ac2","name":"Gessika Julia Carvalho","image":{"@type":"ImageObject","inLanguage":"pt-BR","@id":"https:\/\/www.tuasaude.com\/news\/#\/schema\/person\/image\/","url":"https:\/\/secure.gravatar.com\/avatar\/0fcc8769024577fd0bc6a8b766055690f76a8e8f29dfb2a2f89cf04db8d0f2d2?s=96&d=mm&r=g","contentUrl":"https:\/\/secure.gravatar.com\/avatar\/0fcc8769024577fd0bc6a8b766055690f76a8e8f29dfb2a2f89cf04db8d0f2d2?s=96&d=mm&r=g","caption":"Gessika Julia Carvalho"},"sameAs":["https:\/\/www.tuasaude.com\/news\/"],"url":"https:\/\/www.tuasaude.com\/news\/author\/gessika-julia\/"}]}},"_links":{"self":[{"href":"https:\/\/www.tuasaude.com\/news\/wp-json\/wp\/v2\/posts\/29161","targetHints":{"allow":["GET"]}}],"collection":[{"href":"https:\/\/www.tuasaude.com\/news\/wp-json\/wp\/v2\/posts"}],"about":[{"href":"https:\/\/www.tuasaude.com\/news\/wp-json\/wp\/v2\/types\/post"}],"author":[{"embeddable":true,"href":"https:\/\/www.tuasaude.com\/news\/wp-json\/wp\/v2\/users\/11"}],"replies":[{"embeddable":true,"href":"https:\/\/www.tuasaude.com\/news\/wp-json\/wp\/v2\/comments?post=29161"}],"version-history":[{"count":2,"href":"https:\/\/www.tuasaude.com\/news\/wp-json\/wp\/v2\/posts\/29161\/revisions"}],"predecessor-version":[{"id":29535,"href":"https:\/\/www.tuasaude.com\/news\/wp-json\/wp\/v2\/posts\/29161\/revisions\/29535"}],"wp:featuredmedia":[{"embeddable":true,"href":"https:\/\/www.tuasaude.com\/news\/wp-json\/wp\/v2\/media\/29521"}],"wp:attachment":[{"href":"https:\/\/www.tuasaude.com\/news\/wp-json\/wp\/v2\/media?parent=29161"}],"wp:term":[{"taxonomy":"category","embeddable":true,"href":"https:\/\/www.tuasaude.com\/news\/wp-json\/wp\/v2\/categories?post=29161"},{"taxonomy":"post_tag","embeddable":true,"href":"https:\/\/www.tuasaude.com\/news\/wp-json\/wp\/v2\/tags?post=29161"}],"curies":[{"name":"wp","href":"https:\/\/api.w.org\/{rel}","templated":true}]}}