{"id":29155,"date":"2026-04-28T07:00:00","date_gmt":"2026-04-28T10:00:00","guid":{"rendered":"https:\/\/www.tuasaude.com\/news\/?p=29155"},"modified":"2026-04-27T20:18:49","modified_gmt":"2026-04-27T23:18:49","slug":"uma-das-maneiras-de-identificar-deficiencia-de-vitamina-b12-e-atraves-da-sensacao-de-formigamento-nos-pes-e-da-palidez-nos-labios","status":"publish","type":"post","link":"https:\/\/www.tuasaude.com\/news\/2026\/04\/28\/uma-das-maneiras-de-identificar-deficiencia-de-vitamina-b12-e-atraves-da-sensacao-de-formigamento-nos-pes-e-da-palidez-nos-labios\/","title":{"rendered":"Uma das maneiras de identificar defici\u00eancia de vitamina B12 \u00e9 atrav\u00e9s da sensa\u00e7\u00e3o de formigamento nos p\u00e9s e da palidez nos l\u00e1bios"},"content":{"rendered":"\n<p>O formigamento nos p\u00e9s e a palidez nos l\u00e1bios est\u00e3o entre os sinais mais discretos da defici\u00eancia de vitamina B12, e costumam aparecer antes de sintomas mais graves. Isso acontece porque a B12 baixa compromete a bainha de mielina, camada que protege os nervos, e reduz a produ\u00e7\u00e3o de gl\u00f3bulos vermelhos saud\u00e1veis. Identificar esses primeiros sinais \u00e9 fundamental para evitar danos neurol\u00f3gicos que podem se tornar irrevers\u00edveis quando a defici\u00eancia avan\u00e7a sem tratamento.<\/p>\n\n\n\n<h2 class=\"wp-block-heading\">Por que o formigamento e a palidez surgem na falta de B12?<\/h2>\n\n\n\n<p>A vitamina B12 \u00e9 essencial para a produ\u00e7\u00e3o de mielina, estrutura que isola e acelera os impulsos nervosos. Quando os n\u00edveis caem, essa prote\u00e7\u00e3o se desgasta e provoca sensa\u00e7\u00f5es de formigamento, dorm\u00eancia e queima\u00e7\u00e3o, especialmente nos p\u00e9s e nas m\u00e3os.<\/p>\n\n\n\n<p>A palidez, por sua vez, ocorre porque a B12 participa diretamente da forma\u00e7\u00e3o de gl\u00f3bulos vermelhos. Com menos c\u00e9lulas carregando oxig\u00eanio, os l\u00e1bios, a pele e as mucosas perdem cor, podendo surgir um leve tom amarelado em casos mais avan\u00e7ados, conforme detalhado nos <a href=\"https:\/\/www.tuasaude.com\/sintomas-da-falta-de-vitamina-b12\/\" target=\"_blank\" rel=\"noreferrer noopener\">sintomas da falta de vitamina B12<\/a>.<\/p>\n\n\n\n<h2 class=\"wp-block-heading\">Quais sinais f\u00edsicos aparecem primeiro?<\/h2>\n\n\n\n<p>Os sintomas iniciais costumam ser sutis e progressivos, o que dificulta o diagn\u00f3stico precoce. Entre as manifesta\u00e7\u00f5es mais comuns nas fases iniciais da defici\u00eancia est\u00e3o:<\/p>\n\n\n<div class=\"wp-block-image\">\n<figure class=\"aligncenter size-large\"><img decoding=\"async\" width=\"1024\" height=\"608\" src=\"https:\/\/www.tuasaude.com\/news\/wp-content\/uploads\/2026\/04\/convertido-6-14-1024x608.jpg\" alt=\"Quais sinais f\u00edsicos aparecem primeiro?\" class=\"wp-image-29156\" srcset=\"https:\/\/www.tuasaude.com\/news\/wp-content\/uploads\/2026\/04\/convertido-6-14-1024x608.jpg 1024w, https:\/\/www.tuasaude.com\/news\/wp-content\/uploads\/2026\/04\/convertido-6-14-300x178.jpg 300w, https:\/\/www.tuasaude.com\/news\/wp-content\/uploads\/2026\/04\/convertido-6-14-768x456.jpg 768w, https:\/\/www.tuasaude.com\/news\/wp-content\/uploads\/2026\/04\/convertido-6-14-750x445.jpg 750w, https:\/\/www.tuasaude.com\/news\/wp-content\/uploads\/2026\/04\/convertido-6-14-1140x677.jpg 1140w, https:\/\/www.tuasaude.com\/news\/wp-content\/uploads\/2026\/04\/convertido-6-14.jpg 1280w\" sizes=\"(max-width: 1024px) 100vw, 1024px\" \/><figcaption class=\"wp-element-caption\">Quais sinais f\u00edsicos aparecem primeiro?<\/figcaption><\/figure>\n<\/div>\n\n\n<p>Esses sinais podem aparecer isolados ou combinados, e tendem a piorar com o tempo se a defici\u00eancia n\u00e3o for corrigida.<\/p>\n\n\n\n<h2 class=\"wp-block-heading\">Quem tem maior risco de defici\u00eancia de B12?<\/h2>\n\n\n\n<p>A vitamina B12 \u00e9 encontrada quase exclusivamente em alimentos de origem animal, e sua absor\u00e7\u00e3o depende do est\u00f4mago e do intestino delgado. Por isso, alguns grupos apresentam maior risco de defici\u00eancia, como vegetarianos e veganos sem suplementa\u00e7\u00e3o, idosos com menor acidez g\u00e1strica, pessoas que passaram por cirurgia bari\u00e1trica e pacientes com gastrite atr\u00f3fica ou doen\u00e7a cel\u00edaca.<\/p>\n\n\n\n<p>O uso prolongado de medicamentos como omeprazol, pantoprazol e metformina tamb\u00e9m pode reduzir a absor\u00e7\u00e3o da vitamina. J\u00e1 a <a href=\"https:\/\/www.tuasaude.com\/anemia-perniciosa\/\" target=\"_blank\" rel=\"noreferrer noopener\">anemia perniciosa<\/a> \u00e9 uma das causas mais frequentes em adultos, ocorrendo quando o organismo n\u00e3o produz o fator intr\u00ednseco necess\u00e1rio para absorver a B12 dos alimentos.<\/p>\n\n\n<div class=\"wp-block-image\">\n<figure class=\"aligncenter size-large\"><img decoding=\"async\" width=\"1024\" height=\"571\" src=\"https:\/\/www.tuasaude.com\/news\/wp-content\/uploads\/2026\/04\/freepik_illustration-nonphotoreal_2877388120-1024x571.jpg\" alt=\"Uma das maneiras de identificar defici\u00eancia de vitamina B12 \u00e9 atrav\u00e9s da sensa\u00e7\u00e3o de formigamento nos p\u00e9s e da palidez nos l\u00e1bios\" class=\"wp-image-29506\" srcset=\"https:\/\/www.tuasaude.com\/news\/wp-content\/uploads\/2026\/04\/freepik_illustration-nonphotoreal_2877388120-1024x571.jpg 1024w, https:\/\/www.tuasaude.com\/news\/wp-content\/uploads\/2026\/04\/freepik_illustration-nonphotoreal_2877388120-300x167.jpg 300w, https:\/\/www.tuasaude.com\/news\/wp-content\/uploads\/2026\/04\/freepik_illustration-nonphotoreal_2877388120-768x428.jpg 768w, https:\/\/www.tuasaude.com\/news\/wp-content\/uploads\/2026\/04\/freepik_illustration-nonphotoreal_2877388120-750x418.jpg 750w, https:\/\/www.tuasaude.com\/news\/wp-content\/uploads\/2026\/04\/freepik_illustration-nonphotoreal_2877388120-1140x636.jpg 1140w, https:\/\/www.tuasaude.com\/news\/wp-content\/uploads\/2026\/04\/freepik_illustration-nonphotoreal_2877388120.jpg 1280w\" sizes=\"(max-width: 1024px) 100vw, 1024px\" \/><figcaption class=\"wp-element-caption\">A defici\u00eancia de B12 pode afetar nervos e sangue antes de sintomas mais graves.<\/figcaption><\/figure>\n<\/div>\n\n\n<h2 class=\"wp-block-heading\">Como um estudo cient\u00edfico relaciona B12 baixa e sintomas neurol\u00f3gicos?<\/h2>\n\n\n\n<p>A rela\u00e7\u00e3o entre a defici\u00eancia de cobalamina e o sistema nervoso j\u00e1 foi confirmada em pesquisas internacionais. Segundo a revis\u00e3o sistem\u00e1tica <a href=\"https:\/\/pmc.ncbi.nlm.nih.gov\/articles\/PMC12143585\/\" target=\"_blank\" rel=\"noreferrer noopener\">The Neurological Sequelae of Vitamin B12 Deficiency<\/a>, publicada na revista Cureus e indexada na National Library of Medicine, a falta dessa vitamina est\u00e1 diretamente associada a neuropatia perif\u00e9rica, decl\u00ednio cognitivo e mielopatia, com boa resposta \u00e0 reposi\u00e7\u00e3o quando iniciada de forma precoce.<\/p>\n\n\n\n<p>Os autores destacam que os sintomas neurol\u00f3gicos costumam se instalar de maneira insidiosa e podem ocorrer mesmo sem altera\u00e7\u00f5es hematol\u00f3gicas, o que refor\u00e7a a necessidade de investiga\u00e7\u00e3o laboratorial cuidadosa diante de sinais como formigamento e fraqueza muscular.<\/p>\n\n\n\n<h2 class=\"wp-block-heading\">Como o diagn\u00f3stico \u00e9 confirmado por exames?<\/h2>\n\n\n\n<p>O diagn\u00f3stico da defici\u00eancia de B12 \u00e9 feito principalmente por meio de exames de sangue que dosam os n\u00edveis da vitamina no organismo. Quando o resultado fica abaixo de 200 a 250 pg\/mL, considera-se que h\u00e1 defici\u00eancia e a investiga\u00e7\u00e3o da causa deve ser aprofundada.<\/p>\n\n\n\n<p>Em alguns casos, o m\u00e9dico pode solicitar exames complementares, como hemograma para identificar anemia megalobl\u00e1stica, dosagem de homociste\u00edna e \u00e1cido metilmal\u00f4nico, e pesquisa de anticorpos contra o fator intr\u00ednseco. O exame de vitamina B12 orienta a conduta, que pode envolver mudan\u00e7as na dieta, suplementa\u00e7\u00e3o oral ou inje\u00e7\u00f5es intramusculares, conforme a gravidade do caso.<\/p>\n\n\n\n<p><em>Este conte\u00fado tem car\u00e1ter exclusivamente informativo e n\u00e3o substitui a avalia\u00e7\u00e3o, o diagn\u00f3stico ou o tratamento realizados por um profissional de sa\u00fade qualificado. Em caso de sintomas persistentes, consulte um m\u00e9dico.<\/em><\/p>\n","protected":false},"excerpt":{"rendered":"<p>O formigamento nos p\u00e9s e a palidez nos l\u00e1bios est\u00e3o entre os sinais mais discretos da defici\u00eancia de vitamina B12, e costumam aparecer antes de sintomas mais graves. Isso acontece porque a B12 baixa compromete a bainha de mielina, camada que protege os nervos, e reduz a produ\u00e7\u00e3o de gl\u00f3bulos vermelhos saud\u00e1veis. Identificar esses primeiros [&hellip;]<\/p>\n","protected":false},"author":11,"featured_media":29505,"comment_status":"open","ping_status":"open","sticky":false,"template":"","format":"standard","meta":{"_yoast_wpseo_focuskw":"vitamina B12 baixa","_yoast_wpseo_title":"","_yoast_wpseo_metadesc":"Vitamina B12 baixa pode causar formigamento, palidez e sintomas neurol\u00f3gicos discretos. Saiba reconhecer os sinais iniciais.","jnews-multi-image_gallery":[],"jnews_single_post":{"format":"standard"},"jnews_primary_category":[],"jnews_social_meta":[],"jnews_override_counter":[],"footnotes":""},"categories":[111],"tags":[2526,6236,136,1039],"class_list":["post-29155","post","type-post","status-publish","format-standard","has-post-thumbnail","hentry","category-saude","tag-formigamento-nos-pes","tag-palidez-nos-labios","tag-saude","tag-vitamina-b12"],"yoast_head":"<!-- This site is optimized with the Yoast SEO plugin v26.7 - https:\/\/yoast.com\/wordpress\/plugins\/seo\/ -->\n<title>Uma das maneiras de identificar defici\u00eancia de vitamina B12 \u00e9 atrav\u00e9s da sensa\u00e7\u00e3o de formigamento nos p\u00e9s e da palidez nos l\u00e1bios - Tua Sa\u00fade<\/title>\n<meta name=\"description\" content=\"Vitamina B12 baixa pode causar formigamento, palidez e sintomas neurol\u00f3gicos discretos. Saiba reconhecer os sinais iniciais.\" \/>\n<meta name=\"robots\" content=\"index, follow, max-snippet:-1, max-image-preview:large, max-video-preview:-1\" \/>\n<link rel=\"canonical\" href=\"https:\/\/www.tuasaude.com\/news\/2026\/04\/28\/uma-das-maneiras-de-identificar-deficiencia-de-vitamina-b12-e-atraves-da-sensacao-de-formigamento-nos-pes-e-da-palidez-nos-labios\/\" \/>\n<meta property=\"og:locale\" content=\"pt_BR\" \/>\n<meta property=\"og:type\" content=\"article\" \/>\n<meta property=\"og:title\" content=\"Uma das maneiras de identificar defici\u00eancia de vitamina B12 \u00e9 atrav\u00e9s da sensa\u00e7\u00e3o de formigamento nos p\u00e9s e da palidez nos l\u00e1bios - Tua Sa\u00fade\" \/>\n<meta property=\"og:description\" content=\"Vitamina B12 baixa pode causar formigamento, palidez e sintomas neurol\u00f3gicos discretos. Saiba reconhecer os sinais iniciais.\" \/>\n<meta property=\"og:url\" content=\"https:\/\/www.tuasaude.com\/news\/2026\/04\/28\/uma-das-maneiras-de-identificar-deficiencia-de-vitamina-b12-e-atraves-da-sensacao-de-formigamento-nos-pes-e-da-palidez-nos-labios\/\" \/>\n<meta property=\"og:site_name\" content=\"Tua Sa\u00fade\" \/>\n<meta property=\"article:published_time\" content=\"2026-04-28T10:00:00+00:00\" \/>\n<meta property=\"og:image\" content=\"https:\/\/www.tuasaude.com\/news\/wp-content\/uploads\/2026\/04\/freepik_illustration-nonphotoreal_2877387581.jpg\" \/>\n\t<meta property=\"og:image:width\" content=\"1280\" \/>\n\t<meta property=\"og:image:height\" content=\"714\" \/>\n\t<meta property=\"og:image:type\" content=\"image\/jpeg\" \/>\n<meta name=\"author\" content=\"Gessika Julia Carvalho\" \/>\n<meta name=\"twitter:card\" content=\"summary_large_image\" \/>\n<meta name=\"twitter:label1\" content=\"Escrito por\" \/>\n\t<meta name=\"twitter:data1\" content=\"Gessika Julia Carvalho\" \/>\n\t<meta name=\"twitter:label2\" content=\"Est. tempo de leitura\" \/>\n\t<meta name=\"twitter:data2\" content=\"4 minutos\" \/>\n<!-- \/ Yoast SEO plugin. -->","yoast_head_json":{"title":"Uma das maneiras de identificar defici\u00eancia de vitamina B12 \u00e9 atrav\u00e9s da sensa\u00e7\u00e3o de formigamento nos p\u00e9s e da palidez nos l\u00e1bios - Tua Sa\u00fade","description":"Vitamina B12 baixa pode causar formigamento, palidez e sintomas neurol\u00f3gicos discretos. Saiba reconhecer os sinais iniciais.","robots":{"index":"index","follow":"follow","max-snippet":"max-snippet:-1","max-image-preview":"max-image-preview:large","max-video-preview":"max-video-preview:-1"},"canonical":"https:\/\/www.tuasaude.com\/news\/2026\/04\/28\/uma-das-maneiras-de-identificar-deficiencia-de-vitamina-b12-e-atraves-da-sensacao-de-formigamento-nos-pes-e-da-palidez-nos-labios\/","og_locale":"pt_BR","og_type":"article","og_title":"Uma das maneiras de identificar defici\u00eancia de vitamina B12 \u00e9 atrav\u00e9s da sensa\u00e7\u00e3o de formigamento nos p\u00e9s e da palidez nos l\u00e1bios - Tua Sa\u00fade","og_description":"Vitamina B12 baixa pode causar formigamento, palidez e sintomas neurol\u00f3gicos discretos. Saiba reconhecer os sinais iniciais.","og_url":"https:\/\/www.tuasaude.com\/news\/2026\/04\/28\/uma-das-maneiras-de-identificar-deficiencia-de-vitamina-b12-e-atraves-da-sensacao-de-formigamento-nos-pes-e-da-palidez-nos-labios\/","og_site_name":"Tua Sa\u00fade","article_published_time":"2026-04-28T10:00:00+00:00","og_image":[{"width":1280,"height":714,"url":"https:\/\/www.tuasaude.com\/news\/wp-content\/uploads\/2026\/04\/freepik_illustration-nonphotoreal_2877387581.jpg","type":"image\/jpeg"}],"author":"Gessika Julia Carvalho","twitter_card":"summary_large_image","twitter_misc":{"Escrito por":"Gessika Julia Carvalho","Est. tempo de leitura":"4 minutos"},"schema":{"@context":"https:\/\/schema.org","@graph":[{"@type":"Article","@id":"https:\/\/www.tuasaude.com\/news\/2026\/04\/28\/uma-das-maneiras-de-identificar-deficiencia-de-vitamina-b12-e-atraves-da-sensacao-de-formigamento-nos-pes-e-da-palidez-nos-labios\/#article","isPartOf":{"@id":"https:\/\/www.tuasaude.com\/news\/2026\/04\/28\/uma-das-maneiras-de-identificar-deficiencia-de-vitamina-b12-e-atraves-da-sensacao-de-formigamento-nos-pes-e-da-palidez-nos-labios\/"},"author":{"name":"Gessika Julia Carvalho","@id":"https:\/\/www.tuasaude.com\/news\/#\/schema\/person\/2e9df841be69ec84f5d20ddb8d273ac2"},"headline":"Uma das maneiras de identificar defici\u00eancia de vitamina B12 \u00e9 atrav\u00e9s da sensa\u00e7\u00e3o de formigamento nos p\u00e9s e da palidez nos l\u00e1bios","datePublished":"2026-04-28T10:00:00+00:00","mainEntityOfPage":{"@id":"https:\/\/www.tuasaude.com\/news\/2026\/04\/28\/uma-das-maneiras-de-identificar-deficiencia-de-vitamina-b12-e-atraves-da-sensacao-de-formigamento-nos-pes-e-da-palidez-nos-labios\/"},"wordCount":700,"commentCount":0,"image":{"@id":"https:\/\/www.tuasaude.com\/news\/2026\/04\/28\/uma-das-maneiras-de-identificar-deficiencia-de-vitamina-b12-e-atraves-da-sensacao-de-formigamento-nos-pes-e-da-palidez-nos-labios\/#primaryimage"},"thumbnailUrl":"https:\/\/www.tuasaude.com\/news\/wp-content\/uploads\/2026\/04\/freepik_illustration-nonphotoreal_2877387581.jpg","keywords":["formigamento nos p\u00e9s","palidez nos l\u00e1bios","sa\u00fade","vitamina B12"],"articleSection":["Sa\u00fade"],"inLanguage":"pt-BR","potentialAction":[{"@type":"CommentAction","name":"Comment","target":["https:\/\/www.tuasaude.com\/news\/2026\/04\/28\/uma-das-maneiras-de-identificar-deficiencia-de-vitamina-b12-e-atraves-da-sensacao-de-formigamento-nos-pes-e-da-palidez-nos-labios\/#respond"]}]},{"@type":"WebPage","@id":"https:\/\/www.tuasaude.com\/news\/2026\/04\/28\/uma-das-maneiras-de-identificar-deficiencia-de-vitamina-b12-e-atraves-da-sensacao-de-formigamento-nos-pes-e-da-palidez-nos-labios\/","url":"https:\/\/www.tuasaude.com\/news\/2026\/04\/28\/uma-das-maneiras-de-identificar-deficiencia-de-vitamina-b12-e-atraves-da-sensacao-de-formigamento-nos-pes-e-da-palidez-nos-labios\/","name":"Uma das maneiras de identificar defici\u00eancia de vitamina B12 \u00e9 atrav\u00e9s da sensa\u00e7\u00e3o de formigamento nos p\u00e9s e da palidez nos l\u00e1bios - Tua Sa\u00fade","isPartOf":{"@id":"https:\/\/www.tuasaude.com\/news\/#website"},"primaryImageOfPage":{"@id":"https:\/\/www.tuasaude.com\/news\/2026\/04\/28\/uma-das-maneiras-de-identificar-deficiencia-de-vitamina-b12-e-atraves-da-sensacao-de-formigamento-nos-pes-e-da-palidez-nos-labios\/#primaryimage"},"image":{"@id":"https:\/\/www.tuasaude.com\/news\/2026\/04\/28\/uma-das-maneiras-de-identificar-deficiencia-de-vitamina-b12-e-atraves-da-sensacao-de-formigamento-nos-pes-e-da-palidez-nos-labios\/#primaryimage"},"thumbnailUrl":"https:\/\/www.tuasaude.com\/news\/wp-content\/uploads\/2026\/04\/freepik_illustration-nonphotoreal_2877387581.jpg","datePublished":"2026-04-28T10:00:00+00:00","author":{"@id":"https:\/\/www.tuasaude.com\/news\/#\/schema\/person\/2e9df841be69ec84f5d20ddb8d273ac2"},"description":"Vitamina B12 baixa pode causar formigamento, palidez e sintomas neurol\u00f3gicos discretos. Saiba reconhecer os sinais iniciais.","breadcrumb":{"@id":"https:\/\/www.tuasaude.com\/news\/2026\/04\/28\/uma-das-maneiras-de-identificar-deficiencia-de-vitamina-b12-e-atraves-da-sensacao-de-formigamento-nos-pes-e-da-palidez-nos-labios\/#breadcrumb"},"inLanguage":"pt-BR","potentialAction":[{"@type":"ReadAction","target":["https:\/\/www.tuasaude.com\/news\/2026\/04\/28\/uma-das-maneiras-de-identificar-deficiencia-de-vitamina-b12-e-atraves-da-sensacao-de-formigamento-nos-pes-e-da-palidez-nos-labios\/"]}]},{"@type":"ImageObject","inLanguage":"pt-BR","@id":"https:\/\/www.tuasaude.com\/news\/2026\/04\/28\/uma-das-maneiras-de-identificar-deficiencia-de-vitamina-b12-e-atraves-da-sensacao-de-formigamento-nos-pes-e-da-palidez-nos-labios\/#primaryimage","url":"https:\/\/www.tuasaude.com\/news\/wp-content\/uploads\/2026\/04\/freepik_illustration-nonphotoreal_2877387581.jpg","contentUrl":"https:\/\/www.tuasaude.com\/news\/wp-content\/uploads\/2026\/04\/freepik_illustration-nonphotoreal_2877387581.jpg","width":1280,"height":714,"caption":"Formigamento nos p\u00e9s e palidez nos l\u00e1bios podem ser sinais de falta de vitamina B12."},{"@type":"BreadcrumbList","@id":"https:\/\/www.tuasaude.com\/news\/2026\/04\/28\/uma-das-maneiras-de-identificar-deficiencia-de-vitamina-b12-e-atraves-da-sensacao-de-formigamento-nos-pes-e-da-palidez-nos-labios\/#breadcrumb","itemListElement":[{"@type":"ListItem","position":1,"name":"In\u00edcio","item":"https:\/\/www.tuasaude.com\/news\/"},{"@type":"ListItem","position":2,"name":"Uma das maneiras de identificar defici\u00eancia de vitamina B12 \u00e9 atrav\u00e9s da sensa\u00e7\u00e3o de formigamento nos p\u00e9s e da palidez nos l\u00e1bios"}]},{"@type":"WebSite","@id":"https:\/\/www.tuasaude.com\/news\/#website","url":"https:\/\/www.tuasaude.com\/news\/","name":"Tua Sa\u00fade","description":"Seu site de sa\u00fade","potentialAction":[{"@type":"SearchAction","target":{"@type":"EntryPoint","urlTemplate":"https:\/\/www.tuasaude.com\/news\/?s={search_term_string}"},"query-input":{"@type":"PropertyValueSpecification","valueRequired":true,"valueName":"search_term_string"}}],"inLanguage":"pt-BR"},{"@type":"Person","@id":"https:\/\/www.tuasaude.com\/news\/#\/schema\/person\/2e9df841be69ec84f5d20ddb8d273ac2","name":"Gessika Julia Carvalho","image":{"@type":"ImageObject","inLanguage":"pt-BR","@id":"https:\/\/www.tuasaude.com\/news\/#\/schema\/person\/image\/","url":"https:\/\/secure.gravatar.com\/avatar\/0fcc8769024577fd0bc6a8b766055690f76a8e8f29dfb2a2f89cf04db8d0f2d2?s=96&d=mm&r=g","contentUrl":"https:\/\/secure.gravatar.com\/avatar\/0fcc8769024577fd0bc6a8b766055690f76a8e8f29dfb2a2f89cf04db8d0f2d2?s=96&d=mm&r=g","caption":"Gessika Julia Carvalho"},"sameAs":["https:\/\/www.tuasaude.com\/news\/"],"url":"https:\/\/www.tuasaude.com\/news\/author\/gessika-julia\/"}]}},"_links":{"self":[{"href":"https:\/\/www.tuasaude.com\/news\/wp-json\/wp\/v2\/posts\/29155","targetHints":{"allow":["GET"]}}],"collection":[{"href":"https:\/\/www.tuasaude.com\/news\/wp-json\/wp\/v2\/posts"}],"about":[{"href":"https:\/\/www.tuasaude.com\/news\/wp-json\/wp\/v2\/types\/post"}],"author":[{"embeddable":true,"href":"https:\/\/www.tuasaude.com\/news\/wp-json\/wp\/v2\/users\/11"}],"replies":[{"embeddable":true,"href":"https:\/\/www.tuasaude.com\/news\/wp-json\/wp\/v2\/comments?post=29155"}],"version-history":[{"count":2,"href":"https:\/\/www.tuasaude.com\/news\/wp-json\/wp\/v2\/posts\/29155\/revisions"}],"predecessor-version":[{"id":29537,"href":"https:\/\/www.tuasaude.com\/news\/wp-json\/wp\/v2\/posts\/29155\/revisions\/29537"}],"wp:featuredmedia":[{"embeddable":true,"href":"https:\/\/www.tuasaude.com\/news\/wp-json\/wp\/v2\/media\/29505"}],"wp:attachment":[{"href":"https:\/\/www.tuasaude.com\/news\/wp-json\/wp\/v2\/media?parent=29155"}],"wp:term":[{"taxonomy":"category","embeddable":true,"href":"https:\/\/www.tuasaude.com\/news\/wp-json\/wp\/v2\/categories?post=29155"},{"taxonomy":"post_tag","embeddable":true,"href":"https:\/\/www.tuasaude.com\/news\/wp-json\/wp\/v2\/tags?post=29155"}],"curies":[{"name":"wp","href":"https:\/\/api.w.org\/{rel}","templated":true}]}}