{"id":29143,"date":"2026-04-28T01:20:00","date_gmt":"2026-04-28T04:20:00","guid":{"rendered":"https:\/\/www.tuasaude.com\/news\/?p=29143"},"modified":"2026-04-27T20:18:50","modified_gmt":"2026-04-27T23:18:50","slug":"vitamina-d-quando-devemos-toma-la-para-o-corpo-absorve-la-de-verdade","status":"publish","type":"post","link":"https:\/\/www.tuasaude.com\/news\/2026\/04\/28\/vitamina-d-quando-devemos-toma-la-para-o-corpo-absorve-la-de-verdade\/","title":{"rendered":"Vitamina D: quando devemos tom\u00e1-la para o corpo absorv\u00ea-la de verdade?"},"content":{"rendered":"\n<p>A vitamina D \u00e9 uma vitamina lipossol\u00favel, ou seja, precisa de gordura na refei\u00e7\u00e3o para ser absorvida pelo intestino e aproveitada pelo organismo. Por isso, o melhor momento para tom\u00e1-la \u00e9 durante uma refei\u00e7\u00e3o principal que contenha alguma fonte de gordura, como o almo\u00e7o ou o jantar. Tomar em jejum, com \u00e1gua ou em refei\u00e7\u00f5es muito leves reduz significativamente o aproveitamento do suplemento, comprometendo seus benef\u00edcios para os ossos, a imunidade e a sa\u00fade geral.<\/p>\n\n\n\n<h2 class=\"wp-block-heading\">Por que o hor\u00e1rio influencia a absor\u00e7\u00e3o da vitamina D?<\/h2>\n\n\n\n<p>A vitamina D s\u00f3 \u00e9 dissolvida e transportada pelo organismo na presen\u00e7a de lip\u00eddios da dieta. Quando ingerida com gordura, \u00e9 encapsulada em estruturas chamadas quilom\u00edcrons, que facilitam sua entrada na corrente sangu\u00ednea e seu uso pelo corpo.<\/p>\n\n\n\n<p>Em jejum, o intestino tem pouca capacidade de absorver esse nutriente, pois n\u00e3o h\u00e1 lip\u00eddios para emulsificar a vitamina. Isso explica por que o hor\u00e1rio em si importa menos do que a composi\u00e7\u00e3o da refei\u00e7\u00e3o associada ao suplemento, conforme orienta a <a href=\"https:\/\/www.tuasaude.com\/vitamina-d\/\" target=\"_blank\" rel=\"noreferrer noopener\">suplementa\u00e7\u00e3o de vitamina D<\/a> recomendada por profissionais.<\/p>\n\n\n\n<h2 class=\"wp-block-heading\">Qual \u00e9 o melhor hor\u00e1rio para tomar vitamina D?<\/h2>\n\n\n\n<p>N\u00e3o existe um hor\u00e1rio fixo no rel\u00f3gio que seja superior aos demais. O ideal \u00e9 vincular o suplemento \u00e0 refei\u00e7\u00e3o mais completa do dia, geralmente o almo\u00e7o ou o jantar, que costumam conter gorduras saud\u00e1veis. Tomar pela manh\u00e3 tamb\u00e9m funciona, desde que o caf\u00e9 da manh\u00e3 inclua ovos, abacate, azeite ou latic\u00ednios integrais.<\/p>\n\n\n\n<p>Tomar \u00e0 noite, em refei\u00e7\u00f5es muito leves ou em jejum tende a reduzir o aproveitamento do nutriente. A const\u00e2ncia di\u00e1ria associada a uma refei\u00e7\u00e3o com gordura \u00e9 o fator mais importante para manter n\u00edveis sangu\u00edneos adequados.<\/p>\n\n\n<div class=\"wp-block-image\">\n<figure class=\"aligncenter size-large\"><img decoding=\"async\" width=\"1024\" height=\"571\" src=\"https:\/\/www.tuasaude.com\/news\/wp-content\/uploads\/2026\/04\/freepik_illustration-nonphotoreal_2877391416-1024x571.jpg\" alt=\"Vitamina D: quando devemos tom\u00e1-la para o corpo absorv\u00ea-la de verdade?\" class=\"wp-image-29514\" srcset=\"https:\/\/www.tuasaude.com\/news\/wp-content\/uploads\/2026\/04\/freepik_illustration-nonphotoreal_2877391416-1024x571.jpg 1024w, https:\/\/www.tuasaude.com\/news\/wp-content\/uploads\/2026\/04\/freepik_illustration-nonphotoreal_2877391416-300x167.jpg 300w, https:\/\/www.tuasaude.com\/news\/wp-content\/uploads\/2026\/04\/freepik_illustration-nonphotoreal_2877391416-768x428.jpg 768w, https:\/\/www.tuasaude.com\/news\/wp-content\/uploads\/2026\/04\/freepik_illustration-nonphotoreal_2877391416-750x418.jpg 750w, https:\/\/www.tuasaude.com\/news\/wp-content\/uploads\/2026\/04\/freepik_illustration-nonphotoreal_2877391416-1140x636.jpg 1140w, https:\/\/www.tuasaude.com\/news\/wp-content\/uploads\/2026\/04\/freepik_illustration-nonphotoreal_2877391416.jpg 1280w\" sizes=\"(max-width: 1024px) 100vw, 1024px\" \/><figcaption class=\"wp-element-caption\">O melhor hor\u00e1rio da vitamina D \u00e9 junto da refei\u00e7\u00e3o principal.<\/figcaption><\/figure>\n<\/div>\n\n\n<h2 class=\"wp-block-heading\">Como um estudo cient\u00edfico comprova a import\u00e2ncia da gordura?<\/h2>\n\n\n\n<p>Pesquisas brasileiras j\u00e1 demonstraram com clareza o impacto da composi\u00e7\u00e3o da refei\u00e7\u00e3o na absor\u00e7\u00e3o dessa vitamina. Segundo o ensaio cl\u00ednico randomizado <a href=\"https:\/\/pmc.ncbi.nlm.nih.gov\/articles\/PMC3235461\/\" target=\"_blank\" rel=\"noreferrer noopener\">Effect of High- versus Low-Fat Meal on Serum 25-Hydroxyvitamin D Levels after a Single Oral Dose of Vitamin D<\/a>, publicado no International Journal of Endocrinology, volunt\u00e1rios que ingeriram a vitamina D com uma refei\u00e7\u00e3o rica em gordura apresentaram n\u00edveis sangu\u00edneos significativamente maiores do que aqueles que a tomaram com uma refei\u00e7\u00e3o pobre em lip\u00eddios.<\/p>\n\n\n\n<p>Os autores conclu\u00edram que a presen\u00e7a de gordura na refei\u00e7\u00e3o aumenta de forma expressiva a biodisponibilidade do colecalciferol, refor\u00e7ando a recomenda\u00e7\u00e3o pr\u00e1tica de associar o suplemento a refei\u00e7\u00f5es reais e equilibradas.<\/p>\n\n\n\n<h2 class=\"wp-block-heading\">Quais alimentos potencializam a absor\u00e7\u00e3o da vitamina D?<\/h2>\n\n\n\n<p>Para criar o ambiente ideal para o aproveitamento do suplemento, vale combinar a vitamina D com alimentos que contenham gorduras boas. Entre as op\u00e7\u00f5es mais indicadas est\u00e3o:<\/p>\n\n\n<div class=\"wp-block-image\">\n<figure class=\"aligncenter size-large\"><img decoding=\"async\" width=\"1024\" height=\"589\" src=\"https:\/\/www.tuasaude.com\/news\/wp-content\/uploads\/2026\/04\/convertido-2-17-1024x589.jpg\" alt=\"Quais alimentos potencializam a absor\u00e7\u00e3o da vitamina D?\" class=\"wp-image-29144\" srcset=\"https:\/\/www.tuasaude.com\/news\/wp-content\/uploads\/2026\/04\/convertido-2-17-1024x589.jpg 1024w, https:\/\/www.tuasaude.com\/news\/wp-content\/uploads\/2026\/04\/convertido-2-17-300x173.jpg 300w, https:\/\/www.tuasaude.com\/news\/wp-content\/uploads\/2026\/04\/convertido-2-17-768x442.jpg 768w, https:\/\/www.tuasaude.com\/news\/wp-content\/uploads\/2026\/04\/convertido-2-17-750x431.jpg 750w, https:\/\/www.tuasaude.com\/news\/wp-content\/uploads\/2026\/04\/convertido-2-17-1140x656.jpg 1140w, https:\/\/www.tuasaude.com\/news\/wp-content\/uploads\/2026\/04\/convertido-2-17.jpg 1280w\" sizes=\"(max-width: 1024px) 100vw, 1024px\" \/><figcaption class=\"wp-element-caption\">Quais alimentos potencializam a absor\u00e7\u00e3o da vitamina D?<\/figcaption><\/figure>\n<\/div>\n\n\n<p>Pequenas quantidades j\u00e1 s\u00e3o suficientes para melhorar a absor\u00e7\u00e3o. Estudos indicam que cerca de 15 gramas de gordura na refei\u00e7\u00e3o s\u00e3o adequados para potencializar o aproveitamento do nutriente.<\/p>\n\n\n\n<h2 class=\"wp-block-heading\">Quais erros comprometem o aproveitamento do suplemento?<\/h2>\n\n\n\n<p>Mesmo com a dose correta, alguns h\u00e1bitos reduzem a efic\u00e1cia da suplementa\u00e7\u00e3o. Os mais comuns incluem:<\/p>\n\n\n\n<ul class=\"wp-block-list\">\n<li>Tomar a vitamina em jejum, apenas com \u00e1gua.<\/li>\n\n\n\n<li>Associar o suplemento a refei\u00e7\u00f5es muito leves, sem gordura.<\/li>\n\n\n\n<li>Usar de forma irregular, com falhas frequentes.<\/li>\n\n\n\n<li>Combinar com excesso de fibras na mesma refei\u00e7\u00e3o, que podem dificultar a absor\u00e7\u00e3o.<\/li>\n\n\n\n<li>Ignorar fatores individuais, como obesidade, doen\u00e7as intestinais ou cirurgia bari\u00e1trica.<\/li>\n<\/ul>\n\n\n\n<p>A dose adequada varia conforme idade, exposi\u00e7\u00e3o solar, peso e condi\u00e7\u00f5es de sa\u00fade. Por isso, o ideal \u00e9 realizar o exame de 25(OH)D antes de iniciar a <a href=\"https:\/\/www.tuasaude.com\/reposicao-de-vitamina-d\/\" target=\"_blank\" rel=\"noreferrer noopener\">reposi\u00e7\u00e3o de vitamina D<\/a> e ajustar a quantidade conforme orienta\u00e7\u00e3o profissional, evitando tanto a defici\u00eancia quanto o excesso, que pode causar sintomas de altera\u00e7\u00e3o nos n\u00edveis de c\u00e1lcio no organismo.<\/p>\n\n\n\n<p><em>Este conte\u00fado tem car\u00e1ter exclusivamente informativo e n\u00e3o substitui a avalia\u00e7\u00e3o, o diagn\u00f3stico ou o tratamento realizados por um profissional de sa\u00fade qualificado. Antes de iniciar qualquer suplementa\u00e7\u00e3o, consulte um m\u00e9dico ou nutricionista.<\/em><\/p>\n","protected":false},"excerpt":{"rendered":"<p>A vitamina D \u00e9 uma vitamina lipossol\u00favel, ou seja, precisa de gordura na refei\u00e7\u00e3o para ser absorvida pelo intestino e aproveitada pelo organismo. Por isso, o melhor momento para tom\u00e1-la \u00e9 durante uma refei\u00e7\u00e3o principal que contenha alguma fonte de gordura, como o almo\u00e7o ou o jantar. Tomar em jejum, com \u00e1gua ou em refei\u00e7\u00f5es [&hellip;]<\/p>\n","protected":false},"author":11,"featured_media":29513,"comment_status":"open","ping_status":"open","sticky":false,"template":"","format":"standard","meta":{"_yoast_wpseo_focuskw":"vitamina D","_yoast_wpseo_title":"","_yoast_wpseo_metadesc":"Vitamina D precisa de gordura para ser absorvida corretamente. Entenda qual refei\u00e7\u00e3o melhora o aproveitamento do suplemento.","jnews-multi-image_gallery":[],"jnews_single_post":{"format":"standard"},"jnews_primary_category":[],"jnews_social_meta":[],"jnews_override_counter":[],"footnotes":""},"categories":[111],"tags":[145,1271,136,114],"class_list":["post-29143","post","type-post","status-publish","format-standard","has-post-thumbnail","hentry","category-saude","tag-bem-estar","tag-deficiencia-de-vitamina-d","tag-saude","tag-vitamina-d"],"yoast_head":"<!-- This site is optimized with the Yoast SEO plugin v26.7 - https:\/\/yoast.com\/wordpress\/plugins\/seo\/ -->\n<title>Vitamina D: quando devemos tom\u00e1-la para o corpo absorv\u00ea-la de verdade? - Tua Sa\u00fade<\/title>\n<meta name=\"description\" content=\"Vitamina D precisa de gordura para ser absorvida corretamente. Entenda qual refei\u00e7\u00e3o melhora o aproveitamento do suplemento.\" \/>\n<meta name=\"robots\" content=\"index, follow, max-snippet:-1, max-image-preview:large, max-video-preview:-1\" \/>\n<link rel=\"canonical\" href=\"https:\/\/www.tuasaude.com\/news\/2026\/04\/28\/vitamina-d-quando-devemos-toma-la-para-o-corpo-absorve-la-de-verdade\/\" \/>\n<meta property=\"og:locale\" content=\"pt_BR\" \/>\n<meta property=\"og:type\" content=\"article\" \/>\n<meta property=\"og:title\" content=\"Vitamina D: quando devemos tom\u00e1-la para o corpo absorv\u00ea-la de verdade? - Tua Sa\u00fade\" \/>\n<meta property=\"og:description\" content=\"Vitamina D precisa de gordura para ser absorvida corretamente. Entenda qual refei\u00e7\u00e3o melhora o aproveitamento do suplemento.\" \/>\n<meta property=\"og:url\" content=\"https:\/\/www.tuasaude.com\/news\/2026\/04\/28\/vitamina-d-quando-devemos-toma-la-para-o-corpo-absorve-la-de-verdade\/\" \/>\n<meta property=\"og:site_name\" content=\"Tua Sa\u00fade\" \/>\n<meta property=\"article:published_time\" content=\"2026-04-28T04:20:00+00:00\" \/>\n<meta property=\"og:image\" content=\"https:\/\/www.tuasaude.com\/news\/wp-content\/uploads\/2026\/04\/freepik_illustration-nonphotoreal_2877391200.jpg\" \/>\n\t<meta property=\"og:image:width\" content=\"1280\" \/>\n\t<meta property=\"og:image:height\" content=\"714\" \/>\n\t<meta property=\"og:image:type\" content=\"image\/jpeg\" \/>\n<meta name=\"author\" content=\"Gessika Julia Carvalho\" \/>\n<meta name=\"twitter:card\" content=\"summary_large_image\" \/>\n<meta name=\"twitter:label1\" content=\"Escrito por\" \/>\n\t<meta name=\"twitter:data1\" content=\"Gessika Julia Carvalho\" \/>\n\t<meta name=\"twitter:label2\" content=\"Est. tempo de leitura\" \/>\n\t<meta name=\"twitter:data2\" content=\"5 minutos\" \/>\n<!-- \/ Yoast SEO plugin. -->","yoast_head_json":{"title":"Vitamina D: quando devemos tom\u00e1-la para o corpo absorv\u00ea-la de verdade? - Tua Sa\u00fade","description":"Vitamina D precisa de gordura para ser absorvida corretamente. Entenda qual refei\u00e7\u00e3o melhora o aproveitamento do suplemento.","robots":{"index":"index","follow":"follow","max-snippet":"max-snippet:-1","max-image-preview":"max-image-preview:large","max-video-preview":"max-video-preview:-1"},"canonical":"https:\/\/www.tuasaude.com\/news\/2026\/04\/28\/vitamina-d-quando-devemos-toma-la-para-o-corpo-absorve-la-de-verdade\/","og_locale":"pt_BR","og_type":"article","og_title":"Vitamina D: quando devemos tom\u00e1-la para o corpo absorv\u00ea-la de verdade? - Tua Sa\u00fade","og_description":"Vitamina D precisa de gordura para ser absorvida corretamente. Entenda qual refei\u00e7\u00e3o melhora o aproveitamento do suplemento.","og_url":"https:\/\/www.tuasaude.com\/news\/2026\/04\/28\/vitamina-d-quando-devemos-toma-la-para-o-corpo-absorve-la-de-verdade\/","og_site_name":"Tua Sa\u00fade","article_published_time":"2026-04-28T04:20:00+00:00","og_image":[{"width":1280,"height":714,"url":"https:\/\/www.tuasaude.com\/news\/wp-content\/uploads\/2026\/04\/freepik_illustration-nonphotoreal_2877391200.jpg","type":"image\/jpeg"}],"author":"Gessika Julia Carvalho","twitter_card":"summary_large_image","twitter_misc":{"Escrito por":"Gessika Julia Carvalho","Est. tempo de leitura":"5 minutos"},"schema":{"@context":"https:\/\/schema.org","@graph":[{"@type":"Article","@id":"https:\/\/www.tuasaude.com\/news\/2026\/04\/28\/vitamina-d-quando-devemos-toma-la-para-o-corpo-absorve-la-de-verdade\/#article","isPartOf":{"@id":"https:\/\/www.tuasaude.com\/news\/2026\/04\/28\/vitamina-d-quando-devemos-toma-la-para-o-corpo-absorve-la-de-verdade\/"},"author":{"name":"Gessika Julia Carvalho","@id":"https:\/\/www.tuasaude.com\/news\/#\/schema\/person\/2e9df841be69ec84f5d20ddb8d273ac2"},"headline":"Vitamina D: quando devemos tom\u00e1-la para o corpo absorv\u00ea-la de verdade?","datePublished":"2026-04-28T04:20:00+00:00","mainEntityOfPage":{"@id":"https:\/\/www.tuasaude.com\/news\/2026\/04\/28\/vitamina-d-quando-devemos-toma-la-para-o-corpo-absorve-la-de-verdade\/"},"wordCount":717,"commentCount":0,"image":{"@id":"https:\/\/www.tuasaude.com\/news\/2026\/04\/28\/vitamina-d-quando-devemos-toma-la-para-o-corpo-absorve-la-de-verdade\/#primaryimage"},"thumbnailUrl":"https:\/\/www.tuasaude.com\/news\/wp-content\/uploads\/2026\/04\/freepik_illustration-nonphotoreal_2877391200.jpg","keywords":["bem-estar","defici\u00eancia de vitamina D","sa\u00fade","vitamina d"],"articleSection":["Sa\u00fade"],"inLanguage":"pt-BR","potentialAction":[{"@type":"CommentAction","name":"Comment","target":["https:\/\/www.tuasaude.com\/news\/2026\/04\/28\/vitamina-d-quando-devemos-toma-la-para-o-corpo-absorve-la-de-verdade\/#respond"]}]},{"@type":"WebPage","@id":"https:\/\/www.tuasaude.com\/news\/2026\/04\/28\/vitamina-d-quando-devemos-toma-la-para-o-corpo-absorve-la-de-verdade\/","url":"https:\/\/www.tuasaude.com\/news\/2026\/04\/28\/vitamina-d-quando-devemos-toma-la-para-o-corpo-absorve-la-de-verdade\/","name":"Vitamina D: quando devemos tom\u00e1-la para o corpo absorv\u00ea-la de verdade? - Tua Sa\u00fade","isPartOf":{"@id":"https:\/\/www.tuasaude.com\/news\/#website"},"primaryImageOfPage":{"@id":"https:\/\/www.tuasaude.com\/news\/2026\/04\/28\/vitamina-d-quando-devemos-toma-la-para-o-corpo-absorve-la-de-verdade\/#primaryimage"},"image":{"@id":"https:\/\/www.tuasaude.com\/news\/2026\/04\/28\/vitamina-d-quando-devemos-toma-la-para-o-corpo-absorve-la-de-verdade\/#primaryimage"},"thumbnailUrl":"https:\/\/www.tuasaude.com\/news\/wp-content\/uploads\/2026\/04\/freepik_illustration-nonphotoreal_2877391200.jpg","datePublished":"2026-04-28T04:20:00+00:00","author":{"@id":"https:\/\/www.tuasaude.com\/news\/#\/schema\/person\/2e9df841be69ec84f5d20ddb8d273ac2"},"description":"Vitamina D precisa de gordura para ser absorvida corretamente. Entenda qual refei\u00e7\u00e3o melhora o aproveitamento do suplemento.","breadcrumb":{"@id":"https:\/\/www.tuasaude.com\/news\/2026\/04\/28\/vitamina-d-quando-devemos-toma-la-para-o-corpo-absorve-la-de-verdade\/#breadcrumb"},"inLanguage":"pt-BR","potentialAction":[{"@type":"ReadAction","target":["https:\/\/www.tuasaude.com\/news\/2026\/04\/28\/vitamina-d-quando-devemos-toma-la-para-o-corpo-absorve-la-de-verdade\/"]}]},{"@type":"ImageObject","inLanguage":"pt-BR","@id":"https:\/\/www.tuasaude.com\/news\/2026\/04\/28\/vitamina-d-quando-devemos-toma-la-para-o-corpo-absorve-la-de-verdade\/#primaryimage","url":"https:\/\/www.tuasaude.com\/news\/wp-content\/uploads\/2026\/04\/freepik_illustration-nonphotoreal_2877391200.jpg","contentUrl":"https:\/\/www.tuasaude.com\/news\/wp-content\/uploads\/2026\/04\/freepik_illustration-nonphotoreal_2877391200.jpg","width":1280,"height":714,"caption":"Vitamina D em jejum? A absor\u00e7\u00e3o cai. Tome com gordura."},{"@type":"BreadcrumbList","@id":"https:\/\/www.tuasaude.com\/news\/2026\/04\/28\/vitamina-d-quando-devemos-toma-la-para-o-corpo-absorve-la-de-verdade\/#breadcrumb","itemListElement":[{"@type":"ListItem","position":1,"name":"In\u00edcio","item":"https:\/\/www.tuasaude.com\/news\/"},{"@type":"ListItem","position":2,"name":"Vitamina D: quando devemos tom\u00e1-la para o corpo absorv\u00ea-la de verdade?"}]},{"@type":"WebSite","@id":"https:\/\/www.tuasaude.com\/news\/#website","url":"https:\/\/www.tuasaude.com\/news\/","name":"Tua Sa\u00fade","description":"Seu site de sa\u00fade","potentialAction":[{"@type":"SearchAction","target":{"@type":"EntryPoint","urlTemplate":"https:\/\/www.tuasaude.com\/news\/?s={search_term_string}"},"query-input":{"@type":"PropertyValueSpecification","valueRequired":true,"valueName":"search_term_string"}}],"inLanguage":"pt-BR"},{"@type":"Person","@id":"https:\/\/www.tuasaude.com\/news\/#\/schema\/person\/2e9df841be69ec84f5d20ddb8d273ac2","name":"Gessika Julia Carvalho","image":{"@type":"ImageObject","inLanguage":"pt-BR","@id":"https:\/\/www.tuasaude.com\/news\/#\/schema\/person\/image\/","url":"https:\/\/secure.gravatar.com\/avatar\/0fcc8769024577fd0bc6a8b766055690f76a8e8f29dfb2a2f89cf04db8d0f2d2?s=96&d=mm&r=g","contentUrl":"https:\/\/secure.gravatar.com\/avatar\/0fcc8769024577fd0bc6a8b766055690f76a8e8f29dfb2a2f89cf04db8d0f2d2?s=96&d=mm&r=g","caption":"Gessika Julia Carvalho"},"sameAs":["https:\/\/www.tuasaude.com\/news\/"],"url":"https:\/\/www.tuasaude.com\/news\/author\/gessika-julia\/"}]}},"_links":{"self":[{"href":"https:\/\/www.tuasaude.com\/news\/wp-json\/wp\/v2\/posts\/29143","targetHints":{"allow":["GET"]}}],"collection":[{"href":"https:\/\/www.tuasaude.com\/news\/wp-json\/wp\/v2\/posts"}],"about":[{"href":"https:\/\/www.tuasaude.com\/news\/wp-json\/wp\/v2\/types\/post"}],"author":[{"embeddable":true,"href":"https:\/\/www.tuasaude.com\/news\/wp-json\/wp\/v2\/users\/11"}],"replies":[{"embeddable":true,"href":"https:\/\/www.tuasaude.com\/news\/wp-json\/wp\/v2\/comments?post=29143"}],"version-history":[{"count":2,"href":"https:\/\/www.tuasaude.com\/news\/wp-json\/wp\/v2\/posts\/29143\/revisions"}],"predecessor-version":[{"id":29541,"href":"https:\/\/www.tuasaude.com\/news\/wp-json\/wp\/v2\/posts\/29143\/revisions\/29541"}],"wp:featuredmedia":[{"embeddable":true,"href":"https:\/\/www.tuasaude.com\/news\/wp-json\/wp\/v2\/media\/29513"}],"wp:attachment":[{"href":"https:\/\/www.tuasaude.com\/news\/wp-json\/wp\/v2\/media?parent=29143"}],"wp:term":[{"taxonomy":"category","embeddable":true,"href":"https:\/\/www.tuasaude.com\/news\/wp-json\/wp\/v2\/categories?post=29143"},{"taxonomy":"post_tag","embeddable":true,"href":"https:\/\/www.tuasaude.com\/news\/wp-json\/wp\/v2\/tags?post=29143"}],"curies":[{"name":"wp","href":"https:\/\/api.w.org\/{rel}","templated":true}]}}