{"id":29095,"date":"2026-04-30T09:00:00","date_gmt":"2026-04-30T12:00:00","guid":{"rendered":"https:\/\/www.tuasaude.com\/news\/?p=29095"},"modified":"2026-04-29T17:12:04","modified_gmt":"2026-04-29T20:12:04","slug":"por-que-a-sindrome-das-pernas-inquietas-atrapalha-o-sono","status":"publish","type":"post","link":"https:\/\/www.tuasaude.com\/news\/2026\/04\/30\/por-que-a-sindrome-das-pernas-inquietas-atrapalha-o-sono\/","title":{"rendered":"Por que a s\u00edndrome das pernas inquietas interrompe o sono e quais h\u00e1bitos ajudam a ameniz\u00e1-la, segundo estudo?"},"content":{"rendered":"\n<p>A <strong><a href=\"https:\/\/www.tuasaude.com\/sindrome-das-pernas-inquietas\/\" target=\"_blank\" rel=\"noreferrer noopener\">s\u00edndrome das pernas inquietas<\/a><\/strong> \u00e9 uma condi\u00e7\u00e3o neurol\u00f3gica que causa um desconforto intenso e quase incontrol\u00e1vel de mexer as pernas, especialmente \u00e0 noite. Esse inc\u00f4modo, que piora em repouso, atrapalha o adormecer e provoca despertares frequentes, comprometendo seriamente a qualidade do sono. A boa not\u00edcia \u00e9 que pequenas mudan\u00e7as nos h\u00e1bitos di\u00e1rios, como alongamentos noturnos, pr\u00e1tica de exerc\u00edcios e corre\u00e7\u00e3o de defici\u00eancias nutricionais, podem aliviar significativamente os sintomas e devolver noites tranquilas.<\/p>\n\n\n\n<h2 class=\"wp-block-heading\">Por que a s\u00edndrome piora durante a noite?<\/h2>\n\n\n\n<p>O dist\u00farbio est\u00e1 relacionado a altera\u00e7\u00f5es na produ\u00e7\u00e3o de <strong><a href=\"https:\/\/www.tuasaude.com\/dopamina\/\" target=\"_blank\" rel=\"noreferrer noopener\">dopamina<\/a><\/strong> no c\u00e9rebro, neurotransmissor respons\u00e1vel por regular os movimentos. \u00c0 noite, os n\u00edveis dessa subst\u00e2ncia caem naturalmente, o que intensifica os sintomas justamente no momento em que o corpo deveria relaxar.<\/p>\n\n\n\n<p>O resultado \u00e9 uma sensa\u00e7\u00e3o de formigamento, queima\u00e7\u00e3o ou pux\u00f5es nas pernas que s\u00f3 melhora ao se mover. Esse ciclo impede o relaxamento muscular necess\u00e1rio para o sono profundo, levando \u00e0<a href=\"https:\/\/www.tuasaude.com\/insonia\/\" target=\"_blank\" rel=\"noreferrer noopener\"> <strong>ins\u00f4nia<\/strong><\/a>, cansa\u00e7o diurno e queda de produtividade.<\/p>\n\n\n\n<h2 class=\"wp-block-heading\">Quais fatores est\u00e3o associados ao quadro?<\/h2>\n\n\n\n<p>A s\u00edndrome pode surgir de forma isolada ou estar ligada a outras condi\u00e7\u00f5es de sa\u00fade que merecem investiga\u00e7\u00e3o. Antes de listar os principais fatores associados, \u00e9 importante destacar que o diagn\u00f3stico deve sempre ser feito por um neurologista ap\u00f3s avalia\u00e7\u00e3o cl\u00ednica e exames espec\u00edficos.<\/p>\n\n\n<div class=\"wp-block-image\">\n<figure class=\"aligncenter size-large\"><img decoding=\"async\" width=\"1024\" height=\"550\" src=\"https:\/\/www.tuasaude.com\/news\/wp-content\/uploads\/2026\/04\/sindrome-das-pernas-inquietas-1024x550.jpg\" alt=\"s\u00edndrome das pernas inquietas\" class=\"wp-image-29126\" srcset=\"https:\/\/www.tuasaude.com\/news\/wp-content\/uploads\/2026\/04\/sindrome-das-pernas-inquietas-1024x550.jpg 1024w, https:\/\/www.tuasaude.com\/news\/wp-content\/uploads\/2026\/04\/sindrome-das-pernas-inquietas-300x161.jpg 300w, https:\/\/www.tuasaude.com\/news\/wp-content\/uploads\/2026\/04\/sindrome-das-pernas-inquietas-768x412.jpg 768w, https:\/\/www.tuasaude.com\/news\/wp-content\/uploads\/2026\/04\/sindrome-das-pernas-inquietas-750x403.jpg 750w, https:\/\/www.tuasaude.com\/news\/wp-content\/uploads\/2026\/04\/sindrome-das-pernas-inquietas-1140x612.jpg 1140w, https:\/\/www.tuasaude.com\/news\/wp-content\/uploads\/2026\/04\/sindrome-das-pernas-inquietas.jpg 1280w\" sizes=\"(max-width: 1024px) 100vw, 1024px\" \/><\/figure>\n<\/div>\n\n\n<h2 class=\"wp-block-heading\">O que diz o estudo cient\u00edfico sobre exerc\u00edcios e melhora dos sintomas<\/h2>\n\n\n\n<p>A ci\u00eancia tem mostrado que interven\u00e7\u00f5es simples e n\u00e3o medicamentosas podem trazer al\u00edvio significativo para quem convive com o problema. Em um ensaio cl\u00ednico randomizado controlado intitulado <a href=\"https:\/\/pubmed.ncbi.nlm.nih.gov\/16951298\/\" target=\"_blank\" rel=\"noreferrer noopener\"><strong>&#8220;Exerc\u00edcio f\u00edsico e s\u00edndrome das pernas inquietas: um ensaio cl\u00ednico randomizado controlado&#8221;<\/strong><\/a>, conduzido por Aukerman e colaboradores e publicado no <em>Journal of the American Board of Family Medicine<\/em>, 28 pacientes com a condi\u00e7\u00e3o foram acompanhados durante 12 semanas, com um grupo seguindo um programa de exerc\u00edcios aer\u00f3bicos e de resist\u00eancia tr\u00eas vezes por semana.<\/p>\n\n\n\n<p>Segundo o estudo, o grupo que praticou exerc\u00edcios apresentou <strong>melhora significativa dos sintomas<\/strong> em compara\u00e7\u00e3o ao grupo controle, com redu\u00e7\u00e3o estatisticamente relevante na escala internacional de avalia\u00e7\u00e3o da s\u00edndrome, refor\u00e7ando o papel da atividade f\u00edsica como aliada no manejo do quadro.<\/p>\n\n\n<div class=\"wp-block-image\">\n<figure class=\"aligncenter size-large\"><img decoding=\"async\" width=\"1024\" height=\"571\" src=\"https:\/\/www.tuasaude.com\/news\/wp-content\/uploads\/2026\/04\/magnific_uma-ilustracao-editorial-_2892614692-1024x571.jpg\" alt=\"Por que a s\u00edndrome das pernas inquietas interrompe o sono e quais h\u00e1bitos ajudam a ameniz\u00e1-la, segundo estudo?\" class=\"wp-image-30670\" srcset=\"https:\/\/www.tuasaude.com\/news\/wp-content\/uploads\/2026\/04\/magnific_uma-ilustracao-editorial-_2892614692-1024x571.jpg 1024w, https:\/\/www.tuasaude.com\/news\/wp-content\/uploads\/2026\/04\/magnific_uma-ilustracao-editorial-_2892614692-300x167.jpg 300w, https:\/\/www.tuasaude.com\/news\/wp-content\/uploads\/2026\/04\/magnific_uma-ilustracao-editorial-_2892614692-768x428.jpg 768w, https:\/\/www.tuasaude.com\/news\/wp-content\/uploads\/2026\/04\/magnific_uma-ilustracao-editorial-_2892614692-750x418.jpg 750w, https:\/\/www.tuasaude.com\/news\/wp-content\/uploads\/2026\/04\/magnific_uma-ilustracao-editorial-_2892614692-1140x636.jpg 1140w, https:\/\/www.tuasaude.com\/news\/wp-content\/uploads\/2026\/04\/magnific_uma-ilustracao-editorial-_2892614692.jpg 1280w\" sizes=\"(max-width: 1024px) 100vw, 1024px\" \/><figcaption class=\"wp-element-caption\">H\u00e1bitos simples podem aliviar a s\u00edndrome das pernas inquietas.<\/figcaption><\/figure>\n<\/div>\n\n\n<h2 class=\"wp-block-heading\">Quais h\u00e1bitos ajudam a amenizar os sintomas?<\/h2>\n\n\n\n<p>Pequenas mudan\u00e7as na rotina podem trazer al\u00edvio expressivo e reduzir a frequ\u00eancia dos epis\u00f3dios noturnos. Antes de listar as recomenda\u00e7\u00f5es, vale lembrar que esses h\u00e1bitos funcionam como complemento ao tratamento m\u00e9dico, especialmente em casos moderados a graves.<\/p>\n\n\n\n<ul class=\"wp-block-list\">\n<li>Pratique <strong>alongamentos suaves<\/strong> nas pernas antes de dormir<\/li>\n\n\n\n<li>Inclua atividade f\u00edsica moderada na rotina, como caminhada e ciclismo<\/li>\n\n\n\n<li>Evite cafe\u00edna, \u00e1lcool e cigarro, principalmente no fim da tarde<\/li>\n\n\n\n<li>Avalie os n\u00edveis de ferro e ferritina com o m\u00e9dico e corrija defici\u00eancias<\/li>\n\n\n\n<li>Fa\u00e7a massagens nas pernas e banhos mornos antes de deitar<\/li>\n\n\n\n<li>Mantenha hor\u00e1rios regulares de sono e um ambiente confort\u00e1vel no quarto<\/li>\n\n\n\n<li>Aplique compressas frias ou quentes nas pernas conforme al\u00edvio percebido<\/li>\n\n\n\n<li>Pratique t\u00e9cnicas de relaxamento, como respira\u00e7\u00e3o profunda e medita\u00e7\u00e3o<\/li>\n<\/ul>\n\n\n\n<h2 class=\"wp-block-heading\">Quando procurar ajuda m\u00e9dica?<\/h2>\n\n\n\n<p>Se o desconforto nas pernas acontece tr\u00eas ou mais vezes por semana, atrapalha o sono ou afeta as atividades do dia a dia, \u00e9 fundamental procurar um neurologista. O m\u00e9dico poder\u00e1 solicitar <strong>exames de sangue<\/strong> para avaliar os n\u00edveis de <strong><a href=\"https:\/\/www.tuasaude.com\/ferro-serico\/\" target=\"_blank\" rel=\"noreferrer noopener\">ferro<\/a><\/strong>, ferritina, fun\u00e7\u00e3o renal e descartar outras causas neurol\u00f3gicas.<\/p>\n\n\n\n<p><em>Este conte\u00fado tem car\u00e1ter meramente informativo e n\u00e3o substitui a avalia\u00e7\u00e3o, o diagn\u00f3stico ou a prescri\u00e7\u00e3o de um profissional de sa\u00fade. Consulte sempre um m\u00e9dico antes de iniciar qualquer tratamento ou altera\u00e7\u00e3o de rotina.<\/em><\/p>\n","protected":false},"excerpt":{"rendered":"<p>A s\u00edndrome das pernas inquietas \u00e9 uma condi\u00e7\u00e3o neurol\u00f3gica que causa um desconforto intenso e quase incontrol\u00e1vel de mexer as pernas, especialmente \u00e0 noite. Esse inc\u00f4modo, que piora em repouso, atrapalha o adormecer e provoca despertares frequentes, comprometendo seriamente a qualidade do sono. A boa not\u00edcia \u00e9 que pequenas mudan\u00e7as nos h\u00e1bitos di\u00e1rios, como alongamentos [&hellip;]<\/p>\n","protected":false},"author":9,"featured_media":30669,"comment_status":"open","ping_status":"open","sticky":false,"template":"","format":"standard","meta":{"_yoast_wpseo_focuskw":"s\u00edndrome das pernas inquietas","_yoast_wpseo_title":"","_yoast_wpseo_metadesc":"A s\u00edndrome das pernas inquietas causa desconforto \u00e0 noite e prejudica o sono, mas h\u00e1bitos simples podem aliviar os sintomas.","jnews-multi-image_gallery":[],"jnews_single_post":{"format":"standard"},"jnews_primary_category":[],"jnews_social_meta":[],"jnews_override_counter":[],"footnotes":""},"categories":[111],"tags":[193,510,1067,116],"class_list":["post-29095","post","type-post","status-publish","format-standard","has-post-thumbnail","hentry","category-saude","tag-cansaco","tag-insonia","tag-sindrome-das-pernas-inquietas","tag-sono"],"yoast_head":"<!-- This site is optimized with the Yoast SEO plugin v26.7 - https:\/\/yoast.com\/wordpress\/plugins\/seo\/ -->\n<title>Por que a s\u00edndrome das pernas inquietas interrompe o sono e quais h\u00e1bitos ajudam a ameniz\u00e1-la, segundo estudo? - Tua Sa\u00fade<\/title>\n<meta name=\"description\" content=\"A s\u00edndrome das pernas inquietas causa desconforto \u00e0 noite e prejudica o sono, mas h\u00e1bitos simples podem aliviar os sintomas.\" \/>\n<meta name=\"robots\" content=\"index, follow, max-snippet:-1, max-image-preview:large, max-video-preview:-1\" \/>\n<link rel=\"canonical\" href=\"https:\/\/www.tuasaude.com\/news\/2026\/04\/30\/por-que-a-sindrome-das-pernas-inquietas-atrapalha-o-sono\/\" \/>\n<meta property=\"og:locale\" content=\"pt_BR\" \/>\n<meta property=\"og:type\" content=\"article\" \/>\n<meta property=\"og:title\" content=\"Por que a s\u00edndrome das pernas inquietas interrompe o sono e quais h\u00e1bitos ajudam a ameniz\u00e1-la, segundo estudo? - Tua Sa\u00fade\" \/>\n<meta property=\"og:description\" content=\"A s\u00edndrome das pernas inquietas causa desconforto \u00e0 noite e prejudica o sono, mas h\u00e1bitos simples podem aliviar os sintomas.\" \/>\n<meta property=\"og:url\" content=\"https:\/\/www.tuasaude.com\/news\/2026\/04\/30\/por-que-a-sindrome-das-pernas-inquietas-atrapalha-o-sono\/\" \/>\n<meta property=\"og:site_name\" content=\"Tua Sa\u00fade\" \/>\n<meta property=\"article:published_time\" content=\"2026-04-30T12:00:00+00:00\" \/>\n<meta property=\"og:image\" content=\"https:\/\/www.tuasaude.com\/news\/wp-content\/uploads\/2026\/04\/magnific_uma-ilustracao-editorial-_2892613874.jpg\" \/>\n\t<meta property=\"og:image:width\" content=\"1280\" \/>\n\t<meta property=\"og:image:height\" content=\"714\" \/>\n\t<meta property=\"og:image:type\" content=\"image\/jpeg\" \/>\n<meta name=\"author\" content=\"Roberta Patriota\" \/>\n<meta name=\"twitter:card\" content=\"summary_large_image\" \/>\n<meta name=\"twitter:label1\" content=\"Escrito por\" \/>\n\t<meta name=\"twitter:data1\" content=\"Roberta Patriota\" \/>\n\t<meta name=\"twitter:label2\" content=\"Est. tempo de leitura\" \/>\n\t<meta name=\"twitter:data2\" content=\"4 minutos\" \/>\n<!-- \/ Yoast SEO plugin. -->","yoast_head_json":{"title":"Por que a s\u00edndrome das pernas inquietas interrompe o sono e quais h\u00e1bitos ajudam a ameniz\u00e1-la, segundo estudo? - Tua Sa\u00fade","description":"A s\u00edndrome das pernas inquietas causa desconforto \u00e0 noite e prejudica o sono, mas h\u00e1bitos simples podem aliviar os sintomas.","robots":{"index":"index","follow":"follow","max-snippet":"max-snippet:-1","max-image-preview":"max-image-preview:large","max-video-preview":"max-video-preview:-1"},"canonical":"https:\/\/www.tuasaude.com\/news\/2026\/04\/30\/por-que-a-sindrome-das-pernas-inquietas-atrapalha-o-sono\/","og_locale":"pt_BR","og_type":"article","og_title":"Por que a s\u00edndrome das pernas inquietas interrompe o sono e quais h\u00e1bitos ajudam a ameniz\u00e1-la, segundo estudo? - Tua Sa\u00fade","og_description":"A s\u00edndrome das pernas inquietas causa desconforto \u00e0 noite e prejudica o sono, mas h\u00e1bitos simples podem aliviar os sintomas.","og_url":"https:\/\/www.tuasaude.com\/news\/2026\/04\/30\/por-que-a-sindrome-das-pernas-inquietas-atrapalha-o-sono\/","og_site_name":"Tua Sa\u00fade","article_published_time":"2026-04-30T12:00:00+00:00","og_image":[{"width":1280,"height":714,"url":"https:\/\/www.tuasaude.com\/news\/wp-content\/uploads\/2026\/04\/magnific_uma-ilustracao-editorial-_2892613874.jpg","type":"image\/jpeg"}],"author":"Roberta Patriota","twitter_card":"summary_large_image","twitter_misc":{"Escrito por":"Roberta Patriota","Est. tempo de leitura":"4 minutos"},"schema":{"@context":"https:\/\/schema.org","@graph":[{"@type":"Article","@id":"https:\/\/www.tuasaude.com\/news\/2026\/04\/30\/por-que-a-sindrome-das-pernas-inquietas-atrapalha-o-sono\/#article","isPartOf":{"@id":"https:\/\/www.tuasaude.com\/news\/2026\/04\/30\/por-que-a-sindrome-das-pernas-inquietas-atrapalha-o-sono\/"},"author":{"name":"Roberta Patriota","@id":"https:\/\/www.tuasaude.com\/news\/#\/schema\/person\/27adc41011393316b12ef997ca893e44"},"headline":"Por que a s\u00edndrome das pernas inquietas interrompe o sono e quais h\u00e1bitos ajudam a ameniz\u00e1-la, segundo estudo?","datePublished":"2026-04-30T12:00:00+00:00","mainEntityOfPage":{"@id":"https:\/\/www.tuasaude.com\/news\/2026\/04\/30\/por-que-a-sindrome-das-pernas-inquietas-atrapalha-o-sono\/"},"wordCount":672,"commentCount":0,"image":{"@id":"https:\/\/www.tuasaude.com\/news\/2026\/04\/30\/por-que-a-sindrome-das-pernas-inquietas-atrapalha-o-sono\/#primaryimage"},"thumbnailUrl":"https:\/\/www.tuasaude.com\/news\/wp-content\/uploads\/2026\/04\/magnific_uma-ilustracao-editorial-_2892613874.jpg","keywords":["cansa\u00e7o","ins\u00f4nia","s\u00edndrome das pernas inquietas","sono"],"articleSection":["Sa\u00fade"],"inLanguage":"pt-BR","potentialAction":[{"@type":"CommentAction","name":"Comment","target":["https:\/\/www.tuasaude.com\/news\/2026\/04\/30\/por-que-a-sindrome-das-pernas-inquietas-atrapalha-o-sono\/#respond"]}]},{"@type":"WebPage","@id":"https:\/\/www.tuasaude.com\/news\/2026\/04\/30\/por-que-a-sindrome-das-pernas-inquietas-atrapalha-o-sono\/","url":"https:\/\/www.tuasaude.com\/news\/2026\/04\/30\/por-que-a-sindrome-das-pernas-inquietas-atrapalha-o-sono\/","name":"Por que a s\u00edndrome das pernas inquietas interrompe o sono e quais h\u00e1bitos ajudam a ameniz\u00e1-la, segundo estudo? - Tua Sa\u00fade","isPartOf":{"@id":"https:\/\/www.tuasaude.com\/news\/#website"},"primaryImageOfPage":{"@id":"https:\/\/www.tuasaude.com\/news\/2026\/04\/30\/por-que-a-sindrome-das-pernas-inquietas-atrapalha-o-sono\/#primaryimage"},"image":{"@id":"https:\/\/www.tuasaude.com\/news\/2026\/04\/30\/por-que-a-sindrome-das-pernas-inquietas-atrapalha-o-sono\/#primaryimage"},"thumbnailUrl":"https:\/\/www.tuasaude.com\/news\/wp-content\/uploads\/2026\/04\/magnific_uma-ilustracao-editorial-_2892613874.jpg","datePublished":"2026-04-30T12:00:00+00:00","author":{"@id":"https:\/\/www.tuasaude.com\/news\/#\/schema\/person\/27adc41011393316b12ef997ca893e44"},"description":"A s\u00edndrome das pernas inquietas causa desconforto \u00e0 noite e prejudica o sono, mas h\u00e1bitos simples podem aliviar os sintomas.","breadcrumb":{"@id":"https:\/\/www.tuasaude.com\/news\/2026\/04\/30\/por-que-a-sindrome-das-pernas-inquietas-atrapalha-o-sono\/#breadcrumb"},"inLanguage":"pt-BR","potentialAction":[{"@type":"ReadAction","target":["https:\/\/www.tuasaude.com\/news\/2026\/04\/30\/por-que-a-sindrome-das-pernas-inquietas-atrapalha-o-sono\/"]}]},{"@type":"ImageObject","inLanguage":"pt-BR","@id":"https:\/\/www.tuasaude.com\/news\/2026\/04\/30\/por-que-a-sindrome-das-pernas-inquietas-atrapalha-o-sono\/#primaryimage","url":"https:\/\/www.tuasaude.com\/news\/wp-content\/uploads\/2026\/04\/magnific_uma-ilustracao-editorial-_2892613874.jpg","contentUrl":"https:\/\/www.tuasaude.com\/news\/wp-content\/uploads\/2026\/04\/magnific_uma-ilustracao-editorial-_2892613874.jpg","width":1280,"height":714,"caption":"Pernas inquietas \u00e0 noite podem prejudicar seu sono."},{"@type":"BreadcrumbList","@id":"https:\/\/www.tuasaude.com\/news\/2026\/04\/30\/por-que-a-sindrome-das-pernas-inquietas-atrapalha-o-sono\/#breadcrumb","itemListElement":[{"@type":"ListItem","position":1,"name":"In\u00edcio","item":"https:\/\/www.tuasaude.com\/news\/"},{"@type":"ListItem","position":2,"name":"Por que a s\u00edndrome das pernas inquietas interrompe o sono e quais h\u00e1bitos ajudam a ameniz\u00e1-la, segundo estudo?"}]},{"@type":"WebSite","@id":"https:\/\/www.tuasaude.com\/news\/#website","url":"https:\/\/www.tuasaude.com\/news\/","name":"Tua Sa\u00fade","description":"Seu site de sa\u00fade","potentialAction":[{"@type":"SearchAction","target":{"@type":"EntryPoint","urlTemplate":"https:\/\/www.tuasaude.com\/news\/?s={search_term_string}"},"query-input":{"@type":"PropertyValueSpecification","valueRequired":true,"valueName":"search_term_string"}}],"inLanguage":"pt-BR"},{"@type":"Person","@id":"https:\/\/www.tuasaude.com\/news\/#\/schema\/person\/27adc41011393316b12ef997ca893e44","name":"Roberta Patriota","image":{"@type":"ImageObject","inLanguage":"pt-BR","@id":"https:\/\/www.tuasaude.com\/news\/#\/schema\/person\/image\/","url":"https:\/\/secure.gravatar.com\/avatar\/40fc934d21bfa38a60909bb2e5f2ec503dcd4d849aa772e107feb32efe75c210?s=96&d=mm&r=g","contentUrl":"https:\/\/secure.gravatar.com\/avatar\/40fc934d21bfa38a60909bb2e5f2ec503dcd4d849aa772e107feb32efe75c210?s=96&d=mm&r=g","caption":"Roberta Patriota"},"sameAs":["https:\/\/www.tuasaude.com\/news\/"],"url":"https:\/\/www.tuasaude.com\/news\/author\/roberta-patriota\/"}]}},"_links":{"self":[{"href":"https:\/\/www.tuasaude.com\/news\/wp-json\/wp\/v2\/posts\/29095","targetHints":{"allow":["GET"]}}],"collection":[{"href":"https:\/\/www.tuasaude.com\/news\/wp-json\/wp\/v2\/posts"}],"about":[{"href":"https:\/\/www.tuasaude.com\/news\/wp-json\/wp\/v2\/types\/post"}],"author":[{"embeddable":true,"href":"https:\/\/www.tuasaude.com\/news\/wp-json\/wp\/v2\/users\/9"}],"replies":[{"embeddable":true,"href":"https:\/\/www.tuasaude.com\/news\/wp-json\/wp\/v2\/comments?post=29095"}],"version-history":[{"count":4,"href":"https:\/\/www.tuasaude.com\/news\/wp-json\/wp\/v2\/posts\/29095\/revisions"}],"predecessor-version":[{"id":30702,"href":"https:\/\/www.tuasaude.com\/news\/wp-json\/wp\/v2\/posts\/29095\/revisions\/30702"}],"wp:featuredmedia":[{"embeddable":true,"href":"https:\/\/www.tuasaude.com\/news\/wp-json\/wp\/v2\/media\/30669"}],"wp:attachment":[{"href":"https:\/\/www.tuasaude.com\/news\/wp-json\/wp\/v2\/media?parent=29095"}],"wp:term":[{"taxonomy":"category","embeddable":true,"href":"https:\/\/www.tuasaude.com\/news\/wp-json\/wp\/v2\/categories?post=29095"},{"taxonomy":"post_tag","embeddable":true,"href":"https:\/\/www.tuasaude.com\/news\/wp-json\/wp\/v2\/tags?post=29095"}],"curies":[{"name":"wp","href":"https:\/\/api.w.org\/{rel}","templated":true}]}}