{"id":29091,"date":"2026-04-29T21:00:00","date_gmt":"2026-04-30T00:00:00","guid":{"rendered":"https:\/\/www.tuasaude.com\/news\/?p=29091"},"modified":"2026-04-28T12:53:16","modified_gmt":"2026-04-28T15:53:16","slug":"por-que-a-apneia-do-sono-interrompe-o-descanso-profundo","status":"publish","type":"post","link":"https:\/\/www.tuasaude.com\/news\/2026\/04\/29\/por-que-a-apneia-do-sono-interrompe-o-descanso-profundo\/","title":{"rendered":"Por que a apneia do sono interrompe o descanso profundo e quais h\u00e1bitos ajudam a reduzi-la, segundo estudo?"},"content":{"rendered":"\n<p>A <strong><a href=\"https:\/\/www.tuasaude.com\/apneia-do-sono\/\" target=\"_blank\" rel=\"noreferrer noopener\">apneia do sono<\/a><\/strong> \u00e9 um dist\u00farbio respirat\u00f3rio que provoca pausas na respira\u00e7\u00e3o durante a noite, fragmentando o sono e impedindo que o organismo atinja as fases profundas necess\u00e1rias para a recupera\u00e7\u00e3o. Essas interrup\u00e7\u00f5es, muitas vezes silenciosas, afetam a mem\u00f3ria, o humor, o cora\u00e7\u00e3o e at\u00e9 a <strong><a href=\"https:\/\/www.tuasaude.com\/longevidade\/\" target=\"_blank\" rel=\"noreferrer noopener\">longevidade<\/a><\/strong>. A boa not\u00edcia \u00e9 que mudan\u00e7as simples de estilo de vida, validadas por estudos cient\u00edficos, podem reduzir significativamente a frequ\u00eancia dos epis\u00f3dios e melhorar a qualidade do descanso.<\/p>\n\n\n\n<h2 class=\"wp-block-heading\">Por que a apneia compromete o sono profundo?<\/h2>\n\n\n\n<p>Durante a apneia, a musculatura da garganta relaxa em excesso e bloqueia parcial ou totalmente a passagem do ar. Essas pausas reduzem o oxig\u00eanio no sangue e fazem o c\u00e9rebro disparar microdespertares para retomar a respira\u00e7\u00e3o, mesmo sem a pessoa perceber.<\/p>\n\n\n\n<p>O resultado \u00e9 a fragmenta\u00e7\u00e3o do <strong>sono NREM<\/strong>, fase em que ocorre a recupera\u00e7\u00e3o celular, hormonal e imunol\u00f3gica do corpo. Sem esse descanso profundo, a pessoa acorda cansada, com <strong><a href=\"https:\/\/www.tuasaude.com\/tipos-de-dor-de-cabeca\/\" target=\"_blank\" rel=\"noreferrer noopener\">dor de cabe\u00e7a<\/a><\/strong>, sonol\u00eancia diurna e dificuldade de concentra\u00e7\u00e3o, mesmo ap\u00f3s oito horas na cama.<\/p>\n\n\n\n<h2 class=\"wp-block-heading\">Quais sinais indicam apneia do sono?<\/h2>\n\n\n\n<p>Muitas pessoas convivem com o problema sem saber, j\u00e1 que os sintomas costumam ser percebidos pelo parceiro de cama. Antes de listar os principais sinais, vale destacar que a presen\u00e7a de mais de um deles deve motivar uma avalia\u00e7\u00e3o m\u00e9dica especializada o quanto antes.<\/p>\n\n\n<div class=\"wp-block-image\">\n<figure class=\"aligncenter size-large\"><img decoding=\"async\" width=\"1024\" height=\"550\" src=\"https:\/\/www.tuasaude.com\/news\/wp-content\/uploads\/2026\/04\/apneia-do-sono-1024x550.jpg\" alt=\"apneia do sono\" class=\"wp-image-29120\" srcset=\"https:\/\/www.tuasaude.com\/news\/wp-content\/uploads\/2026\/04\/apneia-do-sono-1024x550.jpg 1024w, https:\/\/www.tuasaude.com\/news\/wp-content\/uploads\/2026\/04\/apneia-do-sono-300x161.jpg 300w, https:\/\/www.tuasaude.com\/news\/wp-content\/uploads\/2026\/04\/apneia-do-sono-768x412.jpg 768w, https:\/\/www.tuasaude.com\/news\/wp-content\/uploads\/2026\/04\/apneia-do-sono-750x403.jpg 750w, https:\/\/www.tuasaude.com\/news\/wp-content\/uploads\/2026\/04\/apneia-do-sono-1140x612.jpg 1140w, https:\/\/www.tuasaude.com\/news\/wp-content\/uploads\/2026\/04\/apneia-do-sono.jpg 1280w\" sizes=\"(max-width: 1024px) 100vw, 1024px\" \/><\/figure>\n<\/div>\n\n\n<h2 class=\"wp-block-heading\">O que diz o estudo cient\u00edfico sobre os h\u00e1bitos preventivos<\/h2>\n\n\n\n<p>A ci\u00eancia tem mostrado que medidas simples de estilo de vida podem trazer resultados expressivos no controle do dist\u00farbio, em alguns casos at\u00e9 reduzindo a necessidade do uso de aparelhos respirat\u00f3rios. Em um ensaio cl\u00ednico randomizado intitulado<strong> <a href=\"https:\/\/pubmed.ncbi.nlm.nih.gov\/35452108\/\" target=\"_blank\" rel=\"noreferrer noopener\">&#8220;Efeito de uma interven\u00e7\u00e3o interdisciplinar para perda de peso e estilo de vida na gravidade da apneia obstrutiva do sono: o ensaio cl\u00ednico randomizado INTERAPNEA&#8221;<\/a><\/strong>, conduzido por Carneiro-Barrera e colaboradores e publicado na revista <em>JAMA Network Open<\/em>, 89 homens com apneia obstrutiva moderada a grave participaram de um programa de oito semanas com perda de peso, exerc\u00edcios f\u00edsicos e mudan\u00e7as comportamentais.<\/p>\n\n\n\n<p>Segundo o estudo, o grupo que adotou as interven\u00e7\u00f5es apresentou <strong>redu\u00e7\u00e3o de 51% no \u00edndice de apneia-hipopneia<\/strong>, e cerca de 62% dos participantes deixaram de precisar do CPAP ap\u00f3s seis meses, refor\u00e7ando o papel dos h\u00e1bitos saud\u00e1veis no tratamento da condi\u00e7\u00e3o.<\/p>\n\n\n<div class=\"wp-block-image\">\n<figure class=\"aligncenter size-large\"><img decoding=\"async\" width=\"1024\" height=\"571\" src=\"https:\/\/www.tuasaude.com\/news\/wp-content\/uploads\/2026\/04\/freepik_illustration-nonphotoreal_2883087501-1024x571.jpg\" alt=\"Por que a apneia do sono interrompe o descanso profundo e quais h\u00e1bitos ajudam a reduzi-la, segundo especialistas?\" class=\"wp-image-29707\" srcset=\"https:\/\/www.tuasaude.com\/news\/wp-content\/uploads\/2026\/04\/freepik_illustration-nonphotoreal_2883087501-1024x571.jpg 1024w, https:\/\/www.tuasaude.com\/news\/wp-content\/uploads\/2026\/04\/freepik_illustration-nonphotoreal_2883087501-300x167.jpg 300w, https:\/\/www.tuasaude.com\/news\/wp-content\/uploads\/2026\/04\/freepik_illustration-nonphotoreal_2883087501-768x428.jpg 768w, https:\/\/www.tuasaude.com\/news\/wp-content\/uploads\/2026\/04\/freepik_illustration-nonphotoreal_2883087501-750x418.jpg 750w, https:\/\/www.tuasaude.com\/news\/wp-content\/uploads\/2026\/04\/freepik_illustration-nonphotoreal_2883087501-1140x636.jpg 1140w, https:\/\/www.tuasaude.com\/news\/wp-content\/uploads\/2026\/04\/freepik_illustration-nonphotoreal_2883087501.jpg 1280w\" sizes=\"(max-width: 1024px) 100vw, 1024px\" \/><figcaption class=\"wp-element-caption\">Ronco e cansa\u00e7o ao acordar podem ser sinais de apneia.<\/figcaption><\/figure>\n<\/div>\n\n\n<h2 class=\"wp-block-heading\">Quais h\u00e1bitos ajudam a reduzir a apneia?<\/h2>\n\n\n\n<p>Algumas mudan\u00e7as simples no dia a dia podem aliviar significativamente os sintomas e melhorar a <strong><a href=\"https:\/\/www.tuasaude.com\/10-dicas-para-dormir-bem\/\" target=\"_blank\" rel=\"noreferrer noopener\">qualidade do sono<\/a><\/strong>. Antes de listar as recomenda\u00e7\u00f5es, \u00e9 importante refor\u00e7ar que esses h\u00e1bitos s\u00e3o complementares e n\u00e3o substituem o tratamento m\u00e9dico em casos moderados ou graves.<\/p>\n\n\n\n<ul class=\"wp-block-list\">\n<li>Mantenha o <strong>peso adequado<\/strong>, j\u00e1 que o excesso na regi\u00e3o do pesco\u00e7o agrava a obstru\u00e7\u00e3o<\/li>\n\n\n\n<li>Durma de lado, preferencialmente do lado esquerdo, para evitar o colapso das vias a\u00e9reas<\/li>\n\n\n\n<li>Evite \u00e1lcool e sedativos antes de dormir, pois relaxam ainda mais a musculatura da garganta<\/li>\n\n\n\n<li>Pare de fumar, h\u00e1bito que aumenta a inflama\u00e7\u00e3o das vias respirat\u00f3rias<\/li>\n\n\n\n<li>Pratique atividade f\u00edsica regular, pelo menos cinco vezes por semana<\/li>\n\n\n\n<li>Mantenha uma rotina de sono consistente, com hor\u00e1rios regulares para deitar e acordar<\/li>\n\n\n\n<li>Eleve levemente a cabeceira da cama para facilitar a respira\u00e7\u00e3o<\/li>\n<\/ul>\n\n\n\n<h2 class=\"wp-block-heading\">Quando procurar ajuda m\u00e9dica?<\/h2>\n\n\n\n<p>Se o cansa\u00e7o persiste mesmo ap\u00f3s noites longas de sono, ou se h\u00e1 roncos intensos com pausas respirat\u00f3rias relatadas por outras pessoas, \u00e9 fundamental procurar um especialista em medicina do sono. O diagn\u00f3stico geralmente envolve a <strong>polissonografia<\/strong>, exame que monitora a respira\u00e7\u00e3o e a atividade cerebral durante a noite. O tratamento varia conforme a gravidade e pode incluir uso de aparelhos como o CPAP, dispositivos intraorais, mudan\u00e7as de h\u00e1bitos e, em alguns casos, cirurgia. <\/p>\n\n\n\n<p><em>Este conte\u00fado tem car\u00e1ter meramente informativo e n\u00e3o substitui a avalia\u00e7\u00e3o, o diagn\u00f3stico ou a prescri\u00e7\u00e3o de um profissional de sa\u00fade. Consulte sempre um m\u00e9dico antes de iniciar qualquer tratamento ou altera\u00e7\u00e3o de rotina.<\/em><\/p>\n\n\n\n<p><\/p>\n","protected":false},"excerpt":{"rendered":"<p>A apneia do sono \u00e9 um dist\u00farbio respirat\u00f3rio que provoca pausas na respira\u00e7\u00e3o durante a noite, fragmentando o sono e impedindo que o organismo atinja as fases profundas necess\u00e1rias para a recupera\u00e7\u00e3o. Essas interrup\u00e7\u00f5es, muitas vezes silenciosas, afetam a mem\u00f3ria, o humor, o cora\u00e7\u00e3o e at\u00e9 a longevidade. A boa not\u00edcia \u00e9 que mudan\u00e7as simples [&hellip;]<\/p>\n","protected":false},"author":9,"featured_media":29708,"comment_status":"open","ping_status":"open","sticky":false,"template":"","format":"standard","meta":{"_yoast_wpseo_focuskw":"apneia","_yoast_wpseo_title":"","_yoast_wpseo_metadesc":"Mudan\u00e7as no estilo de vida ajudam a controlar a apneia do sono, reduzir o cansa\u00e7o e melhorar o sono profundo ao longo da noite.","jnews-multi-image_gallery":[],"jnews_single_post":{"format":"standard"},"jnews_primary_category":[],"jnews_social_meta":[],"jnews_override_counter":[],"footnotes":""},"categories":[111],"tags":[6230,1189,193,116],"class_list":["post-29091","post","type-post","status-publish","format-standard","has-post-thumbnail","hentry","category-saude","tag-apneia","tag-apneia-do-sono","tag-cansaco","tag-sono"],"yoast_head":"<!-- This site is optimized with the Yoast SEO plugin v26.7 - https:\/\/yoast.com\/wordpress\/plugins\/seo\/ -->\n<title>Por que a apneia do sono interrompe o descanso profundo e quais h\u00e1bitos ajudam a reduzi-la, segundo estudo? - Tua Sa\u00fade<\/title>\n<meta name=\"description\" content=\"Mudan\u00e7as no estilo de vida ajudam a controlar a apneia do sono, reduzir o cansa\u00e7o e melhorar o sono profundo ao longo da noite.\" \/>\n<meta name=\"robots\" content=\"index, follow, max-snippet:-1, max-image-preview:large, max-video-preview:-1\" \/>\n<link rel=\"canonical\" href=\"https:\/\/www.tuasaude.com\/news\/2026\/04\/29\/por-que-a-apneia-do-sono-interrompe-o-descanso-profundo\/\" \/>\n<meta property=\"og:locale\" content=\"pt_BR\" \/>\n<meta property=\"og:type\" content=\"article\" \/>\n<meta property=\"og:title\" content=\"Por que a apneia do sono interrompe o descanso profundo e quais h\u00e1bitos ajudam a reduzi-la, segundo estudo? - Tua Sa\u00fade\" \/>\n<meta property=\"og:description\" content=\"Mudan\u00e7as no estilo de vida ajudam a controlar a apneia do sono, reduzir o cansa\u00e7o e melhorar o sono profundo ao longo da noite.\" \/>\n<meta property=\"og:url\" content=\"https:\/\/www.tuasaude.com\/news\/2026\/04\/29\/por-que-a-apneia-do-sono-interrompe-o-descanso-profundo\/\" \/>\n<meta property=\"og:site_name\" content=\"Tua Sa\u00fade\" \/>\n<meta property=\"article:published_time\" content=\"2026-04-30T00:00:00+00:00\" \/>\n<meta property=\"og:image\" content=\"https:\/\/www.tuasaude.com\/news\/wp-content\/uploads\/2026\/04\/freepik_illustration-nonphotoreal_2883088189.jpg\" \/>\n\t<meta property=\"og:image:width\" content=\"1280\" \/>\n\t<meta property=\"og:image:height\" content=\"714\" \/>\n\t<meta property=\"og:image:type\" content=\"image\/jpeg\" \/>\n<meta name=\"author\" content=\"Roberta Patriota\" \/>\n<meta name=\"twitter:card\" content=\"summary_large_image\" \/>\n<meta name=\"twitter:label1\" content=\"Escrito por\" \/>\n\t<meta name=\"twitter:data1\" content=\"Roberta Patriota\" \/>\n\t<meta name=\"twitter:label2\" content=\"Est. tempo de leitura\" \/>\n\t<meta name=\"twitter:data2\" content=\"5 minutos\" \/>\n<!-- \/ Yoast SEO plugin. -->","yoast_head_json":{"title":"Por que a apneia do sono interrompe o descanso profundo e quais h\u00e1bitos ajudam a reduzi-la, segundo estudo? - Tua Sa\u00fade","description":"Mudan\u00e7as no estilo de vida ajudam a controlar a apneia do sono, reduzir o cansa\u00e7o e melhorar o sono profundo ao longo da noite.","robots":{"index":"index","follow":"follow","max-snippet":"max-snippet:-1","max-image-preview":"max-image-preview:large","max-video-preview":"max-video-preview:-1"},"canonical":"https:\/\/www.tuasaude.com\/news\/2026\/04\/29\/por-que-a-apneia-do-sono-interrompe-o-descanso-profundo\/","og_locale":"pt_BR","og_type":"article","og_title":"Por que a apneia do sono interrompe o descanso profundo e quais h\u00e1bitos ajudam a reduzi-la, segundo estudo? - Tua Sa\u00fade","og_description":"Mudan\u00e7as no estilo de vida ajudam a controlar a apneia do sono, reduzir o cansa\u00e7o e melhorar o sono profundo ao longo da noite.","og_url":"https:\/\/www.tuasaude.com\/news\/2026\/04\/29\/por-que-a-apneia-do-sono-interrompe-o-descanso-profundo\/","og_site_name":"Tua Sa\u00fade","article_published_time":"2026-04-30T00:00:00+00:00","og_image":[{"width":1280,"height":714,"url":"https:\/\/www.tuasaude.com\/news\/wp-content\/uploads\/2026\/04\/freepik_illustration-nonphotoreal_2883088189.jpg","type":"image\/jpeg"}],"author":"Roberta Patriota","twitter_card":"summary_large_image","twitter_misc":{"Escrito por":"Roberta Patriota","Est. tempo de leitura":"5 minutos"},"schema":{"@context":"https:\/\/schema.org","@graph":[{"@type":"Article","@id":"https:\/\/www.tuasaude.com\/news\/2026\/04\/29\/por-que-a-apneia-do-sono-interrompe-o-descanso-profundo\/#article","isPartOf":{"@id":"https:\/\/www.tuasaude.com\/news\/2026\/04\/29\/por-que-a-apneia-do-sono-interrompe-o-descanso-profundo\/"},"author":{"name":"Roberta Patriota","@id":"https:\/\/www.tuasaude.com\/news\/#\/schema\/person\/27adc41011393316b12ef997ca893e44"},"headline":"Por que a apneia do sono interrompe o descanso profundo e quais h\u00e1bitos ajudam a reduzi-la, segundo estudo?","datePublished":"2026-04-30T00:00:00+00:00","mainEntityOfPage":{"@id":"https:\/\/www.tuasaude.com\/news\/2026\/04\/29\/por-que-a-apneia-do-sono-interrompe-o-descanso-profundo\/"},"wordCount":718,"commentCount":0,"image":{"@id":"https:\/\/www.tuasaude.com\/news\/2026\/04\/29\/por-que-a-apneia-do-sono-interrompe-o-descanso-profundo\/#primaryimage"},"thumbnailUrl":"https:\/\/www.tuasaude.com\/news\/wp-content\/uploads\/2026\/04\/freepik_illustration-nonphotoreal_2883088189.jpg","keywords":["apneia","apneia do sono","cansa\u00e7o","sono"],"articleSection":["Sa\u00fade"],"inLanguage":"pt-BR","potentialAction":[{"@type":"CommentAction","name":"Comment","target":["https:\/\/www.tuasaude.com\/news\/2026\/04\/29\/por-que-a-apneia-do-sono-interrompe-o-descanso-profundo\/#respond"]}]},{"@type":"WebPage","@id":"https:\/\/www.tuasaude.com\/news\/2026\/04\/29\/por-que-a-apneia-do-sono-interrompe-o-descanso-profundo\/","url":"https:\/\/www.tuasaude.com\/news\/2026\/04\/29\/por-que-a-apneia-do-sono-interrompe-o-descanso-profundo\/","name":"Por que a apneia do sono interrompe o descanso profundo e quais h\u00e1bitos ajudam a reduzi-la, segundo estudo? - Tua Sa\u00fade","isPartOf":{"@id":"https:\/\/www.tuasaude.com\/news\/#website"},"primaryImageOfPage":{"@id":"https:\/\/www.tuasaude.com\/news\/2026\/04\/29\/por-que-a-apneia-do-sono-interrompe-o-descanso-profundo\/#primaryimage"},"image":{"@id":"https:\/\/www.tuasaude.com\/news\/2026\/04\/29\/por-que-a-apneia-do-sono-interrompe-o-descanso-profundo\/#primaryimage"},"thumbnailUrl":"https:\/\/www.tuasaude.com\/news\/wp-content\/uploads\/2026\/04\/freepik_illustration-nonphotoreal_2883088189.jpg","datePublished":"2026-04-30T00:00:00+00:00","author":{"@id":"https:\/\/www.tuasaude.com\/news\/#\/schema\/person\/27adc41011393316b12ef997ca893e44"},"description":"Mudan\u00e7as no estilo de vida ajudam a controlar a apneia do sono, reduzir o cansa\u00e7o e melhorar o sono profundo ao longo da noite.","breadcrumb":{"@id":"https:\/\/www.tuasaude.com\/news\/2026\/04\/29\/por-que-a-apneia-do-sono-interrompe-o-descanso-profundo\/#breadcrumb"},"inLanguage":"pt-BR","potentialAction":[{"@type":"ReadAction","target":["https:\/\/www.tuasaude.com\/news\/2026\/04\/29\/por-que-a-apneia-do-sono-interrompe-o-descanso-profundo\/"]}]},{"@type":"ImageObject","inLanguage":"pt-BR","@id":"https:\/\/www.tuasaude.com\/news\/2026\/04\/29\/por-que-a-apneia-do-sono-interrompe-o-descanso-profundo\/#primaryimage","url":"https:\/\/www.tuasaude.com\/news\/wp-content\/uploads\/2026\/04\/freepik_illustration-nonphotoreal_2883088189.jpg","contentUrl":"https:\/\/www.tuasaude.com\/news\/wp-content\/uploads\/2026\/04\/freepik_illustration-nonphotoreal_2883088189.jpg","width":1280,"height":714,"caption":"A apneia do sono rouba seu descanso sem voc\u00ea perceber."},{"@type":"BreadcrumbList","@id":"https:\/\/www.tuasaude.com\/news\/2026\/04\/29\/por-que-a-apneia-do-sono-interrompe-o-descanso-profundo\/#breadcrumb","itemListElement":[{"@type":"ListItem","position":1,"name":"In\u00edcio","item":"https:\/\/www.tuasaude.com\/news\/"},{"@type":"ListItem","position":2,"name":"Por que a apneia do sono interrompe o descanso profundo e quais h\u00e1bitos ajudam a reduzi-la, segundo estudo?"}]},{"@type":"WebSite","@id":"https:\/\/www.tuasaude.com\/news\/#website","url":"https:\/\/www.tuasaude.com\/news\/","name":"Tua Sa\u00fade","description":"Seu site de sa\u00fade","potentialAction":[{"@type":"SearchAction","target":{"@type":"EntryPoint","urlTemplate":"https:\/\/www.tuasaude.com\/news\/?s={search_term_string}"},"query-input":{"@type":"PropertyValueSpecification","valueRequired":true,"valueName":"search_term_string"}}],"inLanguage":"pt-BR"},{"@type":"Person","@id":"https:\/\/www.tuasaude.com\/news\/#\/schema\/person\/27adc41011393316b12ef997ca893e44","name":"Roberta Patriota","image":{"@type":"ImageObject","inLanguage":"pt-BR","@id":"https:\/\/www.tuasaude.com\/news\/#\/schema\/person\/image\/","url":"https:\/\/secure.gravatar.com\/avatar\/40fc934d21bfa38a60909bb2e5f2ec503dcd4d849aa772e107feb32efe75c210?s=96&d=mm&r=g","contentUrl":"https:\/\/secure.gravatar.com\/avatar\/40fc934d21bfa38a60909bb2e5f2ec503dcd4d849aa772e107feb32efe75c210?s=96&d=mm&r=g","caption":"Roberta Patriota"},"sameAs":["https:\/\/www.tuasaude.com\/news\/"],"url":"https:\/\/www.tuasaude.com\/news\/author\/roberta-patriota\/"}]}},"_links":{"self":[{"href":"https:\/\/www.tuasaude.com\/news\/wp-json\/wp\/v2\/posts\/29091","targetHints":{"allow":["GET"]}}],"collection":[{"href":"https:\/\/www.tuasaude.com\/news\/wp-json\/wp\/v2\/posts"}],"about":[{"href":"https:\/\/www.tuasaude.com\/news\/wp-json\/wp\/v2\/types\/post"}],"author":[{"embeddable":true,"href":"https:\/\/www.tuasaude.com\/news\/wp-json\/wp\/v2\/users\/9"}],"replies":[{"embeddable":true,"href":"https:\/\/www.tuasaude.com\/news\/wp-json\/wp\/v2\/comments?post=29091"}],"version-history":[{"count":4,"href":"https:\/\/www.tuasaude.com\/news\/wp-json\/wp\/v2\/posts\/29091\/revisions"}],"predecessor-version":[{"id":29728,"href":"https:\/\/www.tuasaude.com\/news\/wp-json\/wp\/v2\/posts\/29091\/revisions\/29728"}],"wp:featuredmedia":[{"embeddable":true,"href":"https:\/\/www.tuasaude.com\/news\/wp-json\/wp\/v2\/media\/29708"}],"wp:attachment":[{"href":"https:\/\/www.tuasaude.com\/news\/wp-json\/wp\/v2\/media?parent=29091"}],"wp:term":[{"taxonomy":"category","embeddable":true,"href":"https:\/\/www.tuasaude.com\/news\/wp-json\/wp\/v2\/categories?post=29091"},{"taxonomy":"post_tag","embeddable":true,"href":"https:\/\/www.tuasaude.com\/news\/wp-json\/wp\/v2\/tags?post=29091"}],"curies":[{"name":"wp","href":"https:\/\/api.w.org\/{rel}","templated":true}]}}