{"id":28863,"date":"2026-04-27T22:20:00","date_gmt":"2026-04-28T01:20:00","guid":{"rendered":"https:\/\/www.tuasaude.com\/news\/?p=28863"},"modified":"2026-04-26T18:58:52","modified_gmt":"2026-04-26T21:58:52","slug":"como-manter-o-cerebro-funcionando-bem-por-mais-tempo-7-cuidados-essenciais","status":"publish","type":"post","link":"https:\/\/www.tuasaude.com\/news\/2026\/04\/27\/como-manter-o-cerebro-funcionando-bem-por-mais-tempo-7-cuidados-essenciais\/","title":{"rendered":"Como manter o c\u00e9rebro funcionando bem por mais tempo? 7 cuidados essenciais"},"content":{"rendered":"\n<p>Manter o c\u00e9rebro funcionando bem por mais tempo depende de h\u00e1bitos di\u00e1rios como controlar a press\u00e3o arterial, praticar atividade f\u00edsica regular, alimentar-se de forma saud\u00e1vel, dormir bem, manter v\u00ednculos sociais, estimular a mente e evitar o tabagismo. O decl\u00ednio cognitivo n\u00e3o \u00e9 inevit\u00e1vel, e pesquisas mostram que pequenas escolhas ao longo da vida podem preservar mem\u00f3ria, foco e plasticidade cerebral mesmo na velhice.<\/p>\n\n\n\n<h2 class=\"wp-block-heading\">Por que o c\u00e9rebro perde fun\u00e7\u00f5es com a idade?<\/h2>\n\n\n\n<p>Com o envelhecimento, ocorre redu\u00e7\u00e3o natural do volume cerebral, da quantidade de neur\u00f4nios e da velocidade de comunica\u00e7\u00e3o entre eles. Isso afeta a mem\u00f3ria, o racioc\u00ednio e o tempo de rea\u00e7\u00e3o, mas em ritmo vari\u00e1vel conforme gen\u00e9tica e estilo de vida.<\/p>\n\n\n\n<p>Esse processo pode ser acelerado por hipertens\u00e3o, diabetes, sedentarismo, isolamento social e polui\u00e7\u00e3o. A boa not\u00edcia \u00e9 que o c\u00e9rebro mant\u00e9m capacidade de adapta\u00e7\u00e3o ao longo da vida, processo conhecido como neuroplasticidade.<\/p>\n\n\n\n<h2 class=\"wp-block-heading\">Quais s\u00e3o os 7 cuidados essenciais para preservar o c\u00e9rebro?<\/h2>\n\n\n\n<p>A neuroci\u00eancia destaca que o conjunto de h\u00e1bitos protege mais do que a\u00e7\u00f5es isoladas. Quanto mais cedo come\u00e7am os cuidados, maior a chamada reserva cognitiva acumulada para o envelhecimento.<\/p>\n\n\n\n<p>Os 7 cuidados essenciais para preservar o c\u00e9rebro s\u00e3o:<\/p>\n\n\n<div class=\"wp-block-image\">\n<figure class=\"aligncenter size-large\"><img decoding=\"async\" width=\"1024\" height=\"550\" src=\"https:\/\/www.tuasaude.com\/news\/wp-content\/uploads\/2026\/04\/convertido-68-8-1024x550.jpg\" alt=\"Quais s\u00e3o os 7 cuidados essenciais para preservar o c\u00e9rebro?\" class=\"wp-image-28867\" srcset=\"https:\/\/www.tuasaude.com\/news\/wp-content\/uploads\/2026\/04\/convertido-68-8-1024x550.jpg 1024w, https:\/\/www.tuasaude.com\/news\/wp-content\/uploads\/2026\/04\/convertido-68-8-300x161.jpg 300w, https:\/\/www.tuasaude.com\/news\/wp-content\/uploads\/2026\/04\/convertido-68-8-768x412.jpg 768w, https:\/\/www.tuasaude.com\/news\/wp-content\/uploads\/2026\/04\/convertido-68-8-750x403.jpg 750w, https:\/\/www.tuasaude.com\/news\/wp-content\/uploads\/2026\/04\/convertido-68-8-1140x612.jpg 1140w, https:\/\/www.tuasaude.com\/news\/wp-content\/uploads\/2026\/04\/convertido-68-8.jpg 1280w\" sizes=\"(max-width: 1024px) 100vw, 1024px\" \/><figcaption class=\"wp-element-caption\">Quais s\u00e3o os 7 cuidados essenciais para preservar o c\u00e9rebro?<\/figcaption><\/figure>\n<\/div>\n\n\n<p>O cuidado com a sa\u00fade mental tamb\u00e9m \u00e9 parte fundamental dessa rotina, j\u00e1 que quadros como a <a href=\"https:\/\/www.tuasaude.com\/depressao\/\" target=\"_blank\" rel=\"noreferrer noopener\">depress\u00e3o<\/a> n\u00e3o tratada est\u00e3o associados a maior risco de decl\u00ednio cognitivo.<\/p>\n\n\n\n<h2 class=\"wp-block-heading\">O que diz a Lancet Commission sobre preven\u00e7\u00e3o do decl\u00ednio cognitivo?<\/h2>\n\n\n\n<p>Uma comiss\u00e3o internacional analisou d\u00e9cadas de pesquisas para identificar fatores que protegem o c\u00e9rebro. Segundo o estudo <a href=\"https:\/\/www.thelancet.com\/journals\/lancet\/article\/PIIS0140-6736(24)01296-0\/abstract\" target=\"_blank\" rel=\"noreferrer noopener\">Dementia Prevention, Intervention, and Care: 2024 Report of the Lancet Standing Commission<\/a>, publicado em 2024 na revista cient\u00edfica The Lancet, at\u00e9 45% dos casos de dem\u00eancia podem ser evitados ou retardados ao agir sobre 14 fatores de risco modific\u00e1veis.<\/p>\n\n\n\n<p>A revis\u00e3o por pares destaca que controlar hipertens\u00e3o, diabetes, colesterol LDL, perda auditiva, depress\u00e3o, isolamento social, polui\u00e7\u00e3o do ar, traumatismo craniano, tabagismo, obesidade, sedentarismo, perda visual e consumo excessivo de \u00e1lcool, al\u00e9m de investir em educa\u00e7\u00e3o ao longo da vida, reduz significativamente o risco de dem\u00eancia. Os autores refor\u00e7am que nunca \u00e9 cedo nem tarde demais para come\u00e7ar.<\/p>\n\n\n\n<h2 class=\"wp-block-heading\">Quais h\u00e1bitos mais prejudicam a sa\u00fade cerebral?<\/h2>\n\n\n\n<p>Alguns comportamentos cotidianos comprometem a fun\u00e7\u00e3o cerebral de forma silenciosa e cumulativa. Identific\u00e1-los \u00e9 o primeiro passo para reduzir o risco de decl\u00ednio cognitivo precoce.<\/p>\n\n\n\n<p>Os principais fatores agressores incluem:<\/p>\n\n\n\n<ul class=\"wp-block-list\">\n<li><strong>Sedentarismo prolongado<\/strong>, que reduz oxigena\u00e7\u00e3o e fluxo sangu\u00edneo cerebral;<\/li>\n\n\n\n<li><strong>Sono insuficiente ou fragmentado<\/strong>, prejudicando a consolida\u00e7\u00e3o da mem\u00f3ria;<\/li>\n\n\n\n<li><strong>Estresse cr\u00f4nico<\/strong>, que aumenta o cortisol e afeta o hipocampo;<\/li>\n\n\n\n<li><strong>Alimenta\u00e7\u00e3o rica em ultraprocessados<\/strong>, a\u00e7\u00facar e gorduras trans;<\/li>\n\n\n\n<li><strong>Tabagismo e consumo excessivo de \u00e1lcool<\/strong>, com efeito t\u00f3xico direto nos neur\u00f4nios;<\/li>\n\n\n\n<li><strong>Exposi\u00e7\u00e3o cont\u00ednua \u00e0 polui\u00e7\u00e3o do ar<\/strong>, associada a inflama\u00e7\u00e3o cerebral;<\/li>\n\n\n\n<li><strong>Isolamento social e falta de est\u00edmulo cognitivo<\/strong>.<\/li>\n<\/ul>\n\n\n\n<p>Manter a mem\u00f3ria ativa tamb\u00e9m envolve incluir na rotina exerc\u00edcios para a mem\u00f3ria, especialmente ap\u00f3s os 50 anos.<\/p>\n\n\n<div class=\"wp-block-image\">\n<figure class=\"aligncenter size-large\"><img decoding=\"async\" width=\"1024\" height=\"571\" src=\"https:\/\/www.tuasaude.com\/news\/wp-content\/uploads\/2026\/04\/freepik_illustration-nonphotoreal_2869380388-1024x571.jpg\" alt=\"Como manter o c\u00e9rebro funcionando bem por mais tempo? 7 cuidados essenciais\" class=\"wp-image-28964\" srcset=\"https:\/\/www.tuasaude.com\/news\/wp-content\/uploads\/2026\/04\/freepik_illustration-nonphotoreal_2869380388-1024x571.jpg 1024w, https:\/\/www.tuasaude.com\/news\/wp-content\/uploads\/2026\/04\/freepik_illustration-nonphotoreal_2869380388-300x167.jpg 300w, https:\/\/www.tuasaude.com\/news\/wp-content\/uploads\/2026\/04\/freepik_illustration-nonphotoreal_2869380388-768x428.jpg 768w, https:\/\/www.tuasaude.com\/news\/wp-content\/uploads\/2026\/04\/freepik_illustration-nonphotoreal_2869380388-750x418.jpg 750w, https:\/\/www.tuasaude.com\/news\/wp-content\/uploads\/2026\/04\/freepik_illustration-nonphotoreal_2869380388-1140x636.jpg 1140w, https:\/\/www.tuasaude.com\/news\/wp-content\/uploads\/2026\/04\/freepik_illustration-nonphotoreal_2869380388.jpg 1280w\" sizes=\"(max-width: 1024px) 100vw, 1024px\" \/><figcaption class=\"wp-element-caption\">Evitar tabagismo, controlar press\u00e3o arterial e manter sa\u00fade mental s\u00e3o essenciais para preservar fun\u00e7\u00f5es cognitivas.<\/figcaption><\/figure>\n<\/div>\n\n\n<h2 class=\"wp-block-heading\">Quando procurar avalia\u00e7\u00e3o m\u00e9dica especializada?<\/h2>\n\n\n\n<p>Esquecimentos ocasionais fazem parte do envelhecimento, mas altera\u00e7\u00f5es persistentes merecem investiga\u00e7\u00e3o. O diagn\u00f3stico precoce permite interven\u00e7\u00f5es mais eficazes para retardar a progress\u00e3o de quadros cognitivos.<\/p>\n\n\n\n<p>Procure um neurologista ou geriatra se notar perda de mem\u00f3ria recente que afete o cotidiano, dificuldade para encontrar palavras, desorienta\u00e7\u00e3o no tempo e espa\u00e7o, mudan\u00e7as bruscas de comportamento ou preju\u00edzo no julgamento. Cuidar precocemente da sa\u00fade vascular e investigar condi\u00e7\u00f5es como <a href=\"https:\/\/www.tuasaude.com\/pressao-alta\/\" target=\"_blank\" rel=\"noreferrer noopener\">hipertens\u00e3o arterial<\/a> contribui diretamente para preservar a fun\u00e7\u00e3o cerebral ao longo da vida.<\/p>\n\n\n\n<p><em>Este conte\u00fado tem car\u00e1ter exclusivamente informativo e n\u00e3o substitui a avalia\u00e7\u00e3o, o diagn\u00f3stico ou o tratamento realizado por um profissional de sa\u00fade qualificado. Em caso de altera\u00e7\u00f5es cognitivas persistentes, procure orienta\u00e7\u00e3o m\u00e9dica.<\/em><\/p>\n","protected":false},"excerpt":{"rendered":"<p>Manter o c\u00e9rebro funcionando bem por mais tempo depende de h\u00e1bitos di\u00e1rios como controlar a press\u00e3o arterial, praticar atividade f\u00edsica regular, alimentar-se de forma saud\u00e1vel, dormir bem, manter v\u00ednculos sociais, estimular a mente e evitar o tabagismo. O decl\u00ednio cognitivo n\u00e3o \u00e9 inevit\u00e1vel, e pesquisas mostram que pequenas escolhas ao longo da vida podem preservar [&hellip;]<\/p>\n","protected":false},"author":11,"featured_media":28965,"comment_status":"open","ping_status":"open","sticky":false,"template":"","format":"standard","meta":{"_yoast_wpseo_focuskw":"mem\u00f3ria","_yoast_wpseo_title":"","_yoast_wpseo_metadesc":"Entenda como h\u00e1bitos di\u00e1rios podem proteger o c\u00e9rebro, retardar o decl\u00ednio cognitivo e fortalecer a mem\u00f3ria.","jnews-multi-image_gallery":[],"jnews_single_post":{"format":"standard"},"jnews_primary_category":[],"jnews_social_meta":[],"jnews_override_counter":[],"footnotes":""},"categories":[111],"tags":[145,6209,136,1181],"class_list":["post-28863","post","type-post","status-publish","format-standard","has-post-thumbnail","hentry","category-saude","tag-bem-estar","tag-cerebro-funcionando","tag-saude","tag-saude-do-cerebro"],"yoast_head":"<!-- This site is optimized with the Yoast SEO plugin v26.7 - https:\/\/yoast.com\/wordpress\/plugins\/seo\/ -->\n<title>Como manter o c\u00e9rebro funcionando bem por mais tempo? 7 cuidados essenciais - Tua Sa\u00fade<\/title>\n<meta name=\"description\" content=\"Entenda como h\u00e1bitos di\u00e1rios podem proteger o c\u00e9rebro, retardar o decl\u00ednio cognitivo e fortalecer a mem\u00f3ria.\" \/>\n<meta name=\"robots\" content=\"index, follow, max-snippet:-1, max-image-preview:large, max-video-preview:-1\" \/>\n<link rel=\"canonical\" href=\"https:\/\/www.tuasaude.com\/news\/2026\/04\/27\/como-manter-o-cerebro-funcionando-bem-por-mais-tempo-7-cuidados-essenciais\/\" \/>\n<meta property=\"og:locale\" content=\"pt_BR\" \/>\n<meta property=\"og:type\" content=\"article\" \/>\n<meta property=\"og:title\" content=\"Como manter o c\u00e9rebro funcionando bem por mais tempo? 7 cuidados essenciais - Tua Sa\u00fade\" \/>\n<meta property=\"og:description\" content=\"Entenda como h\u00e1bitos di\u00e1rios podem proteger o c\u00e9rebro, retardar o decl\u00ednio cognitivo e fortalecer a mem\u00f3ria.\" \/>\n<meta property=\"og:url\" content=\"https:\/\/www.tuasaude.com\/news\/2026\/04\/27\/como-manter-o-cerebro-funcionando-bem-por-mais-tempo-7-cuidados-essenciais\/\" \/>\n<meta property=\"og:site_name\" content=\"Tua Sa\u00fade\" \/>\n<meta property=\"article:published_time\" content=\"2026-04-28T01:20:00+00:00\" \/>\n<meta property=\"og:image\" content=\"https:\/\/www.tuasaude.com\/news\/wp-content\/uploads\/2026\/04\/freepik_illustration-nonphotoreal_2869380542.jpg\" \/>\n\t<meta property=\"og:image:width\" content=\"1280\" \/>\n\t<meta property=\"og:image:height\" content=\"714\" \/>\n\t<meta property=\"og:image:type\" content=\"image\/jpeg\" \/>\n<meta name=\"author\" content=\"Gessika Julia Carvalho\" \/>\n<meta name=\"twitter:card\" content=\"summary_large_image\" \/>\n<meta name=\"twitter:label1\" content=\"Escrito por\" \/>\n\t<meta name=\"twitter:data1\" content=\"Gessika Julia Carvalho\" \/>\n\t<meta name=\"twitter:label2\" content=\"Est. tempo de leitura\" \/>\n\t<meta name=\"twitter:data2\" content=\"4 minutos\" \/>\n<!-- \/ Yoast SEO plugin. -->","yoast_head_json":{"title":"Como manter o c\u00e9rebro funcionando bem por mais tempo? 7 cuidados essenciais - Tua Sa\u00fade","description":"Entenda como h\u00e1bitos di\u00e1rios podem proteger o c\u00e9rebro, retardar o decl\u00ednio cognitivo e fortalecer a mem\u00f3ria.","robots":{"index":"index","follow":"follow","max-snippet":"max-snippet:-1","max-image-preview":"max-image-preview:large","max-video-preview":"max-video-preview:-1"},"canonical":"https:\/\/www.tuasaude.com\/news\/2026\/04\/27\/como-manter-o-cerebro-funcionando-bem-por-mais-tempo-7-cuidados-essenciais\/","og_locale":"pt_BR","og_type":"article","og_title":"Como manter o c\u00e9rebro funcionando bem por mais tempo? 7 cuidados essenciais - Tua Sa\u00fade","og_description":"Entenda como h\u00e1bitos di\u00e1rios podem proteger o c\u00e9rebro, retardar o decl\u00ednio cognitivo e fortalecer a mem\u00f3ria.","og_url":"https:\/\/www.tuasaude.com\/news\/2026\/04\/27\/como-manter-o-cerebro-funcionando-bem-por-mais-tempo-7-cuidados-essenciais\/","og_site_name":"Tua Sa\u00fade","article_published_time":"2026-04-28T01:20:00+00:00","og_image":[{"width":1280,"height":714,"url":"https:\/\/www.tuasaude.com\/news\/wp-content\/uploads\/2026\/04\/freepik_illustration-nonphotoreal_2869380542.jpg","type":"image\/jpeg"}],"author":"Gessika Julia Carvalho","twitter_card":"summary_large_image","twitter_misc":{"Escrito por":"Gessika Julia Carvalho","Est. tempo de leitura":"4 minutos"},"schema":{"@context":"https:\/\/schema.org","@graph":[{"@type":"Article","@id":"https:\/\/www.tuasaude.com\/news\/2026\/04\/27\/como-manter-o-cerebro-funcionando-bem-por-mais-tempo-7-cuidados-essenciais\/#article","isPartOf":{"@id":"https:\/\/www.tuasaude.com\/news\/2026\/04\/27\/como-manter-o-cerebro-funcionando-bem-por-mais-tempo-7-cuidados-essenciais\/"},"author":{"name":"Gessika Julia Carvalho","@id":"https:\/\/www.tuasaude.com\/news\/#\/schema\/person\/2e9df841be69ec84f5d20ddb8d273ac2"},"headline":"Como manter o c\u00e9rebro funcionando bem por mais tempo? 7 cuidados essenciais","datePublished":"2026-04-28T01:20:00+00:00","mainEntityOfPage":{"@id":"https:\/\/www.tuasaude.com\/news\/2026\/04\/27\/como-manter-o-cerebro-funcionando-bem-por-mais-tempo-7-cuidados-essenciais\/"},"wordCount":718,"commentCount":0,"image":{"@id":"https:\/\/www.tuasaude.com\/news\/2026\/04\/27\/como-manter-o-cerebro-funcionando-bem-por-mais-tempo-7-cuidados-essenciais\/#primaryimage"},"thumbnailUrl":"https:\/\/www.tuasaude.com\/news\/wp-content\/uploads\/2026\/04\/freepik_illustration-nonphotoreal_2869380542.jpg","keywords":["bem-estar","c\u00e9rebro funcionando","sa\u00fade","sa\u00fade do c\u00e9rebro"],"articleSection":["Sa\u00fade"],"inLanguage":"pt-BR","potentialAction":[{"@type":"CommentAction","name":"Comment","target":["https:\/\/www.tuasaude.com\/news\/2026\/04\/27\/como-manter-o-cerebro-funcionando-bem-por-mais-tempo-7-cuidados-essenciais\/#respond"]}]},{"@type":"WebPage","@id":"https:\/\/www.tuasaude.com\/news\/2026\/04\/27\/como-manter-o-cerebro-funcionando-bem-por-mais-tempo-7-cuidados-essenciais\/","url":"https:\/\/www.tuasaude.com\/news\/2026\/04\/27\/como-manter-o-cerebro-funcionando-bem-por-mais-tempo-7-cuidados-essenciais\/","name":"Como manter o c\u00e9rebro funcionando bem por mais tempo? 7 cuidados essenciais - Tua Sa\u00fade","isPartOf":{"@id":"https:\/\/www.tuasaude.com\/news\/#website"},"primaryImageOfPage":{"@id":"https:\/\/www.tuasaude.com\/news\/2026\/04\/27\/como-manter-o-cerebro-funcionando-bem-por-mais-tempo-7-cuidados-essenciais\/#primaryimage"},"image":{"@id":"https:\/\/www.tuasaude.com\/news\/2026\/04\/27\/como-manter-o-cerebro-funcionando-bem-por-mais-tempo-7-cuidados-essenciais\/#primaryimage"},"thumbnailUrl":"https:\/\/www.tuasaude.com\/news\/wp-content\/uploads\/2026\/04\/freepik_illustration-nonphotoreal_2869380542.jpg","datePublished":"2026-04-28T01:20:00+00:00","author":{"@id":"https:\/\/www.tuasaude.com\/news\/#\/schema\/person\/2e9df841be69ec84f5d20ddb8d273ac2"},"description":"Entenda como h\u00e1bitos di\u00e1rios podem proteger o c\u00e9rebro, retardar o decl\u00ednio cognitivo e fortalecer a mem\u00f3ria.","breadcrumb":{"@id":"https:\/\/www.tuasaude.com\/news\/2026\/04\/27\/como-manter-o-cerebro-funcionando-bem-por-mais-tempo-7-cuidados-essenciais\/#breadcrumb"},"inLanguage":"pt-BR","potentialAction":[{"@type":"ReadAction","target":["https:\/\/www.tuasaude.com\/news\/2026\/04\/27\/como-manter-o-cerebro-funcionando-bem-por-mais-tempo-7-cuidados-essenciais\/"]}]},{"@type":"ImageObject","inLanguage":"pt-BR","@id":"https:\/\/www.tuasaude.com\/news\/2026\/04\/27\/como-manter-o-cerebro-funcionando-bem-por-mais-tempo-7-cuidados-essenciais\/#primaryimage","url":"https:\/\/www.tuasaude.com\/news\/wp-content\/uploads\/2026\/04\/freepik_illustration-nonphotoreal_2869380542.jpg","contentUrl":"https:\/\/www.tuasaude.com\/news\/wp-content\/uploads\/2026\/04\/freepik_illustration-nonphotoreal_2869380542.jpg","width":1280,"height":714,"caption":"Cuidar do c\u00e9rebro depende de h\u00e1bitos di\u00e1rios como exerc\u00edcio f\u00edsico, boa alimenta\u00e7\u00e3o e sono adequado."},{"@type":"BreadcrumbList","@id":"https:\/\/www.tuasaude.com\/news\/2026\/04\/27\/como-manter-o-cerebro-funcionando-bem-por-mais-tempo-7-cuidados-essenciais\/#breadcrumb","itemListElement":[{"@type":"ListItem","position":1,"name":"In\u00edcio","item":"https:\/\/www.tuasaude.com\/news\/"},{"@type":"ListItem","position":2,"name":"Como manter o c\u00e9rebro funcionando bem por mais tempo? 7 cuidados essenciais"}]},{"@type":"WebSite","@id":"https:\/\/www.tuasaude.com\/news\/#website","url":"https:\/\/www.tuasaude.com\/news\/","name":"Tua Sa\u00fade","description":"Seu site de sa\u00fade","potentialAction":[{"@type":"SearchAction","target":{"@type":"EntryPoint","urlTemplate":"https:\/\/www.tuasaude.com\/news\/?s={search_term_string}"},"query-input":{"@type":"PropertyValueSpecification","valueRequired":true,"valueName":"search_term_string"}}],"inLanguage":"pt-BR"},{"@type":"Person","@id":"https:\/\/www.tuasaude.com\/news\/#\/schema\/person\/2e9df841be69ec84f5d20ddb8d273ac2","name":"Gessika Julia Carvalho","image":{"@type":"ImageObject","inLanguage":"pt-BR","@id":"https:\/\/www.tuasaude.com\/news\/#\/schema\/person\/image\/","url":"https:\/\/secure.gravatar.com\/avatar\/0fcc8769024577fd0bc6a8b766055690f76a8e8f29dfb2a2f89cf04db8d0f2d2?s=96&d=mm&r=g","contentUrl":"https:\/\/secure.gravatar.com\/avatar\/0fcc8769024577fd0bc6a8b766055690f76a8e8f29dfb2a2f89cf04db8d0f2d2?s=96&d=mm&r=g","caption":"Gessika Julia Carvalho"},"sameAs":["https:\/\/www.tuasaude.com\/news\/"],"url":"https:\/\/www.tuasaude.com\/news\/author\/gessika-julia\/"}]}},"_links":{"self":[{"href":"https:\/\/www.tuasaude.com\/news\/wp-json\/wp\/v2\/posts\/28863","targetHints":{"allow":["GET"]}}],"collection":[{"href":"https:\/\/www.tuasaude.com\/news\/wp-json\/wp\/v2\/posts"}],"about":[{"href":"https:\/\/www.tuasaude.com\/news\/wp-json\/wp\/v2\/types\/post"}],"author":[{"embeddable":true,"href":"https:\/\/www.tuasaude.com\/news\/wp-json\/wp\/v2\/users\/11"}],"replies":[{"embeddable":true,"href":"https:\/\/www.tuasaude.com\/news\/wp-json\/wp\/v2\/comments?post=28863"}],"version-history":[{"count":2,"href":"https:\/\/www.tuasaude.com\/news\/wp-json\/wp\/v2\/posts\/28863\/revisions"}],"predecessor-version":[{"id":28979,"href":"https:\/\/www.tuasaude.com\/news\/wp-json\/wp\/v2\/posts\/28863\/revisions\/28979"}],"wp:featuredmedia":[{"embeddable":true,"href":"https:\/\/www.tuasaude.com\/news\/wp-json\/wp\/v2\/media\/28965"}],"wp:attachment":[{"href":"https:\/\/www.tuasaude.com\/news\/wp-json\/wp\/v2\/media?parent=28863"}],"wp:term":[{"taxonomy":"category","embeddable":true,"href":"https:\/\/www.tuasaude.com\/news\/wp-json\/wp\/v2\/categories?post=28863"},{"taxonomy":"post_tag","embeddable":true,"href":"https:\/\/www.tuasaude.com\/news\/wp-json\/wp\/v2\/tags?post=28863"}],"curies":[{"name":"wp","href":"https:\/\/api.w.org\/{rel}","templated":true}]}}