{"id":28833,"date":"2026-04-27T21:20:00","date_gmt":"2026-04-28T00:20:00","guid":{"rendered":"https:\/\/www.tuasaude.com\/news\/?p=28833"},"modified":"2026-04-26T18:58:52","modified_gmt":"2026-04-26T21:58:52","slug":"como-manter-os-pulmoes-funcionando-bem-por-mais-tempo-6-cuidados-essenciais","status":"publish","type":"post","link":"https:\/\/www.tuasaude.com\/news\/2026\/04\/27\/como-manter-os-pulmoes-funcionando-bem-por-mais-tempo-6-cuidados-essenciais\/","title":{"rendered":"Como manter os pulm\u00f5es funcionando bem por mais tempo? 6 cuidados essenciais"},"content":{"rendered":"\n<p>Manter os pulm\u00f5es funcionando bem por mais tempo depende de h\u00e1bitos di\u00e1rios simples, como n\u00e3o fumar, praticar atividade f\u00edsica regular, manter um peso saud\u00e1vel, cuidar da qualidade do ar respirado, prevenir infec\u00e7\u00f5es respirat\u00f3rias e fazer avalia\u00e7\u00f5es m\u00e9dicas peri\u00f3dicas. A capacidade pulmonar diminui naturalmente ap\u00f3s os 30 anos, mas o ritmo desse decl\u00ednio pode ser muito mais lento quando o pulm\u00e3o \u00e9 cuidado de forma consistente ao longo da vida.<\/p>\n\n\n\n<h2 class=\"wp-block-heading\">Por que a fun\u00e7\u00e3o pulmonar diminui com a idade?<\/h2>\n\n\n\n<p>Com o passar dos anos, os tecidos pulmonares perdem elasticidade, os m\u00fasculos respirat\u00f3rios enfraquecem e a caixa tor\u00e1cica fica menos flex\u00edvel. Esse conjunto reduz o volume de ar inspirado e a efici\u00eancia das trocas gasosas.<\/p>\n\n\n\n<p>Esse decl\u00ednio \u00e9 fisiol\u00f3gico, mas pode ser acelerado por tabagismo, polui\u00e7\u00e3o, sedentarismo, infec\u00e7\u00f5es recorrentes e doen\u00e7as cr\u00f4nicas. Quanto antes come\u00e7am os cuidados preventivos, maior a reserva pulmonar preservada na velhice.<\/p>\n\n\n\n<h2 class=\"wp-block-heading\">Quais s\u00e3o os 6 cuidados essenciais para preservar os pulm\u00f5es?<\/h2>\n\n\n\n<p>A pneumologia destaca que pequenas escolhas di\u00e1rias somam efeitos importantes na fun\u00e7\u00e3o respirat\u00f3ria. A combina\u00e7\u00e3o de fatores protetores \u00e9 mais eficaz do que a\u00e7\u00f5es isoladas.<\/p>\n\n\n\n<p>Os 6 cuidados essenciais recomendados s\u00e3o:<\/p>\n\n\n<div class=\"wp-block-image\">\n<figure class=\"aligncenter size-large\"><img decoding=\"async\" width=\"1024\" height=\"422\" src=\"https:\/\/www.tuasaude.com\/news\/wp-content\/uploads\/2026\/04\/convertido-65-9-1024x422.jpg\" alt=\"Quais s\u00e3o os 6 cuidados essenciais para preservar os pulm\u00f5es?\" class=\"wp-image-28838\" srcset=\"https:\/\/www.tuasaude.com\/news\/wp-content\/uploads\/2026\/04\/convertido-65-9-1024x422.jpg 1024w, https:\/\/www.tuasaude.com\/news\/wp-content\/uploads\/2026\/04\/convertido-65-9-300x124.jpg 300w, https:\/\/www.tuasaude.com\/news\/wp-content\/uploads\/2026\/04\/convertido-65-9-768x316.jpg 768w, https:\/\/www.tuasaude.com\/news\/wp-content\/uploads\/2026\/04\/convertido-65-9-750x309.jpg 750w, https:\/\/www.tuasaude.com\/news\/wp-content\/uploads\/2026\/04\/convertido-65-9-1140x469.jpg 1140w, https:\/\/www.tuasaude.com\/news\/wp-content\/uploads\/2026\/04\/convertido-65-9.jpg 1280w\" sizes=\"(max-width: 1024px) 100vw, 1024px\" \/><figcaption class=\"wp-element-caption\">Quais s\u00e3o os 6 cuidados essenciais para preservar os pulm\u00f5es?<\/figcaption><\/figure>\n<\/div>\n\n\n<p>Quem j\u00e1 apresenta sintomas como tosse persistente ou falta de ar deve investigar quadros como <a href=\"https:\/\/www.tuasaude.com\/bronquite\/\" target=\"_blank\" rel=\"noreferrer noopener\">bronquite cr\u00f4nica<\/a> e iniciar tratamento precoce com orienta\u00e7\u00e3o m\u00e9dica.<\/p>\n\n\n\n<h2 class=\"wp-block-heading\">O que dizem os estudos cient\u00edficos sobre exerc\u00edcio e pulm\u00f5es?<\/h2>\n\n\n\n<p>A rela\u00e7\u00e3o entre atividade f\u00edsica e preserva\u00e7\u00e3o pulmonar foi analisada em diversas pesquisas longitudinais. Segundo o estudo <a href=\"https:\/\/pmc.ncbi.nlm.nih.gov\/articles\/PMC9023399\/\" target=\"_blank\" rel=\"noreferrer noopener\">Does Regular Physical Activity Mitigate the Age-Associated Decline in Pulmonary Function?<\/a>, publicado em 2022 na revista cient\u00edfica Sports Medicine, indiv\u00edduos fisicamente ativos apresentam decl\u00ednio mais lento do volume expirat\u00f3rio for\u00e7ado em compara\u00e7\u00e3o com pessoas sedent\u00e1rias.<\/p>\n\n\n\n<p>A revis\u00e3o por pares mostra que praticar atividade f\u00edsica regularmente, mesmo iniciando em idade mais avan\u00e7ada, pode preservar ou melhorar a capacidade vital for\u00e7ada. Os autores destacam que o exerc\u00edcio atenua o enrijecimento da caixa tor\u00e1cica, fortalece o diafragma e contribui para reduzir o risco de mortalidade por causas respirat\u00f3rias e cardiovasculares.<\/p>\n\n\n<div class=\"wp-block-image\">\n<figure class=\"aligncenter size-large\"><img decoding=\"async\" width=\"1024\" height=\"571\" src=\"https:\/\/www.tuasaude.com\/news\/wp-content\/uploads\/2026\/04\/freepik_ilustracao-nao-fotorealis_2869382433-1024x571.jpg\" alt=\"Como manter os pulm\u00f5es funcionando bem por mais tempo? 6 cuidados essenciais\" class=\"wp-image-28966\" srcset=\"https:\/\/www.tuasaude.com\/news\/wp-content\/uploads\/2026\/04\/freepik_ilustracao-nao-fotorealis_2869382433-1024x571.jpg 1024w, https:\/\/www.tuasaude.com\/news\/wp-content\/uploads\/2026\/04\/freepik_ilustracao-nao-fotorealis_2869382433-300x167.jpg 300w, https:\/\/www.tuasaude.com\/news\/wp-content\/uploads\/2026\/04\/freepik_ilustracao-nao-fotorealis_2869382433-768x428.jpg 768w, https:\/\/www.tuasaude.com\/news\/wp-content\/uploads\/2026\/04\/freepik_ilustracao-nao-fotorealis_2869382433-750x418.jpg 750w, https:\/\/www.tuasaude.com\/news\/wp-content\/uploads\/2026\/04\/freepik_ilustracao-nao-fotorealis_2869382433-1140x636.jpg 1140w, https:\/\/www.tuasaude.com\/news\/wp-content\/uploads\/2026\/04\/freepik_ilustracao-nao-fotorealis_2869382433.jpg 1280w\" sizes=\"(max-width: 1024px) 100vw, 1024px\" \/><figcaption class=\"wp-element-caption\">A fun\u00e7\u00e3o pulmonar diminui com a idade, mas cuidados ajudam a retardar.<\/figcaption><\/figure>\n<\/div>\n\n\n<h2 class=\"wp-block-heading\">Quais h\u00e1bitos mais prejudicam os pulm\u00f5es?<\/h2>\n\n\n\n<p>Alguns comportamentos cotidianos comprometem a fun\u00e7\u00e3o respirat\u00f3ria de forma silenciosa e cumulativa. Identific\u00e1-los \u00e9 o primeiro passo para reduzir riscos de doen\u00e7as graves, como DPOC e c\u00e2ncer de pulm\u00e3o.<\/p>\n\n\n\n<p>Os principais fatores agressores incluem:<\/p>\n\n\n\n<ul class=\"wp-block-list\">\n<li><strong>Tabagismo ativo e passivo<\/strong>, respons\u00e1veis pela maior parte das doen\u00e7as pulmonares cr\u00f4nicas;<\/li>\n\n\n\n<li><strong>Exposi\u00e7\u00e3o cont\u00ednua a poeira, fuma\u00e7a e vapores qu\u00edmicos<\/strong> em ambientes profissionais;<\/li>\n\n\n\n<li><strong>Sedentarismo prolongado<\/strong>, que enfraquece a musculatura respirat\u00f3ria;<\/li>\n\n\n\n<li><strong>Obesidade abdominal<\/strong>, que limita a expans\u00e3o do diafragma;<\/li>\n\n\n\n<li><strong>Infec\u00e7\u00f5es respirat\u00f3rias frequentes<\/strong> n\u00e3o tratadas adequadamente;<\/li>\n\n\n\n<li><strong>Ambientes mal ventilados<\/strong> com mofo, \u00e1caros e poluentes internos.<\/li>\n<\/ul>\n\n\n\n<p>O acompanhamento de quadros como a <a href=\"https:\/\/www.tuasaude.com\/asma\/\" target=\"_blank\" rel=\"noreferrer noopener\">asma<\/a> tamb\u00e9m \u00e9 fundamental, j\u00e1 que crises mal controladas favorecem a perda progressiva da fun\u00e7\u00e3o pulmonar.<\/p>\n\n\n\n<h2 class=\"wp-block-heading\">Como avaliar a sa\u00fade pulmonar de forma preventiva?<\/h2>\n\n\n\n<p>Avalia\u00e7\u00f5es peri\u00f3dicas ajudam a identificar perdas funcionais antes que sintomas se instalem. A espirometria \u00e9 o exame padr\u00e3o e mede o volume e a velocidade do ar expirado, indicando precocemente altera\u00e7\u00f5es respirat\u00f3rias.<\/p>\n\n\n\n<p>Adultos fumantes ou ex-fumantes, pessoas com hist\u00f3rico familiar de doen\u00e7as pulmonares e profissionais expostos a poluentes devem manter consultas regulares com pneumologista. Sintomas persistentes, como tosse, chiado e cansa\u00e7o aos esfor\u00e7os, tamb\u00e9m merecem investiga\u00e7\u00e3o para descartar quadros como DPOC e outras altera\u00e7\u00f5es cr\u00f4nicas.<\/p>\n\n\n\n<p><em>Este conte\u00fado tem car\u00e1ter exclusivamente informativo e n\u00e3o substitui a avalia\u00e7\u00e3o, o diagn\u00f3stico ou o tratamento realizado por um profissional de sa\u00fade qualificado. Em caso de sintomas respirat\u00f3rios persistentes, procure orienta\u00e7\u00e3o m\u00e9dica.<\/em><\/p>\n","protected":false},"excerpt":{"rendered":"<p>Manter os pulm\u00f5es funcionando bem por mais tempo depende de h\u00e1bitos di\u00e1rios simples, como n\u00e3o fumar, praticar atividade f\u00edsica regular, manter um peso saud\u00e1vel, cuidar da qualidade do ar respirado, prevenir infec\u00e7\u00f5es respirat\u00f3rias e fazer avalia\u00e7\u00f5es m\u00e9dicas peri\u00f3dicas. A capacidade pulmonar diminui naturalmente ap\u00f3s os 30 anos, mas o ritmo desse decl\u00ednio pode ser muito [&hellip;]<\/p>\n","protected":false},"author":11,"featured_media":28967,"comment_status":"open","ping_status":"open","sticky":false,"template":"","format":"standard","meta":{"_yoast_wpseo_focuskw":"pulm\u00f5es","_yoast_wpseo_title":"","_yoast_wpseo_metadesc":"N\u00e3o fumar, praticar exerc\u00edcios e evitar poluentes ajudam a preservar os pulm\u00f5es e manter a sa\u00fade respirat\u00f3ria.","jnews-multi-image_gallery":[],"jnews_single_post":{"format":"standard"},"jnews_primary_category":[],"jnews_social_meta":[],"jnews_override_counter":[],"footnotes":""},"categories":[111],"tags":[145,6207,136,3373],"class_list":["post-28833","post","type-post","status-publish","format-standard","has-post-thumbnail","hentry","category-saude","tag-bem-estar","tag-pulmoes","tag-saude","tag-saude-do-pulmao"],"yoast_head":"<!-- This site is optimized with the Yoast SEO plugin v26.7 - https:\/\/yoast.com\/wordpress\/plugins\/seo\/ -->\n<title>Como manter os pulm\u00f5es funcionando bem por mais tempo? 6 cuidados essenciais - Tua Sa\u00fade<\/title>\n<meta name=\"description\" content=\"N\u00e3o fumar, praticar exerc\u00edcios e evitar poluentes ajudam a preservar os pulm\u00f5es e manter a sa\u00fade respirat\u00f3ria.\" \/>\n<meta name=\"robots\" content=\"index, follow, max-snippet:-1, max-image-preview:large, max-video-preview:-1\" \/>\n<link rel=\"canonical\" href=\"https:\/\/www.tuasaude.com\/news\/2026\/04\/27\/como-manter-os-pulmoes-funcionando-bem-por-mais-tempo-6-cuidados-essenciais\/\" \/>\n<meta property=\"og:locale\" content=\"pt_BR\" \/>\n<meta property=\"og:type\" content=\"article\" \/>\n<meta property=\"og:title\" content=\"Como manter os pulm\u00f5es funcionando bem por mais tempo? 6 cuidados essenciais - Tua Sa\u00fade\" \/>\n<meta property=\"og:description\" content=\"N\u00e3o fumar, praticar exerc\u00edcios e evitar poluentes ajudam a preservar os pulm\u00f5es e manter a sa\u00fade respirat\u00f3ria.\" \/>\n<meta property=\"og:url\" content=\"https:\/\/www.tuasaude.com\/news\/2026\/04\/27\/como-manter-os-pulmoes-funcionando-bem-por-mais-tempo-6-cuidados-essenciais\/\" \/>\n<meta property=\"og:site_name\" content=\"Tua Sa\u00fade\" \/>\n<meta property=\"article:published_time\" content=\"2026-04-28T00:20:00+00:00\" \/>\n<meta property=\"og:image\" content=\"https:\/\/www.tuasaude.com\/news\/wp-content\/uploads\/2026\/04\/freepik_ilustracao-nao-fotorealis_2869382630.jpg\" \/>\n\t<meta property=\"og:image:width\" content=\"1280\" \/>\n\t<meta property=\"og:image:height\" content=\"714\" \/>\n\t<meta property=\"og:image:type\" content=\"image\/jpeg\" \/>\n<meta name=\"author\" content=\"Gessika Julia Carvalho\" \/>\n<meta name=\"twitter:card\" content=\"summary_large_image\" \/>\n<meta name=\"twitter:label1\" content=\"Escrito por\" \/>\n\t<meta name=\"twitter:data1\" content=\"Gessika Julia Carvalho\" \/>\n\t<meta name=\"twitter:label2\" content=\"Est. tempo de leitura\" \/>\n\t<meta name=\"twitter:data2\" content=\"4 minutos\" \/>\n<!-- \/ Yoast SEO plugin. -->","yoast_head_json":{"title":"Como manter os pulm\u00f5es funcionando bem por mais tempo? 6 cuidados essenciais - Tua Sa\u00fade","description":"N\u00e3o fumar, praticar exerc\u00edcios e evitar poluentes ajudam a preservar os pulm\u00f5es e manter a sa\u00fade respirat\u00f3ria.","robots":{"index":"index","follow":"follow","max-snippet":"max-snippet:-1","max-image-preview":"max-image-preview:large","max-video-preview":"max-video-preview:-1"},"canonical":"https:\/\/www.tuasaude.com\/news\/2026\/04\/27\/como-manter-os-pulmoes-funcionando-bem-por-mais-tempo-6-cuidados-essenciais\/","og_locale":"pt_BR","og_type":"article","og_title":"Como manter os pulm\u00f5es funcionando bem por mais tempo? 6 cuidados essenciais - Tua Sa\u00fade","og_description":"N\u00e3o fumar, praticar exerc\u00edcios e evitar poluentes ajudam a preservar os pulm\u00f5es e manter a sa\u00fade respirat\u00f3ria.","og_url":"https:\/\/www.tuasaude.com\/news\/2026\/04\/27\/como-manter-os-pulmoes-funcionando-bem-por-mais-tempo-6-cuidados-essenciais\/","og_site_name":"Tua Sa\u00fade","article_published_time":"2026-04-28T00:20:00+00:00","og_image":[{"width":1280,"height":714,"url":"https:\/\/www.tuasaude.com\/news\/wp-content\/uploads\/2026\/04\/freepik_ilustracao-nao-fotorealis_2869382630.jpg","type":"image\/jpeg"}],"author":"Gessika Julia Carvalho","twitter_card":"summary_large_image","twitter_misc":{"Escrito por":"Gessika Julia Carvalho","Est. tempo de leitura":"4 minutos"},"schema":{"@context":"https:\/\/schema.org","@graph":[{"@type":"Article","@id":"https:\/\/www.tuasaude.com\/news\/2026\/04\/27\/como-manter-os-pulmoes-funcionando-bem-por-mais-tempo-6-cuidados-essenciais\/#article","isPartOf":{"@id":"https:\/\/www.tuasaude.com\/news\/2026\/04\/27\/como-manter-os-pulmoes-funcionando-bem-por-mais-tempo-6-cuidados-essenciais\/"},"author":{"name":"Gessika Julia Carvalho","@id":"https:\/\/www.tuasaude.com\/news\/#\/schema\/person\/2e9df841be69ec84f5d20ddb8d273ac2"},"headline":"Como manter os pulm\u00f5es funcionando bem por mais tempo? 6 cuidados essenciais","datePublished":"2026-04-28T00:20:00+00:00","mainEntityOfPage":{"@id":"https:\/\/www.tuasaude.com\/news\/2026\/04\/27\/como-manter-os-pulmoes-funcionando-bem-por-mais-tempo-6-cuidados-essenciais\/"},"wordCount":681,"commentCount":0,"image":{"@id":"https:\/\/www.tuasaude.com\/news\/2026\/04\/27\/como-manter-os-pulmoes-funcionando-bem-por-mais-tempo-6-cuidados-essenciais\/#primaryimage"},"thumbnailUrl":"https:\/\/www.tuasaude.com\/news\/wp-content\/uploads\/2026\/04\/freepik_ilustracao-nao-fotorealis_2869382630.jpg","keywords":["bem-estar","pulm\u00f5es","sa\u00fade","sa\u00fade do pulm\u00e3o"],"articleSection":["Sa\u00fade"],"inLanguage":"pt-BR","potentialAction":[{"@type":"CommentAction","name":"Comment","target":["https:\/\/www.tuasaude.com\/news\/2026\/04\/27\/como-manter-os-pulmoes-funcionando-bem-por-mais-tempo-6-cuidados-essenciais\/#respond"]}]},{"@type":"WebPage","@id":"https:\/\/www.tuasaude.com\/news\/2026\/04\/27\/como-manter-os-pulmoes-funcionando-bem-por-mais-tempo-6-cuidados-essenciais\/","url":"https:\/\/www.tuasaude.com\/news\/2026\/04\/27\/como-manter-os-pulmoes-funcionando-bem-por-mais-tempo-6-cuidados-essenciais\/","name":"Como manter os pulm\u00f5es funcionando bem por mais tempo? 6 cuidados essenciais - Tua Sa\u00fade","isPartOf":{"@id":"https:\/\/www.tuasaude.com\/news\/#website"},"primaryImageOfPage":{"@id":"https:\/\/www.tuasaude.com\/news\/2026\/04\/27\/como-manter-os-pulmoes-funcionando-bem-por-mais-tempo-6-cuidados-essenciais\/#primaryimage"},"image":{"@id":"https:\/\/www.tuasaude.com\/news\/2026\/04\/27\/como-manter-os-pulmoes-funcionando-bem-por-mais-tempo-6-cuidados-essenciais\/#primaryimage"},"thumbnailUrl":"https:\/\/www.tuasaude.com\/news\/wp-content\/uploads\/2026\/04\/freepik_ilustracao-nao-fotorealis_2869382630.jpg","datePublished":"2026-04-28T00:20:00+00:00","author":{"@id":"https:\/\/www.tuasaude.com\/news\/#\/schema\/person\/2e9df841be69ec84f5d20ddb8d273ac2"},"description":"N\u00e3o fumar, praticar exerc\u00edcios e evitar poluentes ajudam a preservar os pulm\u00f5es e manter a sa\u00fade respirat\u00f3ria.","breadcrumb":{"@id":"https:\/\/www.tuasaude.com\/news\/2026\/04\/27\/como-manter-os-pulmoes-funcionando-bem-por-mais-tempo-6-cuidados-essenciais\/#breadcrumb"},"inLanguage":"pt-BR","potentialAction":[{"@type":"ReadAction","target":["https:\/\/www.tuasaude.com\/news\/2026\/04\/27\/como-manter-os-pulmoes-funcionando-bem-por-mais-tempo-6-cuidados-essenciais\/"]}]},{"@type":"ImageObject","inLanguage":"pt-BR","@id":"https:\/\/www.tuasaude.com\/news\/2026\/04\/27\/como-manter-os-pulmoes-funcionando-bem-por-mais-tempo-6-cuidados-essenciais\/#primaryimage","url":"https:\/\/www.tuasaude.com\/news\/wp-content\/uploads\/2026\/04\/freepik_ilustracao-nao-fotorealis_2869382630.jpg","contentUrl":"https:\/\/www.tuasaude.com\/news\/wp-content\/uploads\/2026\/04\/freepik_ilustracao-nao-fotorealis_2869382630.jpg","width":1280,"height":714,"caption":"Evitar fumar e praticar exerc\u00edcios preservam a sa\u00fade pulmonar."},{"@type":"BreadcrumbList","@id":"https:\/\/www.tuasaude.com\/news\/2026\/04\/27\/como-manter-os-pulmoes-funcionando-bem-por-mais-tempo-6-cuidados-essenciais\/#breadcrumb","itemListElement":[{"@type":"ListItem","position":1,"name":"In\u00edcio","item":"https:\/\/www.tuasaude.com\/news\/"},{"@type":"ListItem","position":2,"name":"Como manter os pulm\u00f5es funcionando bem por mais tempo? 6 cuidados essenciais"}]},{"@type":"WebSite","@id":"https:\/\/www.tuasaude.com\/news\/#website","url":"https:\/\/www.tuasaude.com\/news\/","name":"Tua Sa\u00fade","description":"Seu site de sa\u00fade","potentialAction":[{"@type":"SearchAction","target":{"@type":"EntryPoint","urlTemplate":"https:\/\/www.tuasaude.com\/news\/?s={search_term_string}"},"query-input":{"@type":"PropertyValueSpecification","valueRequired":true,"valueName":"search_term_string"}}],"inLanguage":"pt-BR"},{"@type":"Person","@id":"https:\/\/www.tuasaude.com\/news\/#\/schema\/person\/2e9df841be69ec84f5d20ddb8d273ac2","name":"Gessika Julia Carvalho","image":{"@type":"ImageObject","inLanguage":"pt-BR","@id":"https:\/\/www.tuasaude.com\/news\/#\/schema\/person\/image\/","url":"https:\/\/secure.gravatar.com\/avatar\/0fcc8769024577fd0bc6a8b766055690f76a8e8f29dfb2a2f89cf04db8d0f2d2?s=96&d=mm&r=g","contentUrl":"https:\/\/secure.gravatar.com\/avatar\/0fcc8769024577fd0bc6a8b766055690f76a8e8f29dfb2a2f89cf04db8d0f2d2?s=96&d=mm&r=g","caption":"Gessika Julia Carvalho"},"sameAs":["https:\/\/www.tuasaude.com\/news\/"],"url":"https:\/\/www.tuasaude.com\/news\/author\/gessika-julia\/"}]}},"_links":{"self":[{"href":"https:\/\/www.tuasaude.com\/news\/wp-json\/wp\/v2\/posts\/28833","targetHints":{"allow":["GET"]}}],"collection":[{"href":"https:\/\/www.tuasaude.com\/news\/wp-json\/wp\/v2\/posts"}],"about":[{"href":"https:\/\/www.tuasaude.com\/news\/wp-json\/wp\/v2\/types\/post"}],"author":[{"embeddable":true,"href":"https:\/\/www.tuasaude.com\/news\/wp-json\/wp\/v2\/users\/11"}],"replies":[{"embeddable":true,"href":"https:\/\/www.tuasaude.com\/news\/wp-json\/wp\/v2\/comments?post=28833"}],"version-history":[{"count":2,"href":"https:\/\/www.tuasaude.com\/news\/wp-json\/wp\/v2\/posts\/28833\/revisions"}],"predecessor-version":[{"id":28980,"href":"https:\/\/www.tuasaude.com\/news\/wp-json\/wp\/v2\/posts\/28833\/revisions\/28980"}],"wp:featuredmedia":[{"embeddable":true,"href":"https:\/\/www.tuasaude.com\/news\/wp-json\/wp\/v2\/media\/28967"}],"wp:attachment":[{"href":"https:\/\/www.tuasaude.com\/news\/wp-json\/wp\/v2\/media?parent=28833"}],"wp:term":[{"taxonomy":"category","embeddable":true,"href":"https:\/\/www.tuasaude.com\/news\/wp-json\/wp\/v2\/categories?post=28833"},{"taxonomy":"post_tag","embeddable":true,"href":"https:\/\/www.tuasaude.com\/news\/wp-json\/wp\/v2\/tags?post=28833"}],"curies":[{"name":"wp","href":"https:\/\/api.w.org\/{rel}","templated":true}]}}