{"id":28785,"date":"2026-04-27T20:10:00","date_gmt":"2026-04-27T23:10:00","guid":{"rendered":"https:\/\/www.tuasaude.com\/news\/?p=28785"},"modified":"2026-04-26T16:52:16","modified_gmt":"2026-04-26T19:52:16","slug":"acordar-com-dor-de-cabeca-frequentemente-pode-indicar-problemas-de-saude-subjacentes-em-pessoas-que-dormem-mais-de-oito-horas","status":"publish","type":"post","link":"https:\/\/www.tuasaude.com\/news\/2026\/04\/27\/acordar-com-dor-de-cabeca-frequentemente-pode-indicar-problemas-de-saude-subjacentes-em-pessoas-que-dormem-mais-de-oito-horas\/","title":{"rendered":"Acordar com dor de cabe\u00e7a frequentemente pode indicar problemas de sa\u00fade subjacentes em pessoas que dormem mais de oito horas"},"content":{"rendered":"\n<p>Sentir dor de cabe\u00e7a logo ao despertar parece um inc\u00f4modo passageiro, mas, quando se torna frequente em pessoas que dormem mais de oito horas, deixa de ser apenas resultado de uma noite ruim. A cefaleia matinal pode indicar apneia obstrutiva do sono, bruxismo ou hipertens\u00e3o que se manifesta durante a madrugada, condi\u00e7\u00f5es que sobrecarregam o organismo enquanto a pessoa dorme. Identificar o padr\u00e3o da dor e investigar a causa \u00e9 essencial para tratar o problema na raiz e proteger a sa\u00fade a longo prazo.<\/p>\n\n\n\n<h2 class=\"wp-block-heading\">Por que dormir muito pode causar dor de cabe\u00e7a?<\/h2>\n\n\n\n<p>O excesso de sono n\u00e3o \u00e9, por si s\u00f3, um problema, mas quando vem acompanhado de cefaleia matinal recorrente, costuma sinalizar que o descanso n\u00e3o foi reparador. Dist\u00farbios respirat\u00f3rios e oscila\u00e7\u00f5es da press\u00e3o arterial durante a noite fragmentam o sono mesmo em quem permanece muitas horas na cama.<\/p>\n\n\n\n<p>Esses microdespertares passam despercebidos, mas comprometem as fases mais profundas do sono e ativam mecanismos inflamat\u00f3rios e vasculares que culminam em dor ao despertar. Por isso, mais tempo de sono nem sempre significa qualidade de descanso.<\/p>\n\n\n\n<h2 class=\"wp-block-heading\">Quais s\u00e3o as principais causas da cefaleia matinal?<\/h2>\n\n\n\n<p>A dor de cabe\u00e7a ao acordar pode ter origens variadas, e cada condi\u00e7\u00e3o produz um padr\u00e3o espec\u00edfico de dor. Identificar as caracter\u00edsticas ajuda o m\u00e9dico a direcionar a investiga\u00e7\u00e3o e o tratamento.<\/p>\n\n\n\n<p>Entre as causas mais frequentes em pessoas que dormem muito, destacam-se:<\/p>\n\n\n<div class=\"wp-block-image\">\n<figure class=\"aligncenter size-large\"><img decoding=\"async\" width=\"1024\" height=\"402\" src=\"https:\/\/www.tuasaude.com\/news\/wp-content\/uploads\/2026\/04\/convertido-61-9-1024x402.jpg\" alt=\"Quais s\u00e3o as principais causas da cefaleia matinal?\" class=\"wp-image-28786\" srcset=\"https:\/\/www.tuasaude.com\/news\/wp-content\/uploads\/2026\/04\/convertido-61-9-1024x402.jpg 1024w, https:\/\/www.tuasaude.com\/news\/wp-content\/uploads\/2026\/04\/convertido-61-9-300x118.jpg 300w, https:\/\/www.tuasaude.com\/news\/wp-content\/uploads\/2026\/04\/convertido-61-9-768x301.jpg 768w, https:\/\/www.tuasaude.com\/news\/wp-content\/uploads\/2026\/04\/convertido-61-9-750x294.jpg 750w, https:\/\/www.tuasaude.com\/news\/wp-content\/uploads\/2026\/04\/convertido-61-9-1140x447.jpg 1140w, https:\/\/www.tuasaude.com\/news\/wp-content\/uploads\/2026\/04\/convertido-61-9.jpg 1280w\" sizes=\"(max-width: 1024px) 100vw, 1024px\" \/><figcaption class=\"wp-element-caption\">Quais s\u00e3o as principais causas da cefaleia matinal?<\/figcaption><\/figure>\n<\/div>\n\n\n<p>Quando a cefaleia matinal aparece de forma recorrente, \u00e9 importante considerar a presen\u00e7a de mais de um <a href=\"https:\/\/www.tuasaude.com\/disturbios-do-sono\/\" target=\"_blank\" rel=\"noreferrer noopener\">dist\u00farbio do sono<\/a> simultaneamente.<\/p>\n\n\n\n<h2 class=\"wp-block-heading\">Como diferenciar a dor de cada causa?<\/h2>\n\n\n\n<p>O padr\u00e3o da dor oferece pistas importantes. A cefaleia da apneia tende a ser intensa, bilateral e melhora rapidamente ap\u00f3s o despertar, geralmente associada a ronco alto, engasgos noturnos e cansa\u00e7o diurno. J\u00e1 a dor do bruxismo concentra-se nas t\u00eamporas e na mand\u00edbula, com m\u00fasculos faciais doloridos.<\/p>\n\n\n\n<p>A cefaleia ligada \u00e0 hipertens\u00e3o noturna costuma ser puls\u00e1til, mais percept\u00edvel na nuca, e pode vir com tontura ou vis\u00e3o emba\u00e7ada. A <a href=\"https:\/\/www.tuasaude.com\/apneia-do-sono\/\" target=\"_blank\" rel=\"noreferrer noopener\">apneia do sono<\/a> tamb\u00e9m costuma se associar a microdespertares e fragmenta\u00e7\u00e3o do descanso.<\/p>\n\n\n\n<h2 class=\"wp-block-heading\">O que diz a ci\u00eancia sobre dor de cabe\u00e7a e apneia?<\/h2>\n\n\n\n<p>Pesquisas com pacientes submetidos a polissonografia ajudam a entender com precis\u00e3o a rela\u00e7\u00e3o entre cefaleia matinal e dist\u00farbios respirat\u00f3rios noturnos. Os dados mostram que esse sintoma \u00e9 mais comum do que se imagina e est\u00e1 fortemente ligado a fatores espec\u00edficos do sono.<\/p>\n\n\n\n<p>Segundo o estudo <a href=\"https:\/\/pmc.ncbi.nlm.nih.gov\/articles\/PMC7016602\/\" target=\"_blank\" rel=\"noreferrer noopener\">Morning Headache as an Obstructive Sleep Apnea-Related Symptom among Sleep Clinic Patients<\/a>, publicado no Journal of Clinical Medicine e indexado na National Library of Medicine, foram avaliados 1.131 pacientes encaminhados para polissonografia. Cerca de 29% relatavam dor de cabe\u00e7a ao acordar, e o sintoma esteve associado de forma significativa a hist\u00f3rico de hipertens\u00e3o arterial, sono n\u00e3o reparador, engasgos noturnos e redu\u00e7\u00e3o do tempo total de sono. Os autores refor\u00e7am que a cefaleia matinal n\u00e3o deve ser ignorada, especialmente quando coexiste com sinais sugestivos de dist\u00farbio respirat\u00f3rio do sono.<\/p>\n\n\n<div class=\"wp-block-image\">\n<figure class=\"aligncenter size-large\"><img decoding=\"async\" width=\"1024\" height=\"571\" src=\"https:\/\/www.tuasaude.com\/news\/wp-content\/uploads\/2026\/04\/freepik_illustration-nonphotoreal_2868970805-1024x571.jpg\" alt=\"Acordar com dor de cabe\u00e7a frequentemente pode indicar problemas de sa\u00fade subjacentes em pessoas que dormem mais de oito horas\" class=\"wp-image-28935\" srcset=\"https:\/\/www.tuasaude.com\/news\/wp-content\/uploads\/2026\/04\/freepik_illustration-nonphotoreal_2868970805-1024x571.jpg 1024w, https:\/\/www.tuasaude.com\/news\/wp-content\/uploads\/2026\/04\/freepik_illustration-nonphotoreal_2868970805-300x167.jpg 300w, https:\/\/www.tuasaude.com\/news\/wp-content\/uploads\/2026\/04\/freepik_illustration-nonphotoreal_2868970805-768x428.jpg 768w, https:\/\/www.tuasaude.com\/news\/wp-content\/uploads\/2026\/04\/freepik_illustration-nonphotoreal_2868970805-750x418.jpg 750w, https:\/\/www.tuasaude.com\/news\/wp-content\/uploads\/2026\/04\/freepik_illustration-nonphotoreal_2868970805-1140x636.jpg 1140w, https:\/\/www.tuasaude.com\/news\/wp-content\/uploads\/2026\/04\/freepik_illustration-nonphotoreal_2868970805.jpg 1280w\" sizes=\"(max-width: 1024px) 100vw, 1024px\" \/><figcaption class=\"wp-element-caption\">A cefaleia matinal recorrente pode indicar apneia do sono, bruxismo ou hipertens\u00e3o noturna.<\/figcaption><\/figure>\n<\/div>\n\n\n<h2 class=\"wp-block-heading\">Quais exames investigam a cefaleia matinal?<\/h2>\n\n\n\n<p>A boa not\u00edcia \u00e9 que a investiga\u00e7\u00e3o inicial pode ser feita com exames acess\u00edveis, capazes de identificar as causas mais comuns da cefaleia ao acordar. O diagn\u00f3stico precoce permite tratar o problema antes que evolua para complica\u00e7\u00f5es cardiovasculares.<\/p>\n\n\n\n<p>Os exames mais indicados incluem:<\/p>\n\n\n\n<ul class=\"wp-block-list\">\n<li><strong>Polissonografia<\/strong>: exame de refer\u00eancia para diagnosticar apneia do sono, bruxismo e outros dist\u00farbios respirat\u00f3rios noturnos.<\/li>\n\n\n\n<li><strong>MAPA de 24 horas<\/strong>: avalia a press\u00e3o arterial ao longo do dia e da noite, identificando hipertens\u00e3o noturna.<\/li>\n\n\n\n<li><strong>Avalia\u00e7\u00e3o odontol\u00f3gica<\/strong>: detecta sinais de bruxismo, como desgaste dental e dor na musculatura da mand\u00edbula.<\/li>\n\n\n\n<li><strong>Hemograma e exames laboratoriais<\/strong>: descartam anemia, altera\u00e7\u00f5es da tireoide e outras causas sist\u00eamicas.<\/li>\n\n\n\n<li><strong>Avalia\u00e7\u00e3o neurol\u00f3gica<\/strong>: indicada quando a cefaleia tem caracter\u00edsticas at\u00edpicas ou vem acompanhada de sintomas neurol\u00f3gicos.<\/li>\n<\/ul>\n\n\n\n<p>Acordar com dor de cabe\u00e7a com frequ\u00eancia merece avalia\u00e7\u00e3o m\u00e9dica, especialmente quando associado a ronco alto, cansa\u00e7o persistente ou altera\u00e7\u00f5es da press\u00e3o arterial. O tratamento adequado, conduzido por m\u00e9dico do sono, cardiologista ou dentista, conforme a causa, melhora a qualidade do descanso e reduz riscos \u00e0 sa\u00fade a longo prazo.<\/p>\n\n\n\n<p><em>Este conte\u00fado tem car\u00e1ter exclusivamente informativo e n\u00e3o substitui a avalia\u00e7\u00e3o m\u00e9dica individualizada. Consulte sempre um profissional de sa\u00fade qualificado para diagn\u00f3stico e tratamento adequados ao seu caso.<\/em><\/p>\n","protected":false},"excerpt":{"rendered":"<p>Sentir dor de cabe\u00e7a logo ao despertar parece um inc\u00f4modo passageiro, mas, quando se torna frequente em pessoas que dormem mais de oito horas, deixa de ser apenas resultado de uma noite ruim. A cefaleia matinal pode indicar apneia obstrutiva do sono, bruxismo ou hipertens\u00e3o que se manifesta durante a madrugada, condi\u00e7\u00f5es que sobrecarregam o [&hellip;]<\/p>\n","protected":false},"author":11,"featured_media":28934,"comment_status":"open","ping_status":"open","sticky":false,"template":"","format":"standard","meta":{"_yoast_wpseo_focuskw":"dor de cabe\u00e7a ao acordar","_yoast_wpseo_title":"","_yoast_wpseo_metadesc":"Dor de cabe\u00e7a ao acordar pode estar ligada \u00e0 apneia do sono, bruxismo ou hipertens\u00e3o e merece investiga\u00e7\u00e3o m\u00e9dica.","jnews-multi-image_gallery":[],"jnews_single_post":{"format":"standard"},"jnews_primary_category":[],"jnews_social_meta":[],"jnews_override_counter":[],"footnotes":""},"categories":[111],"tags":[6203,6202,136,1086],"class_list":["post-28785","post","type-post","status-publish","format-standard","has-post-thumbnail","hentry","category-saude","tag-dor-de-cabeca-ao-acordar","tag-dor-de-cabeca-frequentemente","tag-saude","tag-saude-do-sono"],"yoast_head":"<!-- This site is optimized with the Yoast SEO plugin v26.7 - https:\/\/yoast.com\/wordpress\/plugins\/seo\/ -->\n<title>Acordar com dor de cabe\u00e7a frequentemente pode indicar problemas de sa\u00fade subjacentes em pessoas que dormem mais de oito horas - Tua Sa\u00fade<\/title>\n<meta name=\"description\" content=\"Dor de cabe\u00e7a ao acordar pode estar ligada \u00e0 apneia do sono, bruxismo ou hipertens\u00e3o e merece investiga\u00e7\u00e3o m\u00e9dica.\" \/>\n<meta name=\"robots\" content=\"index, follow, max-snippet:-1, max-image-preview:large, max-video-preview:-1\" \/>\n<link rel=\"canonical\" href=\"https:\/\/www.tuasaude.com\/news\/2026\/04\/27\/acordar-com-dor-de-cabeca-frequentemente-pode-indicar-problemas-de-saude-subjacentes-em-pessoas-que-dormem-mais-de-oito-horas\/\" \/>\n<meta property=\"og:locale\" content=\"pt_BR\" \/>\n<meta property=\"og:type\" content=\"article\" \/>\n<meta property=\"og:title\" content=\"Acordar com dor de cabe\u00e7a frequentemente pode indicar problemas de sa\u00fade subjacentes em pessoas que dormem mais de oito horas - Tua Sa\u00fade\" \/>\n<meta property=\"og:description\" content=\"Dor de cabe\u00e7a ao acordar pode estar ligada \u00e0 apneia do sono, bruxismo ou hipertens\u00e3o e merece investiga\u00e7\u00e3o m\u00e9dica.\" \/>\n<meta property=\"og:url\" content=\"https:\/\/www.tuasaude.com\/news\/2026\/04\/27\/acordar-com-dor-de-cabeca-frequentemente-pode-indicar-problemas-de-saude-subjacentes-em-pessoas-que-dormem-mais-de-oito-horas\/\" \/>\n<meta property=\"og:site_name\" content=\"Tua Sa\u00fade\" \/>\n<meta property=\"article:published_time\" content=\"2026-04-27T23:10:00+00:00\" \/>\n<meta property=\"og:image\" content=\"https:\/\/www.tuasaude.com\/news\/wp-content\/uploads\/2026\/04\/freepik_illustration-nonphotoreal_2868970233.jpg\" \/>\n\t<meta property=\"og:image:width\" content=\"1280\" \/>\n\t<meta property=\"og:image:height\" content=\"714\" \/>\n\t<meta property=\"og:image:type\" content=\"image\/jpeg\" \/>\n<meta name=\"author\" content=\"Gessika Julia Carvalho\" \/>\n<meta name=\"twitter:card\" content=\"summary_large_image\" \/>\n<meta name=\"twitter:label1\" content=\"Escrito por\" \/>\n\t<meta name=\"twitter:data1\" content=\"Gessika Julia Carvalho\" \/>\n\t<meta name=\"twitter:label2\" content=\"Est. tempo de leitura\" \/>\n\t<meta name=\"twitter:data2\" content=\"5 minutos\" \/>\n<!-- \/ Yoast SEO plugin. -->","yoast_head_json":{"title":"Acordar com dor de cabe\u00e7a frequentemente pode indicar problemas de sa\u00fade subjacentes em pessoas que dormem mais de oito horas - Tua Sa\u00fade","description":"Dor de cabe\u00e7a ao acordar pode estar ligada \u00e0 apneia do sono, bruxismo ou hipertens\u00e3o e merece investiga\u00e7\u00e3o m\u00e9dica.","robots":{"index":"index","follow":"follow","max-snippet":"max-snippet:-1","max-image-preview":"max-image-preview:large","max-video-preview":"max-video-preview:-1"},"canonical":"https:\/\/www.tuasaude.com\/news\/2026\/04\/27\/acordar-com-dor-de-cabeca-frequentemente-pode-indicar-problemas-de-saude-subjacentes-em-pessoas-que-dormem-mais-de-oito-horas\/","og_locale":"pt_BR","og_type":"article","og_title":"Acordar com dor de cabe\u00e7a frequentemente pode indicar problemas de sa\u00fade subjacentes em pessoas que dormem mais de oito horas - Tua Sa\u00fade","og_description":"Dor de cabe\u00e7a ao acordar pode estar ligada \u00e0 apneia do sono, bruxismo ou hipertens\u00e3o e merece investiga\u00e7\u00e3o m\u00e9dica.","og_url":"https:\/\/www.tuasaude.com\/news\/2026\/04\/27\/acordar-com-dor-de-cabeca-frequentemente-pode-indicar-problemas-de-saude-subjacentes-em-pessoas-que-dormem-mais-de-oito-horas\/","og_site_name":"Tua Sa\u00fade","article_published_time":"2026-04-27T23:10:00+00:00","og_image":[{"width":1280,"height":714,"url":"https:\/\/www.tuasaude.com\/news\/wp-content\/uploads\/2026\/04\/freepik_illustration-nonphotoreal_2868970233.jpg","type":"image\/jpeg"}],"author":"Gessika Julia Carvalho","twitter_card":"summary_large_image","twitter_misc":{"Escrito por":"Gessika Julia Carvalho","Est. tempo de leitura":"5 minutos"},"schema":{"@context":"https:\/\/schema.org","@graph":[{"@type":"Article","@id":"https:\/\/www.tuasaude.com\/news\/2026\/04\/27\/acordar-com-dor-de-cabeca-frequentemente-pode-indicar-problemas-de-saude-subjacentes-em-pessoas-que-dormem-mais-de-oito-horas\/#article","isPartOf":{"@id":"https:\/\/www.tuasaude.com\/news\/2026\/04\/27\/acordar-com-dor-de-cabeca-frequentemente-pode-indicar-problemas-de-saude-subjacentes-em-pessoas-que-dormem-mais-de-oito-horas\/"},"author":{"name":"Gessika Julia Carvalho","@id":"https:\/\/www.tuasaude.com\/news\/#\/schema\/person\/2e9df841be69ec84f5d20ddb8d273ac2"},"headline":"Acordar com dor de cabe\u00e7a frequentemente pode indicar problemas de sa\u00fade subjacentes em pessoas que dormem mais de oito horas","datePublished":"2026-04-27T23:10:00+00:00","mainEntityOfPage":{"@id":"https:\/\/www.tuasaude.com\/news\/2026\/04\/27\/acordar-com-dor-de-cabeca-frequentemente-pode-indicar-problemas-de-saude-subjacentes-em-pessoas-que-dormem-mais-de-oito-horas\/"},"wordCount":809,"commentCount":0,"image":{"@id":"https:\/\/www.tuasaude.com\/news\/2026\/04\/27\/acordar-com-dor-de-cabeca-frequentemente-pode-indicar-problemas-de-saude-subjacentes-em-pessoas-que-dormem-mais-de-oito-horas\/#primaryimage"},"thumbnailUrl":"https:\/\/www.tuasaude.com\/news\/wp-content\/uploads\/2026\/04\/freepik_illustration-nonphotoreal_2868970233.jpg","keywords":["dor de cabe\u00e7a ao acordar","dor de cabe\u00e7a frequentemente","sa\u00fade","sa\u00fade do sono"],"articleSection":["Sa\u00fade"],"inLanguage":"pt-BR","potentialAction":[{"@type":"CommentAction","name":"Comment","target":["https:\/\/www.tuasaude.com\/news\/2026\/04\/27\/acordar-com-dor-de-cabeca-frequentemente-pode-indicar-problemas-de-saude-subjacentes-em-pessoas-que-dormem-mais-de-oito-horas\/#respond"]}]},{"@type":"WebPage","@id":"https:\/\/www.tuasaude.com\/news\/2026\/04\/27\/acordar-com-dor-de-cabeca-frequentemente-pode-indicar-problemas-de-saude-subjacentes-em-pessoas-que-dormem-mais-de-oito-horas\/","url":"https:\/\/www.tuasaude.com\/news\/2026\/04\/27\/acordar-com-dor-de-cabeca-frequentemente-pode-indicar-problemas-de-saude-subjacentes-em-pessoas-que-dormem-mais-de-oito-horas\/","name":"Acordar com dor de cabe\u00e7a frequentemente pode indicar problemas de sa\u00fade subjacentes em pessoas que dormem mais de oito horas - Tua Sa\u00fade","isPartOf":{"@id":"https:\/\/www.tuasaude.com\/news\/#website"},"primaryImageOfPage":{"@id":"https:\/\/www.tuasaude.com\/news\/2026\/04\/27\/acordar-com-dor-de-cabeca-frequentemente-pode-indicar-problemas-de-saude-subjacentes-em-pessoas-que-dormem-mais-de-oito-horas\/#primaryimage"},"image":{"@id":"https:\/\/www.tuasaude.com\/news\/2026\/04\/27\/acordar-com-dor-de-cabeca-frequentemente-pode-indicar-problemas-de-saude-subjacentes-em-pessoas-que-dormem-mais-de-oito-horas\/#primaryimage"},"thumbnailUrl":"https:\/\/www.tuasaude.com\/news\/wp-content\/uploads\/2026\/04\/freepik_illustration-nonphotoreal_2868970233.jpg","datePublished":"2026-04-27T23:10:00+00:00","author":{"@id":"https:\/\/www.tuasaude.com\/news\/#\/schema\/person\/2e9df841be69ec84f5d20ddb8d273ac2"},"description":"Dor de cabe\u00e7a ao acordar pode estar ligada \u00e0 apneia do sono, bruxismo ou hipertens\u00e3o e merece investiga\u00e7\u00e3o m\u00e9dica.","breadcrumb":{"@id":"https:\/\/www.tuasaude.com\/news\/2026\/04\/27\/acordar-com-dor-de-cabeca-frequentemente-pode-indicar-problemas-de-saude-subjacentes-em-pessoas-que-dormem-mais-de-oito-horas\/#breadcrumb"},"inLanguage":"pt-BR","potentialAction":[{"@type":"ReadAction","target":["https:\/\/www.tuasaude.com\/news\/2026\/04\/27\/acordar-com-dor-de-cabeca-frequentemente-pode-indicar-problemas-de-saude-subjacentes-em-pessoas-que-dormem-mais-de-oito-horas\/"]}]},{"@type":"ImageObject","inLanguage":"pt-BR","@id":"https:\/\/www.tuasaude.com\/news\/2026\/04\/27\/acordar-com-dor-de-cabeca-frequentemente-pode-indicar-problemas-de-saude-subjacentes-em-pessoas-que-dormem-mais-de-oito-horas\/#primaryimage","url":"https:\/\/www.tuasaude.com\/news\/wp-content\/uploads\/2026\/04\/freepik_illustration-nonphotoreal_2868970233.jpg","contentUrl":"https:\/\/www.tuasaude.com\/news\/wp-content\/uploads\/2026\/04\/freepik_illustration-nonphotoreal_2868970233.jpg","width":1280,"height":714,"caption":"A dor de cabe\u00e7a ao acordar, associada a ronco ou cansa\u00e7o, exige investiga\u00e7\u00e3o de dist\u00farbios respirat\u00f3rios do sono."},{"@type":"BreadcrumbList","@id":"https:\/\/www.tuasaude.com\/news\/2026\/04\/27\/acordar-com-dor-de-cabeca-frequentemente-pode-indicar-problemas-de-saude-subjacentes-em-pessoas-que-dormem-mais-de-oito-horas\/#breadcrumb","itemListElement":[{"@type":"ListItem","position":1,"name":"In\u00edcio","item":"https:\/\/www.tuasaude.com\/news\/"},{"@type":"ListItem","position":2,"name":"Acordar com dor de cabe\u00e7a frequentemente pode indicar problemas de sa\u00fade subjacentes em pessoas que dormem mais de oito horas"}]},{"@type":"WebSite","@id":"https:\/\/www.tuasaude.com\/news\/#website","url":"https:\/\/www.tuasaude.com\/news\/","name":"Tua Sa\u00fade","description":"Seu site de sa\u00fade","potentialAction":[{"@type":"SearchAction","target":{"@type":"EntryPoint","urlTemplate":"https:\/\/www.tuasaude.com\/news\/?s={search_term_string}"},"query-input":{"@type":"PropertyValueSpecification","valueRequired":true,"valueName":"search_term_string"}}],"inLanguage":"pt-BR"},{"@type":"Person","@id":"https:\/\/www.tuasaude.com\/news\/#\/schema\/person\/2e9df841be69ec84f5d20ddb8d273ac2","name":"Gessika Julia Carvalho","image":{"@type":"ImageObject","inLanguage":"pt-BR","@id":"https:\/\/www.tuasaude.com\/news\/#\/schema\/person\/image\/","url":"https:\/\/secure.gravatar.com\/avatar\/0fcc8769024577fd0bc6a8b766055690f76a8e8f29dfb2a2f89cf04db8d0f2d2?s=96&d=mm&r=g","contentUrl":"https:\/\/secure.gravatar.com\/avatar\/0fcc8769024577fd0bc6a8b766055690f76a8e8f29dfb2a2f89cf04db8d0f2d2?s=96&d=mm&r=g","caption":"Gessika Julia Carvalho"},"sameAs":["https:\/\/www.tuasaude.com\/news\/"],"url":"https:\/\/www.tuasaude.com\/news\/author\/gessika-julia\/"}]}},"_links":{"self":[{"href":"https:\/\/www.tuasaude.com\/news\/wp-json\/wp\/v2\/posts\/28785","targetHints":{"allow":["GET"]}}],"collection":[{"href":"https:\/\/www.tuasaude.com\/news\/wp-json\/wp\/v2\/posts"}],"about":[{"href":"https:\/\/www.tuasaude.com\/news\/wp-json\/wp\/v2\/types\/post"}],"author":[{"embeddable":true,"href":"https:\/\/www.tuasaude.com\/news\/wp-json\/wp\/v2\/users\/11"}],"replies":[{"embeddable":true,"href":"https:\/\/www.tuasaude.com\/news\/wp-json\/wp\/v2\/comments?post=28785"}],"version-history":[{"count":2,"href":"https:\/\/www.tuasaude.com\/news\/wp-json\/wp\/v2\/posts\/28785\/revisions"}],"predecessor-version":[{"id":28953,"href":"https:\/\/www.tuasaude.com\/news\/wp-json\/wp\/v2\/posts\/28785\/revisions\/28953"}],"wp:featuredmedia":[{"embeddable":true,"href":"https:\/\/www.tuasaude.com\/news\/wp-json\/wp\/v2\/media\/28934"}],"wp:attachment":[{"href":"https:\/\/www.tuasaude.com\/news\/wp-json\/wp\/v2\/media?parent=28785"}],"wp:term":[{"taxonomy":"category","embeddable":true,"href":"https:\/\/www.tuasaude.com\/news\/wp-json\/wp\/v2\/categories?post=28785"},{"taxonomy":"post_tag","embeddable":true,"href":"https:\/\/www.tuasaude.com\/news\/wp-json\/wp\/v2\/tags?post=28785"}],"curies":[{"name":"wp","href":"https:\/\/api.w.org\/{rel}","templated":true}]}}