{"id":28766,"date":"2026-04-27T17:50:00","date_gmt":"2026-04-27T20:50:00","guid":{"rendered":"https:\/\/www.tuasaude.com\/news\/?p=28766"},"modified":"2026-04-26T16:39:41","modified_gmt":"2026-04-26T19:39:41","slug":"queda-de-cabelo-alem-do-normal-nao-e-apenas-estetica-e-um-sinal-fisiologico-de-que-seu-organismo-pode-estar-em-deficiencia-nutricional-ou-desequilibrio-hormonal","status":"publish","type":"post","link":"https:\/\/www.tuasaude.com\/news\/2026\/04\/27\/queda-de-cabelo-alem-do-normal-nao-e-apenas-estetica-e-um-sinal-fisiologico-de-que-seu-organismo-pode-estar-em-deficiencia-nutricional-ou-desequilibrio-hormonal\/","title":{"rendered":"Queda de cabelo al\u00e9m do normal n\u00e3o \u00e9 apenas est\u00e9tica: \u00e9 um sinal fisiol\u00f3gico de que seu organismo pode estar em defici\u00eancia nutricional ou desequil\u00edbrio hormonal"},"content":{"rendered":"\n<p>Perder at\u00e9 100 fios por dia \u00e9 considerado normal, mas quando a queda ultrapassa esse limite e persiste por semanas, deixa de ser apenas uma quest\u00e3o est\u00e9tica. A alopecia difusa, marcada pelo afinamento generalizado dos fios, costuma ser um dos primeiros sinais vis\u00edveis de hipotireoidismo, defici\u00eancia de ferro e estresse oxidativo cr\u00f4nico. Identificar o padr\u00e3o da queda e investigar a causa \u00e9 o passo essencial para um tratamento que realmente funciona.<\/p>\n\n\n\n<h2 class=\"wp-block-heading\">O que diferencia a queda de cabelo normal da patol\u00f3gica?<\/h2>\n\n\n\n<p>O ciclo capilar prev\u00ea que cerca de 85% dos fios estejam em fase de crescimento e 15% em fase de repouso, com renova\u00e7\u00e3o cont\u00ednua. A perda de at\u00e9 100 fios por dia faz parte desse processo natural e n\u00e3o compromete a densidade capilar.<\/p>\n\n\n\n<p>A queda passa a ser considerada patol\u00f3gica quando o volume aumenta de forma vis\u00edvel, persiste por mais de tr\u00eas meses ou provoca afinamento percept\u00edvel em \u00e1reas espec\u00edficas. O surgimento de fios em roupas, travesseiros e ralo do banho em quantidade incomum \u00e9 um dos primeiros ind\u00edcios de que algo precisa ser investigado.<\/p>\n\n\n\n<h2 class=\"wp-block-heading\">Quais padr\u00f5es de queda merecem aten\u00e7\u00e3o?<\/h2>\n\n\n\n<p>O modo como o cabelo cai oferece pistas importantes sobre a causa. Cada tipo de alopecia apresenta caracter\u00edsticas espec\u00edficas que orientam o diagn\u00f3stico e o tratamento mais adequado.<\/p>\n\n\n\n<p>Os principais padr\u00f5es reconhecidos pela dermatologia s\u00e3o:<\/p>\n\n\n<div class=\"wp-block-image\">\n<figure class=\"aligncenter size-large\"><img decoding=\"async\" width=\"1024\" height=\"402\" src=\"https:\/\/www.tuasaude.com\/news\/wp-content\/uploads\/2026\/04\/convertido-60-9-1024x402.jpg\" alt=\"Quais padr\u00f5es de queda merecem aten\u00e7\u00e3o?\" class=\"wp-image-28783\" srcset=\"https:\/\/www.tuasaude.com\/news\/wp-content\/uploads\/2026\/04\/convertido-60-9-1024x402.jpg 1024w, https:\/\/www.tuasaude.com\/news\/wp-content\/uploads\/2026\/04\/convertido-60-9-300x118.jpg 300w, https:\/\/www.tuasaude.com\/news\/wp-content\/uploads\/2026\/04\/convertido-60-9-768x301.jpg 768w, https:\/\/www.tuasaude.com\/news\/wp-content\/uploads\/2026\/04\/convertido-60-9-750x294.jpg 750w, https:\/\/www.tuasaude.com\/news\/wp-content\/uploads\/2026\/04\/convertido-60-9-1140x447.jpg 1140w, https:\/\/www.tuasaude.com\/news\/wp-content\/uploads\/2026\/04\/convertido-60-9.jpg 1280w\" sizes=\"(max-width: 1024px) 100vw, 1024px\" \/><figcaption class=\"wp-element-caption\">Quais padr\u00f5es de queda merecem aten\u00e7\u00e3o?<\/figcaption><\/figure>\n<\/div>\n\n\n<p>Identificar o padr\u00e3o correto \u00e9 o primeiro passo para que o tratamento da <a href=\"https:\/\/www.tuasaude.com\/alopecia\/\" target=\"_blank\" rel=\"noreferrer noopener\">alopecia<\/a> seja realmente eficaz.<\/p>\n\n\n\n<h2 class=\"wp-block-heading\">Como defici\u00eancias nutricionais e hormonais provocam a queda?<\/h2>\n\n\n\n<p>O fol\u00edculo piloso possui uma das maiores taxas de divis\u00e3o celular do organismo e depende de nutrientes espec\u00edficos para manter a produ\u00e7\u00e3o dos fios. Quando faltam ferro, zinco, vitamina D, biotina ou prote\u00edna, o ciclo capilar se desorganiza e a queda aumenta.<\/p>\n\n\n\n<p>O equil\u00edbrio hormonal tamb\u00e9m \u00e9 determinante. Altera\u00e7\u00f5es na tireoide, oscila\u00e7\u00f5es de estrog\u00eanio na menopausa, p\u00f3s-parto e s\u00edndrome dos ov\u00e1rios polic\u00edsticos afetam diretamente o ciclo de crescimento, podendo desencadear <a href=\"https:\/\/www.tuasaude.com\/queda-de-cabelo-o-que-fazer\/\" target=\"_blank\" rel=\"noreferrer noopener\">queda de cabelo<\/a> intensa em ambos os sexos.<\/p>\n\n\n\n<h2 class=\"wp-block-heading\">O que diz a ci\u00eancia sobre tireoide e queda de cabelo?<\/h2>\n\n\n\n<p>Pesquisas recentes v\u00eam quantificando com precis\u00e3o o impacto das altera\u00e7\u00f5es hormonais sobre os fios. O hipotireoidismo, em especial, aparece como um dos principais fatores revers\u00edveis associados \u00e0 queda difusa.<\/p>\n\n\n\n<p>Segundo o estudo <a href=\"https:\/\/pmc.ncbi.nlm.nih.gov\/articles\/PMC10766245\/\" target=\"_blank\" rel=\"noreferrer noopener\">Is thyroid dysfunction a common cause of telogen effluvium?<\/a>, publicado na revista Medicine e indexado na National Library of Medicine, a an\u00e1lise de 500 pacientes com efl\u00favio tel\u00f3geno revelou que 30% apresentavam hipotireoidismo e 20% tinham hipertireoidismo. As pacientes com hipotireoidismo apresentaram quadros significativamente mais graves de queda capilar, o que refor\u00e7a a import\u00e2ncia de incluir a avalia\u00e7\u00e3o da tireoide na investiga\u00e7\u00e3o rotineira da alopecia difusa.<\/p>\n\n\n<div class=\"wp-block-image\">\n<figure class=\"aligncenter size-large\"><img decoding=\"async\" width=\"1024\" height=\"571\" src=\"https:\/\/www.tuasaude.com\/news\/wp-content\/uploads\/2026\/04\/freepik_illustration-nonphotoreal_2868775581-1024x571.jpg\" alt=\"Queda de cabelo al\u00e9m do normal n\u00e3o \u00e9 apenas est\u00e9tica: \u00e9 um sinal fisiol\u00f3gico de que seu organismo pode estar em defici\u00eancia nutricional ou desequil\u00edbrio hormonal\" class=\"wp-image-28887\" srcset=\"https:\/\/www.tuasaude.com\/news\/wp-content\/uploads\/2026\/04\/freepik_illustration-nonphotoreal_2868775581-1024x571.jpg 1024w, https:\/\/www.tuasaude.com\/news\/wp-content\/uploads\/2026\/04\/freepik_illustration-nonphotoreal_2868775581-300x167.jpg 300w, https:\/\/www.tuasaude.com\/news\/wp-content\/uploads\/2026\/04\/freepik_illustration-nonphotoreal_2868775581-768x428.jpg 768w, https:\/\/www.tuasaude.com\/news\/wp-content\/uploads\/2026\/04\/freepik_illustration-nonphotoreal_2868775581-750x418.jpg 750w, https:\/\/www.tuasaude.com\/news\/wp-content\/uploads\/2026\/04\/freepik_illustration-nonphotoreal_2868775581-1140x636.jpg 1140w, https:\/\/www.tuasaude.com\/news\/wp-content\/uploads\/2026\/04\/freepik_illustration-nonphotoreal_2868775581.jpg 1280w\" sizes=\"(max-width: 1024px) 100vw, 1024px\" \/><figcaption class=\"wp-element-caption\">Defici\u00eancias de ferro, vitamina D e altera\u00e7\u00f5es hormonais s\u00e3o causas comuns de queda de cabelo patol\u00f3gica.<\/figcaption><\/figure>\n<\/div>\n\n\n<h2 class=\"wp-block-heading\">Quais exames investigam a causa da queda capilar?<\/h2>\n\n\n\n<p>A boa not\u00edcia \u00e9 que muitas causas de queda excessiva podem ser identificadas com exames laboratoriais simples. A investiga\u00e7\u00e3o inicial costuma esclarecer o quadro e orientar a conduta m\u00e9dica adequada.<\/p>\n\n\n\n<p>Os exames mais indicados na investiga\u00e7\u00e3o inicial incluem:<\/p>\n\n\n\n<ul class=\"wp-block-list\">\n<li><strong>Hemograma completo<\/strong>: avalia a presen\u00e7a de anemia e outras altera\u00e7\u00f5es hematol\u00f3gicas.<\/li>\n\n\n\n<li><strong>Ferritina e ferro s\u00e9rico<\/strong>: identificam defici\u00eancia de ferro, mesmo sem anemia instalada.<\/li>\n\n\n\n<li><strong>TSH, T4 livre e T3 livre<\/strong>: rastreiam disfun\u00e7\u00f5es da tireoide.<\/li>\n\n\n\n<li><strong>Vitamina D, vitamina B12 e zinco<\/strong>: detectam defici\u00eancias nutricionais comuns.<\/li>\n\n\n\n<li><strong>Horm\u00f4nios sexuais<\/strong>: incluem testosterona, DHEA-S e prolactina, especialmente em mulheres.<\/li>\n\n\n\n<li><strong>Teste de tra\u00e7\u00e3o e dermatoscopia<\/strong>: avaliam a intensidade da queda e o estado do fol\u00edculo piloso.<\/li>\n<\/ul>\n\n\n\n<p>Quando a causa \u00e9 identificada cedo, o quadro costuma ser revers\u00edvel com o tratamento adequado, que pode incluir reposi\u00e7\u00e3o nutricional, ajuste hormonal e cuidados espec\u00edficos com o couro cabeludo orientados pelo dermatologista.<\/p>\n\n\n\n<p><em>Este conte\u00fado tem car\u00e1ter exclusivamente informativo e n\u00e3o substitui a avalia\u00e7\u00e3o m\u00e9dica individualizada. Consulte sempre um profissional de sa\u00fade qualificado para diagn\u00f3stico e tratamento adequados ao seu caso.<\/em><\/p>\n","protected":false},"excerpt":{"rendered":"<p>Perder at\u00e9 100 fios por dia \u00e9 considerado normal, mas quando a queda ultrapassa esse limite e persiste por semanas, deixa de ser apenas uma quest\u00e3o est\u00e9tica. A alopecia difusa, marcada pelo afinamento generalizado dos fios, costuma ser um dos primeiros sinais vis\u00edveis de hipotireoidismo, defici\u00eancia de ferro e estresse oxidativo cr\u00f4nico. Identificar o padr\u00e3o [&hellip;]<\/p>\n","protected":false},"author":11,"featured_media":28886,"comment_status":"open","ping_status":"open","sticky":false,"template":"","format":"standard","meta":{"_yoast_wpseo_focuskw":"queda de cabelo","_yoast_wpseo_title":"","_yoast_wpseo_metadesc":"Queda de cabelo persistente pode estar ligada \u00e0 tireoide, defici\u00eancia de ferro ou altera\u00e7\u00f5es hormonais importantes.","jnews-multi-image_gallery":[],"jnews_single_post":{"format":"standard"},"jnews_primary_category":[],"jnews_social_meta":[],"jnews_override_counter":[],"footnotes":""},"categories":[111],"tags":[3264,1753,630,136],"class_list":["post-28766","post","type-post","status-publish","format-standard","has-post-thumbnail","hentry","category-saude","tag-deficiencia-nutricional","tag-desequilibrio-hormonal","tag-queda-de-cabelo","tag-saude"],"yoast_head":"<!-- This site is optimized with the Yoast SEO plugin v26.7 - https:\/\/yoast.com\/wordpress\/plugins\/seo\/ -->\n<title>Queda de cabelo al\u00e9m do normal n\u00e3o \u00e9 apenas est\u00e9tica: \u00e9 um sinal fisiol\u00f3gico de que seu organismo pode estar em defici\u00eancia nutricional ou desequil\u00edbrio hormonal - Tua Sa\u00fade<\/title>\n<meta name=\"description\" content=\"Queda de cabelo persistente pode estar ligada \u00e0 tireoide, defici\u00eancia de ferro ou altera\u00e7\u00f5es hormonais importantes.\" \/>\n<meta name=\"robots\" content=\"index, follow, max-snippet:-1, max-image-preview:large, max-video-preview:-1\" \/>\n<link rel=\"canonical\" href=\"https:\/\/www.tuasaude.com\/news\/2026\/04\/27\/queda-de-cabelo-alem-do-normal-nao-e-apenas-estetica-e-um-sinal-fisiologico-de-que-seu-organismo-pode-estar-em-deficiencia-nutricional-ou-desequilibrio-hormonal\/\" \/>\n<meta property=\"og:locale\" content=\"pt_BR\" \/>\n<meta property=\"og:type\" content=\"article\" \/>\n<meta property=\"og:title\" content=\"Queda de cabelo al\u00e9m do normal n\u00e3o \u00e9 apenas est\u00e9tica: \u00e9 um sinal fisiol\u00f3gico de que seu organismo pode estar em defici\u00eancia nutricional ou desequil\u00edbrio hormonal - Tua Sa\u00fade\" \/>\n<meta property=\"og:description\" content=\"Queda de cabelo persistente pode estar ligada \u00e0 tireoide, defici\u00eancia de ferro ou altera\u00e7\u00f5es hormonais importantes.\" \/>\n<meta property=\"og:url\" content=\"https:\/\/www.tuasaude.com\/news\/2026\/04\/27\/queda-de-cabelo-alem-do-normal-nao-e-apenas-estetica-e-um-sinal-fisiologico-de-que-seu-organismo-pode-estar-em-deficiencia-nutricional-ou-desequilibrio-hormonal\/\" \/>\n<meta property=\"og:site_name\" content=\"Tua Sa\u00fade\" \/>\n<meta property=\"article:published_time\" content=\"2026-04-27T20:50:00+00:00\" \/>\n<meta property=\"og:image\" content=\"https:\/\/www.tuasaude.com\/news\/wp-content\/uploads\/2026\/04\/freepik_illustration-nonphotoreal_2868775382.jpg\" \/>\n\t<meta property=\"og:image:width\" content=\"1280\" \/>\n\t<meta property=\"og:image:height\" content=\"714\" \/>\n\t<meta property=\"og:image:type\" content=\"image\/jpeg\" \/>\n<meta name=\"author\" content=\"Gessika Julia Carvalho\" \/>\n<meta name=\"twitter:card\" content=\"summary_large_image\" \/>\n<meta name=\"twitter:label1\" content=\"Escrito por\" \/>\n\t<meta name=\"twitter:data1\" content=\"Gessika Julia Carvalho\" \/>\n\t<meta name=\"twitter:label2\" content=\"Est. tempo de leitura\" \/>\n\t<meta name=\"twitter:data2\" content=\"5 minutos\" \/>\n<!-- \/ Yoast SEO plugin. -->","yoast_head_json":{"title":"Queda de cabelo al\u00e9m do normal n\u00e3o \u00e9 apenas est\u00e9tica: \u00e9 um sinal fisiol\u00f3gico de que seu organismo pode estar em defici\u00eancia nutricional ou desequil\u00edbrio hormonal - Tua Sa\u00fade","description":"Queda de cabelo persistente pode estar ligada \u00e0 tireoide, defici\u00eancia de ferro ou altera\u00e7\u00f5es hormonais importantes.","robots":{"index":"index","follow":"follow","max-snippet":"max-snippet:-1","max-image-preview":"max-image-preview:large","max-video-preview":"max-video-preview:-1"},"canonical":"https:\/\/www.tuasaude.com\/news\/2026\/04\/27\/queda-de-cabelo-alem-do-normal-nao-e-apenas-estetica-e-um-sinal-fisiologico-de-que-seu-organismo-pode-estar-em-deficiencia-nutricional-ou-desequilibrio-hormonal\/","og_locale":"pt_BR","og_type":"article","og_title":"Queda de cabelo al\u00e9m do normal n\u00e3o \u00e9 apenas est\u00e9tica: \u00e9 um sinal fisiol\u00f3gico de que seu organismo pode estar em defici\u00eancia nutricional ou desequil\u00edbrio hormonal - Tua Sa\u00fade","og_description":"Queda de cabelo persistente pode estar ligada \u00e0 tireoide, defici\u00eancia de ferro ou altera\u00e7\u00f5es hormonais importantes.","og_url":"https:\/\/www.tuasaude.com\/news\/2026\/04\/27\/queda-de-cabelo-alem-do-normal-nao-e-apenas-estetica-e-um-sinal-fisiologico-de-que-seu-organismo-pode-estar-em-deficiencia-nutricional-ou-desequilibrio-hormonal\/","og_site_name":"Tua Sa\u00fade","article_published_time":"2026-04-27T20:50:00+00:00","og_image":[{"width":1280,"height":714,"url":"https:\/\/www.tuasaude.com\/news\/wp-content\/uploads\/2026\/04\/freepik_illustration-nonphotoreal_2868775382.jpg","type":"image\/jpeg"}],"author":"Gessika Julia Carvalho","twitter_card":"summary_large_image","twitter_misc":{"Escrito por":"Gessika Julia Carvalho","Est. tempo de leitura":"5 minutos"},"schema":{"@context":"https:\/\/schema.org","@graph":[{"@type":"Article","@id":"https:\/\/www.tuasaude.com\/news\/2026\/04\/27\/queda-de-cabelo-alem-do-normal-nao-e-apenas-estetica-e-um-sinal-fisiologico-de-que-seu-organismo-pode-estar-em-deficiencia-nutricional-ou-desequilibrio-hormonal\/#article","isPartOf":{"@id":"https:\/\/www.tuasaude.com\/news\/2026\/04\/27\/queda-de-cabelo-alem-do-normal-nao-e-apenas-estetica-e-um-sinal-fisiologico-de-que-seu-organismo-pode-estar-em-deficiencia-nutricional-ou-desequilibrio-hormonal\/"},"author":{"name":"Gessika Julia Carvalho","@id":"https:\/\/www.tuasaude.com\/news\/#\/schema\/person\/2e9df841be69ec84f5d20ddb8d273ac2"},"headline":"Queda de cabelo al\u00e9m do normal n\u00e3o \u00e9 apenas est\u00e9tica: \u00e9 um sinal fisiol\u00f3gico de que seu organismo pode estar em defici\u00eancia nutricional ou desequil\u00edbrio hormonal","datePublished":"2026-04-27T20:50:00+00:00","mainEntityOfPage":{"@id":"https:\/\/www.tuasaude.com\/news\/2026\/04\/27\/queda-de-cabelo-alem-do-normal-nao-e-apenas-estetica-e-um-sinal-fisiologico-de-que-seu-organismo-pode-estar-em-deficiencia-nutricional-ou-desequilibrio-hormonal\/"},"wordCount":722,"commentCount":0,"image":{"@id":"https:\/\/www.tuasaude.com\/news\/2026\/04\/27\/queda-de-cabelo-alem-do-normal-nao-e-apenas-estetica-e-um-sinal-fisiologico-de-que-seu-organismo-pode-estar-em-deficiencia-nutricional-ou-desequilibrio-hormonal\/#primaryimage"},"thumbnailUrl":"https:\/\/www.tuasaude.com\/news\/wp-content\/uploads\/2026\/04\/freepik_illustration-nonphotoreal_2868775382.jpg","keywords":["defici\u00eancia nutricional","desequil\u00edbrio hormonal","queda de cabelo","sa\u00fade"],"articleSection":["Sa\u00fade"],"inLanguage":"pt-BR","potentialAction":[{"@type":"CommentAction","name":"Comment","target":["https:\/\/www.tuasaude.com\/news\/2026\/04\/27\/queda-de-cabelo-alem-do-normal-nao-e-apenas-estetica-e-um-sinal-fisiologico-de-que-seu-organismo-pode-estar-em-deficiencia-nutricional-ou-desequilibrio-hormonal\/#respond"]}]},{"@type":"WebPage","@id":"https:\/\/www.tuasaude.com\/news\/2026\/04\/27\/queda-de-cabelo-alem-do-normal-nao-e-apenas-estetica-e-um-sinal-fisiologico-de-que-seu-organismo-pode-estar-em-deficiencia-nutricional-ou-desequilibrio-hormonal\/","url":"https:\/\/www.tuasaude.com\/news\/2026\/04\/27\/queda-de-cabelo-alem-do-normal-nao-e-apenas-estetica-e-um-sinal-fisiologico-de-que-seu-organismo-pode-estar-em-deficiencia-nutricional-ou-desequilibrio-hormonal\/","name":"Queda de cabelo al\u00e9m do normal n\u00e3o \u00e9 apenas est\u00e9tica: \u00e9 um sinal fisiol\u00f3gico de que seu organismo pode estar em defici\u00eancia nutricional ou desequil\u00edbrio hormonal - Tua Sa\u00fade","isPartOf":{"@id":"https:\/\/www.tuasaude.com\/news\/#website"},"primaryImageOfPage":{"@id":"https:\/\/www.tuasaude.com\/news\/2026\/04\/27\/queda-de-cabelo-alem-do-normal-nao-e-apenas-estetica-e-um-sinal-fisiologico-de-que-seu-organismo-pode-estar-em-deficiencia-nutricional-ou-desequilibrio-hormonal\/#primaryimage"},"image":{"@id":"https:\/\/www.tuasaude.com\/news\/2026\/04\/27\/queda-de-cabelo-alem-do-normal-nao-e-apenas-estetica-e-um-sinal-fisiologico-de-que-seu-organismo-pode-estar-em-deficiencia-nutricional-ou-desequilibrio-hormonal\/#primaryimage"},"thumbnailUrl":"https:\/\/www.tuasaude.com\/news\/wp-content\/uploads\/2026\/04\/freepik_illustration-nonphotoreal_2868775382.jpg","datePublished":"2026-04-27T20:50:00+00:00","author":{"@id":"https:\/\/www.tuasaude.com\/news\/#\/schema\/person\/2e9df841be69ec84f5d20ddb8d273ac2"},"description":"Queda de cabelo persistente pode estar ligada \u00e0 tireoide, defici\u00eancia de ferro ou altera\u00e7\u00f5es hormonais importantes.","breadcrumb":{"@id":"https:\/\/www.tuasaude.com\/news\/2026\/04\/27\/queda-de-cabelo-alem-do-normal-nao-e-apenas-estetica-e-um-sinal-fisiologico-de-que-seu-organismo-pode-estar-em-deficiencia-nutricional-ou-desequilibrio-hormonal\/#breadcrumb"},"inLanguage":"pt-BR","potentialAction":[{"@type":"ReadAction","target":["https:\/\/www.tuasaude.com\/news\/2026\/04\/27\/queda-de-cabelo-alem-do-normal-nao-e-apenas-estetica-e-um-sinal-fisiologico-de-que-seu-organismo-pode-estar-em-deficiencia-nutricional-ou-desequilibrio-hormonal\/"]}]},{"@type":"ImageObject","inLanguage":"pt-BR","@id":"https:\/\/www.tuasaude.com\/news\/2026\/04\/27\/queda-de-cabelo-alem-do-normal-nao-e-apenas-estetica-e-um-sinal-fisiologico-de-que-seu-organismo-pode-estar-em-deficiencia-nutricional-ou-desequilibrio-hormonal\/#primaryimage","url":"https:\/\/www.tuasaude.com\/news\/wp-content\/uploads\/2026\/04\/freepik_illustration-nonphotoreal_2868775382.jpg","contentUrl":"https:\/\/www.tuasaude.com\/news\/wp-content\/uploads\/2026\/04\/freepik_illustration-nonphotoreal_2868775382.jpg","width":1280,"height":714,"caption":"Perder at\u00e9 100 fios por dia \u00e9 normal, mas queda excessiva e persistente pode indicar problemas de sa\u00fade."},{"@type":"BreadcrumbList","@id":"https:\/\/www.tuasaude.com\/news\/2026\/04\/27\/queda-de-cabelo-alem-do-normal-nao-e-apenas-estetica-e-um-sinal-fisiologico-de-que-seu-organismo-pode-estar-em-deficiencia-nutricional-ou-desequilibrio-hormonal\/#breadcrumb","itemListElement":[{"@type":"ListItem","position":1,"name":"In\u00edcio","item":"https:\/\/www.tuasaude.com\/news\/"},{"@type":"ListItem","position":2,"name":"Queda de cabelo al\u00e9m do normal n\u00e3o \u00e9 apenas est\u00e9tica: \u00e9 um sinal fisiol\u00f3gico de que seu organismo pode estar em defici\u00eancia nutricional ou desequil\u00edbrio hormonal"}]},{"@type":"WebSite","@id":"https:\/\/www.tuasaude.com\/news\/#website","url":"https:\/\/www.tuasaude.com\/news\/","name":"Tua Sa\u00fade","description":"Seu site de sa\u00fade","potentialAction":[{"@type":"SearchAction","target":{"@type":"EntryPoint","urlTemplate":"https:\/\/www.tuasaude.com\/news\/?s={search_term_string}"},"query-input":{"@type":"PropertyValueSpecification","valueRequired":true,"valueName":"search_term_string"}}],"inLanguage":"pt-BR"},{"@type":"Person","@id":"https:\/\/www.tuasaude.com\/news\/#\/schema\/person\/2e9df841be69ec84f5d20ddb8d273ac2","name":"Gessika Julia Carvalho","image":{"@type":"ImageObject","inLanguage":"pt-BR","@id":"https:\/\/www.tuasaude.com\/news\/#\/schema\/person\/image\/","url":"https:\/\/secure.gravatar.com\/avatar\/0fcc8769024577fd0bc6a8b766055690f76a8e8f29dfb2a2f89cf04db8d0f2d2?s=96&d=mm&r=g","contentUrl":"https:\/\/secure.gravatar.com\/avatar\/0fcc8769024577fd0bc6a8b766055690f76a8e8f29dfb2a2f89cf04db8d0f2d2?s=96&d=mm&r=g","caption":"Gessika Julia Carvalho"},"sameAs":["https:\/\/www.tuasaude.com\/news\/"],"url":"https:\/\/www.tuasaude.com\/news\/author\/gessika-julia\/"}]}},"_links":{"self":[{"href":"https:\/\/www.tuasaude.com\/news\/wp-json\/wp\/v2\/posts\/28766","targetHints":{"allow":["GET"]}}],"collection":[{"href":"https:\/\/www.tuasaude.com\/news\/wp-json\/wp\/v2\/posts"}],"about":[{"href":"https:\/\/www.tuasaude.com\/news\/wp-json\/wp\/v2\/types\/post"}],"author":[{"embeddable":true,"href":"https:\/\/www.tuasaude.com\/news\/wp-json\/wp\/v2\/users\/11"}],"replies":[{"embeddable":true,"href":"https:\/\/www.tuasaude.com\/news\/wp-json\/wp\/v2\/comments?post=28766"}],"version-history":[{"count":2,"href":"https:\/\/www.tuasaude.com\/news\/wp-json\/wp\/v2\/posts\/28766\/revisions"}],"predecessor-version":[{"id":28926,"href":"https:\/\/www.tuasaude.com\/news\/wp-json\/wp\/v2\/posts\/28766\/revisions\/28926"}],"wp:featuredmedia":[{"embeddable":true,"href":"https:\/\/www.tuasaude.com\/news\/wp-json\/wp\/v2\/media\/28886"}],"wp:attachment":[{"href":"https:\/\/www.tuasaude.com\/news\/wp-json\/wp\/v2\/media?parent=28766"}],"wp:term":[{"taxonomy":"category","embeddable":true,"href":"https:\/\/www.tuasaude.com\/news\/wp-json\/wp\/v2\/categories?post=28766"},{"taxonomy":"post_tag","embeddable":true,"href":"https:\/\/www.tuasaude.com\/news\/wp-json\/wp\/v2\/tags?post=28766"}],"curies":[{"name":"wp","href":"https:\/\/api.w.org\/{rel}","templated":true}]}}