{"id":28707,"date":"2026-04-27T18:20:00","date_gmt":"2026-04-27T21:20:00","guid":{"rendered":"https:\/\/www.tuasaude.com\/news\/?p=28707"},"modified":"2026-04-26T16:39:42","modified_gmt":"2026-04-26T19:39:42","slug":"esquecer-palavras-com-frequencia-pode-indicar-problemas-de-saude-subjacentes-em-adultos-antes-dos-60-anos","status":"publish","type":"post","link":"https:\/\/www.tuasaude.com\/news\/2026\/04\/27\/esquecer-palavras-com-frequencia-pode-indicar-problemas-de-saude-subjacentes-em-adultos-antes-dos-60-anos\/","title":{"rendered":"Esquecer palavras com frequ\u00eancia pode indicar problemas de sa\u00fade subjacentes em adultos antes dos 60 anos"},"content":{"rendered":"\n<p>Sentir a palavra &#8220;presa na ponta da l\u00edngua&#8221; de vez em quando \u00e9 uma experi\u00eancia comum, mas quando o esquecimento se torna frequente em adultos antes dos 60 anos, pode ser um sinal de que algo est\u00e1 afetando o desempenho cerebral. Priva\u00e7\u00e3o de sono, estresse cr\u00f4nico, defici\u00eancias nutricionais e at\u00e9 decl\u00ednio cognitivo precoce podem estar por tr\u00e1s dessas falhas. Saber diferenciar o lapso ocasional do quadro que merece avalia\u00e7\u00e3o especializada \u00e9 o primeiro passo para preservar a sa\u00fade mental.<\/p>\n\n\n\n<h2 class=\"wp-block-heading\">O que diferencia o esquecimento normal do preocupante?<\/h2>\n\n\n\n<p>O c\u00e9rebro tem capacidade limitada de processar informa\u00e7\u00f5es ao mesmo tempo, e pequenos lapsos fazem parte do funcionamento natural. Demorar alguns segundos para lembrar um nome ou esquecer onde colocou as chaves n\u00e3o indica doen\u00e7a, especialmente em per\u00edodos de cansa\u00e7o ou sobrecarga mental.<\/p>\n\n\n\n<p>O sinal de alerta surge quando os esquecimentos passam a interferir nas atividades di\u00e1rias, repetem-se com frequ\u00eancia crescente ou v\u00eam acompanhados de desorienta\u00e7\u00e3o, dificuldade em acompanhar conversas e necessidade constante de anota\u00e7\u00f5es. Nesses casos, a avalia\u00e7\u00e3o neuropsicol\u00f3gica \u00e9 indicada.<\/p>\n\n\n\n<h2 class=\"wp-block-heading\">Quais fatores aceleram a dificuldade de encontrar palavras?<\/h2>\n\n\n\n<p>V\u00e1rios fatores do estilo de vida moderno comprometem a velocidade de processamento cerebral e a capacidade de recuperar palavras durante a fala. Identific\u00e1-los ajuda a entender quando o problema pode ser revertido com mudan\u00e7as simples.<\/p>\n\n\n\n<p>Entre os principais fatores de risco em adultos antes dos 60 anos, destacam-se:<\/p>\n\n\n<div class=\"wp-block-image\">\n<figure class=\"aligncenter size-large\"><img decoding=\"async\" width=\"1024\" height=\"589\" src=\"https:\/\/www.tuasaude.com\/news\/wp-content\/uploads\/2026\/04\/convertido-55-10-1024x589.jpg\" alt=\"Quais fatores aceleram a dificuldade de encontrar palavras?\" class=\"wp-image-28708\" srcset=\"https:\/\/www.tuasaude.com\/news\/wp-content\/uploads\/2026\/04\/convertido-55-10-1024x589.jpg 1024w, https:\/\/www.tuasaude.com\/news\/wp-content\/uploads\/2026\/04\/convertido-55-10-300x173.jpg 300w, https:\/\/www.tuasaude.com\/news\/wp-content\/uploads\/2026\/04\/convertido-55-10-768x442.jpg 768w, https:\/\/www.tuasaude.com\/news\/wp-content\/uploads\/2026\/04\/convertido-55-10-750x431.jpg 750w, https:\/\/www.tuasaude.com\/news\/wp-content\/uploads\/2026\/04\/convertido-55-10-1140x656.jpg 1140w, https:\/\/www.tuasaude.com\/news\/wp-content\/uploads\/2026\/04\/convertido-55-10.jpg 1280w\" sizes=\"(max-width: 1024px) 100vw, 1024px\" \/><figcaption class=\"wp-element-caption\">Quais fatores aceleram a dificuldade de encontrar palavras?<\/figcaption><\/figure>\n<\/div>\n\n\n<p>Muitas dessas causas s\u00e3o revers\u00edveis quando identificadas a tempo, o que refor\u00e7a a import\u00e2ncia da investiga\u00e7\u00e3o cl\u00ednica precoce.<\/p>\n\n\n\n<h2 class=\"wp-block-heading\">Como o estresse e a priva\u00e7\u00e3o de sono afetam a mem\u00f3ria verbal?<\/h2>\n\n\n\n<p>O sono \u00e9 o per\u00edodo em que o c\u00e9rebro consolida as mem\u00f3rias e organiza o vocabul\u00e1rio aprendido. Quando o descanso \u00e9 insuficiente ou fragmentado, a capacidade de recuperar palavras durante o dia diminui visivelmente, gerando a sensa\u00e7\u00e3o de &#8220;branco mental&#8221;.<\/p>\n\n\n\n<p>O estresse cr\u00f4nico tem efeito semelhante. A libera\u00e7\u00e3o cont\u00ednua de cortisol prejudica o hipocampo e a comunica\u00e7\u00e3o entre regi\u00f5es cerebrais respons\u00e1veis pela linguagem, contribuindo para a <a href=\"https:\/\/www.tuasaude.com\/como-evitar-a-perda-da-memoria\/\" target=\"_blank\" rel=\"noreferrer noopener\">perda de mem\u00f3ria<\/a> recente e dificuldade de concentra\u00e7\u00e3o.<\/p>\n\n\n\n<h2 class=\"wp-block-heading\">O que diz a ci\u00eancia sobre priva\u00e7\u00e3o de sono e fun\u00e7\u00e3o cognitiva em adultos jovens?<\/h2>\n\n\n\n<p>Estudos recentes t\u00eam refor\u00e7ado que a m\u00e1 qualidade do sono em adultos jovens n\u00e3o \u00e9 um problema apenas de cansa\u00e7o, mas afeta diretamente o desempenho cognitivo. A rela\u00e7\u00e3o aparece de forma consistente em pesquisas com diferentes popula\u00e7\u00f5es.<\/p>\n\n\n\n<p>Segundo o estudo <a href=\"https:\/\/www.ncbi.nlm.nih.gov\/pmc\/articles\/PMC12145483\/\" target=\"_blank\" rel=\"noreferrer noopener\">The Impact of Sleep Deprivation on Brain Fog, Cognitive Decline, and Cardiovascular Risk in Young Adults<\/a>, publicado na revista Cureus e indexado na National Library of Medicine, adultos entre 18 e 30 anos com sono insuficiente apresentaram pontua\u00e7\u00f5es significativamente mais altas em falhas cognitivas e maior percep\u00e7\u00e3o de estresse. A pesquisa avaliou 300 participantes e concluiu que a priva\u00e7\u00e3o cr\u00f4nica de sono est\u00e1 associada \u00e0 n\u00e9voa mental, queda no desempenho cognitivo e sinais precoces de decl\u00ednio mental, mesmo em pessoas saud\u00e1veis.<\/p>\n\n\n<div class=\"wp-block-image\">\n<figure class=\"aligncenter size-large\"><img decoding=\"async\" width=\"1024\" height=\"571\" src=\"https:\/\/www.tuasaude.com\/news\/wp-content\/uploads\/2026\/04\/freepik_illustration-nonphotoreal_2868777143-1024x571.jpg\" alt=\"Esquecer palavras com frequ\u00eancia pode indicar problemas de sa\u00fade subjacentes em adultos antes dos 60 anos\" class=\"wp-image-28891\" srcset=\"https:\/\/www.tuasaude.com\/news\/wp-content\/uploads\/2026\/04\/freepik_illustration-nonphotoreal_2868777143-1024x571.jpg 1024w, https:\/\/www.tuasaude.com\/news\/wp-content\/uploads\/2026\/04\/freepik_illustration-nonphotoreal_2868777143-300x167.jpg 300w, https:\/\/www.tuasaude.com\/news\/wp-content\/uploads\/2026\/04\/freepik_illustration-nonphotoreal_2868777143-768x428.jpg 768w, https:\/\/www.tuasaude.com\/news\/wp-content\/uploads\/2026\/04\/freepik_illustration-nonphotoreal_2868777143-750x418.jpg 750w, https:\/\/www.tuasaude.com\/news\/wp-content\/uploads\/2026\/04\/freepik_illustration-nonphotoreal_2868777143-1140x636.jpg 1140w, https:\/\/www.tuasaude.com\/news\/wp-content\/uploads\/2026\/04\/freepik_illustration-nonphotoreal_2868777143.jpg 1280w\" sizes=\"(max-width: 1024px) 100vw, 1024px\" \/><figcaption class=\"wp-element-caption\">O esquecimento ocasional \u00e9 normal, mas lapsos frequentes e desorienta\u00e7\u00e3o merecem investiga\u00e7\u00e3o neuropsicol\u00f3gica.<\/figcaption><\/figure>\n<\/div>\n\n\n<h2 class=\"wp-block-heading\">Quando procurar avalia\u00e7\u00e3o neuropsicol\u00f3gica?<\/h2>\n\n\n\n<p>A avalia\u00e7\u00e3o especializada \u00e9 indicada quando os esquecimentos passam a comprometer o trabalho, os estudos ou a vida social. Identificar a causa precocemente permite tratar quadros revers\u00edveis e evitar a progress\u00e3o de condi\u00e7\u00f5es neurodegenerativas.<\/p>\n\n\n\n<p>Os principais sinais que indicam a necessidade de procurar um neurologista, psiquiatra ou neuropsic\u00f3logo s\u00e3o:<\/p>\n\n\n\n<ul class=\"wp-block-list\">\n<li><strong>Esquecimento de eventos recentes<\/strong>: como conversas, compromissos ou tarefas realizadas no mesmo dia.<\/li>\n\n\n\n<li><strong>Repeti\u00e7\u00e3o frequente de perguntas<\/strong>: indica falha na fixa\u00e7\u00e3o das informa\u00e7\u00f5es.<\/li>\n\n\n\n<li><strong>Dificuldade em tarefas habituais<\/strong>: como cozinhar, dirigir ou lidar com finan\u00e7as.<\/li>\n\n\n\n<li><strong>Desorienta\u00e7\u00e3o em locais conhecidos<\/strong>: pode sinalizar comprometimento cognitivo inicial.<\/li>\n\n\n\n<li><strong>Mudan\u00e7as de humor e isolamento social<\/strong>: muitas vezes acompanham altera\u00e7\u00f5es cognitivas.<\/li>\n\n\n\n<li><strong>Familiares percebem as falhas antes da pr\u00f3pria pessoa<\/strong>: sinal cl\u00e1ssico de alerta cl\u00ednico.<\/li>\n<\/ul>\n\n\n\n<p>O diagn\u00f3stico envolve testes de mem\u00f3ria, exames de sangue para excluir <a href=\"https:\/\/www.tuasaude.com\/amnesia\/\" target=\"_blank\" rel=\"noreferrer noopener\">causas trat\u00e1veis de amn\u00e9sia<\/a> e, em casos selecionados, resson\u00e2ncia magn\u00e9tica cerebral.<\/p>\n\n\n\n<p><em>Este conte\u00fado tem car\u00e1ter exclusivamente informativo e n\u00e3o substitui a avalia\u00e7\u00e3o m\u00e9dica individualizada. Consulte sempre um profissional de sa\u00fade qualificado para diagn\u00f3stico e tratamento adequados ao seu caso.<\/em><\/p>\n","protected":false},"excerpt":{"rendered":"<p>Sentir a palavra &#8220;presa na ponta da l\u00edngua&#8221; de vez em quando \u00e9 uma experi\u00eancia comum, mas quando o esquecimento se torna frequente em adultos antes dos 60 anos, pode ser um sinal de que algo est\u00e1 afetando o desempenho cerebral. Priva\u00e7\u00e3o de sono, estresse cr\u00f4nico, defici\u00eancias nutricionais e at\u00e9 decl\u00ednio cognitivo precoce podem estar [&hellip;]<\/p>\n","protected":false},"author":11,"featured_media":28890,"comment_status":"open","ping_status":"open","sticky":false,"template":"","format":"standard","meta":{"_yoast_wpseo_focuskw":"esquecer palavras","_yoast_wpseo_title":"","_yoast_wpseo_metadesc":"Esquecer palavras com frequ\u00eancia pode estar ligado a estresse, sono ruim, vitaminas ou altera\u00e7\u00f5es cognitivas importantes.","jnews-multi-image_gallery":[],"jnews_single_post":{"format":"standard"},"jnews_primary_category":[],"jnews_social_meta":[],"jnews_override_counter":[],"footnotes":""},"categories":[111],"tags":[1621,1068,1026,231],"class_list":["post-28707","post","type-post","status-publish","format-standard","has-post-thumbnail","hentry","category-saude","tag-esquecer-palavras","tag-idosos","tag-memoria","tag-problemas-de-saude"],"yoast_head":"<!-- This site is optimized with the Yoast SEO plugin v26.7 - https:\/\/yoast.com\/wordpress\/plugins\/seo\/ -->\n<title>Esquecer palavras com frequ\u00eancia pode indicar problemas de sa\u00fade subjacentes em adultos antes dos 60 anos - Tua Sa\u00fade<\/title>\n<meta name=\"description\" content=\"Esquecer palavras com frequ\u00eancia pode estar ligado a estresse, sono ruim, vitaminas ou altera\u00e7\u00f5es cognitivas importantes.\" \/>\n<meta name=\"robots\" content=\"index, follow, max-snippet:-1, max-image-preview:large, max-video-preview:-1\" \/>\n<link rel=\"canonical\" href=\"https:\/\/www.tuasaude.com\/news\/2026\/04\/27\/esquecer-palavras-com-frequencia-pode-indicar-problemas-de-saude-subjacentes-em-adultos-antes-dos-60-anos\/\" \/>\n<meta property=\"og:locale\" content=\"pt_BR\" \/>\n<meta property=\"og:type\" content=\"article\" \/>\n<meta property=\"og:title\" content=\"Esquecer palavras com frequ\u00eancia pode indicar problemas de sa\u00fade subjacentes em adultos antes dos 60 anos - Tua Sa\u00fade\" \/>\n<meta property=\"og:description\" content=\"Esquecer palavras com frequ\u00eancia pode estar ligado a estresse, sono ruim, vitaminas ou altera\u00e7\u00f5es cognitivas importantes.\" \/>\n<meta property=\"og:url\" content=\"https:\/\/www.tuasaude.com\/news\/2026\/04\/27\/esquecer-palavras-com-frequencia-pode-indicar-problemas-de-saude-subjacentes-em-adultos-antes-dos-60-anos\/\" \/>\n<meta property=\"og:site_name\" content=\"Tua Sa\u00fade\" \/>\n<meta property=\"article:published_time\" content=\"2026-04-27T21:20:00+00:00\" \/>\n<meta property=\"og:image\" content=\"https:\/\/www.tuasaude.com\/news\/wp-content\/uploads\/2026\/04\/freepik_illustration-nonphotoreal_2868776889.jpg\" \/>\n\t<meta property=\"og:image:width\" content=\"1280\" \/>\n\t<meta property=\"og:image:height\" content=\"714\" \/>\n\t<meta property=\"og:image:type\" content=\"image\/jpeg\" \/>\n<meta name=\"author\" content=\"Gessika Julia Carvalho\" \/>\n<meta name=\"twitter:card\" content=\"summary_large_image\" \/>\n<meta name=\"twitter:label1\" content=\"Escrito por\" \/>\n\t<meta name=\"twitter:data1\" content=\"Gessika Julia Carvalho\" \/>\n\t<meta name=\"twitter:label2\" content=\"Est. tempo de leitura\" \/>\n\t<meta name=\"twitter:data2\" content=\"5 minutos\" \/>\n<!-- \/ Yoast SEO plugin. -->","yoast_head_json":{"title":"Esquecer palavras com frequ\u00eancia pode indicar problemas de sa\u00fade subjacentes em adultos antes dos 60 anos - Tua Sa\u00fade","description":"Esquecer palavras com frequ\u00eancia pode estar ligado a estresse, sono ruim, vitaminas ou altera\u00e7\u00f5es cognitivas importantes.","robots":{"index":"index","follow":"follow","max-snippet":"max-snippet:-1","max-image-preview":"max-image-preview:large","max-video-preview":"max-video-preview:-1"},"canonical":"https:\/\/www.tuasaude.com\/news\/2026\/04\/27\/esquecer-palavras-com-frequencia-pode-indicar-problemas-de-saude-subjacentes-em-adultos-antes-dos-60-anos\/","og_locale":"pt_BR","og_type":"article","og_title":"Esquecer palavras com frequ\u00eancia pode indicar problemas de sa\u00fade subjacentes em adultos antes dos 60 anos - Tua Sa\u00fade","og_description":"Esquecer palavras com frequ\u00eancia pode estar ligado a estresse, sono ruim, vitaminas ou altera\u00e7\u00f5es cognitivas importantes.","og_url":"https:\/\/www.tuasaude.com\/news\/2026\/04\/27\/esquecer-palavras-com-frequencia-pode-indicar-problemas-de-saude-subjacentes-em-adultos-antes-dos-60-anos\/","og_site_name":"Tua Sa\u00fade","article_published_time":"2026-04-27T21:20:00+00:00","og_image":[{"width":1280,"height":714,"url":"https:\/\/www.tuasaude.com\/news\/wp-content\/uploads\/2026\/04\/freepik_illustration-nonphotoreal_2868776889.jpg","type":"image\/jpeg"}],"author":"Gessika Julia Carvalho","twitter_card":"summary_large_image","twitter_misc":{"Escrito por":"Gessika Julia Carvalho","Est. tempo de leitura":"5 minutos"},"schema":{"@context":"https:\/\/schema.org","@graph":[{"@type":"Article","@id":"https:\/\/www.tuasaude.com\/news\/2026\/04\/27\/esquecer-palavras-com-frequencia-pode-indicar-problemas-de-saude-subjacentes-em-adultos-antes-dos-60-anos\/#article","isPartOf":{"@id":"https:\/\/www.tuasaude.com\/news\/2026\/04\/27\/esquecer-palavras-com-frequencia-pode-indicar-problemas-de-saude-subjacentes-em-adultos-antes-dos-60-anos\/"},"author":{"name":"Gessika Julia Carvalho","@id":"https:\/\/www.tuasaude.com\/news\/#\/schema\/person\/2e9df841be69ec84f5d20ddb8d273ac2"},"headline":"Esquecer palavras com frequ\u00eancia pode indicar problemas de sa\u00fade subjacentes em adultos antes dos 60 anos","datePublished":"2026-04-27T21:20:00+00:00","mainEntityOfPage":{"@id":"https:\/\/www.tuasaude.com\/news\/2026\/04\/27\/esquecer-palavras-com-frequencia-pode-indicar-problemas-de-saude-subjacentes-em-adultos-antes-dos-60-anos\/"},"wordCount":755,"commentCount":0,"image":{"@id":"https:\/\/www.tuasaude.com\/news\/2026\/04\/27\/esquecer-palavras-com-frequencia-pode-indicar-problemas-de-saude-subjacentes-em-adultos-antes-dos-60-anos\/#primaryimage"},"thumbnailUrl":"https:\/\/www.tuasaude.com\/news\/wp-content\/uploads\/2026\/04\/freepik_illustration-nonphotoreal_2868776889.jpg","keywords":["esquecer palavras","idosos","mem\u00f3ria","problemas de sa\u00fade"],"articleSection":["Sa\u00fade"],"inLanguage":"pt-BR","potentialAction":[{"@type":"CommentAction","name":"Comment","target":["https:\/\/www.tuasaude.com\/news\/2026\/04\/27\/esquecer-palavras-com-frequencia-pode-indicar-problemas-de-saude-subjacentes-em-adultos-antes-dos-60-anos\/#respond"]}]},{"@type":"WebPage","@id":"https:\/\/www.tuasaude.com\/news\/2026\/04\/27\/esquecer-palavras-com-frequencia-pode-indicar-problemas-de-saude-subjacentes-em-adultos-antes-dos-60-anos\/","url":"https:\/\/www.tuasaude.com\/news\/2026\/04\/27\/esquecer-palavras-com-frequencia-pode-indicar-problemas-de-saude-subjacentes-em-adultos-antes-dos-60-anos\/","name":"Esquecer palavras com frequ\u00eancia pode indicar problemas de sa\u00fade subjacentes em adultos antes dos 60 anos - Tua Sa\u00fade","isPartOf":{"@id":"https:\/\/www.tuasaude.com\/news\/#website"},"primaryImageOfPage":{"@id":"https:\/\/www.tuasaude.com\/news\/2026\/04\/27\/esquecer-palavras-com-frequencia-pode-indicar-problemas-de-saude-subjacentes-em-adultos-antes-dos-60-anos\/#primaryimage"},"image":{"@id":"https:\/\/www.tuasaude.com\/news\/2026\/04\/27\/esquecer-palavras-com-frequencia-pode-indicar-problemas-de-saude-subjacentes-em-adultos-antes-dos-60-anos\/#primaryimage"},"thumbnailUrl":"https:\/\/www.tuasaude.com\/news\/wp-content\/uploads\/2026\/04\/freepik_illustration-nonphotoreal_2868776889.jpg","datePublished":"2026-04-27T21:20:00+00:00","author":{"@id":"https:\/\/www.tuasaude.com\/news\/#\/schema\/person\/2e9df841be69ec84f5d20ddb8d273ac2"},"description":"Esquecer palavras com frequ\u00eancia pode estar ligado a estresse, sono ruim, vitaminas ou altera\u00e7\u00f5es cognitivas importantes.","breadcrumb":{"@id":"https:\/\/www.tuasaude.com\/news\/2026\/04\/27\/esquecer-palavras-com-frequencia-pode-indicar-problemas-de-saude-subjacentes-em-adultos-antes-dos-60-anos\/#breadcrumb"},"inLanguage":"pt-BR","potentialAction":[{"@type":"ReadAction","target":["https:\/\/www.tuasaude.com\/news\/2026\/04\/27\/esquecer-palavras-com-frequencia-pode-indicar-problemas-de-saude-subjacentes-em-adultos-antes-dos-60-anos\/"]}]},{"@type":"ImageObject","inLanguage":"pt-BR","@id":"https:\/\/www.tuasaude.com\/news\/2026\/04\/27\/esquecer-palavras-com-frequencia-pode-indicar-problemas-de-saude-subjacentes-em-adultos-antes-dos-60-anos\/#primaryimage","url":"https:\/\/www.tuasaude.com\/news\/wp-content\/uploads\/2026\/04\/freepik_illustration-nonphotoreal_2868776889.jpg","contentUrl":"https:\/\/www.tuasaude.com\/news\/wp-content\/uploads\/2026\/04\/freepik_illustration-nonphotoreal_2868776889.jpg","width":1280,"height":714,"caption":"Estresse cr\u00f4nico e priva\u00e7\u00e3o de sono afetam a mem\u00f3ria verbal e podem causar falhas cognitivas em adultos jovens."},{"@type":"BreadcrumbList","@id":"https:\/\/www.tuasaude.com\/news\/2026\/04\/27\/esquecer-palavras-com-frequencia-pode-indicar-problemas-de-saude-subjacentes-em-adultos-antes-dos-60-anos\/#breadcrumb","itemListElement":[{"@type":"ListItem","position":1,"name":"In\u00edcio","item":"https:\/\/www.tuasaude.com\/news\/"},{"@type":"ListItem","position":2,"name":"Esquecer palavras com frequ\u00eancia pode indicar problemas de sa\u00fade subjacentes em adultos antes dos 60 anos"}]},{"@type":"WebSite","@id":"https:\/\/www.tuasaude.com\/news\/#website","url":"https:\/\/www.tuasaude.com\/news\/","name":"Tua Sa\u00fade","description":"Seu site de sa\u00fade","potentialAction":[{"@type":"SearchAction","target":{"@type":"EntryPoint","urlTemplate":"https:\/\/www.tuasaude.com\/news\/?s={search_term_string}"},"query-input":{"@type":"PropertyValueSpecification","valueRequired":true,"valueName":"search_term_string"}}],"inLanguage":"pt-BR"},{"@type":"Person","@id":"https:\/\/www.tuasaude.com\/news\/#\/schema\/person\/2e9df841be69ec84f5d20ddb8d273ac2","name":"Gessika Julia Carvalho","image":{"@type":"ImageObject","inLanguage":"pt-BR","@id":"https:\/\/www.tuasaude.com\/news\/#\/schema\/person\/image\/","url":"https:\/\/secure.gravatar.com\/avatar\/0fcc8769024577fd0bc6a8b766055690f76a8e8f29dfb2a2f89cf04db8d0f2d2?s=96&d=mm&r=g","contentUrl":"https:\/\/secure.gravatar.com\/avatar\/0fcc8769024577fd0bc6a8b766055690f76a8e8f29dfb2a2f89cf04db8d0f2d2?s=96&d=mm&r=g","caption":"Gessika Julia Carvalho"},"sameAs":["https:\/\/www.tuasaude.com\/news\/"],"url":"https:\/\/www.tuasaude.com\/news\/author\/gessika-julia\/"}]}},"_links":{"self":[{"href":"https:\/\/www.tuasaude.com\/news\/wp-json\/wp\/v2\/posts\/28707","targetHints":{"allow":["GET"]}}],"collection":[{"href":"https:\/\/www.tuasaude.com\/news\/wp-json\/wp\/v2\/posts"}],"about":[{"href":"https:\/\/www.tuasaude.com\/news\/wp-json\/wp\/v2\/types\/post"}],"author":[{"embeddable":true,"href":"https:\/\/www.tuasaude.com\/news\/wp-json\/wp\/v2\/users\/11"}],"replies":[{"embeddable":true,"href":"https:\/\/www.tuasaude.com\/news\/wp-json\/wp\/v2\/comments?post=28707"}],"version-history":[{"count":2,"href":"https:\/\/www.tuasaude.com\/news\/wp-json\/wp\/v2\/posts\/28707\/revisions"}],"predecessor-version":[{"id":28928,"href":"https:\/\/www.tuasaude.com\/news\/wp-json\/wp\/v2\/posts\/28707\/revisions\/28928"}],"wp:featuredmedia":[{"embeddable":true,"href":"https:\/\/www.tuasaude.com\/news\/wp-json\/wp\/v2\/media\/28890"}],"wp:attachment":[{"href":"https:\/\/www.tuasaude.com\/news\/wp-json\/wp\/v2\/media?parent=28707"}],"wp:term":[{"taxonomy":"category","embeddable":true,"href":"https:\/\/www.tuasaude.com\/news\/wp-json\/wp\/v2\/categories?post=28707"},{"taxonomy":"post_tag","embeddable":true,"href":"https:\/\/www.tuasaude.com\/news\/wp-json\/wp\/v2\/tags?post=28707"}],"curies":[{"name":"wp","href":"https:\/\/api.w.org\/{rel}","templated":true}]}}