{"id":28701,"date":"2026-04-27T17:45:00","date_gmt":"2026-04-27T20:45:00","guid":{"rendered":"https:\/\/www.tuasaude.com\/news\/?p=28701"},"modified":"2026-04-26T16:39:41","modified_gmt":"2026-04-26T19:39:41","slug":"qual-e-o-prebiotico-essencial-para-uma-microbiota-saudavel-segundo-especialistas-em-gastroenterologia","status":"publish","type":"post","link":"https:\/\/www.tuasaude.com\/news\/2026\/04\/27\/qual-e-o-prebiotico-essencial-para-uma-microbiota-saudavel-segundo-especialistas-em-gastroenterologia\/","title":{"rendered":"Qual \u00e9 o prebi\u00f3tico essencial para uma microbiota saud\u00e1vel, segundo especialistas em gastroenterologia?"},"content":{"rendered":"\n<p>Entre os diversos prebi\u00f3ticos estudados, especialistas em gastroenterologia e nutri\u00e7\u00e3o apontam a inulina como a fibra com maior evid\u00eancia cient\u00edfica de impacto positivo sobre a microbiota intestinal. Esse tipo espec\u00edfico de fibra sol\u00favel alimenta seletivamente as bact\u00e9rias ben\u00e9ficas, estimula a produ\u00e7\u00e3o de compostos protetores e ajuda a manter o equil\u00edbrio do ecossistema intestinal. Conhecer suas fontes naturais \u00e9 o primeiro passo para fortalecer a sa\u00fade digestiva no dia a dia.<\/p>\n\n\n\n<h2 class=\"wp-block-heading\">O que \u00e9 a inulina e por que ela \u00e9 considerada um prebi\u00f3tico essencial?<\/h2>\n\n\n\n<p>A inulina \u00e9 uma fibra sol\u00favel formada por cadeias de frutose, classificada como frutano, que resiste \u00e0 digest\u00e3o no est\u00f4mago e no intestino delgado. Ao chegar intacta ao c\u00f3lon, \u00e9 fermentada pelas bact\u00e9rias ben\u00e9ficas da microbiota.<\/p>\n\n\n\n<p>Esse processo de fermenta\u00e7\u00e3o produz \u00e1cidos graxos de cadeia curta, como butirato, acetato e propionato, que nutrem as c\u00e9lulas do intestino, fortalecem a barreira intestinal e modulam a resposta imunol\u00f3gica. Por essa a\u00e7\u00e3o seletiva, a inulina \u00e9 classificada pela ISAPP como um dos prebi\u00f3ticos com maior respaldo cient\u00edfico.<\/p>\n\n\n\n<h2 class=\"wp-block-heading\">Como a inulina atua na diversifica\u00e7\u00e3o da microbiota intestinal?<\/h2>\n\n\n\n<p>A inulina favorece o crescimento de bact\u00e9rias protetoras, especialmente dos g\u00eaneros <em>Bifidobacterium<\/em> e <em>Lactobacillus<\/em>, ao mesmo tempo em que reduz a prolifera\u00e7\u00e3o de microrganismos potencialmente nocivos. Esse equil\u00edbrio \u00e9 fundamental para a sa\u00fade digestiva e imunol\u00f3gica.<\/p>\n\n\n\n<p>Al\u00e9m disso, a fermenta\u00e7\u00e3o da inulina contribui para reduzir o pH intestinal, melhorar o tr\u00e2nsito intestinal e aumentar a absor\u00e7\u00e3o de minerais como c\u00e1lcio e magn\u00e9sio. Manter uma <a href=\"https:\/\/www.tuasaude.com\/flora-intestinal\/\" target=\"_blank\" rel=\"noreferrer noopener\">flora intestinal<\/a> diversa est\u00e1 associado a menor risco de constipa\u00e7\u00e3o, inflama\u00e7\u00e3o e desordens metab\u00f3licas.<\/p>\n\n\n\n<h2 class=\"wp-block-heading\">O que diz a ci\u00eancia sobre a efic\u00e1cia da inulina?<\/h2>\n\n\n\n<p>Diversas pesquisas cl\u00ednicas avaliaram o impacto da inulina na composi\u00e7\u00e3o microbiana humana. Os achados s\u00e3o consistentes em mostrar que esse prebi\u00f3tico modifica positivamente a microbiota, mesmo em doses moderadas.<\/p>\n\n\n\n<p>Segundo a revis\u00e3o sistem\u00e1tica <a href=\"https:\/\/pubmed.ncbi.nlm.nih.gov\/31707507\/\" target=\"_blank\" rel=\"noreferrer noopener\">The effects of inulin on gut microbial composition<\/a>, publicada na revista European Journal of Clinical Microbiology and Infectious Diseases e indexada no PubMed, a suplementa\u00e7\u00e3o com 5 a 20 gramas di\u00e1rias de inulina aumentou de forma consistente a abund\u00e2ncia de <em>Bifidobacterium<\/em>, <em>Anaerostipes<\/em>, <em>Faecalibacterium<\/em> e <em>Lactobacillus<\/em>. A revis\u00e3o analisou nove ensaios cl\u00ednicos randomizados em adultos e refor\u00e7a que a inulina favorece a produ\u00e7\u00e3o de \u00e1cidos graxos de cadeia curta, fundamentais para a sa\u00fade do c\u00f3lon.<\/p>\n\n\n<div class=\"wp-block-image\">\n<figure class=\"aligncenter size-large\"><img decoding=\"async\" width=\"1024\" height=\"571\" src=\"https:\/\/www.tuasaude.com\/news\/wp-content\/uploads\/2026\/04\/freepik_illustration-nonphotoreal_2868774852-1024x571.jpg\" alt=\"Qual \u00e9 o prebi\u00f3tico essencial para uma microbiota saud\u00e1vel, segundo especialistas em gastroenterologia?\" class=\"wp-image-28885\" srcset=\"https:\/\/www.tuasaude.com\/news\/wp-content\/uploads\/2026\/04\/freepik_illustration-nonphotoreal_2868774852-1024x571.jpg 1024w, https:\/\/www.tuasaude.com\/news\/wp-content\/uploads\/2026\/04\/freepik_illustration-nonphotoreal_2868774852-300x167.jpg 300w, https:\/\/www.tuasaude.com\/news\/wp-content\/uploads\/2026\/04\/freepik_illustration-nonphotoreal_2868774852-768x428.jpg 768w, https:\/\/www.tuasaude.com\/news\/wp-content\/uploads\/2026\/04\/freepik_illustration-nonphotoreal_2868774852-750x418.jpg 750w, https:\/\/www.tuasaude.com\/news\/wp-content\/uploads\/2026\/04\/freepik_illustration-nonphotoreal_2868774852-1140x636.jpg 1140w, https:\/\/www.tuasaude.com\/news\/wp-content\/uploads\/2026\/04\/freepik_illustration-nonphotoreal_2868774852.jpg 1280w\" sizes=\"(max-width: 1024px) 100vw, 1024px\" \/><figcaption class=\"wp-element-caption\">Alimentos como alho, cebola e chic\u00f3ria s\u00e3o ricos em inulina e ajudam a fortalecer a sa\u00fade digestiva.<\/figcaption><\/figure>\n<\/div>\n\n\n<h2 class=\"wp-block-heading\">Quais alimentos cont\u00eam inulina naturalmente?<\/h2>\n\n\n\n<p>A boa not\u00edcia \u00e9 que a inulina est\u00e1 presente em alimentos comuns e acess\u00edveis, sem necessidade obrigat\u00f3ria de suplementa\u00e7\u00e3o. Incluir essas fontes na rotina alimentar \u00e9 uma das formas mais eficazes de nutrir a microbiota.<\/p>\n\n\n\n<p>Entre os principais alimentos ricos em inulina est\u00e3o:<\/p>\n\n\n<div class=\"wp-block-image\">\n<figure class=\"aligncenter size-large\"><img decoding=\"async\" width=\"1024\" height=\"402\" src=\"https:\/\/www.tuasaude.com\/news\/wp-content\/uploads\/2026\/04\/convertido-53-11-1024x402.jpg\" alt=\"Quais alimentos cont\u00eam inulina naturalmente?\" class=\"wp-image-28702\" srcset=\"https:\/\/www.tuasaude.com\/news\/wp-content\/uploads\/2026\/04\/convertido-53-11-1024x402.jpg 1024w, https:\/\/www.tuasaude.com\/news\/wp-content\/uploads\/2026\/04\/convertido-53-11-300x118.jpg 300w, https:\/\/www.tuasaude.com\/news\/wp-content\/uploads\/2026\/04\/convertido-53-11-768x301.jpg 768w, https:\/\/www.tuasaude.com\/news\/wp-content\/uploads\/2026\/04\/convertido-53-11-750x294.jpg 750w, https:\/\/www.tuasaude.com\/news\/wp-content\/uploads\/2026\/04\/convertido-53-11-1140x447.jpg 1140w, https:\/\/www.tuasaude.com\/news\/wp-content\/uploads\/2026\/04\/convertido-53-11.jpg 1280w\" sizes=\"(max-width: 1024px) 100vw, 1024px\" \/><figcaption class=\"wp-element-caption\">Quais alimentos cont\u00eam inulina naturalmente?<\/figcaption><\/figure>\n<\/div>\n\n\n<p>Para conhecer outras op\u00e7\u00f5es de <a href=\"https:\/\/www.tuasaude.com\/prebioticos\/\" target=\"_blank\" rel=\"noreferrer noopener\">alimentos prebi\u00f3ticos<\/a>, vale incluir variedade de vegetais, frutas e cereais integrais ao longo da semana.<\/p>\n\n\n\n<h2 class=\"wp-block-heading\">Como consumir inulina com seguran\u00e7a no dia a dia?<\/h2>\n\n\n\n<p>A introdu\u00e7\u00e3o da inulina deve ser gradual, especialmente para pessoas com intestino sens\u00edvel. O consumo abrupto de grandes quantidades pode causar gases, incha\u00e7o abdominal e desconforto, principalmente em quem segue dieta pobre em fibras.<\/p>\n\n\n\n<p>Recomenda-se come\u00e7ar com pequenas por\u00e7\u00f5es e aumentar progressivamente, sempre acompanhadas de boa hidrata\u00e7\u00e3o. Pessoas com s\u00edndrome do intestino irrit\u00e1vel, doen\u00e7a inflamat\u00f3ria intestinal ou intoler\u00e2ncia a FODMAPs devem buscar orienta\u00e7\u00e3o especializada antes de aumentar o consumo, j\u00e1 que a inulina pode intensificar sintomas em quadros sens\u00edveis.<\/p>\n\n\n\n<p><em>Este conte\u00fado tem car\u00e1ter exclusivamente informativo e n\u00e3o substitui a avalia\u00e7\u00e3o m\u00e9dica individualizada. Consulte sempre um profissional de sa\u00fade qualificado para diagn\u00f3stico e tratamento adequados ao seu caso.<\/em><\/p>\n","protected":false},"excerpt":{"rendered":"<p>Entre os diversos prebi\u00f3ticos estudados, especialistas em gastroenterologia e nutri\u00e7\u00e3o apontam a inulina como a fibra com maior evid\u00eancia cient\u00edfica de impacto positivo sobre a microbiota intestinal. Esse tipo espec\u00edfico de fibra sol\u00favel alimenta seletivamente as bact\u00e9rias ben\u00e9ficas, estimula a produ\u00e7\u00e3o de compostos protetores e ajuda a manter o equil\u00edbrio do ecossistema intestinal. Conhecer suas [&hellip;]<\/p>\n","protected":false},"author":11,"featured_media":28884,"comment_status":"open","ping_status":"open","sticky":false,"template":"","format":"standard","meta":{"_yoast_wpseo_focuskw":"prebi\u00f3tico","_yoast_wpseo_title":"","_yoast_wpseo_metadesc":"A inulina fortalece a microbiota intestinal, favorece bact\u00e9rias ben\u00e9ficas e contribui para sa\u00fade digestiva e imunol\u00f3gica.","jnews-multi-image_gallery":[],"jnews_single_post":{"format":"standard"},"jnews_primary_category":[],"jnews_social_meta":[],"jnews_override_counter":[],"footnotes":""},"categories":[111],"tags":[6198,1033,6197,299],"class_list":["post-28701","post","type-post","status-publish","format-standard","has-post-thumbnail","hentry","category-saude","tag-gastroenterologia","tag-microbiota","tag-prebiotico","tag-saude-intestinal"],"yoast_head":"<!-- This site is optimized with the Yoast SEO plugin v26.7 - https:\/\/yoast.com\/wordpress\/plugins\/seo\/ -->\n<title>Qual \u00e9 o prebi\u00f3tico essencial para uma microbiota saud\u00e1vel, segundo especialistas em gastroenterologia? - Tua Sa\u00fade<\/title>\n<meta name=\"description\" content=\"A inulina fortalece a microbiota intestinal, favorece bact\u00e9rias ben\u00e9ficas e contribui para sa\u00fade digestiva e imunol\u00f3gica.\" \/>\n<meta name=\"robots\" content=\"index, follow, max-snippet:-1, max-image-preview:large, max-video-preview:-1\" \/>\n<link rel=\"canonical\" href=\"https:\/\/www.tuasaude.com\/news\/2026\/04\/27\/qual-e-o-prebiotico-essencial-para-uma-microbiota-saudavel-segundo-especialistas-em-gastroenterologia\/\" \/>\n<meta property=\"og:locale\" content=\"pt_BR\" \/>\n<meta property=\"og:type\" content=\"article\" \/>\n<meta property=\"og:title\" content=\"Qual \u00e9 o prebi\u00f3tico essencial para uma microbiota saud\u00e1vel, segundo especialistas em gastroenterologia? - Tua Sa\u00fade\" \/>\n<meta property=\"og:description\" content=\"A inulina fortalece a microbiota intestinal, favorece bact\u00e9rias ben\u00e9ficas e contribui para sa\u00fade digestiva e imunol\u00f3gica.\" \/>\n<meta property=\"og:url\" content=\"https:\/\/www.tuasaude.com\/news\/2026\/04\/27\/qual-e-o-prebiotico-essencial-para-uma-microbiota-saudavel-segundo-especialistas-em-gastroenterologia\/\" \/>\n<meta property=\"og:site_name\" content=\"Tua Sa\u00fade\" \/>\n<meta property=\"article:published_time\" content=\"2026-04-27T20:45:00+00:00\" \/>\n<meta property=\"og:image\" content=\"https:\/\/www.tuasaude.com\/news\/wp-content\/uploads\/2026\/04\/freepik_illustration-nonphotoreal_2868774563.jpg\" \/>\n\t<meta property=\"og:image:width\" content=\"1280\" \/>\n\t<meta property=\"og:image:height\" content=\"714\" \/>\n\t<meta property=\"og:image:type\" content=\"image\/jpeg\" \/>\n<meta name=\"author\" content=\"Gessika Julia Carvalho\" \/>\n<meta name=\"twitter:card\" content=\"summary_large_image\" \/>\n<meta name=\"twitter:label1\" content=\"Escrito por\" \/>\n\t<meta name=\"twitter:data1\" content=\"Gessika Julia Carvalho\" \/>\n\t<meta name=\"twitter:label2\" content=\"Est. tempo de leitura\" \/>\n\t<meta name=\"twitter:data2\" content=\"4 minutos\" \/>\n<!-- \/ Yoast SEO plugin. -->","yoast_head_json":{"title":"Qual \u00e9 o prebi\u00f3tico essencial para uma microbiota saud\u00e1vel, segundo especialistas em gastroenterologia? - Tua Sa\u00fade","description":"A inulina fortalece a microbiota intestinal, favorece bact\u00e9rias ben\u00e9ficas e contribui para sa\u00fade digestiva e imunol\u00f3gica.","robots":{"index":"index","follow":"follow","max-snippet":"max-snippet:-1","max-image-preview":"max-image-preview:large","max-video-preview":"max-video-preview:-1"},"canonical":"https:\/\/www.tuasaude.com\/news\/2026\/04\/27\/qual-e-o-prebiotico-essencial-para-uma-microbiota-saudavel-segundo-especialistas-em-gastroenterologia\/","og_locale":"pt_BR","og_type":"article","og_title":"Qual \u00e9 o prebi\u00f3tico essencial para uma microbiota saud\u00e1vel, segundo especialistas em gastroenterologia? - Tua Sa\u00fade","og_description":"A inulina fortalece a microbiota intestinal, favorece bact\u00e9rias ben\u00e9ficas e contribui para sa\u00fade digestiva e imunol\u00f3gica.","og_url":"https:\/\/www.tuasaude.com\/news\/2026\/04\/27\/qual-e-o-prebiotico-essencial-para-uma-microbiota-saudavel-segundo-especialistas-em-gastroenterologia\/","og_site_name":"Tua Sa\u00fade","article_published_time":"2026-04-27T20:45:00+00:00","og_image":[{"width":1280,"height":714,"url":"https:\/\/www.tuasaude.com\/news\/wp-content\/uploads\/2026\/04\/freepik_illustration-nonphotoreal_2868774563.jpg","type":"image\/jpeg"}],"author":"Gessika Julia Carvalho","twitter_card":"summary_large_image","twitter_misc":{"Escrito por":"Gessika Julia Carvalho","Est. tempo de leitura":"4 minutos"},"schema":{"@context":"https:\/\/schema.org","@graph":[{"@type":"Article","@id":"https:\/\/www.tuasaude.com\/news\/2026\/04\/27\/qual-e-o-prebiotico-essencial-para-uma-microbiota-saudavel-segundo-especialistas-em-gastroenterologia\/#article","isPartOf":{"@id":"https:\/\/www.tuasaude.com\/news\/2026\/04\/27\/qual-e-o-prebiotico-essencial-para-uma-microbiota-saudavel-segundo-especialistas-em-gastroenterologia\/"},"author":{"name":"Gessika Julia Carvalho","@id":"https:\/\/www.tuasaude.com\/news\/#\/schema\/person\/2e9df841be69ec84f5d20ddb8d273ac2"},"headline":"Qual \u00e9 o prebi\u00f3tico essencial para uma microbiota saud\u00e1vel, segundo especialistas em gastroenterologia?","datePublished":"2026-04-27T20:45:00+00:00","mainEntityOfPage":{"@id":"https:\/\/www.tuasaude.com\/news\/2026\/04\/27\/qual-e-o-prebiotico-essencial-para-uma-microbiota-saudavel-segundo-especialistas-em-gastroenterologia\/"},"wordCount":670,"commentCount":0,"image":{"@id":"https:\/\/www.tuasaude.com\/news\/2026\/04\/27\/qual-e-o-prebiotico-essencial-para-uma-microbiota-saudavel-segundo-especialistas-em-gastroenterologia\/#primaryimage"},"thumbnailUrl":"https:\/\/www.tuasaude.com\/news\/wp-content\/uploads\/2026\/04\/freepik_illustration-nonphotoreal_2868774563.jpg","keywords":["gastroenterologia","microbiota","prebi\u00f3tico","sa\u00fade intestinal"],"articleSection":["Sa\u00fade"],"inLanguage":"pt-BR","potentialAction":[{"@type":"CommentAction","name":"Comment","target":["https:\/\/www.tuasaude.com\/news\/2026\/04\/27\/qual-e-o-prebiotico-essencial-para-uma-microbiota-saudavel-segundo-especialistas-em-gastroenterologia\/#respond"]}]},{"@type":"WebPage","@id":"https:\/\/www.tuasaude.com\/news\/2026\/04\/27\/qual-e-o-prebiotico-essencial-para-uma-microbiota-saudavel-segundo-especialistas-em-gastroenterologia\/","url":"https:\/\/www.tuasaude.com\/news\/2026\/04\/27\/qual-e-o-prebiotico-essencial-para-uma-microbiota-saudavel-segundo-especialistas-em-gastroenterologia\/","name":"Qual \u00e9 o prebi\u00f3tico essencial para uma microbiota saud\u00e1vel, segundo especialistas em gastroenterologia? - Tua Sa\u00fade","isPartOf":{"@id":"https:\/\/www.tuasaude.com\/news\/#website"},"primaryImageOfPage":{"@id":"https:\/\/www.tuasaude.com\/news\/2026\/04\/27\/qual-e-o-prebiotico-essencial-para-uma-microbiota-saudavel-segundo-especialistas-em-gastroenterologia\/#primaryimage"},"image":{"@id":"https:\/\/www.tuasaude.com\/news\/2026\/04\/27\/qual-e-o-prebiotico-essencial-para-uma-microbiota-saudavel-segundo-especialistas-em-gastroenterologia\/#primaryimage"},"thumbnailUrl":"https:\/\/www.tuasaude.com\/news\/wp-content\/uploads\/2026\/04\/freepik_illustration-nonphotoreal_2868774563.jpg","datePublished":"2026-04-27T20:45:00+00:00","author":{"@id":"https:\/\/www.tuasaude.com\/news\/#\/schema\/person\/2e9df841be69ec84f5d20ddb8d273ac2"},"description":"A inulina fortalece a microbiota intestinal, favorece bact\u00e9rias ben\u00e9ficas e contribui para sa\u00fade digestiva e imunol\u00f3gica.","breadcrumb":{"@id":"https:\/\/www.tuasaude.com\/news\/2026\/04\/27\/qual-e-o-prebiotico-essencial-para-uma-microbiota-saudavel-segundo-especialistas-em-gastroenterologia\/#breadcrumb"},"inLanguage":"pt-BR","potentialAction":[{"@type":"ReadAction","target":["https:\/\/www.tuasaude.com\/news\/2026\/04\/27\/qual-e-o-prebiotico-essencial-para-uma-microbiota-saudavel-segundo-especialistas-em-gastroenterologia\/"]}]},{"@type":"ImageObject","inLanguage":"pt-BR","@id":"https:\/\/www.tuasaude.com\/news\/2026\/04\/27\/qual-e-o-prebiotico-essencial-para-uma-microbiota-saudavel-segundo-especialistas-em-gastroenterologia\/#primaryimage","url":"https:\/\/www.tuasaude.com\/news\/wp-content\/uploads\/2026\/04\/freepik_illustration-nonphotoreal_2868774563.jpg","contentUrl":"https:\/\/www.tuasaude.com\/news\/wp-content\/uploads\/2026\/04\/freepik_illustration-nonphotoreal_2868774563.jpg","width":1280,"height":714,"caption":"A inulina \u00e9 um prebi\u00f3tico poderoso que favorece o crescimento de bact\u00e9rias ben\u00e9ficas no intestino."},{"@type":"BreadcrumbList","@id":"https:\/\/www.tuasaude.com\/news\/2026\/04\/27\/qual-e-o-prebiotico-essencial-para-uma-microbiota-saudavel-segundo-especialistas-em-gastroenterologia\/#breadcrumb","itemListElement":[{"@type":"ListItem","position":1,"name":"In\u00edcio","item":"https:\/\/www.tuasaude.com\/news\/"},{"@type":"ListItem","position":2,"name":"Qual \u00e9 o prebi\u00f3tico essencial para uma microbiota saud\u00e1vel, segundo especialistas em gastroenterologia?"}]},{"@type":"WebSite","@id":"https:\/\/www.tuasaude.com\/news\/#website","url":"https:\/\/www.tuasaude.com\/news\/","name":"Tua Sa\u00fade","description":"Seu site de sa\u00fade","potentialAction":[{"@type":"SearchAction","target":{"@type":"EntryPoint","urlTemplate":"https:\/\/www.tuasaude.com\/news\/?s={search_term_string}"},"query-input":{"@type":"PropertyValueSpecification","valueRequired":true,"valueName":"search_term_string"}}],"inLanguage":"pt-BR"},{"@type":"Person","@id":"https:\/\/www.tuasaude.com\/news\/#\/schema\/person\/2e9df841be69ec84f5d20ddb8d273ac2","name":"Gessika Julia Carvalho","image":{"@type":"ImageObject","inLanguage":"pt-BR","@id":"https:\/\/www.tuasaude.com\/news\/#\/schema\/person\/image\/","url":"https:\/\/secure.gravatar.com\/avatar\/0fcc8769024577fd0bc6a8b766055690f76a8e8f29dfb2a2f89cf04db8d0f2d2?s=96&d=mm&r=g","contentUrl":"https:\/\/secure.gravatar.com\/avatar\/0fcc8769024577fd0bc6a8b766055690f76a8e8f29dfb2a2f89cf04db8d0f2d2?s=96&d=mm&r=g","caption":"Gessika Julia Carvalho"},"sameAs":["https:\/\/www.tuasaude.com\/news\/"],"url":"https:\/\/www.tuasaude.com\/news\/author\/gessika-julia\/"}]}},"_links":{"self":[{"href":"https:\/\/www.tuasaude.com\/news\/wp-json\/wp\/v2\/posts\/28701","targetHints":{"allow":["GET"]}}],"collection":[{"href":"https:\/\/www.tuasaude.com\/news\/wp-json\/wp\/v2\/posts"}],"about":[{"href":"https:\/\/www.tuasaude.com\/news\/wp-json\/wp\/v2\/types\/post"}],"author":[{"embeddable":true,"href":"https:\/\/www.tuasaude.com\/news\/wp-json\/wp\/v2\/users\/11"}],"replies":[{"embeddable":true,"href":"https:\/\/www.tuasaude.com\/news\/wp-json\/wp\/v2\/comments?post=28701"}],"version-history":[{"count":2,"href":"https:\/\/www.tuasaude.com\/news\/wp-json\/wp\/v2\/posts\/28701\/revisions"}],"predecessor-version":[{"id":28925,"href":"https:\/\/www.tuasaude.com\/news\/wp-json\/wp\/v2\/posts\/28701\/revisions\/28925"}],"wp:featuredmedia":[{"embeddable":true,"href":"https:\/\/www.tuasaude.com\/news\/wp-json\/wp\/v2\/media\/28884"}],"wp:attachment":[{"href":"https:\/\/www.tuasaude.com\/news\/wp-json\/wp\/v2\/media?parent=28701"}],"wp:term":[{"taxonomy":"category","embeddable":true,"href":"https:\/\/www.tuasaude.com\/news\/wp-json\/wp\/v2\/categories?post=28701"},{"taxonomy":"post_tag","embeddable":true,"href":"https:\/\/www.tuasaude.com\/news\/wp-json\/wp\/v2\/tags?post=28701"}],"curies":[{"name":"wp","href":"https:\/\/api.w.org\/{rel}","templated":true}]}}