{"id":28698,"date":"2026-04-27T17:30:00","date_gmt":"2026-04-27T20:30:00","guid":{"rendered":"https:\/\/www.tuasaude.com\/news\/?p=28698"},"modified":"2026-04-26T16:39:40","modified_gmt":"2026-04-26T19:39:40","slug":"perder-o-equilibrio-com-frequencia-pode-indicar-problemas-de-saude-subjacentes-em-pessoas-acima-dos-50-anos","status":"publish","type":"post","link":"https:\/\/www.tuasaude.com\/news\/2026\/04\/27\/perder-o-equilibrio-com-frequencia-pode-indicar-problemas-de-saude-subjacentes-em-pessoas-acima-dos-50-anos\/","title":{"rendered":"Perder o equil\u00edbrio com frequ\u00eancia pode indicar problemas de sa\u00fade subjacentes em pessoas acima dos 50 anos"},"content":{"rendered":"\n<p>Trope\u00e7ar com frequ\u00eancia, sentir o corpo balan\u00e7ar ao caminhar ou ter quedas inesperadas ap\u00f3s os 50 anos n\u00e3o deve ser visto apenas como sinal natural do envelhecimento. Epis\u00f3dios recorrentes de instabilidade podem indicar altera\u00e7\u00f5es no cerebelo, defici\u00eancia de vitamina B12 ou comprometimento progressivo do sistema vestibular. Reconhecer essa diferen\u00e7a \u00e9 fundamental para evitar quedas graves e investigar causas trat\u00e1veis a tempo.<\/p>\n\n\n\n<h2 class=\"wp-block-heading\">O que diferencia o desequil\u00edbrio fisiol\u00f3gico do patol\u00f3gico?<\/h2>\n\n\n\n<p>Com o passar dos anos, o corpo perde naturalmente parte da for\u00e7a muscular, da acuidade visual e da sensibilidade dos receptores que ajudam a manter a postura. Esse desequil\u00edbrio fisiol\u00f3gico costuma ser leve, gradual e n\u00e3o interfere de forma marcante nas atividades di\u00e1rias.<\/p>\n\n\n\n<p>J\u00e1 o desequil\u00edbrio patol\u00f3gico aparece de forma mais s\u00fabita ou progride rapidamente, vem acompanhado de tonturas, vertigem, formigamentos ou dificuldade de coordena\u00e7\u00e3o. Quando h\u00e1 quedas frequentes ou sensa\u00e7\u00e3o de ch\u00e3o inst\u00e1vel, o quadro exige avalia\u00e7\u00e3o cl\u00ednica detalhada.<\/p>\n\n\n\n<h2 class=\"wp-block-heading\">Quais s\u00e3o as principais causas de perda de equil\u00edbrio ap\u00f3s os 50 anos?<\/h2>\n\n\n\n<p>A instabilidade postural em adultos maduros raramente tem uma s\u00f3 origem. Em geral, envolve a soma de altera\u00e7\u00f5es sensoriais, neurol\u00f3gicas e nutricionais que comprometem o controle do corpo no espa\u00e7o.<\/p>\n\n\n\n<p>Entre as causas mais frequentes investigadas em consult\u00f3rio, destacam-se:<\/p>\n\n\n<div class=\"wp-block-image\">\n<figure class=\"aligncenter size-large\"><img decoding=\"async\" width=\"1024\" height=\"422\" src=\"https:\/\/www.tuasaude.com\/news\/wp-content\/uploads\/2026\/04\/convertido-52-9-1024x422.jpg\" alt=\"Quais s\u00e3o as principais causas de perda de equil\u00edbrio ap\u00f3s os 50 anos?\" class=\"wp-image-28699\" srcset=\"https:\/\/www.tuasaude.com\/news\/wp-content\/uploads\/2026\/04\/convertido-52-9-1024x422.jpg 1024w, https:\/\/www.tuasaude.com\/news\/wp-content\/uploads\/2026\/04\/convertido-52-9-300x124.jpg 300w, https:\/\/www.tuasaude.com\/news\/wp-content\/uploads\/2026\/04\/convertido-52-9-768x316.jpg 768w, https:\/\/www.tuasaude.com\/news\/wp-content\/uploads\/2026\/04\/convertido-52-9-750x309.jpg 750w, https:\/\/www.tuasaude.com\/news\/wp-content\/uploads\/2026\/04\/convertido-52-9-1140x469.jpg 1140w, https:\/\/www.tuasaude.com\/news\/wp-content\/uploads\/2026\/04\/convertido-52-9.jpg 1280w\" sizes=\"(max-width: 1024px) 100vw, 1024px\" \/><figcaption class=\"wp-element-caption\">Quais s\u00e3o as principais causas de perda de equil\u00edbrio ap\u00f3s os 50 anos?<\/figcaption><\/figure>\n<\/div>\n\n\n<p>Vale lembrar que a <a href=\"https:\/\/www.tuasaude.com\/vertigem\/\" target=\"_blank\" rel=\"noreferrer noopener\">vertigem<\/a> em pessoas mais velhas pode ter origem mista, perif\u00e9rica e central, e merece avalia\u00e7\u00e3o especializada.<\/p>\n\n\n\n<h2 class=\"wp-block-heading\">Como a defici\u00eancia de vitamina B12 afeta o equil\u00edbrio?<\/h2>\n\n\n\n<p>A vitamina B12 \u00e9 essencial para a produ\u00e7\u00e3o de mielina, a camada que protege os nervos e garante a transmiss\u00e3o dos impulsos. Quando os n\u00edveis caem, surgem formigamentos, perda de sensibilidade nos p\u00e9s e redu\u00e7\u00e3o dos reflexos, o que compromete diretamente a postura e a marcha.<\/p>\n\n\n\n<p>Ap\u00f3s os 50 anos, a absor\u00e7\u00e3o intestinal da vitamina diminui, o que aumenta o risco de car\u00eancia mesmo com alimenta\u00e7\u00e3o adequada. Os sintomas da <a href=\"https:\/\/www.tuasaude.com\/vitamina-b12-cobalamina\/\" target=\"_blank\" rel=\"noreferrer noopener\">defici\u00eancia de vitamina B12<\/a> s\u00e3o silenciosos e progressivos, por isso costumam ser confundidos com o envelhecimento natural.<\/p>\n\n\n\n<h2 class=\"wp-block-heading\">Como um estudo cient\u00edfico confirma o impacto do envelhecimento no equil\u00edbrio?<\/h2>\n\n\n\n<p>Pesquisas recentes mostram que a perda de equil\u00edbrio em adultos mais velhos resulta da combina\u00e7\u00e3o de altera\u00e7\u00f5es vestibulares, visuais, proprioceptivas e cerebelares. Identificar essas mudan\u00e7as cedo \u00e9 decisivo para reduzir o risco de quedas e suas consequ\u00eancias.<\/p>\n\n\n\n<p>Segundo a revis\u00e3o cient\u00edfica <a href=\"https:\/\/pmc.ncbi.nlm.nih.gov\/articles\/PMC11964428\/\" target=\"_blank\" rel=\"noreferrer noopener\">Age-Related Dysfunction in Balance<\/a>, publicada no peri\u00f3dico Cureus e indexada na National Library of Medicine, o envelhecimento provoca degenera\u00e7\u00e3o das vias do cerebelo, redu\u00e7\u00e3o do n\u00famero de c\u00e9lulas ciliadas no ouvido interno e perda da integridade da subst\u00e2ncia branca cerebral. O estudo refor\u00e7a que o desequil\u00edbrio em idosos \u00e9 multifatorial e que a interven\u00e7\u00e3o precoce, com exerc\u00edcios e reabilita\u00e7\u00e3o vestibular, melhora significativamente a estabilidade postural.<\/p>\n\n\n<div class=\"wp-block-image\">\n<figure class=\"aligncenter size-large\"><img decoding=\"async\" width=\"1024\" height=\"571\" src=\"https:\/\/www.tuasaude.com\/news\/wp-content\/uploads\/2026\/04\/freepik_illustration-nonphotoreal_2868773858-1024x571.jpg\" alt=\"Perder o equil\u00edbrio com frequ\u00eancia pode indicar problemas de sa\u00fade subjacentes em pessoas acima dos 50 anos\" class=\"wp-image-28882\" srcset=\"https:\/\/www.tuasaude.com\/news\/wp-content\/uploads\/2026\/04\/freepik_illustration-nonphotoreal_2868773858-1024x571.jpg 1024w, https:\/\/www.tuasaude.com\/news\/wp-content\/uploads\/2026\/04\/freepik_illustration-nonphotoreal_2868773858-300x167.jpg 300w, https:\/\/www.tuasaude.com\/news\/wp-content\/uploads\/2026\/04\/freepik_illustration-nonphotoreal_2868773858-768x428.jpg 768w, https:\/\/www.tuasaude.com\/news\/wp-content\/uploads\/2026\/04\/freepik_illustration-nonphotoreal_2868773858-750x418.jpg 750w, https:\/\/www.tuasaude.com\/news\/wp-content\/uploads\/2026\/04\/freepik_illustration-nonphotoreal_2868773858-1140x636.jpg 1140w, https:\/\/www.tuasaude.com\/news\/wp-content\/uploads\/2026\/04\/freepik_illustration-nonphotoreal_2868773858.jpg 1280w\" sizes=\"(max-width: 1024px) 100vw, 1024px\" \/><figcaption class=\"wp-element-caption\">Perda de equil\u00edbrio ap\u00f3s os 50 anos pode ser sinal de condi\u00e7\u00f5es trat\u00e1veis, como defici\u00eancia de vitamina B12 ou problemas no cerebelo.<\/figcaption><\/figure>\n<\/div>\n\n\n<h2 class=\"wp-block-heading\">Quando procurar avalia\u00e7\u00e3o neurol\u00f3gica?<\/h2>\n\n\n\n<p>Embora epis\u00f3dios isolados de tontura possam ser passageiros, alguns sinais indicam que a investiga\u00e7\u00e3o precisa ir al\u00e9m do otorrino e incluir avalia\u00e7\u00e3o neurol\u00f3gica detalhada. Quanto antes a causa for identificada, menores os riscos de complica\u00e7\u00f5es graves.<\/p>\n\n\n\n<p>Procure um especialista quando houver:<\/p>\n\n\n\n<ul class=\"wp-block-list\">\n<li><strong>Quedas recorrentes<\/strong>: principalmente em ambientes seguros e familiares.<\/li>\n\n\n\n<li><strong>Marcha cambaleante<\/strong>: dificuldade para andar em linha reta ou descoordena\u00e7\u00e3o evidente.<\/li>\n\n\n\n<li><strong>Tremores ou descoordena\u00e7\u00e3o dos bra\u00e7os<\/strong>: ao realizar tarefas simples como pegar objetos.<\/li>\n\n\n\n<li><strong>Vis\u00e3o dupla ou altera\u00e7\u00f5es na fala<\/strong>: podem indicar problema central, como AVC ou tumor.<\/li>\n\n\n\n<li><strong>Formigamento persistente<\/strong>: nos p\u00e9s ou pernas, sugerindo neuropatia.<\/li>\n\n\n\n<li><strong>Tontura associada a perda auditiva<\/strong>: caracter\u00edstica de quadros como <a href=\"https:\/\/www.tuasaude.com\/o-que-causa-labirintite\/\" target=\"_blank\" rel=\"noreferrer noopener\">labirintite<\/a> ou M\u00e9ni\u00e8re.<\/li>\n<\/ul>\n\n\n\n<p>O diagn\u00f3stico geralmente envolve exames neurol\u00f3gicos, dosagem de vitamina B12, avalia\u00e7\u00e3o vestibular e, em casos selecionados, resson\u00e2ncia magn\u00e9tica para investigar o cerebelo.<\/p>\n\n\n\n<p><em>Este conte\u00fado tem car\u00e1ter exclusivamente informativo e n\u00e3o substitui a avalia\u00e7\u00e3o m\u00e9dica individualizada. Consulte sempre um profissional de sa\u00fade qualificado para diagn\u00f3stico e tratamento adequados ao seu caso.<\/em><\/p>\n","protected":false},"excerpt":{"rendered":"<p>Trope\u00e7ar com frequ\u00eancia, sentir o corpo balan\u00e7ar ao caminhar ou ter quedas inesperadas ap\u00f3s os 50 anos n\u00e3o deve ser visto apenas como sinal natural do envelhecimento. Epis\u00f3dios recorrentes de instabilidade podem indicar altera\u00e7\u00f5es no cerebelo, defici\u00eancia de vitamina B12 ou comprometimento progressivo do sistema vestibular. Reconhecer essa diferen\u00e7a \u00e9 fundamental para evitar quedas graves [&hellip;]<\/p>\n","protected":false},"author":11,"featured_media":28883,"comment_status":"open","ping_status":"open","sticky":false,"template":"","format":"standard","meta":{"_yoast_wpseo_focuskw":"perda de equil\u00edbrio","_yoast_wpseo_title":"","_yoast_wpseo_metadesc":"Perda de equil\u00edbrio frequente ap\u00f3s os 50 anos pode indicar defici\u00eancia de vitamina B12, altera\u00e7\u00f5es neurol\u00f3gicas ou problemas vestibulares.","jnews-multi-image_gallery":[],"jnews_single_post":{"format":"standard"},"jnews_primary_category":[],"jnews_social_meta":[],"jnews_override_counter":[],"footnotes":""},"categories":[111],"tags":[145,6196,231,136],"class_list":["post-28698","post","type-post","status-publish","format-standard","has-post-thumbnail","hentry","category-saude","tag-bem-estar","tag-perder-o-equilibrio","tag-problemas-de-saude","tag-saude"],"yoast_head":"<!-- This site is optimized with the Yoast SEO plugin v26.7 - https:\/\/yoast.com\/wordpress\/plugins\/seo\/ -->\n<title>Perder o equil\u00edbrio com frequ\u00eancia pode indicar problemas de sa\u00fade subjacentes em pessoas acima dos 50 anos - Tua Sa\u00fade<\/title>\n<meta name=\"description\" content=\"Perda de equil\u00edbrio frequente ap\u00f3s os 50 anos pode indicar defici\u00eancia de vitamina B12, altera\u00e7\u00f5es neurol\u00f3gicas ou problemas vestibulares.\" \/>\n<meta name=\"robots\" content=\"index, follow, max-snippet:-1, max-image-preview:large, max-video-preview:-1\" \/>\n<link rel=\"canonical\" href=\"https:\/\/www.tuasaude.com\/news\/2026\/04\/27\/perder-o-equilibrio-com-frequencia-pode-indicar-problemas-de-saude-subjacentes-em-pessoas-acima-dos-50-anos\/\" \/>\n<meta property=\"og:locale\" content=\"pt_BR\" \/>\n<meta property=\"og:type\" content=\"article\" \/>\n<meta property=\"og:title\" content=\"Perder o equil\u00edbrio com frequ\u00eancia pode indicar problemas de sa\u00fade subjacentes em pessoas acima dos 50 anos - Tua Sa\u00fade\" \/>\n<meta property=\"og:description\" content=\"Perda de equil\u00edbrio frequente ap\u00f3s os 50 anos pode indicar defici\u00eancia de vitamina B12, altera\u00e7\u00f5es neurol\u00f3gicas ou problemas vestibulares.\" \/>\n<meta property=\"og:url\" content=\"https:\/\/www.tuasaude.com\/news\/2026\/04\/27\/perder-o-equilibrio-com-frequencia-pode-indicar-problemas-de-saude-subjacentes-em-pessoas-acima-dos-50-anos\/\" \/>\n<meta property=\"og:site_name\" content=\"Tua Sa\u00fade\" \/>\n<meta property=\"article:published_time\" content=\"2026-04-27T20:30:00+00:00\" \/>\n<meta property=\"og:image\" content=\"https:\/\/www.tuasaude.com\/news\/wp-content\/uploads\/2026\/04\/freepik_illustration-nonphotoreal_2868774115.jpg\" \/>\n\t<meta property=\"og:image:width\" content=\"1280\" \/>\n\t<meta property=\"og:image:height\" content=\"714\" \/>\n\t<meta property=\"og:image:type\" content=\"image\/jpeg\" \/>\n<meta name=\"author\" content=\"Gessika Julia Carvalho\" \/>\n<meta name=\"twitter:card\" content=\"summary_large_image\" \/>\n<meta name=\"twitter:label1\" content=\"Escrito por\" \/>\n\t<meta name=\"twitter:data1\" content=\"Gessika Julia Carvalho\" \/>\n\t<meta name=\"twitter:label2\" content=\"Est. tempo de leitura\" \/>\n\t<meta name=\"twitter:data2\" content=\"5 minutos\" \/>\n<!-- \/ Yoast SEO plugin. -->","yoast_head_json":{"title":"Perder o equil\u00edbrio com frequ\u00eancia pode indicar problemas de sa\u00fade subjacentes em pessoas acima dos 50 anos - Tua Sa\u00fade","description":"Perda de equil\u00edbrio frequente ap\u00f3s os 50 anos pode indicar defici\u00eancia de vitamina B12, altera\u00e7\u00f5es neurol\u00f3gicas ou problemas vestibulares.","robots":{"index":"index","follow":"follow","max-snippet":"max-snippet:-1","max-image-preview":"max-image-preview:large","max-video-preview":"max-video-preview:-1"},"canonical":"https:\/\/www.tuasaude.com\/news\/2026\/04\/27\/perder-o-equilibrio-com-frequencia-pode-indicar-problemas-de-saude-subjacentes-em-pessoas-acima-dos-50-anos\/","og_locale":"pt_BR","og_type":"article","og_title":"Perder o equil\u00edbrio com frequ\u00eancia pode indicar problemas de sa\u00fade subjacentes em pessoas acima dos 50 anos - Tua Sa\u00fade","og_description":"Perda de equil\u00edbrio frequente ap\u00f3s os 50 anos pode indicar defici\u00eancia de vitamina B12, altera\u00e7\u00f5es neurol\u00f3gicas ou problemas vestibulares.","og_url":"https:\/\/www.tuasaude.com\/news\/2026\/04\/27\/perder-o-equilibrio-com-frequencia-pode-indicar-problemas-de-saude-subjacentes-em-pessoas-acima-dos-50-anos\/","og_site_name":"Tua Sa\u00fade","article_published_time":"2026-04-27T20:30:00+00:00","og_image":[{"width":1280,"height":714,"url":"https:\/\/www.tuasaude.com\/news\/wp-content\/uploads\/2026\/04\/freepik_illustration-nonphotoreal_2868774115.jpg","type":"image\/jpeg"}],"author":"Gessika Julia Carvalho","twitter_card":"summary_large_image","twitter_misc":{"Escrito por":"Gessika Julia Carvalho","Est. tempo de leitura":"5 minutos"},"schema":{"@context":"https:\/\/schema.org","@graph":[{"@type":"Article","@id":"https:\/\/www.tuasaude.com\/news\/2026\/04\/27\/perder-o-equilibrio-com-frequencia-pode-indicar-problemas-de-saude-subjacentes-em-pessoas-acima-dos-50-anos\/#article","isPartOf":{"@id":"https:\/\/www.tuasaude.com\/news\/2026\/04\/27\/perder-o-equilibrio-com-frequencia-pode-indicar-problemas-de-saude-subjacentes-em-pessoas-acima-dos-50-anos\/"},"author":{"name":"Gessika Julia Carvalho","@id":"https:\/\/www.tuasaude.com\/news\/#\/schema\/person\/2e9df841be69ec84f5d20ddb8d273ac2"},"headline":"Perder o equil\u00edbrio com frequ\u00eancia pode indicar problemas de sa\u00fade subjacentes em pessoas acima dos 50 anos","datePublished":"2026-04-27T20:30:00+00:00","mainEntityOfPage":{"@id":"https:\/\/www.tuasaude.com\/news\/2026\/04\/27\/perder-o-equilibrio-com-frequencia-pode-indicar-problemas-de-saude-subjacentes-em-pessoas-acima-dos-50-anos\/"},"wordCount":745,"commentCount":0,"image":{"@id":"https:\/\/www.tuasaude.com\/news\/2026\/04\/27\/perder-o-equilibrio-com-frequencia-pode-indicar-problemas-de-saude-subjacentes-em-pessoas-acima-dos-50-anos\/#primaryimage"},"thumbnailUrl":"https:\/\/www.tuasaude.com\/news\/wp-content\/uploads\/2026\/04\/freepik_illustration-nonphotoreal_2868774115.jpg","keywords":["bem-estar","Perder o equil\u00edbrio","problemas de sa\u00fade","sa\u00fade"],"articleSection":["Sa\u00fade"],"inLanguage":"pt-BR","potentialAction":[{"@type":"CommentAction","name":"Comment","target":["https:\/\/www.tuasaude.com\/news\/2026\/04\/27\/perder-o-equilibrio-com-frequencia-pode-indicar-problemas-de-saude-subjacentes-em-pessoas-acima-dos-50-anos\/#respond"]}]},{"@type":"WebPage","@id":"https:\/\/www.tuasaude.com\/news\/2026\/04\/27\/perder-o-equilibrio-com-frequencia-pode-indicar-problemas-de-saude-subjacentes-em-pessoas-acima-dos-50-anos\/","url":"https:\/\/www.tuasaude.com\/news\/2026\/04\/27\/perder-o-equilibrio-com-frequencia-pode-indicar-problemas-de-saude-subjacentes-em-pessoas-acima-dos-50-anos\/","name":"Perder o equil\u00edbrio com frequ\u00eancia pode indicar problemas de sa\u00fade subjacentes em pessoas acima dos 50 anos - Tua Sa\u00fade","isPartOf":{"@id":"https:\/\/www.tuasaude.com\/news\/#website"},"primaryImageOfPage":{"@id":"https:\/\/www.tuasaude.com\/news\/2026\/04\/27\/perder-o-equilibrio-com-frequencia-pode-indicar-problemas-de-saude-subjacentes-em-pessoas-acima-dos-50-anos\/#primaryimage"},"image":{"@id":"https:\/\/www.tuasaude.com\/news\/2026\/04\/27\/perder-o-equilibrio-com-frequencia-pode-indicar-problemas-de-saude-subjacentes-em-pessoas-acima-dos-50-anos\/#primaryimage"},"thumbnailUrl":"https:\/\/www.tuasaude.com\/news\/wp-content\/uploads\/2026\/04\/freepik_illustration-nonphotoreal_2868774115.jpg","datePublished":"2026-04-27T20:30:00+00:00","author":{"@id":"https:\/\/www.tuasaude.com\/news\/#\/schema\/person\/2e9df841be69ec84f5d20ddb8d273ac2"},"description":"Perda de equil\u00edbrio frequente ap\u00f3s os 50 anos pode indicar defici\u00eancia de vitamina B12, altera\u00e7\u00f5es neurol\u00f3gicas ou problemas vestibulares.","breadcrumb":{"@id":"https:\/\/www.tuasaude.com\/news\/2026\/04\/27\/perder-o-equilibrio-com-frequencia-pode-indicar-problemas-de-saude-subjacentes-em-pessoas-acima-dos-50-anos\/#breadcrumb"},"inLanguage":"pt-BR","potentialAction":[{"@type":"ReadAction","target":["https:\/\/www.tuasaude.com\/news\/2026\/04\/27\/perder-o-equilibrio-com-frequencia-pode-indicar-problemas-de-saude-subjacentes-em-pessoas-acima-dos-50-anos\/"]}]},{"@type":"ImageObject","inLanguage":"pt-BR","@id":"https:\/\/www.tuasaude.com\/news\/2026\/04\/27\/perder-o-equilibrio-com-frequencia-pode-indicar-problemas-de-saude-subjacentes-em-pessoas-acima-dos-50-anos\/#primaryimage","url":"https:\/\/www.tuasaude.com\/news\/wp-content\/uploads\/2026\/04\/freepik_illustration-nonphotoreal_2868774115.jpg","contentUrl":"https:\/\/www.tuasaude.com\/news\/wp-content\/uploads\/2026\/04\/freepik_illustration-nonphotoreal_2868774115.jpg","width":1280,"height":714,"caption":"O desequil\u00edbrio patol\u00f3gico \u00e9 mais s\u00fabito e progressivo, podendo indicar altera\u00e7\u00f5es neurol\u00f3gicas que exigem avalia\u00e7\u00e3o m\u00e9dica."},{"@type":"BreadcrumbList","@id":"https:\/\/www.tuasaude.com\/news\/2026\/04\/27\/perder-o-equilibrio-com-frequencia-pode-indicar-problemas-de-saude-subjacentes-em-pessoas-acima-dos-50-anos\/#breadcrumb","itemListElement":[{"@type":"ListItem","position":1,"name":"In\u00edcio","item":"https:\/\/www.tuasaude.com\/news\/"},{"@type":"ListItem","position":2,"name":"Perder o equil\u00edbrio com frequ\u00eancia pode indicar problemas de sa\u00fade subjacentes em pessoas acima dos 50 anos"}]},{"@type":"WebSite","@id":"https:\/\/www.tuasaude.com\/news\/#website","url":"https:\/\/www.tuasaude.com\/news\/","name":"Tua Sa\u00fade","description":"Seu site de sa\u00fade","potentialAction":[{"@type":"SearchAction","target":{"@type":"EntryPoint","urlTemplate":"https:\/\/www.tuasaude.com\/news\/?s={search_term_string}"},"query-input":{"@type":"PropertyValueSpecification","valueRequired":true,"valueName":"search_term_string"}}],"inLanguage":"pt-BR"},{"@type":"Person","@id":"https:\/\/www.tuasaude.com\/news\/#\/schema\/person\/2e9df841be69ec84f5d20ddb8d273ac2","name":"Gessika Julia Carvalho","image":{"@type":"ImageObject","inLanguage":"pt-BR","@id":"https:\/\/www.tuasaude.com\/news\/#\/schema\/person\/image\/","url":"https:\/\/secure.gravatar.com\/avatar\/0fcc8769024577fd0bc6a8b766055690f76a8e8f29dfb2a2f89cf04db8d0f2d2?s=96&d=mm&r=g","contentUrl":"https:\/\/secure.gravatar.com\/avatar\/0fcc8769024577fd0bc6a8b766055690f76a8e8f29dfb2a2f89cf04db8d0f2d2?s=96&d=mm&r=g","caption":"Gessika Julia Carvalho"},"sameAs":["https:\/\/www.tuasaude.com\/news\/"],"url":"https:\/\/www.tuasaude.com\/news\/author\/gessika-julia\/"}]}},"_links":{"self":[{"href":"https:\/\/www.tuasaude.com\/news\/wp-json\/wp\/v2\/posts\/28698","targetHints":{"allow":["GET"]}}],"collection":[{"href":"https:\/\/www.tuasaude.com\/news\/wp-json\/wp\/v2\/posts"}],"about":[{"href":"https:\/\/www.tuasaude.com\/news\/wp-json\/wp\/v2\/types\/post"}],"author":[{"embeddable":true,"href":"https:\/\/www.tuasaude.com\/news\/wp-json\/wp\/v2\/users\/11"}],"replies":[{"embeddable":true,"href":"https:\/\/www.tuasaude.com\/news\/wp-json\/wp\/v2\/comments?post=28698"}],"version-history":[{"count":2,"href":"https:\/\/www.tuasaude.com\/news\/wp-json\/wp\/v2\/posts\/28698\/revisions"}],"predecessor-version":[{"id":28924,"href":"https:\/\/www.tuasaude.com\/news\/wp-json\/wp\/v2\/posts\/28698\/revisions\/28924"}],"wp:featuredmedia":[{"embeddable":true,"href":"https:\/\/www.tuasaude.com\/news\/wp-json\/wp\/v2\/media\/28883"}],"wp:attachment":[{"href":"https:\/\/www.tuasaude.com\/news\/wp-json\/wp\/v2\/media?parent=28698"}],"wp:term":[{"taxonomy":"category","embeddable":true,"href":"https:\/\/www.tuasaude.com\/news\/wp-json\/wp\/v2\/categories?post=28698"},{"taxonomy":"post_tag","embeddable":true,"href":"https:\/\/www.tuasaude.com\/news\/wp-json\/wp\/v2\/tags?post=28698"}],"curies":[{"name":"wp","href":"https:\/\/api.w.org\/{rel}","templated":true}]}}