{"id":28692,"date":"2026-04-27T17:05:00","date_gmt":"2026-04-27T20:05:00","guid":{"rendered":"https:\/\/www.tuasaude.com\/news\/?p=28692"},"modified":"2026-04-26T16:39:40","modified_gmt":"2026-04-26T19:39:40","slug":"qual-e-a-proteina-essencial-para-um-figado-saudavel-segundo-especialistas-em-hepatologia","status":"publish","type":"post","link":"https:\/\/www.tuasaude.com\/news\/2026\/04\/27\/qual-e-a-proteina-essencial-para-um-figado-saudavel-segundo-especialistas-em-hepatologia\/","title":{"rendered":"Qual \u00e9 a prote\u00edna essencial para um f\u00edgado saud\u00e1vel, segundo especialistas em hepatologia?"},"content":{"rendered":"\n<p>O f\u00edgado \u00e9 o principal \u00f3rg\u00e3o respons\u00e1vel pela desintoxica\u00e7\u00e3o do organismo e tem capacidade \u00fanica de regenerar suas pr\u00f3prias c\u00e9lulas, mas para isso depende de amino\u00e1cidos espec\u00edficos fornecidos pela alimenta\u00e7\u00e3o. Entre todos os amino\u00e1cidos essenciais, a metionina ocupa um lugar central na fisiologia hep\u00e1tica, atuando como mat\u00e9ria-prima para a produ\u00e7\u00e3o de antioxidantes, para a metila\u00e7\u00e3o do DNA e para o transporte adequado de gorduras dentro do \u00f3rg\u00e3o. Entender o papel dessa prote\u00edna ajuda a explicar por que dietas pobres em alimentos proteicos de qualidade favorecem o ac\u00famulo de gordura no f\u00edgado e atrasam sua recupera\u00e7\u00e3o.<\/p>\n\n\n\n<h2 class=\"wp-block-heading\">Por que a metionina \u00e9 t\u00e3o importante para o f\u00edgado?<\/h2>\n\n\n\n<p>A <a href=\"https:\/\/www.tuasaude.com\/alimentos-ricos-em-metionina\/\" target=\"_blank\" rel=\"noreferrer noopener\">metionina<\/a> \u00e9 um amino\u00e1cido sulfurado essencial, ou seja, o organismo n\u00e3o consegue produzi-la e precisa obt\u00ea-la pela alimenta\u00e7\u00e3o. Aproximadamente metade da metionina ingerida diariamente \u00e9 metabolizada no pr\u00f3prio f\u00edgado, onde \u00e9 convertida em S-adenosilmetionina, conhecida como SAMe, considerada uma das mol\u00e9culas mais vers\u00e1teis do metabolismo hep\u00e1tico.<\/p>\n\n\n\n<p>A SAMe atua como doadora de grupos metila em mais de duzentas rea\u00e7\u00f5es celulares e \u00e9 tamb\u00e9m precursora da glutationa, o antioxidante mais importante das c\u00e9lulas do f\u00edgado. Sem aporte adequado de metionina, a produ\u00e7\u00e3o de glutationa diminui e o \u00f3rg\u00e3o fica mais vulner\u00e1vel ao estresse oxidativo, \u00e0 inflama\u00e7\u00e3o cr\u00f4nica e ao ac\u00famulo de gordura.<\/p>\n\n\n\n<h2 class=\"wp-block-heading\">O que acontece quando a ingest\u00e3o \u00e9 cronicamente insuficiente?<\/h2>\n\n\n\n<p>A baixa ingest\u00e3o prolongada de prote\u00edna, especialmente de fontes ricas em metionina e colina, compromete diversas fun\u00e7\u00f5es hep\u00e1ticas. Estudos experimentais mostram que dietas deficientes nesses nutrientes provocam ac\u00famulo de gordura no f\u00edgado em poucas semanas, mesmo na aus\u00eancia de \u00e1lcool ou doen\u00e7as cr\u00f4nicas.<\/p>\n\n\n\n<p>Entre as principais consequ\u00eancias relatadas pela literatura m\u00e9dica est\u00e3o:<\/p>\n\n\n<div class=\"wp-block-image\">\n<figure class=\"aligncenter size-large\"><img decoding=\"async\" width=\"1024\" height=\"422\" src=\"https:\/\/www.tuasaude.com\/news\/wp-content\/uploads\/2026\/04\/convertido-50-9-1024x422.jpg\" alt=\"O que acontece quando a ingest\u00e3o \u00e9 cronicamente insuficiente?\" class=\"wp-image-28693\" srcset=\"https:\/\/www.tuasaude.com\/news\/wp-content\/uploads\/2026\/04\/convertido-50-9-1024x422.jpg 1024w, https:\/\/www.tuasaude.com\/news\/wp-content\/uploads\/2026\/04\/convertido-50-9-300x124.jpg 300w, https:\/\/www.tuasaude.com\/news\/wp-content\/uploads\/2026\/04\/convertido-50-9-768x316.jpg 768w, https:\/\/www.tuasaude.com\/news\/wp-content\/uploads\/2026\/04\/convertido-50-9-750x309.jpg 750w, https:\/\/www.tuasaude.com\/news\/wp-content\/uploads\/2026\/04\/convertido-50-9-1140x469.jpg 1140w, https:\/\/www.tuasaude.com\/news\/wp-content\/uploads\/2026\/04\/convertido-50-9.jpg 1280w\" sizes=\"(max-width: 1024px) 100vw, 1024px\" \/><figcaption class=\"wp-element-caption\">O que acontece quando a ingest\u00e3o \u00e9 cronicamente insuficiente?<\/figcaption><\/figure>\n<\/div>\n\n\n<h2 class=\"wp-block-heading\">O que diz a ci\u00eancia sobre metionina e doen\u00e7a hep\u00e1tica?<\/h2>\n\n\n\n<p>O papel central da metionina no f\u00edgado \u00e9 amplamente reconhecido pela hepatologia. Segundo o estudo <a href=\"https:\/\/pubmed.ncbi.nlm.nih.gov\/18331185\/\" target=\"_blank\" rel=\"noreferrer noopener\">Methionine metabolism and liver disease<\/a>, publicado no peri\u00f3dico Annual Review of Nutrition, cerca de 50% de toda a metionina diet\u00e9tica \u00e9 metabolizada no f\u00edgado, onde \u00e9 convertida em S-adenosilmetionina, mol\u00e9cula essencial para o funcionamento das c\u00e9lulas hep\u00e1ticas e para a manuten\u00e7\u00e3o da estabilidade do DNA.<\/p>\n\n\n\n<p>Os autores destacam que dietas deficientes em grupos metila l\u00e1beis, como colina, metionina, beta\u00edna e folato, induzem esteatose hep\u00e1tica em modelos experimentais e que a administra\u00e7\u00e3o prolongada dessas dietas pode favorecer o desenvolvimento de carcinoma hepatocelular. Isso refor\u00e7a a import\u00e2ncia de manter um aporte equilibrado dessa prote\u00edna ao longo da vida, especialmente em pessoas com fatores de risco para doen\u00e7a hep\u00e1tica gordurosa.<\/p>\n\n\n<div class=\"wp-block-image\">\n<figure class=\"aligncenter size-large\"><img decoding=\"async\" width=\"1024\" height=\"571\" src=\"https:\/\/www.tuasaude.com\/news\/wp-content\/uploads\/2026\/04\/freepik_illustration-nonphotoreal_2868772408-1024x571.jpg\" alt=\"Qual \u00e9 a prote\u00edna essencial para um f\u00edgado saud\u00e1vel, segundo especialistas em hepatologia?\" class=\"wp-image-28879\" srcset=\"https:\/\/www.tuasaude.com\/news\/wp-content\/uploads\/2026\/04\/freepik_illustration-nonphotoreal_2868772408-1024x571.jpg 1024w, https:\/\/www.tuasaude.com\/news\/wp-content\/uploads\/2026\/04\/freepik_illustration-nonphotoreal_2868772408-300x167.jpg 300w, https:\/\/www.tuasaude.com\/news\/wp-content\/uploads\/2026\/04\/freepik_illustration-nonphotoreal_2868772408-768x428.jpg 768w, https:\/\/www.tuasaude.com\/news\/wp-content\/uploads\/2026\/04\/freepik_illustration-nonphotoreal_2868772408-750x418.jpg 750w, https:\/\/www.tuasaude.com\/news\/wp-content\/uploads\/2026\/04\/freepik_illustration-nonphotoreal_2868772408-1140x636.jpg 1140w, https:\/\/www.tuasaude.com\/news\/wp-content\/uploads\/2026\/04\/freepik_illustration-nonphotoreal_2868772408.jpg 1280w\" sizes=\"(max-width: 1024px) 100vw, 1024px\" \/><figcaption class=\"wp-element-caption\">Dietas pobres em metionina podem levar ao ac\u00famulo de gordura no f\u00edgado, mesmo sem \u00e1lcool ou doen\u00e7as cr\u00f4nicas.<\/figcaption><\/figure>\n<\/div>\n\n\n<h2 class=\"wp-block-heading\">Em quais alimentos a metionina \u00e9 encontrada?<\/h2>\n\n\n\n<p>A metionina est\u00e1 presente em diversos alimentos de origem animal e vegetal, e a combina\u00e7\u00e3o inteligente dessas fontes garante o aporte necess\u00e1rio para a fun\u00e7\u00e3o hep\u00e1tica. Quando o objetivo \u00e9 apoiar a sa\u00fade do f\u00edgado, vale priorizar fontes com alto valor biol\u00f3gico e baixo teor de gordura saturada.<\/p>\n\n\n\n<p>Os alimentos que mais concentram esse amino\u00e1cido s\u00e3o:<\/p>\n\n\n\n<ol class=\"wp-block-list\">\n<li>Ovos, especialmente a clara, com prote\u00edna completa e altamente biodispon\u00edvel<\/li>\n\n\n\n<li>Peixes como sardinha, salm\u00e3o, atum e bacalhau<\/li>\n\n\n\n<li>Frango e carne bovina magra<\/li>\n\n\n\n<li>Leite, iogurte natural e queijos brancos<\/li>\n\n\n\n<li>Castanha-do-par\u00e1, gergelim e sementes de girassol<\/li>\n\n\n\n<li>Soja, tofu, lentilha e feij\u00e3o, especialmente combinados com cereais integrais<\/li>\n<\/ol>\n\n\n\n<p>Para quem busca proteger o \u00f3rg\u00e3o no dia a dia, vale conhecer os principais alimentos bons para o f\u00edgado, que re\u00fanem prote\u00ednas de qualidade, antioxidantes e gorduras saud\u00e1veis em refei\u00e7\u00f5es simples.<\/p>\n\n\n\n<h2 class=\"wp-block-heading\">Como garantir aporte adequado no dia a dia?<\/h2>\n\n\n\n<p>A estrat\u00e9gia mais eficaz n\u00e3o \u00e9 consumir muita <a href=\"https:\/\/www.tuasaude.com\/excesso-de-proteina-faz-mal\/\" target=\"_blank\" rel=\"noreferrer noopener\">prote\u00edna<\/a> em uma \u00fanica refei\u00e7\u00e3o, mas distribu\u00ed-la ao longo do dia. Especialistas em nutri\u00e7\u00e3o recomendam incluir uma fonte proteica em cada refei\u00e7\u00e3o principal, combinando alimentos de origem animal e vegetal sempre que poss\u00edvel.<\/p>\n\n\n\n<p>Pessoas com diagn\u00f3stico de esteatose hep\u00e1tica, hepatite, cirrose ou que consomem \u00e1lcool com frequ\u00eancia devem buscar orienta\u00e7\u00e3o individualizada, j\u00e1 que o ajuste de prote\u00edna, energia e micronutrientes muda conforme o quadro cl\u00ednico. Em alguns casos, o tratamento envolve avaliar marcadores como TGO, TGP, GGT e albumina, parte da rotina dos exames que avaliam a fun\u00e7\u00e3o hep\u00e1tica, antes de qualquer mudan\u00e7a alimentar mais intensa.<\/p>\n\n\n\n<p><em>Este conte\u00fado tem car\u00e1ter exclusivamente informativo e n\u00e3o substitui a avalia\u00e7\u00e3o, o diagn\u00f3stico ou o tratamento realizados por um profissional de sa\u00fade qualificado. Consulte sempre um m\u00e9dico hepatologista, gastroenterologista ou nutricionista antes de iniciar dietas espec\u00edficas, suplementos proteicos ou altera\u00e7\u00f5es importantes na alimenta\u00e7\u00e3o, especialmente em caso de doen\u00e7a hep\u00e1tica diagnosticada, uso cont\u00ednuo de medicamentos ou consumo regular de \u00e1lcool.<\/em><\/p>\n","protected":false},"excerpt":{"rendered":"<p>O f\u00edgado \u00e9 o principal \u00f3rg\u00e3o respons\u00e1vel pela desintoxica\u00e7\u00e3o do organismo e tem capacidade \u00fanica de regenerar suas pr\u00f3prias c\u00e9lulas, mas para isso depende de amino\u00e1cidos espec\u00edficos fornecidos pela alimenta\u00e7\u00e3o. Entre todos os amino\u00e1cidos essenciais, a metionina ocupa um lugar central na fisiologia hep\u00e1tica, atuando como mat\u00e9ria-prima para a produ\u00e7\u00e3o de antioxidantes, para a metila\u00e7\u00e3o [&hellip;]<\/p>\n","protected":false},"author":11,"featured_media":28878,"comment_status":"open","ping_status":"open","sticky":false,"template":"","format":"standard","meta":{"_yoast_wpseo_focuskw":"baixa ingest\u00e3o de prote\u00edna","_yoast_wpseo_title":"","_yoast_wpseo_metadesc":"A baixa ingest\u00e3o de prote\u00edna pode favorecer f\u00edgado gorduroso, inflama\u00e7\u00e3o hep\u00e1tica e progress\u00e3o silenciosa para danos mais graves.","jnews-multi-image_gallery":[],"jnews_single_post":{"format":"standard"},"jnews_primary_category":[],"jnews_social_meta":[],"jnews_override_counter":[],"footnotes":""},"categories":[111],"tags":[2400,5856,195,136],"class_list":["post-28692","post","type-post","status-publish","format-standard","has-post-thumbnail","hentry","category-saude","tag-figado-saudavel","tag-hepatologia","tag-proteina","tag-saude"],"yoast_head":"<!-- This site is optimized with the Yoast SEO plugin v26.7 - https:\/\/yoast.com\/wordpress\/plugins\/seo\/ -->\n<title>Qual \u00e9 a prote\u00edna essencial para um f\u00edgado saud\u00e1vel, segundo especialistas em hepatologia? - Tua Sa\u00fade<\/title>\n<meta name=\"description\" content=\"A baixa ingest\u00e3o de prote\u00edna pode favorecer f\u00edgado gorduroso, inflama\u00e7\u00e3o hep\u00e1tica e progress\u00e3o silenciosa para danos mais graves.\" \/>\n<meta name=\"robots\" content=\"index, follow, max-snippet:-1, max-image-preview:large, max-video-preview:-1\" \/>\n<link rel=\"canonical\" href=\"https:\/\/www.tuasaude.com\/news\/2026\/04\/27\/qual-e-a-proteina-essencial-para-um-figado-saudavel-segundo-especialistas-em-hepatologia\/\" \/>\n<meta property=\"og:locale\" content=\"pt_BR\" \/>\n<meta property=\"og:type\" content=\"article\" \/>\n<meta property=\"og:title\" content=\"Qual \u00e9 a prote\u00edna essencial para um f\u00edgado saud\u00e1vel, segundo especialistas em hepatologia? - Tua Sa\u00fade\" \/>\n<meta property=\"og:description\" content=\"A baixa ingest\u00e3o de prote\u00edna pode favorecer f\u00edgado gorduroso, inflama\u00e7\u00e3o hep\u00e1tica e progress\u00e3o silenciosa para danos mais graves.\" \/>\n<meta property=\"og:url\" content=\"https:\/\/www.tuasaude.com\/news\/2026\/04\/27\/qual-e-a-proteina-essencial-para-um-figado-saudavel-segundo-especialistas-em-hepatologia\/\" \/>\n<meta property=\"og:site_name\" content=\"Tua Sa\u00fade\" \/>\n<meta property=\"article:published_time\" content=\"2026-04-27T20:05:00+00:00\" \/>\n<meta property=\"og:image\" content=\"https:\/\/www.tuasaude.com\/news\/wp-content\/uploads\/2026\/04\/freepik_illustration-nonphotoreal_2868772123.jpg\" \/>\n\t<meta property=\"og:image:width\" content=\"1280\" \/>\n\t<meta property=\"og:image:height\" content=\"714\" \/>\n\t<meta property=\"og:image:type\" content=\"image\/jpeg\" \/>\n<meta name=\"author\" content=\"Gessika Julia Carvalho\" \/>\n<meta name=\"twitter:card\" content=\"summary_large_image\" \/>\n<meta name=\"twitter:label1\" content=\"Escrito por\" \/>\n\t<meta name=\"twitter:data1\" content=\"Gessika Julia Carvalho\" \/>\n\t<meta name=\"twitter:label2\" content=\"Est. tempo de leitura\" \/>\n\t<meta name=\"twitter:data2\" content=\"5 minutos\" \/>\n<!-- \/ Yoast SEO plugin. -->","yoast_head_json":{"title":"Qual \u00e9 a prote\u00edna essencial para um f\u00edgado saud\u00e1vel, segundo especialistas em hepatologia? - Tua Sa\u00fade","description":"A baixa ingest\u00e3o de prote\u00edna pode favorecer f\u00edgado gorduroso, inflama\u00e7\u00e3o hep\u00e1tica e progress\u00e3o silenciosa para danos mais graves.","robots":{"index":"index","follow":"follow","max-snippet":"max-snippet:-1","max-image-preview":"max-image-preview:large","max-video-preview":"max-video-preview:-1"},"canonical":"https:\/\/www.tuasaude.com\/news\/2026\/04\/27\/qual-e-a-proteina-essencial-para-um-figado-saudavel-segundo-especialistas-em-hepatologia\/","og_locale":"pt_BR","og_type":"article","og_title":"Qual \u00e9 a prote\u00edna essencial para um f\u00edgado saud\u00e1vel, segundo especialistas em hepatologia? - Tua Sa\u00fade","og_description":"A baixa ingest\u00e3o de prote\u00edna pode favorecer f\u00edgado gorduroso, inflama\u00e7\u00e3o hep\u00e1tica e progress\u00e3o silenciosa para danos mais graves.","og_url":"https:\/\/www.tuasaude.com\/news\/2026\/04\/27\/qual-e-a-proteina-essencial-para-um-figado-saudavel-segundo-especialistas-em-hepatologia\/","og_site_name":"Tua Sa\u00fade","article_published_time":"2026-04-27T20:05:00+00:00","og_image":[{"width":1280,"height":714,"url":"https:\/\/www.tuasaude.com\/news\/wp-content\/uploads\/2026\/04\/freepik_illustration-nonphotoreal_2868772123.jpg","type":"image\/jpeg"}],"author":"Gessika Julia Carvalho","twitter_card":"summary_large_image","twitter_misc":{"Escrito por":"Gessika Julia Carvalho","Est. tempo de leitura":"5 minutos"},"schema":{"@context":"https:\/\/schema.org","@graph":[{"@type":"Article","@id":"https:\/\/www.tuasaude.com\/news\/2026\/04\/27\/qual-e-a-proteina-essencial-para-um-figado-saudavel-segundo-especialistas-em-hepatologia\/#article","isPartOf":{"@id":"https:\/\/www.tuasaude.com\/news\/2026\/04\/27\/qual-e-a-proteina-essencial-para-um-figado-saudavel-segundo-especialistas-em-hepatologia\/"},"author":{"name":"Gessika Julia Carvalho","@id":"https:\/\/www.tuasaude.com\/news\/#\/schema\/person\/2e9df841be69ec84f5d20ddb8d273ac2"},"headline":"Qual \u00e9 a prote\u00edna essencial para um f\u00edgado saud\u00e1vel, segundo especialistas em hepatologia?","datePublished":"2026-04-27T20:05:00+00:00","mainEntityOfPage":{"@id":"https:\/\/www.tuasaude.com\/news\/2026\/04\/27\/qual-e-a-proteina-essencial-para-um-figado-saudavel-segundo-especialistas-em-hepatologia\/"},"wordCount":862,"commentCount":0,"image":{"@id":"https:\/\/www.tuasaude.com\/news\/2026\/04\/27\/qual-e-a-proteina-essencial-para-um-figado-saudavel-segundo-especialistas-em-hepatologia\/#primaryimage"},"thumbnailUrl":"https:\/\/www.tuasaude.com\/news\/wp-content\/uploads\/2026\/04\/freepik_illustration-nonphotoreal_2868772123.jpg","keywords":["f\u00edgado saud\u00e1vel","hepatologia","prote\u00edna","sa\u00fade"],"articleSection":["Sa\u00fade"],"inLanguage":"pt-BR","potentialAction":[{"@type":"CommentAction","name":"Comment","target":["https:\/\/www.tuasaude.com\/news\/2026\/04\/27\/qual-e-a-proteina-essencial-para-um-figado-saudavel-segundo-especialistas-em-hepatologia\/#respond"]}]},{"@type":"WebPage","@id":"https:\/\/www.tuasaude.com\/news\/2026\/04\/27\/qual-e-a-proteina-essencial-para-um-figado-saudavel-segundo-especialistas-em-hepatologia\/","url":"https:\/\/www.tuasaude.com\/news\/2026\/04\/27\/qual-e-a-proteina-essencial-para-um-figado-saudavel-segundo-especialistas-em-hepatologia\/","name":"Qual \u00e9 a prote\u00edna essencial para um f\u00edgado saud\u00e1vel, segundo especialistas em hepatologia? - Tua Sa\u00fade","isPartOf":{"@id":"https:\/\/www.tuasaude.com\/news\/#website"},"primaryImageOfPage":{"@id":"https:\/\/www.tuasaude.com\/news\/2026\/04\/27\/qual-e-a-proteina-essencial-para-um-figado-saudavel-segundo-especialistas-em-hepatologia\/#primaryimage"},"image":{"@id":"https:\/\/www.tuasaude.com\/news\/2026\/04\/27\/qual-e-a-proteina-essencial-para-um-figado-saudavel-segundo-especialistas-em-hepatologia\/#primaryimage"},"thumbnailUrl":"https:\/\/www.tuasaude.com\/news\/wp-content\/uploads\/2026\/04\/freepik_illustration-nonphotoreal_2868772123.jpg","datePublished":"2026-04-27T20:05:00+00:00","author":{"@id":"https:\/\/www.tuasaude.com\/news\/#\/schema\/person\/2e9df841be69ec84f5d20ddb8d273ac2"},"description":"A baixa ingest\u00e3o de prote\u00edna pode favorecer f\u00edgado gorduroso, inflama\u00e7\u00e3o hep\u00e1tica e progress\u00e3o silenciosa para danos mais graves.","breadcrumb":{"@id":"https:\/\/www.tuasaude.com\/news\/2026\/04\/27\/qual-e-a-proteina-essencial-para-um-figado-saudavel-segundo-especialistas-em-hepatologia\/#breadcrumb"},"inLanguage":"pt-BR","potentialAction":[{"@type":"ReadAction","target":["https:\/\/www.tuasaude.com\/news\/2026\/04\/27\/qual-e-a-proteina-essencial-para-um-figado-saudavel-segundo-especialistas-em-hepatologia\/"]}]},{"@type":"ImageObject","inLanguage":"pt-BR","@id":"https:\/\/www.tuasaude.com\/news\/2026\/04\/27\/qual-e-a-proteina-essencial-para-um-figado-saudavel-segundo-especialistas-em-hepatologia\/#primaryimage","url":"https:\/\/www.tuasaude.com\/news\/wp-content\/uploads\/2026\/04\/freepik_illustration-nonphotoreal_2868772123.jpg","contentUrl":"https:\/\/www.tuasaude.com\/news\/wp-content\/uploads\/2026\/04\/freepik_illustration-nonphotoreal_2868772123.jpg","width":1280,"height":714,"caption":"A metionina \u00e9 essencial para a sa\u00fade do f\u00edgado, ajudando na produ\u00e7\u00e3o de antioxidantes e no transporte de gorduras."},{"@type":"BreadcrumbList","@id":"https:\/\/www.tuasaude.com\/news\/2026\/04\/27\/qual-e-a-proteina-essencial-para-um-figado-saudavel-segundo-especialistas-em-hepatologia\/#breadcrumb","itemListElement":[{"@type":"ListItem","position":1,"name":"In\u00edcio","item":"https:\/\/www.tuasaude.com\/news\/"},{"@type":"ListItem","position":2,"name":"Qual \u00e9 a prote\u00edna essencial para um f\u00edgado saud\u00e1vel, segundo especialistas em hepatologia?"}]},{"@type":"WebSite","@id":"https:\/\/www.tuasaude.com\/news\/#website","url":"https:\/\/www.tuasaude.com\/news\/","name":"Tua Sa\u00fade","description":"Seu site de sa\u00fade","potentialAction":[{"@type":"SearchAction","target":{"@type":"EntryPoint","urlTemplate":"https:\/\/www.tuasaude.com\/news\/?s={search_term_string}"},"query-input":{"@type":"PropertyValueSpecification","valueRequired":true,"valueName":"search_term_string"}}],"inLanguage":"pt-BR"},{"@type":"Person","@id":"https:\/\/www.tuasaude.com\/news\/#\/schema\/person\/2e9df841be69ec84f5d20ddb8d273ac2","name":"Gessika Julia Carvalho","image":{"@type":"ImageObject","inLanguage":"pt-BR","@id":"https:\/\/www.tuasaude.com\/news\/#\/schema\/person\/image\/","url":"https:\/\/secure.gravatar.com\/avatar\/0fcc8769024577fd0bc6a8b766055690f76a8e8f29dfb2a2f89cf04db8d0f2d2?s=96&d=mm&r=g","contentUrl":"https:\/\/secure.gravatar.com\/avatar\/0fcc8769024577fd0bc6a8b766055690f76a8e8f29dfb2a2f89cf04db8d0f2d2?s=96&d=mm&r=g","caption":"Gessika Julia Carvalho"},"sameAs":["https:\/\/www.tuasaude.com\/news\/"],"url":"https:\/\/www.tuasaude.com\/news\/author\/gessika-julia\/"}]}},"_links":{"self":[{"href":"https:\/\/www.tuasaude.com\/news\/wp-json\/wp\/v2\/posts\/28692","targetHints":{"allow":["GET"]}}],"collection":[{"href":"https:\/\/www.tuasaude.com\/news\/wp-json\/wp\/v2\/posts"}],"about":[{"href":"https:\/\/www.tuasaude.com\/news\/wp-json\/wp\/v2\/types\/post"}],"author":[{"embeddable":true,"href":"https:\/\/www.tuasaude.com\/news\/wp-json\/wp\/v2\/users\/11"}],"replies":[{"embeddable":true,"href":"https:\/\/www.tuasaude.com\/news\/wp-json\/wp\/v2\/comments?post=28692"}],"version-history":[{"count":2,"href":"https:\/\/www.tuasaude.com\/news\/wp-json\/wp\/v2\/posts\/28692\/revisions"}],"predecessor-version":[{"id":28922,"href":"https:\/\/www.tuasaude.com\/news\/wp-json\/wp\/v2\/posts\/28692\/revisions\/28922"}],"wp:featuredmedia":[{"embeddable":true,"href":"https:\/\/www.tuasaude.com\/news\/wp-json\/wp\/v2\/media\/28878"}],"wp:attachment":[{"href":"https:\/\/www.tuasaude.com\/news\/wp-json\/wp\/v2\/media?parent=28692"}],"wp:term":[{"taxonomy":"category","embeddable":true,"href":"https:\/\/www.tuasaude.com\/news\/wp-json\/wp\/v2\/categories?post=28692"},{"taxonomy":"post_tag","embeddable":true,"href":"https:\/\/www.tuasaude.com\/news\/wp-json\/wp\/v2\/tags?post=28692"}],"curies":[{"name":"wp","href":"https:\/\/api.w.org\/{rel}","templated":true}]}}