{"id":28681,"date":"2026-04-27T16:15:00","date_gmt":"2026-04-27T19:15:00","guid":{"rendered":"https:\/\/www.tuasaude.com\/news\/?p=28681"},"modified":"2026-04-26T18:58:53","modified_gmt":"2026-04-26T21:58:53","slug":"qual-e-o-nutriente-essencial-para-pulmoes-saudaveis-segundo-especialistas-em-pneumologia","status":"publish","type":"post","link":"https:\/\/www.tuasaude.com\/news\/2026\/04\/27\/qual-e-o-nutriente-essencial-para-pulmoes-saudaveis-segundo-especialistas-em-pneumologia\/","title":{"rendered":"Qual \u00e9 o nutriente essencial para pulm\u00f5es saud\u00e1veis, segundo especialistas em pneumologia?"},"content":{"rendered":"\n<p>A vitamina D \u00e9 o nutriente com maior evid\u00eancia cient\u00edfica de impacto sobre a sa\u00fade pulmonar, sendo apontada por pneumologistas como pe\u00e7a-chave na manuten\u00e7\u00e3o da integridade do tecido alveolar e da resposta imune local. Quando os n\u00edveis caem, aumenta o risco de infec\u00e7\u00f5es respirat\u00f3rias, exacerba\u00e7\u00f5es de asma e descompensa\u00e7\u00e3o da doen\u00e7a pulmonar obstrutiva cr\u00f4nica. Entender por que essa vitamina \u00e9 t\u00e3o importante e quem est\u00e1 em maior risco de defici\u00eancia ajuda a proteger a fun\u00e7\u00e3o respirat\u00f3ria ao longo da vida.<\/p>\n\n\n\n<h2 class=\"wp-block-heading\">Por que a vitamina D \u00e9 essencial para os pulm\u00f5es?<\/h2>\n\n\n\n<p>As c\u00e9lulas do trato respirat\u00f3rio expressam receptores de vitamina D e s\u00e3o capazes de produzir a forma ativa do nutriente, o calcitriol. Isso significa que o pulm\u00e3o n\u00e3o apenas utiliza a vitamina D, mas tamb\u00e9m participa ativamente do seu metabolismo, modulando processos inflamat\u00f3rios e imunol\u00f3gicos diretamente nos alv\u00e9olos.<\/p>\n\n\n\n<p>Essa atua\u00e7\u00e3o local \u00e9 fundamental para a defesa contra v\u00edrus e bact\u00e9rias. A vitamina D estimula a produ\u00e7\u00e3o de pept\u00eddeos antimicrobianos como a catelicidina e as defensinas, que protegem as vias a\u00e9reas e ajudam a controlar a inflama\u00e7\u00e3o, o que torna a <a href=\"https:\/\/www.tuasaude.com\/vitamina-d\/\" target=\"_blank\" rel=\"noreferrer noopener\">manuten\u00e7\u00e3o dos n\u00edveis de vitamina D<\/a> uma estrat\u00e9gia preventiva relevante para a sa\u00fade respirat\u00f3ria.<\/p>\n\n\n\n<h2 class=\"wp-block-heading\">Como a defici\u00eancia impacta a fun\u00e7\u00e3o pulmonar?<\/h2>\n\n\n\n<p>A falta de vitamina D compromete a barreira imunol\u00f3gica do pulm\u00e3o e favorece quadros respirat\u00f3rios mais frequentes e graves. Estudos cl\u00ednicos e observacionais mostram que pessoas com baixos n\u00edveis do nutriente apresentam mais infec\u00e7\u00f5es, maior gravidade dos sintomas e recupera\u00e7\u00e3o mais lenta.<\/p>\n\n\n\n<p>Os principais impactos descritos na literatura incluem:<\/p>\n\n\n<div class=\"wp-block-image\">\n<figure class=\"aligncenter size-large\"><img decoding=\"async\" width=\"1024\" height=\"441\" src=\"https:\/\/www.tuasaude.com\/news\/wp-content\/uploads\/2026\/04\/convertido-47-12-1024x441.jpg\" alt=\"Como a defici\u00eancia impacta a fun\u00e7\u00e3o pulmonar?\" class=\"wp-image-28682\" srcset=\"https:\/\/www.tuasaude.com\/news\/wp-content\/uploads\/2026\/04\/convertido-47-12-1024x441.jpg 1024w, https:\/\/www.tuasaude.com\/news\/wp-content\/uploads\/2026\/04\/convertido-47-12-300x129.jpg 300w, https:\/\/www.tuasaude.com\/news\/wp-content\/uploads\/2026\/04\/convertido-47-12-768x331.jpg 768w, https:\/\/www.tuasaude.com\/news\/wp-content\/uploads\/2026\/04\/convertido-47-12-750x323.jpg 750w, https:\/\/www.tuasaude.com\/news\/wp-content\/uploads\/2026\/04\/convertido-47-12-1140x491.jpg 1140w, https:\/\/www.tuasaude.com\/news\/wp-content\/uploads\/2026\/04\/convertido-47-12.jpg 1280w\" sizes=\"(max-width: 1024px) 100vw, 1024px\" \/><figcaption class=\"wp-element-caption\">Como a defici\u00eancia impacta a fun\u00e7\u00e3o pulmonar?<\/figcaption><\/figure>\n<\/div>\n\n\n<h2 class=\"wp-block-heading\">O que diz a ci\u00eancia sobre vitamina D e infec\u00e7\u00f5es respirat\u00f3rias?<\/h2>\n\n\n\n<p>A rela\u00e7\u00e3o entre vitamina D e sa\u00fade pulmonar \u00e9 uma das \u00e1reas mais estudadas da nutri\u00e7\u00e3o cl\u00ednica. Segundo a meta-an\u00e1lise <a href=\"https:\/\/pubmed.ncbi.nlm.nih.gov\/28202713\/\" target=\"_blank\" rel=\"noreferrer noopener\">Vitamin D supplementation to prevent acute respiratory tract infections: systematic review and meta-analysis of individual participant data<\/a>, publicada no The BMJ, a suplementa\u00e7\u00e3o de vitamina D reduziu de forma significativa o risco de infec\u00e7\u00f5es respirat\u00f3rias agudas, com benef\u00edcio mais expressivo em pessoas que j\u00e1 apresentavam defici\u00eancia do nutriente e em quem fez reposi\u00e7\u00e3o di\u00e1ria ou semanal.<\/p>\n\n\n\n<p>Os autores destacam que doses em bolus, ou seja, em quantidades grandes e espa\u00e7adas, n\u00e3o trouxeram o mesmo benef\u00edcio. A conclus\u00e3o refor\u00e7a que a vitamina D \u00e9 mais protetora quando os n\u00edveis se mant\u00eam est\u00e1veis ao longo do tempo, e n\u00e3o em picos pontuais, o que tem orientado as recomenda\u00e7\u00f5es atuais para grupos de risco respirat\u00f3rio.<\/p>\n\n\n\n<h2 class=\"wp-block-heading\">Quem tem maior risco de defici\u00eancia?<\/h2>\n\n\n\n<p>A vitamina D \u00e9 produzida principalmente pela exposi\u00e7\u00e3o solar, e fatores como rotina, idade e cor da pele influenciam diretamente sua s\u00edntese. Por isso, parte significativa da popula\u00e7\u00e3o apresenta n\u00edveis abaixo do recomendado sem perceber, j\u00e1 que os sintomas iniciais costumam ser inespec\u00edficos.<\/p>\n\n\n\n<p>Os grupos com maior probabilidade de defici\u00eancia incluem:<\/p>\n\n\n\n<ul class=\"wp-block-list\">\n<li>Idosos, devido \u00e0 menor capacidade de s\u00edntese cut\u00e2nea da vitamina<\/li>\n\n\n\n<li>Pessoas com pele negra ou morena, que produzem vitamina D mais lentamente ao sol<\/li>\n\n\n\n<li>Quem trabalha em ambientes fechados ou usa filtro solar de forma constante<\/li>\n\n\n\n<li>Pacientes com obesidade, pois a vitamina fica retida no tecido adiposo<\/li>\n\n\n\n<li>Portadores de doen\u00e7as intestinais que reduzem absor\u00e7\u00e3o, como cel\u00edaca e Crohn<\/li>\n\n\n\n<li>Usu\u00e1rios cr\u00f4nicos de anticonvulsivantes, corticoides ou antirretrovirais<\/li>\n\n\n\n<li>Pessoas com asma, DPOC ou hist\u00f3rico recorrente de infec\u00e7\u00f5es respirat\u00f3rias<\/li>\n\n\n\n<li>Gestantes, lactantes e beb\u00eas prematuros<\/li>\n<\/ul>\n\n\n<div class=\"wp-block-image\">\n<figure class=\"aligncenter size-large\"><img decoding=\"async\" width=\"1024\" height=\"571\" src=\"https:\/\/www.tuasaude.com\/news\/wp-content\/uploads\/2026\/04\/freepik_ilustracao-nao-fotorealis_2869382933-1024x571.jpg\" alt=\"Qual \u00e9 o nutriente essencial para pulm\u00f5es saud\u00e1veis, segundo especialistas em pneumologia?\" class=\"wp-image-28968\" srcset=\"https:\/\/www.tuasaude.com\/news\/wp-content\/uploads\/2026\/04\/freepik_ilustracao-nao-fotorealis_2869382933-1024x571.jpg 1024w, https:\/\/www.tuasaude.com\/news\/wp-content\/uploads\/2026\/04\/freepik_ilustracao-nao-fotorealis_2869382933-300x167.jpg 300w, https:\/\/www.tuasaude.com\/news\/wp-content\/uploads\/2026\/04\/freepik_ilustracao-nao-fotorealis_2869382933-768x428.jpg 768w, https:\/\/www.tuasaude.com\/news\/wp-content\/uploads\/2026\/04\/freepik_ilustracao-nao-fotorealis_2869382933-750x418.jpg 750w, https:\/\/www.tuasaude.com\/news\/wp-content\/uploads\/2026\/04\/freepik_ilustracao-nao-fotorealis_2869382933-1140x636.jpg 1140w, https:\/\/www.tuasaude.com\/news\/wp-content\/uploads\/2026\/04\/freepik_ilustracao-nao-fotorealis_2869382933.jpg 1280w\" sizes=\"(max-width: 1024px) 100vw, 1024px\" \/><figcaption class=\"wp-element-caption\">Exposi\u00e7\u00e3o solar e alimentos ricos em vitamina D ajudam a manter os n\u00edveis adequados.<\/figcaption><\/figure>\n<\/div>\n\n\n<h2 class=\"wp-block-heading\">Como manter n\u00edveis adequados no dia a dia?<\/h2>\n\n\n\n<p>A principal fonte de vitamina D \u00e9 a exposi\u00e7\u00e3o solar moderada, recomendada por 15 a 30 minutos algumas vezes por semana, em hor\u00e1rios e dura\u00e7\u00f5es ajustadas ao tipo de pele. A alimenta\u00e7\u00e3o contribui em menor propor\u00e7\u00e3o, mas alimentos como salm\u00e3o, sardinha, atum, gema de ovo, f\u00edgado e cogumelos expostos ao sol ajudam a compor o aporte di\u00e1rio, especialmente quando combinados com gorduras saud\u00e1veis, j\u00e1 que se trata de uma vitamina lipossol\u00favel.<\/p>\n\n\n\n<p>Em casos de defici\u00eancia confirmada por exame de sangue, a reposi\u00e7\u00e3o com suplementos pode ser indicada por endocrinologista, cl\u00ednico geral ou pneumologista. As doses variam conforme a idade, o n\u00edvel inicial e a presen\u00e7a de doen\u00e7as cr\u00f4nicas, e o uso por conta pr\u00f3pria pode levar a excesso e efeitos adversos. Antes de iniciar qualquer protocolo, \u00e9 importante avaliar a necessidade individual com base em <a href=\"https:\/\/www.tuasaude.com\/deficiencia-de-vitamina-d\/\" target=\"_blank\" rel=\"noreferrer noopener\">sintomas de falta de vitamina D<\/a> e nos resultados laboratoriais.<\/p>\n\n\n\n<p><em>Este conte\u00fado tem car\u00e1ter exclusivamente informativo e n\u00e3o substitui a avalia\u00e7\u00e3o, o diagn\u00f3stico ou o tratamento realizados por um profissional de sa\u00fade qualificado. Sempre consulte um m\u00e9dico ou nutricionista antes de iniciar suplementa\u00e7\u00e3o ou modificar tratamentos para condi\u00e7\u00f5es respirat\u00f3rias, especialmente em caso de doen\u00e7as cr\u00f4nicas dos pulm\u00f5es, gesta\u00e7\u00e3o ou uso cont\u00ednuo de medicamentos.<\/em><\/p>\n","protected":false},"excerpt":{"rendered":"<p>A vitamina D \u00e9 o nutriente com maior evid\u00eancia cient\u00edfica de impacto sobre a sa\u00fade pulmonar, sendo apontada por pneumologistas como pe\u00e7a-chave na manuten\u00e7\u00e3o da integridade do tecido alveolar e da resposta imune local. Quando os n\u00edveis caem, aumenta o risco de infec\u00e7\u00f5es respirat\u00f3rias, exacerba\u00e7\u00f5es de asma e descompensa\u00e7\u00e3o da doen\u00e7a pulmonar obstrutiva cr\u00f4nica. Entender [&hellip;]<\/p>\n","protected":false},"author":11,"featured_media":28969,"comment_status":"open","ping_status":"open","sticky":false,"template":"","format":"standard","meta":{"_yoast_wpseo_focuskw":"vitamina D","_yoast_wpseo_title":"","_yoast_wpseo_metadesc":"A vitamina D ajuda a proteger os pulm\u00f5es, fortalecer a imunidade respirat\u00f3ria e reduzir infec\u00e7\u00f5es e crises pulmonares.","jnews-multi-image_gallery":[],"jnews_single_post":{"format":"standard"},"jnews_primary_category":[],"jnews_social_meta":[],"jnews_override_counter":[],"footnotes":""},"categories":[111],"tags":[6192,6133,136,3373],"class_list":["post-28681","post","type-post","status-publish","format-standard","has-post-thumbnail","hentry","category-saude","tag-pneumologia","tag-pulmoes-saudaveis","tag-saude","tag-saude-do-pulmao"],"yoast_head":"<!-- This site is optimized with the Yoast SEO plugin v26.7 - https:\/\/yoast.com\/wordpress\/plugins\/seo\/ -->\n<title>Qual \u00e9 o nutriente essencial para pulm\u00f5es saud\u00e1veis, segundo especialistas em pneumologia? - Tua Sa\u00fade<\/title>\n<meta name=\"description\" content=\"A vitamina D ajuda a proteger os pulm\u00f5es, fortalecer a imunidade respirat\u00f3ria e reduzir infec\u00e7\u00f5es e crises pulmonares.\" \/>\n<meta name=\"robots\" content=\"index, follow, max-snippet:-1, max-image-preview:large, max-video-preview:-1\" \/>\n<link rel=\"canonical\" href=\"https:\/\/www.tuasaude.com\/news\/2026\/04\/27\/qual-e-o-nutriente-essencial-para-pulmoes-saudaveis-segundo-especialistas-em-pneumologia\/\" \/>\n<meta property=\"og:locale\" content=\"pt_BR\" \/>\n<meta property=\"og:type\" content=\"article\" \/>\n<meta property=\"og:title\" content=\"Qual \u00e9 o nutriente essencial para pulm\u00f5es saud\u00e1veis, segundo especialistas em pneumologia? - Tua Sa\u00fade\" \/>\n<meta property=\"og:description\" content=\"A vitamina D ajuda a proteger os pulm\u00f5es, fortalecer a imunidade respirat\u00f3ria e reduzir infec\u00e7\u00f5es e crises pulmonares.\" \/>\n<meta property=\"og:url\" content=\"https:\/\/www.tuasaude.com\/news\/2026\/04\/27\/qual-e-o-nutriente-essencial-para-pulmoes-saudaveis-segundo-especialistas-em-pneumologia\/\" \/>\n<meta property=\"og:site_name\" content=\"Tua Sa\u00fade\" \/>\n<meta property=\"article:published_time\" content=\"2026-04-27T19:15:00+00:00\" \/>\n<meta property=\"og:image\" content=\"https:\/\/www.tuasaude.com\/news\/wp-content\/uploads\/2026\/04\/freepik_ilustracao-nao-fotorealis_2869383206.jpg\" \/>\n\t<meta property=\"og:image:width\" content=\"1280\" \/>\n\t<meta property=\"og:image:height\" content=\"714\" \/>\n\t<meta property=\"og:image:type\" content=\"image\/jpeg\" \/>\n<meta name=\"author\" content=\"Gessika Julia Carvalho\" \/>\n<meta name=\"twitter:card\" content=\"summary_large_image\" \/>\n<meta name=\"twitter:label1\" content=\"Escrito por\" \/>\n\t<meta name=\"twitter:data1\" content=\"Gessika Julia Carvalho\" \/>\n\t<meta name=\"twitter:label2\" content=\"Est. tempo de leitura\" \/>\n\t<meta name=\"twitter:data2\" content=\"5 minutos\" \/>\n<!-- \/ Yoast SEO plugin. -->","yoast_head_json":{"title":"Qual \u00e9 o nutriente essencial para pulm\u00f5es saud\u00e1veis, segundo especialistas em pneumologia? - Tua Sa\u00fade","description":"A vitamina D ajuda a proteger os pulm\u00f5es, fortalecer a imunidade respirat\u00f3ria e reduzir infec\u00e7\u00f5es e crises pulmonares.","robots":{"index":"index","follow":"follow","max-snippet":"max-snippet:-1","max-image-preview":"max-image-preview:large","max-video-preview":"max-video-preview:-1"},"canonical":"https:\/\/www.tuasaude.com\/news\/2026\/04\/27\/qual-e-o-nutriente-essencial-para-pulmoes-saudaveis-segundo-especialistas-em-pneumologia\/","og_locale":"pt_BR","og_type":"article","og_title":"Qual \u00e9 o nutriente essencial para pulm\u00f5es saud\u00e1veis, segundo especialistas em pneumologia? - Tua Sa\u00fade","og_description":"A vitamina D ajuda a proteger os pulm\u00f5es, fortalecer a imunidade respirat\u00f3ria e reduzir infec\u00e7\u00f5es e crises pulmonares.","og_url":"https:\/\/www.tuasaude.com\/news\/2026\/04\/27\/qual-e-o-nutriente-essencial-para-pulmoes-saudaveis-segundo-especialistas-em-pneumologia\/","og_site_name":"Tua Sa\u00fade","article_published_time":"2026-04-27T19:15:00+00:00","og_image":[{"width":1280,"height":714,"url":"https:\/\/www.tuasaude.com\/news\/wp-content\/uploads\/2026\/04\/freepik_ilustracao-nao-fotorealis_2869383206.jpg","type":"image\/jpeg"}],"author":"Gessika Julia Carvalho","twitter_card":"summary_large_image","twitter_misc":{"Escrito por":"Gessika Julia Carvalho","Est. tempo de leitura":"5 minutos"},"schema":{"@context":"https:\/\/schema.org","@graph":[{"@type":"Article","@id":"https:\/\/www.tuasaude.com\/news\/2026\/04\/27\/qual-e-o-nutriente-essencial-para-pulmoes-saudaveis-segundo-especialistas-em-pneumologia\/#article","isPartOf":{"@id":"https:\/\/www.tuasaude.com\/news\/2026\/04\/27\/qual-e-o-nutriente-essencial-para-pulmoes-saudaveis-segundo-especialistas-em-pneumologia\/"},"author":{"name":"Gessika Julia Carvalho","@id":"https:\/\/www.tuasaude.com\/news\/#\/schema\/person\/2e9df841be69ec84f5d20ddb8d273ac2"},"headline":"Qual \u00e9 o nutriente essencial para pulm\u00f5es saud\u00e1veis, segundo especialistas em pneumologia?","datePublished":"2026-04-27T19:15:00+00:00","mainEntityOfPage":{"@id":"https:\/\/www.tuasaude.com\/news\/2026\/04\/27\/qual-e-o-nutriente-essencial-para-pulmoes-saudaveis-segundo-especialistas-em-pneumologia\/"},"wordCount":887,"commentCount":0,"image":{"@id":"https:\/\/www.tuasaude.com\/news\/2026\/04\/27\/qual-e-o-nutriente-essencial-para-pulmoes-saudaveis-segundo-especialistas-em-pneumologia\/#primaryimage"},"thumbnailUrl":"https:\/\/www.tuasaude.com\/news\/wp-content\/uploads\/2026\/04\/freepik_ilustracao-nao-fotorealis_2869383206.jpg","keywords":["pneumologia","pulm\u00f5es saud\u00e1veis","sa\u00fade","sa\u00fade do pulm\u00e3o"],"articleSection":["Sa\u00fade"],"inLanguage":"pt-BR","potentialAction":[{"@type":"CommentAction","name":"Comment","target":["https:\/\/www.tuasaude.com\/news\/2026\/04\/27\/qual-e-o-nutriente-essencial-para-pulmoes-saudaveis-segundo-especialistas-em-pneumologia\/#respond"]}]},{"@type":"WebPage","@id":"https:\/\/www.tuasaude.com\/news\/2026\/04\/27\/qual-e-o-nutriente-essencial-para-pulmoes-saudaveis-segundo-especialistas-em-pneumologia\/","url":"https:\/\/www.tuasaude.com\/news\/2026\/04\/27\/qual-e-o-nutriente-essencial-para-pulmoes-saudaveis-segundo-especialistas-em-pneumologia\/","name":"Qual \u00e9 o nutriente essencial para pulm\u00f5es saud\u00e1veis, segundo especialistas em pneumologia? - Tua Sa\u00fade","isPartOf":{"@id":"https:\/\/www.tuasaude.com\/news\/#website"},"primaryImageOfPage":{"@id":"https:\/\/www.tuasaude.com\/news\/2026\/04\/27\/qual-e-o-nutriente-essencial-para-pulmoes-saudaveis-segundo-especialistas-em-pneumologia\/#primaryimage"},"image":{"@id":"https:\/\/www.tuasaude.com\/news\/2026\/04\/27\/qual-e-o-nutriente-essencial-para-pulmoes-saudaveis-segundo-especialistas-em-pneumologia\/#primaryimage"},"thumbnailUrl":"https:\/\/www.tuasaude.com\/news\/wp-content\/uploads\/2026\/04\/freepik_ilustracao-nao-fotorealis_2869383206.jpg","datePublished":"2026-04-27T19:15:00+00:00","author":{"@id":"https:\/\/www.tuasaude.com\/news\/#\/schema\/person\/2e9df841be69ec84f5d20ddb8d273ac2"},"description":"A vitamina D ajuda a proteger os pulm\u00f5es, fortalecer a imunidade respirat\u00f3ria e reduzir infec\u00e7\u00f5es e crises pulmonares.","breadcrumb":{"@id":"https:\/\/www.tuasaude.com\/news\/2026\/04\/27\/qual-e-o-nutriente-essencial-para-pulmoes-saudaveis-segundo-especialistas-em-pneumologia\/#breadcrumb"},"inLanguage":"pt-BR","potentialAction":[{"@type":"ReadAction","target":["https:\/\/www.tuasaude.com\/news\/2026\/04\/27\/qual-e-o-nutriente-essencial-para-pulmoes-saudaveis-segundo-especialistas-em-pneumologia\/"]}]},{"@type":"ImageObject","inLanguage":"pt-BR","@id":"https:\/\/www.tuasaude.com\/news\/2026\/04\/27\/qual-e-o-nutriente-essencial-para-pulmoes-saudaveis-segundo-especialistas-em-pneumologia\/#primaryimage","url":"https:\/\/www.tuasaude.com\/news\/wp-content\/uploads\/2026\/04\/freepik_ilustracao-nao-fotorealis_2869383206.jpg","contentUrl":"https:\/\/www.tuasaude.com\/news\/wp-content\/uploads\/2026\/04\/freepik_ilustracao-nao-fotorealis_2869383206.jpg","width":1280,"height":714,"caption":"A suplementa\u00e7\u00e3o de vitamina D \u00e9 eficaz, mas deve ser feita sob orienta\u00e7\u00e3o m\u00e9dica."},{"@type":"BreadcrumbList","@id":"https:\/\/www.tuasaude.com\/news\/2026\/04\/27\/qual-e-o-nutriente-essencial-para-pulmoes-saudaveis-segundo-especialistas-em-pneumologia\/#breadcrumb","itemListElement":[{"@type":"ListItem","position":1,"name":"In\u00edcio","item":"https:\/\/www.tuasaude.com\/news\/"},{"@type":"ListItem","position":2,"name":"Qual \u00e9 o nutriente essencial para pulm\u00f5es saud\u00e1veis, segundo especialistas em pneumologia?"}]},{"@type":"WebSite","@id":"https:\/\/www.tuasaude.com\/news\/#website","url":"https:\/\/www.tuasaude.com\/news\/","name":"Tua Sa\u00fade","description":"Seu site de sa\u00fade","potentialAction":[{"@type":"SearchAction","target":{"@type":"EntryPoint","urlTemplate":"https:\/\/www.tuasaude.com\/news\/?s={search_term_string}"},"query-input":{"@type":"PropertyValueSpecification","valueRequired":true,"valueName":"search_term_string"}}],"inLanguage":"pt-BR"},{"@type":"Person","@id":"https:\/\/www.tuasaude.com\/news\/#\/schema\/person\/2e9df841be69ec84f5d20ddb8d273ac2","name":"Gessika Julia Carvalho","image":{"@type":"ImageObject","inLanguage":"pt-BR","@id":"https:\/\/www.tuasaude.com\/news\/#\/schema\/person\/image\/","url":"https:\/\/secure.gravatar.com\/avatar\/0fcc8769024577fd0bc6a8b766055690f76a8e8f29dfb2a2f89cf04db8d0f2d2?s=96&d=mm&r=g","contentUrl":"https:\/\/secure.gravatar.com\/avatar\/0fcc8769024577fd0bc6a8b766055690f76a8e8f29dfb2a2f89cf04db8d0f2d2?s=96&d=mm&r=g","caption":"Gessika Julia Carvalho"},"sameAs":["https:\/\/www.tuasaude.com\/news\/"],"url":"https:\/\/www.tuasaude.com\/news\/author\/gessika-julia\/"}]}},"_links":{"self":[{"href":"https:\/\/www.tuasaude.com\/news\/wp-json\/wp\/v2\/posts\/28681","targetHints":{"allow":["GET"]}}],"collection":[{"href":"https:\/\/www.tuasaude.com\/news\/wp-json\/wp\/v2\/posts"}],"about":[{"href":"https:\/\/www.tuasaude.com\/news\/wp-json\/wp\/v2\/types\/post"}],"author":[{"embeddable":true,"href":"https:\/\/www.tuasaude.com\/news\/wp-json\/wp\/v2\/users\/11"}],"replies":[{"embeddable":true,"href":"https:\/\/www.tuasaude.com\/news\/wp-json\/wp\/v2\/comments?post=28681"}],"version-history":[{"count":2,"href":"https:\/\/www.tuasaude.com\/news\/wp-json\/wp\/v2\/posts\/28681\/revisions"}],"predecessor-version":[{"id":28981,"href":"https:\/\/www.tuasaude.com\/news\/wp-json\/wp\/v2\/posts\/28681\/revisions\/28981"}],"wp:featuredmedia":[{"embeddable":true,"href":"https:\/\/www.tuasaude.com\/news\/wp-json\/wp\/v2\/media\/28969"}],"wp:attachment":[{"href":"https:\/\/www.tuasaude.com\/news\/wp-json\/wp\/v2\/media?parent=28681"}],"wp:term":[{"taxonomy":"category","embeddable":true,"href":"https:\/\/www.tuasaude.com\/news\/wp-json\/wp\/v2\/categories?post=28681"},{"taxonomy":"post_tag","embeddable":true,"href":"https:\/\/www.tuasaude.com\/news\/wp-json\/wp\/v2\/tags?post=28681"}],"curies":[{"name":"wp","href":"https:\/\/api.w.org\/{rel}","templated":true}]}}