{"id":28671,"date":"2026-04-27T15:00:00","date_gmt":"2026-04-27T18:00:00","guid":{"rendered":"https:\/\/www.tuasaude.com\/news\/?p=28671"},"modified":"2026-04-26T19:10:48","modified_gmt":"2026-04-26T22:10:48","slug":"qual-e-o-antioxidante-essencial-para-uma-pele-saudavel-segundo-especialistas-em-dermatologia","status":"publish","type":"post","link":"https:\/\/www.tuasaude.com\/news\/2026\/04\/27\/qual-e-o-antioxidante-essencial-para-uma-pele-saudavel-segundo-especialistas-em-dermatologia\/","title":{"rendered":"Qual \u00e9 o antioxidante essencial para uma pele saud\u00e1vel, segundo especialistas em dermatologia?"},"content":{"rendered":"\n<p>A vitamina C \u00e9 considerada o antioxidante essencial para uma pele saud\u00e1vel, sendo apontada por especialistas em dermatologia como o ativo com maior evid\u00eancia cient\u00edfica de prote\u00e7\u00e3o cut\u00e2nea. Quando a pele \u00e9 exposta ao sol, \u00e0 polui\u00e7\u00e3o e ao estresse sem prote\u00e7\u00e3o nutricional adequada, o estresse oxidativo acelera o envelhecimento, favorece manchas e enfraquece a barreira natural. A vitamina C atua justamente nesse ponto, neutralizando radicais livres e sustentando a produ\u00e7\u00e3o de col\u00e1geno.<\/p>\n\n\n\n<h2 class=\"wp-block-heading\">Por que a vitamina C \u00e9 considerada o antioxidante essencial?<\/h2>\n\n\n\n<p>A vitamina C \u00e9 o antioxidante mais abundante na pele saud\u00e1vel e o organismo humano n\u00e3o consegue produzi-la, o que torna o aporte externo indispens\u00e1vel. Sua import\u00e2ncia se justifica pela a\u00e7\u00e3o dupla: combate direto aos radicais livres e participa\u00e7\u00e3o ativa na s\u00edntese de col\u00e1geno, prote\u00edna respons\u00e1vel pela firmeza e elasticidade.<\/p>\n\n\n\n<p>Em dermatologia, esse ativo \u00e9 frequentemente classificado como refer\u00eancia entre os antioxidantes t\u00f3picos por sua estabilidade quando bem formulado, pela capacidade de potencializar o efeito do <a href=\"https:\/\/www.tuasaude.com\/vitamina-c-para-o-rosto\/\" target=\"_blank\" rel=\"noreferrer noopener\">protetor solar<\/a> e pela atua\u00e7\u00e3o sin\u00e9rgica com a vitamina E e o \u00e1cido fer\u00falico.<\/p>\n\n\n\n<h2 class=\"wp-block-heading\">Como a vitamina C age contra o sol e a inflama\u00e7\u00e3o?<\/h2>\n\n\n\n<p>Os raios ultravioleta e a polui\u00e7\u00e3o geram radicais livres que danificam lip\u00eddios, prote\u00ednas e o DNA das c\u00e9lulas cut\u00e2neas. A vitamina C neutraliza essas mol\u00e9culas reativas antes que provoquem danos cumulativos, reduzindo o eritema solar e os processos inflamat\u00f3rios da pele.<\/p>\n\n\n\n<p>Os principais mecanismos protetores observados em estudos cl\u00ednicos incluem:<\/p>\n\n\n<div class=\"wp-block-image\">\n<figure class=\"aligncenter size-large\"><img decoding=\"async\" width=\"1024\" height=\"382\" src=\"https:\/\/www.tuasaude.com\/news\/wp-content\/uploads\/2026\/04\/convertido-44-10-1024x382.jpg\" alt=\"Como a vitamina C age contra o sol e a inflama\u00e7\u00e3o?\" class=\"wp-image-28672\" srcset=\"https:\/\/www.tuasaude.com\/news\/wp-content\/uploads\/2026\/04\/convertido-44-10-1024x382.jpg 1024w, https:\/\/www.tuasaude.com\/news\/wp-content\/uploads\/2026\/04\/convertido-44-10-300x112.jpg 300w, https:\/\/www.tuasaude.com\/news\/wp-content\/uploads\/2026\/04\/convertido-44-10-768x287.jpg 768w, https:\/\/www.tuasaude.com\/news\/wp-content\/uploads\/2026\/04\/convertido-44-10-750x280.jpg 750w, https:\/\/www.tuasaude.com\/news\/wp-content\/uploads\/2026\/04\/convertido-44-10-1140x426.jpg 1140w, https:\/\/www.tuasaude.com\/news\/wp-content\/uploads\/2026\/04\/convertido-44-10.jpg 1280w\" sizes=\"(max-width: 1024px) 100vw, 1024px\" \/><figcaption class=\"wp-element-caption\">Como a vitamina C age contra o sol e a inflama\u00e7\u00e3o?<\/figcaption><\/figure>\n<\/div>\n\n\n<h2 class=\"wp-block-heading\">O que diz a ci\u00eancia sobre a vitamina C t\u00f3pica?<\/h2>\n\n\n\n<p>A pesquisa em dermatologia tem reunido evid\u00eancias robustas sobre o papel fotoprotetor da vitamina C. Segundo a revis\u00e3o <a href=\"https:\/\/pubmed.ncbi.nlm.nih.gov\/29104718\/\" target=\"_blank\" rel=\"noreferrer noopener\">Topical Vitamin C and the Skin: Mechanisms of Action and Clinical Applications<\/a>, publicada no The Journal of Clinical and Aesthetic Dermatology, a vitamina C \u00e9 descrita como um dos antioxidantes mais potentes da pele, com a\u00e7\u00e3o comprovada contra fotoenvelhecimento, imunossupress\u00e3o induzida por radia\u00e7\u00e3o ultravioleta e fotocarcinog\u00eanese.<\/p>\n\n\n\n<p>Os autores destacam ainda que a vitamina C atua na estabiliza\u00e7\u00e3o das fibras de col\u00e1geno e na redu\u00e7\u00e3o da pigmenta\u00e7\u00e3o irregular, mas alertam que a efic\u00e1cia depende diretamente da estabilidade da f\u00f3rmula, da concentra\u00e7\u00e3o e da capacidade de penetra\u00e7\u00e3o na pele. Por isso, nem todos os produtos dispon\u00edveis oferecem resultado equivalente.<\/p>\n\n\n<div class=\"wp-block-image\">\n<figure class=\"aligncenter size-large\"><img decoding=\"async\" width=\"1024\" height=\"571\" src=\"https:\/\/www.tuasaude.com\/news\/wp-content\/uploads\/2026\/04\/freepik_ilustracao-nao-fotorealis_2869419043-1024x571.jpg\" alt=\"Qual \u00e9 o antioxidante essencial para uma pele saud\u00e1vel, segundo especialistas em dermatologia?\" class=\"wp-image-28996\" srcset=\"https:\/\/www.tuasaude.com\/news\/wp-content\/uploads\/2026\/04\/freepik_ilustracao-nao-fotorealis_2869419043-1024x571.jpg 1024w, https:\/\/www.tuasaude.com\/news\/wp-content\/uploads\/2026\/04\/freepik_ilustracao-nao-fotorealis_2869419043-300x167.jpg 300w, https:\/\/www.tuasaude.com\/news\/wp-content\/uploads\/2026\/04\/freepik_ilustracao-nao-fotorealis_2869419043-768x428.jpg 768w, https:\/\/www.tuasaude.com\/news\/wp-content\/uploads\/2026\/04\/freepik_ilustracao-nao-fotorealis_2869419043-750x418.jpg 750w, https:\/\/www.tuasaude.com\/news\/wp-content\/uploads\/2026\/04\/freepik_ilustracao-nao-fotorealis_2869419043-1140x636.jpg 1140w, https:\/\/www.tuasaude.com\/news\/wp-content\/uploads\/2026\/04\/freepik_ilustracao-nao-fotorealis_2869419043.jpg 1280w\" sizes=\"(max-width: 1024px) 100vw, 1024px\" \/><figcaption class=\"wp-element-caption\">Vitamina C combate radicais livres e estimula a produ\u00e7\u00e3o de col\u00e1geno.<\/figcaption><\/figure>\n<\/div>\n\n\n<h2 class=\"wp-block-heading\">Quais alimentos e formas garantem o aporte adequado?<\/h2>\n\n\n\n<p>O aporte de vitamina C precisa vir tanto da alimenta\u00e7\u00e3o quanto, em muitos casos, do uso t\u00f3pico orientado por dermatologista. A via oral mant\u00e9m os n\u00edveis sist\u00eamicos do nutriente e apoia fun\u00e7\u00f5es essenciais como cicatriza\u00e7\u00e3o, imunidade e produ\u00e7\u00e3o de col\u00e1geno em todo o organismo.<\/p>\n\n\n\n<p>Entre as melhores fontes alimentares est\u00e3o:<\/p>\n\n\n\n<ul class=\"wp-block-list\">\n<li>Acerola, considerada uma das frutas com maior concentra\u00e7\u00e3o<\/li>\n\n\n\n<li>Goiaba, que pode oferecer mais de 200 mg em uma unidade m\u00e9dia<\/li>\n\n\n\n<li>Kiwi, laranja, lim\u00e3o e tangerina<\/li>\n\n\n\n<li>Piment\u00f5es vermelho e amarelo crus<\/li>\n\n\n\n<li>Br\u00f3colis, couve e salsinha frescos<\/li>\n\n\n\n<li>Morango e caju<\/li>\n<\/ul>\n\n\n\n<p>O calor e o armazenamento prolongado reduzem o teor da vitamina, ent\u00e3o o consumo dos <a href=\"https:\/\/www.tuasaude.com\/alimentos-ricos-em-vitamina-c\/\" target=\"_blank\" rel=\"noreferrer noopener\">alimentos ricos em vitamina C<\/a> deve priorizar vers\u00f5es frescas e cruas sempre que poss\u00edvel.<\/p>\n\n\n\n<h2 class=\"wp-block-heading\">Como incluir a vitamina C na rotina de cuidados com a pele?<\/h2>\n\n\n\n<p>O uso t\u00f3pico costuma ser recomendado pela manh\u00e3, antes do protetor solar, em concentra\u00e7\u00f5es que variam entre 10 e 20 por cento, dependendo da sensibilidade individual. Esse posicionamento na rotina aumenta a defesa contra os radicais livres formados ao longo do dia e amplia a prote\u00e7\u00e3o do filtro solar.<\/p>\n\n\n\n<p>Para resultados consistentes, a aplica\u00e7\u00e3o deve ser di\u00e1ria, em pele limpa e seca, sempre acompanhada de fotoprote\u00e7\u00e3o adequada. Como a toler\u00e2ncia varia entre tipos de pele e o ativo pode interagir com outros cosm\u00e9ticos, a indica\u00e7\u00e3o ideal vem da avalia\u00e7\u00e3o de um dermatologista, que pode ajustar a concentra\u00e7\u00e3o e combinar a vitamina C a outros <a href=\"https:\/\/www.tuasaude.com\/alimentos-para-uma-pele-perfeita\/\" target=\"_blank\" rel=\"noreferrer noopener\">cuidados que beneficiam a sa\u00fade da pele<\/a>.<\/p>\n\n\n\n<p><em>Este conte\u00fado tem car\u00e1ter exclusivamente informativo e n\u00e3o substitui a avalia\u00e7\u00e3o, o diagn\u00f3stico ou o tratamento realizados por um profissional de sa\u00fade qualificado. Consulte sempre um dermatologista antes de iniciar o uso de ativos antioxidantes t\u00f3picos ou suplementos, especialmente em casos de pele sens\u00edvel, condi\u00e7\u00f5es dermatol\u00f3gicas preexistentes ou uso de outros tratamentos.<\/em><\/p>\n","protected":false},"excerpt":{"rendered":"<p>A vitamina C \u00e9 considerada o antioxidante essencial para uma pele saud\u00e1vel, sendo apontada por especialistas em dermatologia como o ativo com maior evid\u00eancia cient\u00edfica de prote\u00e7\u00e3o cut\u00e2nea. Quando a pele \u00e9 exposta ao sol, \u00e0 polui\u00e7\u00e3o e ao estresse sem prote\u00e7\u00e3o nutricional adequada, o estresse oxidativo acelera o envelhecimento, favorece manchas e enfraquece a [&hellip;]<\/p>\n","protected":false},"author":11,"featured_media":28995,"comment_status":"open","ping_status":"open","sticky":false,"template":"","format":"standard","meta":{"_yoast_wpseo_focuskw":"vitamina C pele","_yoast_wpseo_title":"","_yoast_wpseo_metadesc":"Pele saud\u00e1vel depende de vitamina C adequada para defesa antioxidante, col\u00e1geno e prote\u00e7\u00e3o contra danos di\u00e1rios.","jnews-multi-image_gallery":[],"jnews_single_post":{"format":"standard"},"jnews_primary_category":[],"jnews_social_meta":[],"jnews_override_counter":[],"footnotes":""},"categories":[111],"tags":[3219,6190,136,1050],"class_list":["post-28671","post","type-post","status-publish","format-standard","has-post-thumbnail","hentry","category-saude","tag-antioxidante","tag-dermatologia","tag-saude","tag-saude-da-pele"],"yoast_head":"<!-- This site is optimized with the Yoast SEO plugin v26.7 - https:\/\/yoast.com\/wordpress\/plugins\/seo\/ -->\n<title>Qual \u00e9 o antioxidante essencial para uma pele saud\u00e1vel, segundo especialistas em dermatologia? - Tua Sa\u00fade<\/title>\n<meta name=\"description\" content=\"Pele saud\u00e1vel depende de vitamina C adequada para defesa antioxidante, col\u00e1geno e prote\u00e7\u00e3o contra danos di\u00e1rios.\" \/>\n<meta name=\"robots\" content=\"index, follow, max-snippet:-1, max-image-preview:large, max-video-preview:-1\" \/>\n<link rel=\"canonical\" href=\"https:\/\/www.tuasaude.com\/news\/2026\/04\/27\/qual-e-o-antioxidante-essencial-para-uma-pele-saudavel-segundo-especialistas-em-dermatologia\/\" \/>\n<meta property=\"og:locale\" content=\"pt_BR\" \/>\n<meta property=\"og:type\" content=\"article\" \/>\n<meta property=\"og:title\" content=\"Qual \u00e9 o antioxidante essencial para uma pele saud\u00e1vel, segundo especialistas em dermatologia? - Tua Sa\u00fade\" \/>\n<meta property=\"og:description\" content=\"Pele saud\u00e1vel depende de vitamina C adequada para defesa antioxidante, col\u00e1geno e prote\u00e7\u00e3o contra danos di\u00e1rios.\" \/>\n<meta property=\"og:url\" content=\"https:\/\/www.tuasaude.com\/news\/2026\/04\/27\/qual-e-o-antioxidante-essencial-para-uma-pele-saudavel-segundo-especialistas-em-dermatologia\/\" \/>\n<meta property=\"og:site_name\" content=\"Tua Sa\u00fade\" \/>\n<meta property=\"article:published_time\" content=\"2026-04-27T18:00:00+00:00\" \/>\n<meta property=\"og:image\" content=\"https:\/\/www.tuasaude.com\/news\/wp-content\/uploads\/2026\/04\/freepik_ilustracao-nao-fotorealis_2869418866.jpg\" \/>\n\t<meta property=\"og:image:width\" content=\"1280\" \/>\n\t<meta property=\"og:image:height\" content=\"714\" \/>\n\t<meta property=\"og:image:type\" content=\"image\/jpeg\" \/>\n<meta name=\"author\" content=\"Gessika Julia Carvalho\" \/>\n<meta name=\"twitter:card\" content=\"summary_large_image\" \/>\n<meta name=\"twitter:label1\" content=\"Escrito por\" \/>\n\t<meta name=\"twitter:data1\" content=\"Gessika Julia Carvalho\" \/>\n\t<meta name=\"twitter:label2\" content=\"Est. tempo de leitura\" \/>\n\t<meta name=\"twitter:data2\" content=\"5 minutos\" \/>\n<!-- \/ Yoast SEO plugin. -->","yoast_head_json":{"title":"Qual \u00e9 o antioxidante essencial para uma pele saud\u00e1vel, segundo especialistas em dermatologia? - Tua Sa\u00fade","description":"Pele saud\u00e1vel depende de vitamina C adequada para defesa antioxidante, col\u00e1geno e prote\u00e7\u00e3o contra danos di\u00e1rios.","robots":{"index":"index","follow":"follow","max-snippet":"max-snippet:-1","max-image-preview":"max-image-preview:large","max-video-preview":"max-video-preview:-1"},"canonical":"https:\/\/www.tuasaude.com\/news\/2026\/04\/27\/qual-e-o-antioxidante-essencial-para-uma-pele-saudavel-segundo-especialistas-em-dermatologia\/","og_locale":"pt_BR","og_type":"article","og_title":"Qual \u00e9 o antioxidante essencial para uma pele saud\u00e1vel, segundo especialistas em dermatologia? - Tua Sa\u00fade","og_description":"Pele saud\u00e1vel depende de vitamina C adequada para defesa antioxidante, col\u00e1geno e prote\u00e7\u00e3o contra danos di\u00e1rios.","og_url":"https:\/\/www.tuasaude.com\/news\/2026\/04\/27\/qual-e-o-antioxidante-essencial-para-uma-pele-saudavel-segundo-especialistas-em-dermatologia\/","og_site_name":"Tua Sa\u00fade","article_published_time":"2026-04-27T18:00:00+00:00","og_image":[{"width":1280,"height":714,"url":"https:\/\/www.tuasaude.com\/news\/wp-content\/uploads\/2026\/04\/freepik_ilustracao-nao-fotorealis_2869418866.jpg","type":"image\/jpeg"}],"author":"Gessika Julia Carvalho","twitter_card":"summary_large_image","twitter_misc":{"Escrito por":"Gessika Julia Carvalho","Est. tempo de leitura":"5 minutos"},"schema":{"@context":"https:\/\/schema.org","@graph":[{"@type":"Article","@id":"https:\/\/www.tuasaude.com\/news\/2026\/04\/27\/qual-e-o-antioxidante-essencial-para-uma-pele-saudavel-segundo-especialistas-em-dermatologia\/#article","isPartOf":{"@id":"https:\/\/www.tuasaude.com\/news\/2026\/04\/27\/qual-e-o-antioxidante-essencial-para-uma-pele-saudavel-segundo-especialistas-em-dermatologia\/"},"author":{"name":"Gessika Julia Carvalho","@id":"https:\/\/www.tuasaude.com\/news\/#\/schema\/person\/2e9df841be69ec84f5d20ddb8d273ac2"},"headline":"Qual \u00e9 o antioxidante essencial para uma pele saud\u00e1vel, segundo especialistas em dermatologia?","datePublished":"2026-04-27T18:00:00+00:00","mainEntityOfPage":{"@id":"https:\/\/www.tuasaude.com\/news\/2026\/04\/27\/qual-e-o-antioxidante-essencial-para-uma-pele-saudavel-segundo-especialistas-em-dermatologia\/"},"wordCount":777,"commentCount":0,"image":{"@id":"https:\/\/www.tuasaude.com\/news\/2026\/04\/27\/qual-e-o-antioxidante-essencial-para-uma-pele-saudavel-segundo-especialistas-em-dermatologia\/#primaryimage"},"thumbnailUrl":"https:\/\/www.tuasaude.com\/news\/wp-content\/uploads\/2026\/04\/freepik_ilustracao-nao-fotorealis_2869418866.jpg","keywords":["antioxidante","dermatologia","sa\u00fade","sa\u00fade da pele"],"articleSection":["Sa\u00fade"],"inLanguage":"pt-BR","potentialAction":[{"@type":"CommentAction","name":"Comment","target":["https:\/\/www.tuasaude.com\/news\/2026\/04\/27\/qual-e-o-antioxidante-essencial-para-uma-pele-saudavel-segundo-especialistas-em-dermatologia\/#respond"]}]},{"@type":"WebPage","@id":"https:\/\/www.tuasaude.com\/news\/2026\/04\/27\/qual-e-o-antioxidante-essencial-para-uma-pele-saudavel-segundo-especialistas-em-dermatologia\/","url":"https:\/\/www.tuasaude.com\/news\/2026\/04\/27\/qual-e-o-antioxidante-essencial-para-uma-pele-saudavel-segundo-especialistas-em-dermatologia\/","name":"Qual \u00e9 o antioxidante essencial para uma pele saud\u00e1vel, segundo especialistas em dermatologia? - Tua Sa\u00fade","isPartOf":{"@id":"https:\/\/www.tuasaude.com\/news\/#website"},"primaryImageOfPage":{"@id":"https:\/\/www.tuasaude.com\/news\/2026\/04\/27\/qual-e-o-antioxidante-essencial-para-uma-pele-saudavel-segundo-especialistas-em-dermatologia\/#primaryimage"},"image":{"@id":"https:\/\/www.tuasaude.com\/news\/2026\/04\/27\/qual-e-o-antioxidante-essencial-para-uma-pele-saudavel-segundo-especialistas-em-dermatologia\/#primaryimage"},"thumbnailUrl":"https:\/\/www.tuasaude.com\/news\/wp-content\/uploads\/2026\/04\/freepik_ilustracao-nao-fotorealis_2869418866.jpg","datePublished":"2026-04-27T18:00:00+00:00","author":{"@id":"https:\/\/www.tuasaude.com\/news\/#\/schema\/person\/2e9df841be69ec84f5d20ddb8d273ac2"},"description":"Pele saud\u00e1vel depende de vitamina C adequada para defesa antioxidante, col\u00e1geno e prote\u00e7\u00e3o contra danos di\u00e1rios.","breadcrumb":{"@id":"https:\/\/www.tuasaude.com\/news\/2026\/04\/27\/qual-e-o-antioxidante-essencial-para-uma-pele-saudavel-segundo-especialistas-em-dermatologia\/#breadcrumb"},"inLanguage":"pt-BR","potentialAction":[{"@type":"ReadAction","target":["https:\/\/www.tuasaude.com\/news\/2026\/04\/27\/qual-e-o-antioxidante-essencial-para-uma-pele-saudavel-segundo-especialistas-em-dermatologia\/"]}]},{"@type":"ImageObject","inLanguage":"pt-BR","@id":"https:\/\/www.tuasaude.com\/news\/2026\/04\/27\/qual-e-o-antioxidante-essencial-para-uma-pele-saudavel-segundo-especialistas-em-dermatologia\/#primaryimage","url":"https:\/\/www.tuasaude.com\/news\/wp-content\/uploads\/2026\/04\/freepik_ilustracao-nao-fotorealis_2869418866.jpg","contentUrl":"https:\/\/www.tuasaude.com\/news\/wp-content\/uploads\/2026\/04\/freepik_ilustracao-nao-fotorealis_2869418866.jpg","width":1280,"height":714,"caption":"Alimentos como acerola e goiaba s\u00e3o excelentes fontes de vitamina C."},{"@type":"BreadcrumbList","@id":"https:\/\/www.tuasaude.com\/news\/2026\/04\/27\/qual-e-o-antioxidante-essencial-para-uma-pele-saudavel-segundo-especialistas-em-dermatologia\/#breadcrumb","itemListElement":[{"@type":"ListItem","position":1,"name":"In\u00edcio","item":"https:\/\/www.tuasaude.com\/news\/"},{"@type":"ListItem","position":2,"name":"Qual \u00e9 o antioxidante essencial para uma pele saud\u00e1vel, segundo especialistas em dermatologia?"}]},{"@type":"WebSite","@id":"https:\/\/www.tuasaude.com\/news\/#website","url":"https:\/\/www.tuasaude.com\/news\/","name":"Tua Sa\u00fade","description":"Seu site de sa\u00fade","potentialAction":[{"@type":"SearchAction","target":{"@type":"EntryPoint","urlTemplate":"https:\/\/www.tuasaude.com\/news\/?s={search_term_string}"},"query-input":{"@type":"PropertyValueSpecification","valueRequired":true,"valueName":"search_term_string"}}],"inLanguage":"pt-BR"},{"@type":"Person","@id":"https:\/\/www.tuasaude.com\/news\/#\/schema\/person\/2e9df841be69ec84f5d20ddb8d273ac2","name":"Gessika Julia Carvalho","image":{"@type":"ImageObject","inLanguage":"pt-BR","@id":"https:\/\/www.tuasaude.com\/news\/#\/schema\/person\/image\/","url":"https:\/\/secure.gravatar.com\/avatar\/0fcc8769024577fd0bc6a8b766055690f76a8e8f29dfb2a2f89cf04db8d0f2d2?s=96&d=mm&r=g","contentUrl":"https:\/\/secure.gravatar.com\/avatar\/0fcc8769024577fd0bc6a8b766055690f76a8e8f29dfb2a2f89cf04db8d0f2d2?s=96&d=mm&r=g","caption":"Gessika Julia Carvalho"},"sameAs":["https:\/\/www.tuasaude.com\/news\/"],"url":"https:\/\/www.tuasaude.com\/news\/author\/gessika-julia\/"}]}},"_links":{"self":[{"href":"https:\/\/www.tuasaude.com\/news\/wp-json\/wp\/v2\/posts\/28671","targetHints":{"allow":["GET"]}}],"collection":[{"href":"https:\/\/www.tuasaude.com\/news\/wp-json\/wp\/v2\/posts"}],"about":[{"href":"https:\/\/www.tuasaude.com\/news\/wp-json\/wp\/v2\/types\/post"}],"author":[{"embeddable":true,"href":"https:\/\/www.tuasaude.com\/news\/wp-json\/wp\/v2\/users\/11"}],"replies":[{"embeddable":true,"href":"https:\/\/www.tuasaude.com\/news\/wp-json\/wp\/v2\/comments?post=28671"}],"version-history":[{"count":2,"href":"https:\/\/www.tuasaude.com\/news\/wp-json\/wp\/v2\/posts\/28671\/revisions"}],"predecessor-version":[{"id":29007,"href":"https:\/\/www.tuasaude.com\/news\/wp-json\/wp\/v2\/posts\/28671\/revisions\/29007"}],"wp:featuredmedia":[{"embeddable":true,"href":"https:\/\/www.tuasaude.com\/news\/wp-json\/wp\/v2\/media\/28995"}],"wp:attachment":[{"href":"https:\/\/www.tuasaude.com\/news\/wp-json\/wp\/v2\/media?parent=28671"}],"wp:term":[{"taxonomy":"category","embeddable":true,"href":"https:\/\/www.tuasaude.com\/news\/wp-json\/wp\/v2\/categories?post=28671"},{"taxonomy":"post_tag","embeddable":true,"href":"https:\/\/www.tuasaude.com\/news\/wp-json\/wp\/v2\/tags?post=28671"}],"curies":[{"name":"wp","href":"https:\/\/api.w.org\/{rel}","templated":true}]}}