{"id":28633,"date":"2026-04-27T11:30:00","date_gmt":"2026-04-27T14:30:00","guid":{"rendered":"https:\/\/www.tuasaude.com\/news\/?p=28633"},"modified":"2026-04-26T15:37:15","modified_gmt":"2026-04-26T18:37:15","slug":"qual-e-a-vitamina-essencial-para-uma-visao-saudavel-segundo-especialistas-em-oftalmologia","status":"publish","type":"post","link":"https:\/\/www.tuasaude.com\/news\/2026\/04\/27\/qual-e-a-vitamina-essencial-para-uma-visao-saudavel-segundo-especialistas-em-oftalmologia\/","title":{"rendered":"Qual \u00e9 a vitamina essencial para uma vis\u00e3o saud\u00e1vel, segundo especialistas em oftalmologia?"},"content":{"rendered":"\n<p>A vitamina A \u00e9 considerada por especialistas em oftalmologia a mais importante para a sa\u00fade ocular, pois participa diretamente da forma\u00e7\u00e3o dos pigmentos visuais na retina e mant\u00e9m a integridade da c\u00f3rnea. Sem esse nutriente, o olho perde a capacidade de se adaptar \u00e0 pouca luz e fica mais vulner\u00e1vel a infec\u00e7\u00f5es e ressecamento. A boa not\u00edcia \u00e9 que ajustes simples na alimenta\u00e7\u00e3o podem garantir os n\u00edveis adequados desse micronutriente e proteger a vis\u00e3o ao longo dos anos.<\/p>\n\n\n\n<h2 class=\"wp-block-heading\">Por que a vitamina A \u00e9 t\u00e3o importante para a vis\u00e3o?<\/h2>\n\n\n\n<p>A vitamina A \u00e9 respons\u00e1vel pela produ\u00e7\u00e3o da rodopsina, um pigmento presente nos bastonetes da retina que permite enxergar em ambientes com baixa luminosidade. Sem quantidades suficientes desse nutriente, o olho n\u00e3o consegue captar a luz com a mesma efici\u00eancia.<\/p>\n\n\n\n<p>Al\u00e9m disso, a vitamina contribui para manter a superf\u00edcie ocular lubrificada, prevenindo o ressecamento e processos inflamat\u00f3rios na c\u00f3rnea. Sua a\u00e7\u00e3o tamb\u00e9m fortalece a barreira natural contra microrganismos que poderiam comprometer estruturas sens\u00edveis dos olhos.<\/p>\n\n\n\n<h2 class=\"wp-block-heading\">Quais alimentos s\u00e3o fontes de vitamina A?<\/h2>\n\n\n\n<p>A alimenta\u00e7\u00e3o variada \u00e9 o caminho mais seguro para manter n\u00edveis ideais desse nutriente sem riscos de toxicidade. A vitamina A pode ser obtida na forma ativa (retinol), em produtos de origem animal, ou como carotenoides, em vegetais coloridos que o corpo converte conforme a necessidade. Conhe\u00e7a as principais fontes de <a href=\"https:\/\/www.tuasaude.com\/alimentos-ricos-em-vitamina-a\/\" target=\"_blank\" rel=\"noreferrer noopener\">alimentos ricos em vitamina A<\/a>:<\/p>\n\n\n<div class=\"wp-block-image\">\n<figure class=\"aligncenter size-large\"><img decoding=\"async\" width=\"1024\" height=\"422\" src=\"https:\/\/www.tuasaude.com\/news\/wp-content\/uploads\/2026\/04\/convertido-32-14-1024x422.jpg\" alt=\"Quais alimentos s\u00e3o fontes de vitamina A?\" class=\"wp-image-28634\" srcset=\"https:\/\/www.tuasaude.com\/news\/wp-content\/uploads\/2026\/04\/convertido-32-14-1024x422.jpg 1024w, https:\/\/www.tuasaude.com\/news\/wp-content\/uploads\/2026\/04\/convertido-32-14-300x124.jpg 300w, https:\/\/www.tuasaude.com\/news\/wp-content\/uploads\/2026\/04\/convertido-32-14-768x316.jpg 768w, https:\/\/www.tuasaude.com\/news\/wp-content\/uploads\/2026\/04\/convertido-32-14-750x309.jpg 750w, https:\/\/www.tuasaude.com\/news\/wp-content\/uploads\/2026\/04\/convertido-32-14-1140x469.jpg 1140w, https:\/\/www.tuasaude.com\/news\/wp-content\/uploads\/2026\/04\/convertido-32-14.jpg 1280w\" sizes=\"(max-width: 1024px) 100vw, 1024px\" \/><figcaption class=\"wp-element-caption\">Quais alimentos s\u00e3o fontes de vitamina A?<\/figcaption><\/figure>\n<\/div>\n\n\n<h2 class=\"wp-block-heading\">O que a defici\u00eancia de vitamina A causa nos olhos?<\/h2>\n\n\n\n<p>A falta cr\u00f4nica desse nutriente pode levar \u00e0 <a href=\"https:\/\/www.tuasaude.com\/xeroftalmia\/\" target=\"_blank\" rel=\"noreferrer noopener\">xeroftalmia<\/a>, uma doen\u00e7a progressiva que provoca ressecamento intenso da c\u00f3rnea, manchas brancas no olho e, em casos graves, ulcera\u00e7\u00f5es que podem evoluir para cegueira irrevers\u00edvel.<\/p>\n\n\n\n<p>Outros sinais comuns incluem dificuldade para enxergar \u00e0 noite, conhecida como <a href=\"https:\/\/www.tuasaude.com\/cegueira-noturna\/\" target=\"_blank\" rel=\"noreferrer noopener\">cegueira noturna<\/a>, sensibilidade aumentada \u00e0 luz e fadiga visual. Essa car\u00eancia tamb\u00e9m eleva o risco de infec\u00e7\u00f5es oculares e est\u00e1 associada \u00e0 evolu\u00e7\u00e3o de doen\u00e7as degenerativas da retina ao longo da vida.<\/p>\n\n\n<div class=\"wp-block-image\">\n<figure class=\"aligncenter size-large\"><img decoding=\"async\" width=\"1024\" height=\"571\" src=\"https:\/\/www.tuasaude.com\/news\/wp-content\/uploads\/2026\/04\/freepik_illustration-nonphotoreal_2868657737-1024x571.jpg\" alt=\"Qual \u00e9 a vitamina essencial para uma vis\u00e3o saud\u00e1vel, segundo especialistas em oftalmologia?\" class=\"wp-image-28799\" srcset=\"https:\/\/www.tuasaude.com\/news\/wp-content\/uploads\/2026\/04\/freepik_illustration-nonphotoreal_2868657737-1024x571.jpg 1024w, https:\/\/www.tuasaude.com\/news\/wp-content\/uploads\/2026\/04\/freepik_illustration-nonphotoreal_2868657737-300x167.jpg 300w, https:\/\/www.tuasaude.com\/news\/wp-content\/uploads\/2026\/04\/freepik_illustration-nonphotoreal_2868657737-768x428.jpg 768w, https:\/\/www.tuasaude.com\/news\/wp-content\/uploads\/2026\/04\/freepik_illustration-nonphotoreal_2868657737-750x418.jpg 750w, https:\/\/www.tuasaude.com\/news\/wp-content\/uploads\/2026\/04\/freepik_illustration-nonphotoreal_2868657737-1140x636.jpg 1140w, https:\/\/www.tuasaude.com\/news\/wp-content\/uploads\/2026\/04\/freepik_illustration-nonphotoreal_2868657737.jpg 1280w\" sizes=\"(max-width: 1024px) 100vw, 1024px\" \/><figcaption class=\"wp-element-caption\">A vitamina A \u00e9 essencial para a vis\u00e3o, ajudando na adapta\u00e7\u00e3o \u00e0 luz fraca e protegendo os olhos.<\/figcaption><\/figure>\n<\/div>\n\n\n<h2 class=\"wp-block-heading\">O que diz a ci\u00eancia sobre vitaminas e sa\u00fade ocular?<\/h2>\n\n\n\n<p>A rela\u00e7\u00e3o entre micronutrientes e a preserva\u00e7\u00e3o da vis\u00e3o \u00e9 um dos campos mais estudados pela oftalmologia moderna, com ensaios cl\u00ednicos de grande porte conduzidos pelo National Eye Institute dos Estados Unidos. Segundo o <a href=\"https:\/\/pubmed.ncbi.nlm.nih.gov\/23644932\/\" target=\"_blank\" rel=\"noreferrer noopener\">Age-Related Eye Disease Study 2 (AREDS2)<\/a>, ensaio cl\u00ednico randomizado e duplo-cego publicado no peri\u00f3dico JAMA, uma f\u00f3rmula contendo vitaminas C e E, betacaroteno (precursor da vitamina A), zinco, lute\u00edna e zeaxantina foi capaz de reduzir significativamente o risco de progress\u00e3o para a forma avan\u00e7ada da degenera\u00e7\u00e3o macular relacionada \u00e0 idade.<\/p>\n\n\n\n<p>O estudo acompanhou 4.203 participantes entre 50 e 85 anos durante cinco anos e confirmou que carotenoides relacionados \u00e0 vitamina A, especialmente lute\u00edna e zeaxantina, oferecem prote\u00e7\u00e3o comprovada contra o avan\u00e7o de doen\u00e7as degenerativas da retina.<\/p>\n\n\n\n<h2 class=\"wp-block-heading\">Quando procurar um oftalmologista?<\/h2>\n\n\n\n<p>\u00c9 fundamental buscar avalia\u00e7\u00e3o especializada diante de sintomas como dificuldade de enxergar no escuro, olhos secos persistentes, emba\u00e7amento ou sensibilidade \u00e0 luz. Pessoas com mais de 50 anos, fumantes, diab\u00e9ticos ou com hist\u00f3rico familiar de <a href=\"https:\/\/www.tuasaude.com\/degeneracao-da-retina\/\" target=\"_blank\" rel=\"noreferrer noopener\">degenera\u00e7\u00e3o macular<\/a> precisam de acompanhamento regular para detec\u00e7\u00e3o precoce de altera\u00e7\u00f5es visuais.<\/p>\n\n\n\n<p>A suplementa\u00e7\u00e3o de vitamina A nunca deve ser feita por conta pr\u00f3pria, j\u00e1 que o excesso \u00e9 t\u00f3xico e pode causar dor de cabe\u00e7a, vis\u00e3o emba\u00e7ada e at\u00e9 danos hep\u00e1ticos. Apenas o profissional pode indicar a dose correta e avaliar intera\u00e7\u00f5es com outros medicamentos.<\/p>\n\n\n\n<p><em>Este conte\u00fado tem car\u00e1ter exclusivamente informativo e n\u00e3o substitui a avalia\u00e7\u00e3o m\u00e9dica. Consulte sempre um profissional de sa\u00fade qualificado para diagn\u00f3stico e tratamento adequados ao seu caso.<\/em><\/p>\n","protected":false},"excerpt":{"rendered":"<p>A vitamina A \u00e9 considerada por especialistas em oftalmologia a mais importante para a sa\u00fade ocular, pois participa diretamente da forma\u00e7\u00e3o dos pigmentos visuais na retina e mant\u00e9m a integridade da c\u00f3rnea. Sem esse nutriente, o olho perde a capacidade de se adaptar \u00e0 pouca luz e fica mais vulner\u00e1vel a infec\u00e7\u00f5es e ressecamento. A [&hellip;]<\/p>\n","protected":false},"author":11,"featured_media":28800,"comment_status":"open","ping_status":"open","sticky":false,"template":"","format":"standard","meta":{"_yoast_wpseo_focuskw":"vitamina A","_yoast_wpseo_title":"","_yoast_wpseo_metadesc":"A vitamina A ajuda a proteger a retina, fortalece a vis\u00e3o noturna e preserva a sa\u00fade ocular com apoio da alimenta\u00e7\u00e3o.","jnews-multi-image_gallery":[],"jnews_single_post":{"format":"standard"},"jnews_primary_category":[],"jnews_social_meta":[],"jnews_override_counter":[],"footnotes":""},"categories":[111],"tags":[6180,136,1120,2538],"class_list":["post-28633","post","type-post","status-publish","format-standard","has-post-thumbnail","hentry","category-saude","tag-oftalmologia","tag-saude","tag-saude-dos-olhos","tag-visao-saudavel"],"yoast_head":"<!-- This site is optimized with the Yoast SEO plugin v26.7 - https:\/\/yoast.com\/wordpress\/plugins\/seo\/ -->\n<title>Qual \u00e9 a vitamina essencial para uma vis\u00e3o saud\u00e1vel, segundo especialistas em oftalmologia? - Tua Sa\u00fade<\/title>\n<meta name=\"description\" content=\"A vitamina A ajuda a proteger a retina, fortalece a vis\u00e3o noturna e preserva a sa\u00fade ocular com apoio da alimenta\u00e7\u00e3o.\" \/>\n<meta name=\"robots\" content=\"index, follow, max-snippet:-1, max-image-preview:large, max-video-preview:-1\" \/>\n<link rel=\"canonical\" href=\"https:\/\/www.tuasaude.com\/news\/2026\/04\/27\/qual-e-a-vitamina-essencial-para-uma-visao-saudavel-segundo-especialistas-em-oftalmologia\/\" \/>\n<meta property=\"og:locale\" content=\"pt_BR\" \/>\n<meta property=\"og:type\" content=\"article\" \/>\n<meta property=\"og:title\" content=\"Qual \u00e9 a vitamina essencial para uma vis\u00e3o saud\u00e1vel, segundo especialistas em oftalmologia? - Tua Sa\u00fade\" \/>\n<meta property=\"og:description\" content=\"A vitamina A ajuda a proteger a retina, fortalece a vis\u00e3o noturna e preserva a sa\u00fade ocular com apoio da alimenta\u00e7\u00e3o.\" \/>\n<meta property=\"og:url\" content=\"https:\/\/www.tuasaude.com\/news\/2026\/04\/27\/qual-e-a-vitamina-essencial-para-uma-visao-saudavel-segundo-especialistas-em-oftalmologia\/\" \/>\n<meta property=\"og:site_name\" content=\"Tua Sa\u00fade\" \/>\n<meta property=\"article:published_time\" content=\"2026-04-27T14:30:00+00:00\" \/>\n<meta property=\"og:image\" content=\"https:\/\/www.tuasaude.com\/news\/wp-content\/uploads\/2026\/04\/freepik_illustration-nonphotoreal_2868657990.jpg\" \/>\n\t<meta property=\"og:image:width\" content=\"1280\" \/>\n\t<meta property=\"og:image:height\" content=\"714\" \/>\n\t<meta property=\"og:image:type\" content=\"image\/jpeg\" \/>\n<meta name=\"author\" content=\"Gessika Julia Carvalho\" \/>\n<meta name=\"twitter:card\" content=\"summary_large_image\" \/>\n<meta name=\"twitter:label1\" content=\"Escrito por\" \/>\n\t<meta name=\"twitter:data1\" content=\"Gessika Julia Carvalho\" \/>\n\t<meta name=\"twitter:label2\" content=\"Est. tempo de leitura\" \/>\n\t<meta name=\"twitter:data2\" content=\"4 minutos\" \/>\n<!-- \/ Yoast SEO plugin. -->","yoast_head_json":{"title":"Qual \u00e9 a vitamina essencial para uma vis\u00e3o saud\u00e1vel, segundo especialistas em oftalmologia? - Tua Sa\u00fade","description":"A vitamina A ajuda a proteger a retina, fortalece a vis\u00e3o noturna e preserva a sa\u00fade ocular com apoio da alimenta\u00e7\u00e3o.","robots":{"index":"index","follow":"follow","max-snippet":"max-snippet:-1","max-image-preview":"max-image-preview:large","max-video-preview":"max-video-preview:-1"},"canonical":"https:\/\/www.tuasaude.com\/news\/2026\/04\/27\/qual-e-a-vitamina-essencial-para-uma-visao-saudavel-segundo-especialistas-em-oftalmologia\/","og_locale":"pt_BR","og_type":"article","og_title":"Qual \u00e9 a vitamina essencial para uma vis\u00e3o saud\u00e1vel, segundo especialistas em oftalmologia? - Tua Sa\u00fade","og_description":"A vitamina A ajuda a proteger a retina, fortalece a vis\u00e3o noturna e preserva a sa\u00fade ocular com apoio da alimenta\u00e7\u00e3o.","og_url":"https:\/\/www.tuasaude.com\/news\/2026\/04\/27\/qual-e-a-vitamina-essencial-para-uma-visao-saudavel-segundo-especialistas-em-oftalmologia\/","og_site_name":"Tua Sa\u00fade","article_published_time":"2026-04-27T14:30:00+00:00","og_image":[{"width":1280,"height":714,"url":"https:\/\/www.tuasaude.com\/news\/wp-content\/uploads\/2026\/04\/freepik_illustration-nonphotoreal_2868657990.jpg","type":"image\/jpeg"}],"author":"Gessika Julia Carvalho","twitter_card":"summary_large_image","twitter_misc":{"Escrito por":"Gessika Julia Carvalho","Est. tempo de leitura":"4 minutos"},"schema":{"@context":"https:\/\/schema.org","@graph":[{"@type":"Article","@id":"https:\/\/www.tuasaude.com\/news\/2026\/04\/27\/qual-e-a-vitamina-essencial-para-uma-visao-saudavel-segundo-especialistas-em-oftalmologia\/#article","isPartOf":{"@id":"https:\/\/www.tuasaude.com\/news\/2026\/04\/27\/qual-e-a-vitamina-essencial-para-uma-visao-saudavel-segundo-especialistas-em-oftalmologia\/"},"author":{"name":"Gessika Julia Carvalho","@id":"https:\/\/www.tuasaude.com\/news\/#\/schema\/person\/2e9df841be69ec84f5d20ddb8d273ac2"},"headline":"Qual \u00e9 a vitamina essencial para uma vis\u00e3o saud\u00e1vel, segundo especialistas em oftalmologia?","datePublished":"2026-04-27T14:30:00+00:00","mainEntityOfPage":{"@id":"https:\/\/www.tuasaude.com\/news\/2026\/04\/27\/qual-e-a-vitamina-essencial-para-uma-visao-saudavel-segundo-especialistas-em-oftalmologia\/"},"wordCount":661,"commentCount":0,"image":{"@id":"https:\/\/www.tuasaude.com\/news\/2026\/04\/27\/qual-e-a-vitamina-essencial-para-uma-visao-saudavel-segundo-especialistas-em-oftalmologia\/#primaryimage"},"thumbnailUrl":"https:\/\/www.tuasaude.com\/news\/wp-content\/uploads\/2026\/04\/freepik_illustration-nonphotoreal_2868657990.jpg","keywords":["oftalmologia","sa\u00fade","sa\u00fade dos olhos","vis\u00e3o saud\u00e1vel"],"articleSection":["Sa\u00fade"],"inLanguage":"pt-BR","potentialAction":[{"@type":"CommentAction","name":"Comment","target":["https:\/\/www.tuasaude.com\/news\/2026\/04\/27\/qual-e-a-vitamina-essencial-para-uma-visao-saudavel-segundo-especialistas-em-oftalmologia\/#respond"]}]},{"@type":"WebPage","@id":"https:\/\/www.tuasaude.com\/news\/2026\/04\/27\/qual-e-a-vitamina-essencial-para-uma-visao-saudavel-segundo-especialistas-em-oftalmologia\/","url":"https:\/\/www.tuasaude.com\/news\/2026\/04\/27\/qual-e-a-vitamina-essencial-para-uma-visao-saudavel-segundo-especialistas-em-oftalmologia\/","name":"Qual \u00e9 a vitamina essencial para uma vis\u00e3o saud\u00e1vel, segundo especialistas em oftalmologia? - Tua Sa\u00fade","isPartOf":{"@id":"https:\/\/www.tuasaude.com\/news\/#website"},"primaryImageOfPage":{"@id":"https:\/\/www.tuasaude.com\/news\/2026\/04\/27\/qual-e-a-vitamina-essencial-para-uma-visao-saudavel-segundo-especialistas-em-oftalmologia\/#primaryimage"},"image":{"@id":"https:\/\/www.tuasaude.com\/news\/2026\/04\/27\/qual-e-a-vitamina-essencial-para-uma-visao-saudavel-segundo-especialistas-em-oftalmologia\/#primaryimage"},"thumbnailUrl":"https:\/\/www.tuasaude.com\/news\/wp-content\/uploads\/2026\/04\/freepik_illustration-nonphotoreal_2868657990.jpg","datePublished":"2026-04-27T14:30:00+00:00","author":{"@id":"https:\/\/www.tuasaude.com\/news\/#\/schema\/person\/2e9df841be69ec84f5d20ddb8d273ac2"},"description":"A vitamina A ajuda a proteger a retina, fortalece a vis\u00e3o noturna e preserva a sa\u00fade ocular com apoio da alimenta\u00e7\u00e3o.","breadcrumb":{"@id":"https:\/\/www.tuasaude.com\/news\/2026\/04\/27\/qual-e-a-vitamina-essencial-para-uma-visao-saudavel-segundo-especialistas-em-oftalmologia\/#breadcrumb"},"inLanguage":"pt-BR","potentialAction":[{"@type":"ReadAction","target":["https:\/\/www.tuasaude.com\/news\/2026\/04\/27\/qual-e-a-vitamina-essencial-para-uma-visao-saudavel-segundo-especialistas-em-oftalmologia\/"]}]},{"@type":"ImageObject","inLanguage":"pt-BR","@id":"https:\/\/www.tuasaude.com\/news\/2026\/04\/27\/qual-e-a-vitamina-essencial-para-uma-visao-saudavel-segundo-especialistas-em-oftalmologia\/#primaryimage","url":"https:\/\/www.tuasaude.com\/news\/wp-content\/uploads\/2026\/04\/freepik_illustration-nonphotoreal_2868657990.jpg","contentUrl":"https:\/\/www.tuasaude.com\/news\/wp-content\/uploads\/2026\/04\/freepik_illustration-nonphotoreal_2868657990.jpg","width":1280,"height":714,"caption":"Defici\u00eancia de vitamina A pode causar cegueira noturna e aumentar o risco de infec\u00e7\u00f5es oculares."},{"@type":"BreadcrumbList","@id":"https:\/\/www.tuasaude.com\/news\/2026\/04\/27\/qual-e-a-vitamina-essencial-para-uma-visao-saudavel-segundo-especialistas-em-oftalmologia\/#breadcrumb","itemListElement":[{"@type":"ListItem","position":1,"name":"In\u00edcio","item":"https:\/\/www.tuasaude.com\/news\/"},{"@type":"ListItem","position":2,"name":"Qual \u00e9 a vitamina essencial para uma vis\u00e3o saud\u00e1vel, segundo especialistas em oftalmologia?"}]},{"@type":"WebSite","@id":"https:\/\/www.tuasaude.com\/news\/#website","url":"https:\/\/www.tuasaude.com\/news\/","name":"Tua Sa\u00fade","description":"Seu site de sa\u00fade","potentialAction":[{"@type":"SearchAction","target":{"@type":"EntryPoint","urlTemplate":"https:\/\/www.tuasaude.com\/news\/?s={search_term_string}"},"query-input":{"@type":"PropertyValueSpecification","valueRequired":true,"valueName":"search_term_string"}}],"inLanguage":"pt-BR"},{"@type":"Person","@id":"https:\/\/www.tuasaude.com\/news\/#\/schema\/person\/2e9df841be69ec84f5d20ddb8d273ac2","name":"Gessika Julia Carvalho","image":{"@type":"ImageObject","inLanguage":"pt-BR","@id":"https:\/\/www.tuasaude.com\/news\/#\/schema\/person\/image\/","url":"https:\/\/secure.gravatar.com\/avatar\/0fcc8769024577fd0bc6a8b766055690f76a8e8f29dfb2a2f89cf04db8d0f2d2?s=96&d=mm&r=g","contentUrl":"https:\/\/secure.gravatar.com\/avatar\/0fcc8769024577fd0bc6a8b766055690f76a8e8f29dfb2a2f89cf04db8d0f2d2?s=96&d=mm&r=g","caption":"Gessika Julia Carvalho"},"sameAs":["https:\/\/www.tuasaude.com\/news\/"],"url":"https:\/\/www.tuasaude.com\/news\/author\/gessika-julia\/"}]}},"_links":{"self":[{"href":"https:\/\/www.tuasaude.com\/news\/wp-json\/wp\/v2\/posts\/28633","targetHints":{"allow":["GET"]}}],"collection":[{"href":"https:\/\/www.tuasaude.com\/news\/wp-json\/wp\/v2\/posts"}],"about":[{"href":"https:\/\/www.tuasaude.com\/news\/wp-json\/wp\/v2\/types\/post"}],"author":[{"embeddable":true,"href":"https:\/\/www.tuasaude.com\/news\/wp-json\/wp\/v2\/users\/11"}],"replies":[{"embeddable":true,"href":"https:\/\/www.tuasaude.com\/news\/wp-json\/wp\/v2\/comments?post=28633"}],"version-history":[{"count":2,"href":"https:\/\/www.tuasaude.com\/news\/wp-json\/wp\/v2\/posts\/28633\/revisions"}],"predecessor-version":[{"id":28862,"href":"https:\/\/www.tuasaude.com\/news\/wp-json\/wp\/v2\/posts\/28633\/revisions\/28862"}],"wp:featuredmedia":[{"embeddable":true,"href":"https:\/\/www.tuasaude.com\/news\/wp-json\/wp\/v2\/media\/28800"}],"wp:attachment":[{"href":"https:\/\/www.tuasaude.com\/news\/wp-json\/wp\/v2\/media?parent=28633"}],"wp:term":[{"taxonomy":"category","embeddable":true,"href":"https:\/\/www.tuasaude.com\/news\/wp-json\/wp\/v2\/categories?post=28633"},{"taxonomy":"post_tag","embeddable":true,"href":"https:\/\/www.tuasaude.com\/news\/wp-json\/wp\/v2\/tags?post=28633"}],"curies":[{"name":"wp","href":"https:\/\/api.w.org\/{rel}","templated":true}]}}