{"id":28586,"date":"2026-04-26T17:15:00","date_gmt":"2026-04-26T20:15:00","guid":{"rendered":"https:\/\/www.tuasaude.com\/news\/?p=28586"},"modified":"2026-04-26T10:44:56","modified_gmt":"2026-04-26T13:44:56","slug":"vitamina-k2-e-calcio-por-que-essa-combinacao-virou-foco-quando-o-assunto-e-ossos-e-calcificacao-vascular","status":"publish","type":"post","link":"https:\/\/www.tuasaude.com\/news\/2026\/04\/26\/vitamina-k2-e-calcio-por-que-essa-combinacao-virou-foco-quando-o-assunto-e-ossos-e-calcificacao-vascular\/","title":{"rendered":"Vitamina K2 e c\u00e1lcio: por que essa combina\u00e7\u00e3o virou foco quando o assunto \u00e9 ossos e calcifica\u00e7\u00e3o vascular"},"content":{"rendered":"\n<p>A <strong>vitamina K2<\/strong> e o <strong>c\u00e1lcio<\/strong> passaram a aparecer juntos com mais frequ\u00eancia porque essa combina\u00e7\u00e3o se relaciona tanto com a sa\u00fade dos ossos quanto com o equil\u00edbrio do c\u00e1lcio no corpo. Em termos simples, o c\u00e1lcio \u00e9 um mineral essencial para a estrutura \u00f3ssea, mas ele n\u00e3o age sozinho. A vitamina K participa da ativa\u00e7\u00e3o de prote\u00ednas que ajudam a direcionar esse mineral para os ossos, o que explica por que o tema ganhou espa\u00e7o em pesquisas sobre <strong>mineraliza\u00e7\u00e3o \u00f3ssea<\/strong> e <strong>calcifica\u00e7\u00e3o vascular<\/strong>.<\/p>\n\n\n\n<h2 class=\"wp-block-heading\">Como vitamina K2 e c\u00e1lcio se relacionam no organismo<\/h2>\n\n\n\n<p>O c\u00e1lcio \u00e9 fundamental para manter ossos e dentes fortes, enquanto a vitamina K ajuda a ativar prote\u00ednas envolvidas no metabolismo \u00f3sseo. Entre elas est\u00e1 a osteocalcina, ligada \u00e0 fixa\u00e7\u00e3o do c\u00e1lcio na matriz \u00f3ssea.<\/p>\n\n\n\n<p>Segundo o <em>NIH Office of Dietary Supplements<\/em>, a vitamina K \u00e9 importante para a coagula\u00e7\u00e3o e para a sa\u00fade dos ossos. Isso ajuda a entender por que a K2 chama aten\u00e7\u00e3o quando a meta \u00e9 melhorar o aproveitamento do c\u00e1lcio, especialmente ao longo do envelhecimento.<\/p>\n\n\n\n<h2 class=\"wp-block-heading\">Por que essa combina\u00e7\u00e3o virou tema quando se fala em vasos sangu\u00edneos<\/h2>\n\n\n\n<p>O interesse cardiovascular surgiu porque outra prote\u00edna dependente de vitamina K, chamada MGP, est\u00e1 ligada \u00e0 inibi\u00e7\u00e3o do ac\u00famulo de c\u00e1lcio em tecidos onde ele n\u00e3o deveria se concentrar, como os vasos. \u00c9 justamente essa liga\u00e7\u00e3o que alimenta a discuss\u00e3o sobre calcifica\u00e7\u00e3o vascular.<\/p>\n\n\n\n<p>Mas aqui \u00e9 importante manter equil\u00edbrio. A ci\u00eancia sugere um mecanismo promissor, por\u00e9m isso n\u00e3o significa que tomar vitamina K2 com c\u00e1lcio seja uma estrat\u00e9gia universal para proteger art\u00e9rias. Os resultados cl\u00ednicos em humanos ainda s\u00e3o mistos.<\/p>\n\n\n<div class=\"wp-block-image\">\n<figure class=\"aligncenter size-large\"><img decoding=\"async\" width=\"1024\" height=\"576\" src=\"https:\/\/www.tuasaude.com\/news\/wp-content\/uploads\/2026\/04\/ChatGPT-Image-26-de-abr.-de-2026-10_43_48-1024x576.jpg\" alt=\"Prato com alimentos associados \u00e0 vitamina K2 para apoiar a sa\u00fade \u00f3ssea.\" class=\"wp-image-28592\" srcset=\"https:\/\/www.tuasaude.com\/news\/wp-content\/uploads\/2026\/04\/ChatGPT-Image-26-de-abr.-de-2026-10_43_48-1024x576.jpg 1024w, https:\/\/www.tuasaude.com\/news\/wp-content\/uploads\/2026\/04\/ChatGPT-Image-26-de-abr.-de-2026-10_43_48-300x169.jpg 300w, https:\/\/www.tuasaude.com\/news\/wp-content\/uploads\/2026\/04\/ChatGPT-Image-26-de-abr.-de-2026-10_43_48-768x432.jpg 768w, https:\/\/www.tuasaude.com\/news\/wp-content\/uploads\/2026\/04\/ChatGPT-Image-26-de-abr.-de-2026-10_43_48-750x422.jpg 750w, https:\/\/www.tuasaude.com\/news\/wp-content\/uploads\/2026\/04\/ChatGPT-Image-26-de-abr.-de-2026-10_43_48-1140x641.jpg 1140w, https:\/\/www.tuasaude.com\/news\/wp-content\/uploads\/2026\/04\/ChatGPT-Image-26-de-abr.-de-2026-10_43_48.jpg 1280w\" sizes=\"(max-width: 1024px) 100vw, 1024px\" \/><figcaption class=\"wp-element-caption\">Prato com alimentos associados \u00e0 vitamina K2 para apoiar a sa\u00fade \u00f3ssea.<\/figcaption><\/figure>\n<\/div>\n\n\n<h2 class=\"wp-block-heading\">O que um estudo cient\u00edfico mostrou sobre ossos e calcifica\u00e7\u00e3o vascular<\/h2>\n\n\n\n<p>Segundo a revis\u00e3o <em>The Dual Role of Vitamin K2 in Bone-Vascular Crosstalk<\/em>, publicada na revista <em>International Journal of Molecular Sciences<\/em>, a vitamina K2 tem papel relevante na conversa entre osso e vaso sangu\u00edneo ao participar da ativa\u00e7\u00e3o de prote\u00ednas ligadas \u00e0 mineraliza\u00e7\u00e3o \u00f3ssea e ao controle da calcifica\u00e7\u00e3o vascular. A revis\u00e3o refor\u00e7a que o tema faz sentido biol\u00f3gico, mas tamb\u00e9m destaca que ainda faltam estudos cl\u00ednicos mais consistentes para definir com clareza o impacto da suplementa\u00e7\u00e3o em diferentes perfis de pacientes.<\/p>\n\n\n\n<p>O artigo pode ser consultado neste link: <a href=\"https:\/\/pubmed.ncbi.nlm.nih.gov\/33917175\/\" target=\"_blank\" rel=\"noreferrer noopener\">estudo publicado na PubMed<\/a>. Esse ponto \u00e9 importante porque ajuda a separar duas ideias: o mecanismo parece plaus\u00edvel, mas o benef\u00edcio pr\u00e1tico da suplementa\u00e7\u00e3o depende do contexto, da dose e da condi\u00e7\u00e3o de sa\u00fade de cada pessoa.<\/p>\n\n\n\n<h2 class=\"wp-block-heading\">Quando essa combina\u00e7\u00e3o pode fazer mais sentido<\/h2>\n\n\n\n<p>Em geral, a conversa sobre c\u00e1lcio e vitamina K2 aparece mais em contextos de sa\u00fade \u00f3ssea, sobretudo quando existe risco de baixa densidade mineral ou alimenta\u00e7\u00e3o insuficiente em nutrientes importantes.<\/p>\n\n\n\n<ul class=\"wp-block-list\">\n<li>Preven\u00e7\u00e3o ou acompanhamento da osteopenia e osteoporose<\/li>\n\n\n\n<li>Dietas com baixa ingest\u00e3o de c\u00e1lcio<\/li>\n\n\n\n<li>Envelhecimento com maior risco de perda \u00f3ssea<\/li>\n\n\n\n<li>Planos alimentares que tamb\u00e9m incluem vitamina D, magn\u00e9sio e prote\u00edna adequada<\/li>\n<\/ul>\n\n\n\n<p>Para entender melhor esse nutriente, vale ver tamb\u00e9m o conte\u00fado sobre <a href=\"https:\/\/www.tuasaude.com\/vitamina-k2\/\" target=\"_blank\" rel=\"noreferrer noopener\">vitamina K2<\/a> e sua rela\u00e7\u00e3o com o metabolismo do c\u00e1lcio.<\/p>\n\n\n<div class=\"wp-block-image\">\n<figure class=\"aligncenter size-large\"><img decoding=\"async\" width=\"1024\" height=\"460\" src=\"https:\/\/www.tuasaude.com\/news\/wp-content\/uploads\/2026\/04\/convertido-375-1024x460.jpg\" alt=\"Vitamina K2 e C\u00e1lcio: A Combina\u00e7\u00e3o Ligada aos Ossos e \u00e0 Calcifica\u00e7\u00e3o Vascular\" class=\"wp-image-28590\" srcset=\"https:\/\/www.tuasaude.com\/news\/wp-content\/uploads\/2026\/04\/convertido-375-1024x460.jpg 1024w, https:\/\/www.tuasaude.com\/news\/wp-content\/uploads\/2026\/04\/convertido-375-300x135.jpg 300w, https:\/\/www.tuasaude.com\/news\/wp-content\/uploads\/2026\/04\/convertido-375-768x345.jpg 768w, https:\/\/www.tuasaude.com\/news\/wp-content\/uploads\/2026\/04\/convertido-375-750x337.jpg 750w, https:\/\/www.tuasaude.com\/news\/wp-content\/uploads\/2026\/04\/convertido-375-1140x512.jpg 1140w, https:\/\/www.tuasaude.com\/news\/wp-content\/uploads\/2026\/04\/convertido-375.jpg 1280w\" sizes=\"(max-width: 1024px) 100vw, 1024px\" \/><figcaption class=\"wp-element-caption\">Vitamina K2 e C\u00e1lcio: A Combina\u00e7\u00e3o Ligada aos Ossos e \u00e0 Calcifica\u00e7\u00e3o Vascular<\/figcaption><\/figure>\n<\/div>\n\n\n<h2 class=\"wp-block-heading\">O que exige cuidado antes de suplementar<\/h2>\n\n\n\n<p>Nem toda pessoa precisa dessa combina\u00e7\u00e3o em suplemento. Em alguns casos, o excesso de c\u00e1lcio pode n\u00e3o ser desej\u00e1vel, e a vitamina K exige aten\u00e7\u00e3o especial em quem usa anticoagulantes como varfarina. Por isso, a automedica\u00e7\u00e3o n\u00e3o \u00e9 uma boa escolha.<\/p>\n\n\n\n<ul class=\"wp-block-list\">\n<li>Suplementos n\u00e3o substituem alimenta\u00e7\u00e3o equilibrada<\/li>\n\n\n\n<li>Uso de anticoagulantes pede avalia\u00e7\u00e3o m\u00e9dica<\/li>\n\n\n\n<li>Doen\u00e7a renal e hist\u00f3rico de c\u00e1lculos exigem cuidado extra<\/li>\n\n\n\n<li>Mais nutriente n\u00e3o significa mais benef\u00edcio<\/li>\n<\/ul>\n\n\n\n<p>No fim, a combina\u00e7\u00e3o de vitamina K2 e c\u00e1lcio \u00e9 promissora, sobretudo para os ossos, mas ainda n\u00e3o deve ser tratada como solu\u00e7\u00e3o isolada contra calcifica\u00e7\u00e3o vascular. Este conte\u00fado \u00e9 apenas informativo e n\u00e3o substitui a avalia\u00e7\u00e3o de um m\u00e9dico. Para saber se h\u00e1 necessidade de ajustar a alimenta\u00e7\u00e3o ou usar suplementos, busque orienta\u00e7\u00e3o m\u00e9dica profissional.<\/p>\n","protected":false},"excerpt":{"rendered":"<p>A vitamina K2 e o c\u00e1lcio passaram a aparecer juntos com mais frequ\u00eancia porque essa combina\u00e7\u00e3o se relaciona tanto com a sa\u00fade dos ossos quanto com o equil\u00edbrio do c\u00e1lcio no corpo. Em termos simples, o c\u00e1lcio \u00e9 um mineral essencial para a estrutura \u00f3ssea, mas ele n\u00e3o age sozinho. A vitamina K participa da [&hellip;]<\/p>\n","protected":false},"author":12,"featured_media":28591,"comment_status":"open","ping_status":"open","sticky":false,"template":"","format":"standard","meta":{"_yoast_wpseo_focuskw":"vitamina K2","_yoast_wpseo_title":"","_yoast_wpseo_metadesc":"Entenda como vitamina K2 e c\u00e1lcio se relacionam com sa\u00fade dos ossos, mineraliza\u00e7\u00e3o \u00f3ssea e calcifica\u00e7\u00e3o vascular, com cuidados ao suplementar.","jnews-multi-image_gallery":[],"jnews_single_post":{"format":"standard"},"jnews_primary_category":[],"jnews_social_meta":[],"jnews_override_counter":[],"footnotes":""},"categories":[111],"tags":[6122,635,6177],"class_list":["post-28586","post","type-post","status-publish","format-standard","has-post-thumbnail","hentry","category-saude","tag-calcificacao-vascular","tag-calcio","tag-mineralizacao-ossea"],"yoast_head":"<!-- This site is optimized with the Yoast SEO plugin v26.7 - https:\/\/yoast.com\/wordpress\/plugins\/seo\/ -->\n<title>Vitamina K2 e c\u00e1lcio: por que essa combina\u00e7\u00e3o virou foco quando o assunto \u00e9 ossos e calcifica\u00e7\u00e3o vascular - Tua Sa\u00fade<\/title>\n<meta name=\"description\" content=\"Entenda como vitamina K2 e c\u00e1lcio se relacionam com sa\u00fade dos ossos, mineraliza\u00e7\u00e3o \u00f3ssea e calcifica\u00e7\u00e3o vascular, com cuidados ao suplementar.\" \/>\n<meta name=\"robots\" content=\"index, follow, max-snippet:-1, max-image-preview:large, max-video-preview:-1\" \/>\n<link rel=\"canonical\" href=\"https:\/\/www.tuasaude.com\/news\/2026\/04\/26\/vitamina-k2-e-calcio-por-que-essa-combinacao-virou-foco-quando-o-assunto-e-ossos-e-calcificacao-vascular\/\" \/>\n<meta property=\"og:locale\" content=\"pt_BR\" \/>\n<meta property=\"og:type\" content=\"article\" \/>\n<meta property=\"og:title\" content=\"Vitamina K2 e c\u00e1lcio: por que essa combina\u00e7\u00e3o virou foco quando o assunto \u00e9 ossos e calcifica\u00e7\u00e3o vascular - Tua Sa\u00fade\" \/>\n<meta property=\"og:description\" content=\"Entenda como vitamina K2 e c\u00e1lcio se relacionam com sa\u00fade dos ossos, mineraliza\u00e7\u00e3o \u00f3ssea e calcifica\u00e7\u00e3o vascular, com cuidados ao suplementar.\" \/>\n<meta property=\"og:url\" content=\"https:\/\/www.tuasaude.com\/news\/2026\/04\/26\/vitamina-k2-e-calcio-por-que-essa-combinacao-virou-foco-quando-o-assunto-e-ossos-e-calcificacao-vascular\/\" \/>\n<meta property=\"og:site_name\" content=\"Tua Sa\u00fade\" \/>\n<meta property=\"article:published_time\" content=\"2026-04-26T20:15:00+00:00\" \/>\n<meta property=\"og:image\" content=\"https:\/\/www.tuasaude.com\/news\/wp-content\/uploads\/2026\/04\/ChatGPT-Image-26-de-abr.-de-2026-10_43_28.jpg\" \/>\n\t<meta property=\"og:image:width\" content=\"1280\" \/>\n\t<meta property=\"og:image:height\" content=\"720\" \/>\n\t<meta property=\"og:image:type\" content=\"image\/jpeg\" \/>\n<meta name=\"author\" content=\"Jeferson Henrique\" \/>\n<meta name=\"twitter:card\" content=\"summary_large_image\" \/>\n<meta name=\"twitter:label1\" content=\"Escrito por\" \/>\n\t<meta name=\"twitter:data1\" content=\"Jeferson Henrique\" \/>\n\t<meta name=\"twitter:label2\" content=\"Est. tempo de leitura\" \/>\n\t<meta name=\"twitter:data2\" content=\"5 minutos\" \/>\n<!-- \/ Yoast SEO plugin. -->","yoast_head_json":{"title":"Vitamina K2 e c\u00e1lcio: por que essa combina\u00e7\u00e3o virou foco quando o assunto \u00e9 ossos e calcifica\u00e7\u00e3o vascular - Tua Sa\u00fade","description":"Entenda como vitamina K2 e c\u00e1lcio se relacionam com sa\u00fade dos ossos, mineraliza\u00e7\u00e3o \u00f3ssea e calcifica\u00e7\u00e3o vascular, com cuidados ao suplementar.","robots":{"index":"index","follow":"follow","max-snippet":"max-snippet:-1","max-image-preview":"max-image-preview:large","max-video-preview":"max-video-preview:-1"},"canonical":"https:\/\/www.tuasaude.com\/news\/2026\/04\/26\/vitamina-k2-e-calcio-por-que-essa-combinacao-virou-foco-quando-o-assunto-e-ossos-e-calcificacao-vascular\/","og_locale":"pt_BR","og_type":"article","og_title":"Vitamina K2 e c\u00e1lcio: por que essa combina\u00e7\u00e3o virou foco quando o assunto \u00e9 ossos e calcifica\u00e7\u00e3o vascular - Tua Sa\u00fade","og_description":"Entenda como vitamina K2 e c\u00e1lcio se relacionam com sa\u00fade dos ossos, mineraliza\u00e7\u00e3o \u00f3ssea e calcifica\u00e7\u00e3o vascular, com cuidados ao suplementar.","og_url":"https:\/\/www.tuasaude.com\/news\/2026\/04\/26\/vitamina-k2-e-calcio-por-que-essa-combinacao-virou-foco-quando-o-assunto-e-ossos-e-calcificacao-vascular\/","og_site_name":"Tua Sa\u00fade","article_published_time":"2026-04-26T20:15:00+00:00","og_image":[{"width":1280,"height":720,"url":"https:\/\/www.tuasaude.com\/news\/wp-content\/uploads\/2026\/04\/ChatGPT-Image-26-de-abr.-de-2026-10_43_28.jpg","type":"image\/jpeg"}],"author":"Jeferson Henrique","twitter_card":"summary_large_image","twitter_misc":{"Escrito por":"Jeferson Henrique","Est. tempo de leitura":"5 minutos"},"schema":{"@context":"https:\/\/schema.org","@graph":[{"@type":"Article","@id":"https:\/\/www.tuasaude.com\/news\/2026\/04\/26\/vitamina-k2-e-calcio-por-que-essa-combinacao-virou-foco-quando-o-assunto-e-ossos-e-calcificacao-vascular\/#article","isPartOf":{"@id":"https:\/\/www.tuasaude.com\/news\/2026\/04\/26\/vitamina-k2-e-calcio-por-que-essa-combinacao-virou-foco-quando-o-assunto-e-ossos-e-calcificacao-vascular\/"},"author":{"name":"Jeferson Henrique","@id":"https:\/\/www.tuasaude.com\/news\/#\/schema\/person\/963d63d4e1f0c81f5f3a70ba4bcb0ef7"},"headline":"Vitamina K2 e c\u00e1lcio: por que essa combina\u00e7\u00e3o virou foco quando o assunto \u00e9 ossos e calcifica\u00e7\u00e3o vascular","datePublished":"2026-04-26T20:15:00+00:00","mainEntityOfPage":{"@id":"https:\/\/www.tuasaude.com\/news\/2026\/04\/26\/vitamina-k2-e-calcio-por-que-essa-combinacao-virou-foco-quando-o-assunto-e-ossos-e-calcificacao-vascular\/"},"wordCount":757,"commentCount":0,"image":{"@id":"https:\/\/www.tuasaude.com\/news\/2026\/04\/26\/vitamina-k2-e-calcio-por-que-essa-combinacao-virou-foco-quando-o-assunto-e-ossos-e-calcificacao-vascular\/#primaryimage"},"thumbnailUrl":"https:\/\/www.tuasaude.com\/news\/wp-content\/uploads\/2026\/04\/ChatGPT-Image-26-de-abr.-de-2026-10_43_28.jpg","keywords":["calcifica\u00e7\u00e3o vascular","c\u00e1lcio","mineraliza\u00e7\u00e3o \u00f3ssea"],"articleSection":["Sa\u00fade"],"inLanguage":"pt-BR","potentialAction":[{"@type":"CommentAction","name":"Comment","target":["https:\/\/www.tuasaude.com\/news\/2026\/04\/26\/vitamina-k2-e-calcio-por-que-essa-combinacao-virou-foco-quando-o-assunto-e-ossos-e-calcificacao-vascular\/#respond"]}]},{"@type":"WebPage","@id":"https:\/\/www.tuasaude.com\/news\/2026\/04\/26\/vitamina-k2-e-calcio-por-que-essa-combinacao-virou-foco-quando-o-assunto-e-ossos-e-calcificacao-vascular\/","url":"https:\/\/www.tuasaude.com\/news\/2026\/04\/26\/vitamina-k2-e-calcio-por-que-essa-combinacao-virou-foco-quando-o-assunto-e-ossos-e-calcificacao-vascular\/","name":"Vitamina K2 e c\u00e1lcio: por que essa combina\u00e7\u00e3o virou foco quando o assunto \u00e9 ossos e calcifica\u00e7\u00e3o vascular - Tua Sa\u00fade","isPartOf":{"@id":"https:\/\/www.tuasaude.com\/news\/#website"},"primaryImageOfPage":{"@id":"https:\/\/www.tuasaude.com\/news\/2026\/04\/26\/vitamina-k2-e-calcio-por-que-essa-combinacao-virou-foco-quando-o-assunto-e-ossos-e-calcificacao-vascular\/#primaryimage"},"image":{"@id":"https:\/\/www.tuasaude.com\/news\/2026\/04\/26\/vitamina-k2-e-calcio-por-que-essa-combinacao-virou-foco-quando-o-assunto-e-ossos-e-calcificacao-vascular\/#primaryimage"},"thumbnailUrl":"https:\/\/www.tuasaude.com\/news\/wp-content\/uploads\/2026\/04\/ChatGPT-Image-26-de-abr.-de-2026-10_43_28.jpg","datePublished":"2026-04-26T20:15:00+00:00","author":{"@id":"https:\/\/www.tuasaude.com\/news\/#\/schema\/person\/963d63d4e1f0c81f5f3a70ba4bcb0ef7"},"description":"Entenda como vitamina K2 e c\u00e1lcio se relacionam com sa\u00fade dos ossos, mineraliza\u00e7\u00e3o \u00f3ssea e calcifica\u00e7\u00e3o vascular, com cuidados ao suplementar.","breadcrumb":{"@id":"https:\/\/www.tuasaude.com\/news\/2026\/04\/26\/vitamina-k2-e-calcio-por-que-essa-combinacao-virou-foco-quando-o-assunto-e-ossos-e-calcificacao-vascular\/#breadcrumb"},"inLanguage":"pt-BR","potentialAction":[{"@type":"ReadAction","target":["https:\/\/www.tuasaude.com\/news\/2026\/04\/26\/vitamina-k2-e-calcio-por-que-essa-combinacao-virou-foco-quando-o-assunto-e-ossos-e-calcificacao-vascular\/"]}]},{"@type":"ImageObject","inLanguage":"pt-BR","@id":"https:\/\/www.tuasaude.com\/news\/2026\/04\/26\/vitamina-k2-e-calcio-por-que-essa-combinacao-virou-foco-quando-o-assunto-e-ossos-e-calcificacao-vascular\/#primaryimage","url":"https:\/\/www.tuasaude.com\/news\/wp-content\/uploads\/2026\/04\/ChatGPT-Image-26-de-abr.-de-2026-10_43_28.jpg","contentUrl":"https:\/\/www.tuasaude.com\/news\/wp-content\/uploads\/2026\/04\/ChatGPT-Image-26-de-abr.-de-2026-10_43_28.jpg","width":1280,"height":720,"caption":"Alimentos ligados \u00e0 vitamina K2 em uma rotina de cuidado com ossos e equil\u00edbrio do c\u00e1lcio."},{"@type":"BreadcrumbList","@id":"https:\/\/www.tuasaude.com\/news\/2026\/04\/26\/vitamina-k2-e-calcio-por-que-essa-combinacao-virou-foco-quando-o-assunto-e-ossos-e-calcificacao-vascular\/#breadcrumb","itemListElement":[{"@type":"ListItem","position":1,"name":"In\u00edcio","item":"https:\/\/www.tuasaude.com\/news\/"},{"@type":"ListItem","position":2,"name":"Vitamina K2 e c\u00e1lcio: por que essa combina\u00e7\u00e3o virou foco quando o assunto \u00e9 ossos e calcifica\u00e7\u00e3o vascular"}]},{"@type":"WebSite","@id":"https:\/\/www.tuasaude.com\/news\/#website","url":"https:\/\/www.tuasaude.com\/news\/","name":"Tua Sa\u00fade","description":"Seu site de sa\u00fade","potentialAction":[{"@type":"SearchAction","target":{"@type":"EntryPoint","urlTemplate":"https:\/\/www.tuasaude.com\/news\/?s={search_term_string}"},"query-input":{"@type":"PropertyValueSpecification","valueRequired":true,"valueName":"search_term_string"}}],"inLanguage":"pt-BR"},{"@type":"Person","@id":"https:\/\/www.tuasaude.com\/news\/#\/schema\/person\/963d63d4e1f0c81f5f3a70ba4bcb0ef7","name":"Jeferson Henrique","image":{"@type":"ImageObject","inLanguage":"pt-BR","@id":"https:\/\/www.tuasaude.com\/news\/#\/schema\/person\/image\/","url":"https:\/\/secure.gravatar.com\/avatar\/1a476a54a48eb3cdea5dd2f016708263892c6b9f5e54b641df7c65e980fd6f69?s=96&d=mm&r=g","contentUrl":"https:\/\/secure.gravatar.com\/avatar\/1a476a54a48eb3cdea5dd2f016708263892c6b9f5e54b641df7c65e980fd6f69?s=96&d=mm&r=g","caption":"Jeferson Henrique"},"sameAs":["https:\/\/www.tuasaude.com\/news\/"],"url":"https:\/\/www.tuasaude.com\/news\/author\/jeferson-henrique\/"}]}},"_links":{"self":[{"href":"https:\/\/www.tuasaude.com\/news\/wp-json\/wp\/v2\/posts\/28586","targetHints":{"allow":["GET"]}}],"collection":[{"href":"https:\/\/www.tuasaude.com\/news\/wp-json\/wp\/v2\/posts"}],"about":[{"href":"https:\/\/www.tuasaude.com\/news\/wp-json\/wp\/v2\/types\/post"}],"author":[{"embeddable":true,"href":"https:\/\/www.tuasaude.com\/news\/wp-json\/wp\/v2\/users\/12"}],"replies":[{"embeddable":true,"href":"https:\/\/www.tuasaude.com\/news\/wp-json\/wp\/v2\/comments?post=28586"}],"version-history":[{"count":2,"href":"https:\/\/www.tuasaude.com\/news\/wp-json\/wp\/v2\/posts\/28586\/revisions"}],"predecessor-version":[{"id":28593,"href":"https:\/\/www.tuasaude.com\/news\/wp-json\/wp\/v2\/posts\/28586\/revisions\/28593"}],"wp:featuredmedia":[{"embeddable":true,"href":"https:\/\/www.tuasaude.com\/news\/wp-json\/wp\/v2\/media\/28591"}],"wp:attachment":[{"href":"https:\/\/www.tuasaude.com\/news\/wp-json\/wp\/v2\/media?parent=28586"}],"wp:term":[{"taxonomy":"category","embeddable":true,"href":"https:\/\/www.tuasaude.com\/news\/wp-json\/wp\/v2\/categories?post=28586"},{"taxonomy":"post_tag","embeddable":true,"href":"https:\/\/www.tuasaude.com\/news\/wp-json\/wp\/v2\/tags?post=28586"}],"curies":[{"name":"wp","href":"https:\/\/api.w.org\/{rel}","templated":true}]}}