{"id":28562,"date":"2026-04-29T09:00:00","date_gmt":"2026-04-29T12:00:00","guid":{"rendered":"https:\/\/www.tuasaude.com\/news\/?p=28562"},"modified":"2026-04-28T14:31:29","modified_gmt":"2026-04-28T17:31:29","slug":"reconhecendo-a-deficiencia-de-ferro-no-rosto-e-nas-mucosas","status":"publish","type":"post","link":"https:\/\/www.tuasaude.com\/news\/2026\/04\/29\/reconhecendo-a-deficiencia-de-ferro-no-rosto-e-nas-mucosas\/","title":{"rendered":"Reconhecendo a defici\u00eancia de ferro no rosto e nas mucosas: veja como a pele, os l\u00e1bios e as p\u00e1lpebras se alteram"},"content":{"rendered":"\n<p>A <strong><a href=\"https:\/\/www.tuasaude.com\/anemia-ferropriva\/\" target=\"_blank\" rel=\"noreferrer noopener\">anemia ferropriva<\/a><\/strong>, causada pela falta de ferro no organismo, costuma deixar pistas vis\u00edveis muito antes de aparecerem altera\u00e7\u00f5es nos exames de sangue. <strong>Palidez nas p\u00e1lpebras, l\u00e1bios sem cor e cantos da boca rachados<\/strong> s\u00e3o alguns dos sinais que podem indicar que a hemoglobina est\u00e1 caindo. Reconhecer esses indicadores no rosto e nas mucosas ajuda a buscar avalia\u00e7\u00e3o m\u00e9dica precoce e a evitar a evolu\u00e7\u00e3o para um quadro mais grave de anemia.<\/p>\n\n\n\n<h2 class=\"wp-block-heading\">Por que a defici\u00eancia de ferro aparece no rosto?<\/h2>\n\n\n\n<p>O ferro \u00e9 essencial para a produ\u00e7\u00e3o de <strong><a href=\"https:\/\/www.tuasaude.com\/hemoglobina\/\" target=\"_blank\" rel=\"noreferrer noopener\">hemoglobina<\/a><\/strong>, prote\u00edna que d\u00e1 a cor vermelha ao sangue e transporta oxig\u00eanio para os tecidos. Quando essa produ\u00e7\u00e3o cai, o sangue fica menos vermelho, e isso se reflete diretamente nas regi\u00f5es em que <strong>os vasos ficam mais vis\u00edveis sob a pele<\/strong>.<\/p>\n\n\n\n<p>O rosto, os l\u00e1bios, a parte interna da p\u00e1lpebra e as gengivas se tornam, por isso, pontos de observa\u00e7\u00e3o cl\u00ednica importantes, j\u00e1 que mudan\u00e7as sutis na colora\u00e7\u00e3o podem ser percebidas antes mesmo do cansa\u00e7o se intensificar.<\/p>\n\n\n\n<h2 class=\"wp-block-heading\">Os principais sinais vis\u00edveis de defici\u00eancia de ferro no rosto e nas mucosas<\/h2>\n\n\n\n<p>Os sintomas da anemia ferropriva costumam aparecer de forma gradual e podem ser confundidos com cansa\u00e7o comum. Conhecer cada um deles facilita a identifica\u00e7\u00e3o precoce do quadro:<\/p>\n\n\n<div class=\"wp-block-image\">\n<figure class=\"aligncenter size-large\"><img decoding=\"async\" width=\"1024\" height=\"550\" src=\"https:\/\/www.tuasaude.com\/news\/wp-content\/uploads\/2026\/04\/falta-de-ferro-1024x550.jpg\" alt=\"falta de ferro\" class=\"wp-image-29072\" srcset=\"https:\/\/www.tuasaude.com\/news\/wp-content\/uploads\/2026\/04\/falta-de-ferro-1024x550.jpg 1024w, https:\/\/www.tuasaude.com\/news\/wp-content\/uploads\/2026\/04\/falta-de-ferro-300x161.jpg 300w, https:\/\/www.tuasaude.com\/news\/wp-content\/uploads\/2026\/04\/falta-de-ferro-768x412.jpg 768w, https:\/\/www.tuasaude.com\/news\/wp-content\/uploads\/2026\/04\/falta-de-ferro-750x403.jpg 750w, https:\/\/www.tuasaude.com\/news\/wp-content\/uploads\/2026\/04\/falta-de-ferro-1140x612.jpg 1140w, https:\/\/www.tuasaude.com\/news\/wp-content\/uploads\/2026\/04\/falta-de-ferro.jpg 1280w\" sizes=\"(max-width: 1024px) 100vw, 1024px\" \/><\/figure>\n<\/div>\n\n\n<h2 class=\"wp-block-heading\">Como diferenciar a palidez da anemia de outras causas?<\/h2>\n\n\n\n<p>Nem toda palidez indica defici\u00eancia de ferro. A colora\u00e7\u00e3o da pele pode mudar com frio, estresse, exposi\u00e7\u00e3o ao sol e at\u00e9 pelo tipo natural da pele. O diferencial da anemia est\u00e1 na <strong>palidez das mucosas<\/strong>, ou seja, da parte interna da p\u00e1lpebra, dos l\u00e1bios e das gengivas.<\/p>\n\n\n\n<p>Quando a parte interna da p\u00e1lpebra inferior, normalmente rosada, fica clara ou esbranqui\u00e7ada, a chance de anemia aumenta. Esse sinal \u00e9 considerado um dos mais \u00fateis na avalia\u00e7\u00e3o cl\u00ednica, mesmo em pessoas com tons de pele variados.<\/p>\n\n\n<div class=\"wp-block-image\">\n<figure class=\"aligncenter size-large\"><img decoding=\"async\" width=\"1024\" height=\"571\" src=\"https:\/\/www.tuasaude.com\/news\/wp-content\/uploads\/2026\/04\/magnific_illustration-nonphotoreal_2883606333-1-1024x571.jpg\" alt=\"Reconhecendo a defici\u00eancia de ferro no rosto e nas mucosas: veja como a pele, os l\u00e1bios e as p\u00e1lpebras se alteram\" class=\"wp-image-29842\" srcset=\"https:\/\/www.tuasaude.com\/news\/wp-content\/uploads\/2026\/04\/magnific_illustration-nonphotoreal_2883606333-1-1024x571.jpg 1024w, https:\/\/www.tuasaude.com\/news\/wp-content\/uploads\/2026\/04\/magnific_illustration-nonphotoreal_2883606333-1-300x167.jpg 300w, https:\/\/www.tuasaude.com\/news\/wp-content\/uploads\/2026\/04\/magnific_illustration-nonphotoreal_2883606333-1-768x428.jpg 768w, https:\/\/www.tuasaude.com\/news\/wp-content\/uploads\/2026\/04\/magnific_illustration-nonphotoreal_2883606333-1-750x418.jpg 750w, https:\/\/www.tuasaude.com\/news\/wp-content\/uploads\/2026\/04\/magnific_illustration-nonphotoreal_2883606333-1-1140x636.jpg 1140w, https:\/\/www.tuasaude.com\/news\/wp-content\/uploads\/2026\/04\/magnific_illustration-nonphotoreal_2883606333-1.jpg 1280w\" sizes=\"(max-width: 1024px) 100vw, 1024px\" \/><figcaption class=\"wp-element-caption\">O rosto pode mostrar sinais de anemia por falta de ferro.<\/figcaption><\/figure>\n<\/div>\n\n\n<h2 class=\"wp-block-heading\">O estudo cient\u00edfico que confirma o valor desses sinais cl\u00ednicos<\/h2>\n\n\n\n<p>A avalia\u00e7\u00e3o visual da palidez tem sido investigada como ferramenta de triagem da anemia, especialmente em locais com pouco acesso a exames laboratoriais. Pesquisas brasileiras analisaram a confiabilidade do exame da conjuntiva e de outras mucosas para identificar pacientes com falta de ferro.<\/p>\n\n\n\n<p>Segundo o estudo <strong><a href=\"https:\/\/www.scielosp.org\/article\/csp\/2005.v21n2\/565-572\/\" target=\"_blank\" rel=\"noreferrer noopener\">Valida\u00e7\u00e3o e reprodutibilidade de sinais cl\u00ednicos no diagn\u00f3stico de anemia em crian\u00e7as<\/a><\/strong>, publicado nos Cadernos de Sa\u00fade P\u00fablica, a avalia\u00e7\u00e3o da <strong>conjuntiva ocular, das palmas das m\u00e3os, do leito ungueal, dos l\u00e1bios e da l\u00edngua<\/strong> \u00e9 amplamente utilizada como ferramenta de identifica\u00e7\u00e3o da anemia, sendo a palidez de mucosas um dos sinais mais reconhecidos. Os autores destacam que, embora os exames de sangue confirmem o diagn\u00f3stico, esses sinais visuais oferecem pistas valiosas para a suspeita cl\u00ednica precoce. <\/p>\n\n\n\n<h2 class=\"wp-block-heading\">Quando confirmar com exames e procurar avalia\u00e7\u00e3o?<\/h2>\n\n\n\n<p>Diante de sinais persistentes como palidez nas p\u00e1lpebras, l\u00e1bios descorados, fadiga frequente e queda de cabelo, a investiga\u00e7\u00e3o laboratorial \u00e9 essencial. O <strong>hemograma completo, a dosagem de ferritina, ferro s\u00e9rico e satura\u00e7\u00e3o de transferrina<\/strong> s\u00e3o os exames que confirmam ou afastam a defici\u00eancia.<\/p>\n\n\n\n<p>Mulheres com <strong><a href=\"https:\/\/www.tuasaude.com\/fluxo-menstrual-intenso\/\" target=\"_blank\" rel=\"noreferrer noopener\">fluxo menstrual intenso<\/a><\/strong>, gestantes, crian\u00e7as em fase de crescimento, vegetarianos e pessoas com dist\u00farbios intestinais formam grupos de maior risco e devem buscar avalia\u00e7\u00e3o peri\u00f3dica para acompanhar os n\u00edveis de ferro do organismo.<\/p>\n\n\n\n<p><em>Este conte\u00fado tem car\u00e1ter exclusivamente informativo e n\u00e3o substitui a avalia\u00e7\u00e3o, o diagn\u00f3stico ou as orienta\u00e7\u00f5es de um m\u00e9dico ou nutricionista. Diante de palidez persistente, cansa\u00e7o excessivo, queda de cabelo ou outros sinais associados \u00e0 defici\u00eancia de ferro, especialmente em crian\u00e7as, gestantes e mulheres em idade f\u00e9rtil, busque a orienta\u00e7\u00e3o de um profissional de sa\u00fade qualificado.<\/em><\/p>\n","protected":false},"excerpt":{"rendered":"<p>A anemia ferropriva, causada pela falta de ferro no organismo, costuma deixar pistas vis\u00edveis muito antes de aparecerem altera\u00e7\u00f5es nos exames de sangue. Palidez nas p\u00e1lpebras, l\u00e1bios sem cor e cantos da boca rachados s\u00e3o alguns dos sinais que podem indicar que a hemoglobina est\u00e1 caindo. Reconhecer esses indicadores no rosto e nas mucosas ajuda [&hellip;]<\/p>\n","protected":false},"author":9,"featured_media":29841,"comment_status":"open","ping_status":"open","sticky":false,"template":"","format":"standard","meta":{"_yoast_wpseo_focuskw":"defici\u00eancia de ferro","_yoast_wpseo_title":"","_yoast_wpseo_metadesc":"Altera\u00e7\u00f5es no rosto ajudam a identificar a defici\u00eancia de ferro antes dos sintomas mais intensos e orientam a busca por exames e diagn\u00f3stico.","jnews-multi-image_gallery":[],"jnews_single_post":{"format":"standard"},"jnews_primary_category":[],"jnews_social_meta":[],"jnews_override_counter":[],"footnotes":""},"categories":[111],"tags":[227,226,1066,515],"class_list":["post-28562","post","type-post","status-publish","format-standard","has-post-thumbnail","hentry","category-saude","tag-anemia","tag-anemia-ferropriva","tag-deficiencia-de-ferro","tag-fluxo-menstrual-intenso"],"yoast_head":"<!-- This site is optimized with the Yoast SEO plugin v26.7 - https:\/\/yoast.com\/wordpress\/plugins\/seo\/ -->\n<title>Reconhecendo a defici\u00eancia de ferro no rosto e nas mucosas: veja como a pele, os l\u00e1bios e as p\u00e1lpebras se alteram - Tua Sa\u00fade<\/title>\n<meta name=\"description\" content=\"Altera\u00e7\u00f5es no rosto ajudam a identificar a defici\u00eancia de ferro antes dos sintomas mais intensos e orientam a busca por exames e diagn\u00f3stico.\" \/>\n<meta name=\"robots\" content=\"index, follow, max-snippet:-1, max-image-preview:large, max-video-preview:-1\" \/>\n<link rel=\"canonical\" href=\"https:\/\/www.tuasaude.com\/news\/2026\/04\/29\/reconhecendo-a-deficiencia-de-ferro-no-rosto-e-nas-mucosas\/\" \/>\n<meta property=\"og:locale\" content=\"pt_BR\" \/>\n<meta property=\"og:type\" content=\"article\" \/>\n<meta property=\"og:title\" content=\"Reconhecendo a defici\u00eancia de ferro no rosto e nas mucosas: veja como a pele, os l\u00e1bios e as p\u00e1lpebras se alteram - Tua Sa\u00fade\" \/>\n<meta property=\"og:description\" content=\"Altera\u00e7\u00f5es no rosto ajudam a identificar a defici\u00eancia de ferro antes dos sintomas mais intensos e orientam a busca por exames e diagn\u00f3stico.\" \/>\n<meta property=\"og:url\" content=\"https:\/\/www.tuasaude.com\/news\/2026\/04\/29\/reconhecendo-a-deficiencia-de-ferro-no-rosto-e-nas-mucosas\/\" \/>\n<meta property=\"og:site_name\" content=\"Tua Sa\u00fade\" \/>\n<meta property=\"article:published_time\" content=\"2026-04-29T12:00:00+00:00\" \/>\n<meta property=\"og:image\" content=\"https:\/\/www.tuasaude.com\/news\/wp-content\/uploads\/2026\/04\/magnific_illustration-nonphotoreal_2883599512-1.jpg\" \/>\n\t<meta property=\"og:image:width\" content=\"1280\" \/>\n\t<meta property=\"og:image:height\" content=\"714\" \/>\n\t<meta property=\"og:image:type\" content=\"image\/jpeg\" \/>\n<meta name=\"author\" content=\"Roberta Patriota\" \/>\n<meta name=\"twitter:card\" content=\"summary_large_image\" \/>\n<meta name=\"twitter:label1\" content=\"Escrito por\" \/>\n\t<meta name=\"twitter:data1\" content=\"Roberta Patriota\" \/>\n\t<meta name=\"twitter:label2\" content=\"Est. tempo de leitura\" \/>\n\t<meta name=\"twitter:data2\" content=\"4 minutos\" \/>\n<!-- \/ Yoast SEO plugin. -->","yoast_head_json":{"title":"Reconhecendo a defici\u00eancia de ferro no rosto e nas mucosas: veja como a pele, os l\u00e1bios e as p\u00e1lpebras se alteram - Tua Sa\u00fade","description":"Altera\u00e7\u00f5es no rosto ajudam a identificar a defici\u00eancia de ferro antes dos sintomas mais intensos e orientam a busca por exames e diagn\u00f3stico.","robots":{"index":"index","follow":"follow","max-snippet":"max-snippet:-1","max-image-preview":"max-image-preview:large","max-video-preview":"max-video-preview:-1"},"canonical":"https:\/\/www.tuasaude.com\/news\/2026\/04\/29\/reconhecendo-a-deficiencia-de-ferro-no-rosto-e-nas-mucosas\/","og_locale":"pt_BR","og_type":"article","og_title":"Reconhecendo a defici\u00eancia de ferro no rosto e nas mucosas: veja como a pele, os l\u00e1bios e as p\u00e1lpebras se alteram - Tua Sa\u00fade","og_description":"Altera\u00e7\u00f5es no rosto ajudam a identificar a defici\u00eancia de ferro antes dos sintomas mais intensos e orientam a busca por exames e diagn\u00f3stico.","og_url":"https:\/\/www.tuasaude.com\/news\/2026\/04\/29\/reconhecendo-a-deficiencia-de-ferro-no-rosto-e-nas-mucosas\/","og_site_name":"Tua Sa\u00fade","article_published_time":"2026-04-29T12:00:00+00:00","og_image":[{"width":1280,"height":714,"url":"https:\/\/www.tuasaude.com\/news\/wp-content\/uploads\/2026\/04\/magnific_illustration-nonphotoreal_2883599512-1.jpg","type":"image\/jpeg"}],"author":"Roberta Patriota","twitter_card":"summary_large_image","twitter_misc":{"Escrito por":"Roberta Patriota","Est. tempo de leitura":"4 minutos"},"schema":{"@context":"https:\/\/schema.org","@graph":[{"@type":"Article","@id":"https:\/\/www.tuasaude.com\/news\/2026\/04\/29\/reconhecendo-a-deficiencia-de-ferro-no-rosto-e-nas-mucosas\/#article","isPartOf":{"@id":"https:\/\/www.tuasaude.com\/news\/2026\/04\/29\/reconhecendo-a-deficiencia-de-ferro-no-rosto-e-nas-mucosas\/"},"author":{"name":"Roberta Patriota","@id":"https:\/\/www.tuasaude.com\/news\/#\/schema\/person\/27adc41011393316b12ef997ca893e44"},"headline":"Reconhecendo a defici\u00eancia de ferro no rosto e nas mucosas: veja como a pele, os l\u00e1bios e as p\u00e1lpebras se alteram","datePublished":"2026-04-29T12:00:00+00:00","mainEntityOfPage":{"@id":"https:\/\/www.tuasaude.com\/news\/2026\/04\/29\/reconhecendo-a-deficiencia-de-ferro-no-rosto-e-nas-mucosas\/"},"wordCount":680,"commentCount":0,"image":{"@id":"https:\/\/www.tuasaude.com\/news\/2026\/04\/29\/reconhecendo-a-deficiencia-de-ferro-no-rosto-e-nas-mucosas\/#primaryimage"},"thumbnailUrl":"https:\/\/www.tuasaude.com\/news\/wp-content\/uploads\/2026\/04\/magnific_illustration-nonphotoreal_2883599512-1.jpg","keywords":["anemia","anemia ferropriva","defici\u00eancia de ferro","fluxo menstrual intenso"],"articleSection":["Sa\u00fade"],"inLanguage":"pt-BR","potentialAction":[{"@type":"CommentAction","name":"Comment","target":["https:\/\/www.tuasaude.com\/news\/2026\/04\/29\/reconhecendo-a-deficiencia-de-ferro-no-rosto-e-nas-mucosas\/#respond"]}]},{"@type":"WebPage","@id":"https:\/\/www.tuasaude.com\/news\/2026\/04\/29\/reconhecendo-a-deficiencia-de-ferro-no-rosto-e-nas-mucosas\/","url":"https:\/\/www.tuasaude.com\/news\/2026\/04\/29\/reconhecendo-a-deficiencia-de-ferro-no-rosto-e-nas-mucosas\/","name":"Reconhecendo a defici\u00eancia de ferro no rosto e nas mucosas: veja como a pele, os l\u00e1bios e as p\u00e1lpebras se alteram - Tua Sa\u00fade","isPartOf":{"@id":"https:\/\/www.tuasaude.com\/news\/#website"},"primaryImageOfPage":{"@id":"https:\/\/www.tuasaude.com\/news\/2026\/04\/29\/reconhecendo-a-deficiencia-de-ferro-no-rosto-e-nas-mucosas\/#primaryimage"},"image":{"@id":"https:\/\/www.tuasaude.com\/news\/2026\/04\/29\/reconhecendo-a-deficiencia-de-ferro-no-rosto-e-nas-mucosas\/#primaryimage"},"thumbnailUrl":"https:\/\/www.tuasaude.com\/news\/wp-content\/uploads\/2026\/04\/magnific_illustration-nonphotoreal_2883599512-1.jpg","datePublished":"2026-04-29T12:00:00+00:00","author":{"@id":"https:\/\/www.tuasaude.com\/news\/#\/schema\/person\/27adc41011393316b12ef997ca893e44"},"description":"Altera\u00e7\u00f5es no rosto ajudam a identificar a defici\u00eancia de ferro antes dos sintomas mais intensos e orientam a busca por exames e diagn\u00f3stico.","breadcrumb":{"@id":"https:\/\/www.tuasaude.com\/news\/2026\/04\/29\/reconhecendo-a-deficiencia-de-ferro-no-rosto-e-nas-mucosas\/#breadcrumb"},"inLanguage":"pt-BR","potentialAction":[{"@type":"ReadAction","target":["https:\/\/www.tuasaude.com\/news\/2026\/04\/29\/reconhecendo-a-deficiencia-de-ferro-no-rosto-e-nas-mucosas\/"]}]},{"@type":"ImageObject","inLanguage":"pt-BR","@id":"https:\/\/www.tuasaude.com\/news\/2026\/04\/29\/reconhecendo-a-deficiencia-de-ferro-no-rosto-e-nas-mucosas\/#primaryimage","url":"https:\/\/www.tuasaude.com\/news\/wp-content\/uploads\/2026\/04\/magnific_illustration-nonphotoreal_2883599512-1.jpg","contentUrl":"https:\/\/www.tuasaude.com\/news\/wp-content\/uploads\/2026\/04\/magnific_illustration-nonphotoreal_2883599512-1.jpg","width":1280,"height":714,"caption":"Palidez nos l\u00e1bios e p\u00e1lpebras pode ser anemia."},{"@type":"BreadcrumbList","@id":"https:\/\/www.tuasaude.com\/news\/2026\/04\/29\/reconhecendo-a-deficiencia-de-ferro-no-rosto-e-nas-mucosas\/#breadcrumb","itemListElement":[{"@type":"ListItem","position":1,"name":"In\u00edcio","item":"https:\/\/www.tuasaude.com\/news\/"},{"@type":"ListItem","position":2,"name":"Reconhecendo a defici\u00eancia de ferro no rosto e nas mucosas: veja como a pele, os l\u00e1bios e as p\u00e1lpebras se alteram"}]},{"@type":"WebSite","@id":"https:\/\/www.tuasaude.com\/news\/#website","url":"https:\/\/www.tuasaude.com\/news\/","name":"Tua Sa\u00fade","description":"Seu site de sa\u00fade","potentialAction":[{"@type":"SearchAction","target":{"@type":"EntryPoint","urlTemplate":"https:\/\/www.tuasaude.com\/news\/?s={search_term_string}"},"query-input":{"@type":"PropertyValueSpecification","valueRequired":true,"valueName":"search_term_string"}}],"inLanguage":"pt-BR"},{"@type":"Person","@id":"https:\/\/www.tuasaude.com\/news\/#\/schema\/person\/27adc41011393316b12ef997ca893e44","name":"Roberta Patriota","image":{"@type":"ImageObject","inLanguage":"pt-BR","@id":"https:\/\/www.tuasaude.com\/news\/#\/schema\/person\/image\/","url":"https:\/\/secure.gravatar.com\/avatar\/40fc934d21bfa38a60909bb2e5f2ec503dcd4d849aa772e107feb32efe75c210?s=96&d=mm&r=g","contentUrl":"https:\/\/secure.gravatar.com\/avatar\/40fc934d21bfa38a60909bb2e5f2ec503dcd4d849aa772e107feb32efe75c210?s=96&d=mm&r=g","caption":"Roberta Patriota"},"sameAs":["https:\/\/www.tuasaude.com\/news\/"],"url":"https:\/\/www.tuasaude.com\/news\/author\/roberta-patriota\/"}]}},"_links":{"self":[{"href":"https:\/\/www.tuasaude.com\/news\/wp-json\/wp\/v2\/posts\/28562","targetHints":{"allow":["GET"]}}],"collection":[{"href":"https:\/\/www.tuasaude.com\/news\/wp-json\/wp\/v2\/posts"}],"about":[{"href":"https:\/\/www.tuasaude.com\/news\/wp-json\/wp\/v2\/types\/post"}],"author":[{"embeddable":true,"href":"https:\/\/www.tuasaude.com\/news\/wp-json\/wp\/v2\/users\/9"}],"replies":[{"embeddable":true,"href":"https:\/\/www.tuasaude.com\/news\/wp-json\/wp\/v2\/comments?post=28562"}],"version-history":[{"count":3,"href":"https:\/\/www.tuasaude.com\/news\/wp-json\/wp\/v2\/posts\/28562\/revisions"}],"predecessor-version":[{"id":29903,"href":"https:\/\/www.tuasaude.com\/news\/wp-json\/wp\/v2\/posts\/28562\/revisions\/29903"}],"wp:featuredmedia":[{"embeddable":true,"href":"https:\/\/www.tuasaude.com\/news\/wp-json\/wp\/v2\/media\/29841"}],"wp:attachment":[{"href":"https:\/\/www.tuasaude.com\/news\/wp-json\/wp\/v2\/media?parent=28562"}],"wp:term":[{"taxonomy":"category","embeddable":true,"href":"https:\/\/www.tuasaude.com\/news\/wp-json\/wp\/v2\/categories?post=28562"},{"taxonomy":"post_tag","embeddable":true,"href":"https:\/\/www.tuasaude.com\/news\/wp-json\/wp\/v2\/tags?post=28562"}],"curies":[{"name":"wp","href":"https:\/\/api.w.org\/{rel}","templated":true}]}}