{"id":28550,"date":"2026-04-28T15:00:00","date_gmt":"2026-04-28T18:00:00","guid":{"rendered":"https:\/\/www.tuasaude.com\/news\/?p=28550"},"modified":"2026-04-27T20:36:26","modified_gmt":"2026-04-27T23:36:26","slug":"o-que-o-acafrao-cru-faz-ao-cerebro-e-ao-sistema-imunologico","status":"publish","type":"post","link":"https:\/\/www.tuasaude.com\/news\/2026\/04\/28\/o-que-o-acafrao-cru-faz-ao-cerebro-e-ao-sistema-imunologico\/","title":{"rendered":"O que o a\u00e7afr\u00e3o cru faz ao c\u00e9rebro e ao sistema imunol\u00f3gico"},"content":{"rendered":"\n<p>O <strong><a href=\"https:\/\/www.tuasaude.com\/acafrao\/\" target=\"_blank\" rel=\"noreferrer noopener\">a\u00e7afr\u00e3o <\/a><\/strong>cru, especialmente o conhecido como a\u00e7afr\u00e3o-da-terra ou <strong><a href=\"https:\/\/www.tuasaude.com\/curcuma\/\" target=\"_blank\" rel=\"noreferrer noopener\">c\u00farcuma<\/a><\/strong>, cont\u00e9m um composto chamado <strong>curcumina<\/strong>, que age diretamente sobre processos inflamat\u00f3rios e na prote\u00e7\u00e3o das c\u00e9lulas do c\u00e9rebro. O consumo regular, quando feito da forma certa, ajuda a reduzir marcadores de inflama\u00e7\u00e3o no organismo, fortalece a resposta imunol\u00f3gica e contribui para a sa\u00fade cognitiva ao longo do tempo.<\/p>\n\n\n\n<h2 class=\"wp-block-heading\">Como a curcumina age no c\u00e9rebro?<\/h2>\n\n\n\n<p>A curcumina \u00e9 capaz de atravessar a barreira que separa o sangue do c\u00e9rebro, o que permite que ela atue diretamente nas c\u00e9lulas nervosas. L\u00e1, ela <strong>reduz a inflama\u00e7\u00e3o local<\/strong>, neutraliza radicais livres e ajuda a preservar conex\u00f5es entre os neur\u00f4nios.<\/p>\n\n\n\n<p>Pesquisas indicam que esse composto tamb\u00e9m estimula a produ\u00e7\u00e3o de uma<strong><a href=\"https:\/\/www.tuasaude.com\/beneficios-das-proteinas\/\" target=\"_blank\" rel=\"noreferrer noopener\"> prote\u00edna<\/a><\/strong> chamada BDNF, ligada ao aprendizado, \u00e0 mem\u00f3ria e \u00e0 manuten\u00e7\u00e3o das fun\u00e7\u00f5es cognitivas com o passar dos anos.<\/p>\n\n\n\n<h2 class=\"wp-block-heading\">O efeito do a\u00e7afr\u00e3o sobre o sistema imunol\u00f3gico<\/h2>\n\n\n\n<p>A a\u00e7\u00e3o anti-inflamat\u00f3ria da curcumina interfere em vias importantes do sistema imune, como a NF-kB, respons\u00e1vel por orquestrar respostas inflamat\u00f3rias no organismo. Com isso, ela ajuda a <strong>regular a produ\u00e7\u00e3o de citocinas<\/strong>, evitando que o corpo entre em estado de inflama\u00e7\u00e3o cr\u00f4nica.<\/p>\n\n\n\n<p>Esse equil\u00edbrio favorece uma defesa mais eficiente contra agentes infecciosos e protege tecidos sens\u00edveis, como os do intestino, onde grande parte da imunidade \u00e9 regulada.<\/p>\n\n\n<div class=\"wp-block-image\">\n<figure class=\"aligncenter size-large\"><img decoding=\"async\" width=\"1024\" height=\"571\" src=\"https:\/\/www.tuasaude.com\/news\/wp-content\/uploads\/2026\/04\/freepik_illustration-nonphotoreal_2877448736-1024x571.jpg\" alt=\"O que o a\u00e7afr\u00e3o cru faz ao c\u00e9rebro e ao sistema imunol\u00f3gico\" class=\"wp-image-29552\" srcset=\"https:\/\/www.tuasaude.com\/news\/wp-content\/uploads\/2026\/04\/freepik_illustration-nonphotoreal_2877448736-1024x571.jpg 1024w, https:\/\/www.tuasaude.com\/news\/wp-content\/uploads\/2026\/04\/freepik_illustration-nonphotoreal_2877448736-300x167.jpg 300w, https:\/\/www.tuasaude.com\/news\/wp-content\/uploads\/2026\/04\/freepik_illustration-nonphotoreal_2877448736-768x428.jpg 768w, https:\/\/www.tuasaude.com\/news\/wp-content\/uploads\/2026\/04\/freepik_illustration-nonphotoreal_2877448736-750x418.jpg 750w, https:\/\/www.tuasaude.com\/news\/wp-content\/uploads\/2026\/04\/freepik_illustration-nonphotoreal_2877448736-1140x636.jpg 1140w, https:\/\/www.tuasaude.com\/news\/wp-content\/uploads\/2026\/04\/freepik_illustration-nonphotoreal_2877448736.jpg 1280w\" sizes=\"(max-width: 1024px) 100vw, 1024px\" \/><figcaption class=\"wp-element-caption\">Com pimenta-preta e gordura, a absor\u00e7\u00e3o do a\u00e7afr\u00e3o melhora muito.<\/figcaption><\/figure>\n<\/div>\n\n\n<h2 class=\"wp-block-heading\">Quais benef\u00edcios aparecem com o consumo regular?<\/h2>\n\n\n\n<p>Os efeitos da curcumina n\u00e3o s\u00e3o imediatos, mas se acumulam quando o a\u00e7afr\u00e3o entra na rotina alimentar. Entre os benef\u00edcios observados em estudos cl\u00ednicos e experimentais, destacam-se:<\/p>\n\n\n<div class=\"wp-block-image\">\n<figure class=\"aligncenter size-large\"><img decoding=\"async\" width=\"1024\" height=\"418\" src=\"https:\/\/www.tuasaude.com\/news\/wp-content\/uploads\/2026\/04\/consumo-regular-do-acafrao-1024x418.jpg\" alt=\"consumo regular do a\u00e7afr\u00e3o\" class=\"wp-image-29054\" srcset=\"https:\/\/www.tuasaude.com\/news\/wp-content\/uploads\/2026\/04\/consumo-regular-do-acafrao-1024x418.jpg 1024w, https:\/\/www.tuasaude.com\/news\/wp-content\/uploads\/2026\/04\/consumo-regular-do-acafrao-300x123.jpg 300w, https:\/\/www.tuasaude.com\/news\/wp-content\/uploads\/2026\/04\/consumo-regular-do-acafrao-768x314.jpg 768w, https:\/\/www.tuasaude.com\/news\/wp-content\/uploads\/2026\/04\/consumo-regular-do-acafrao-750x306.jpg 750w, https:\/\/www.tuasaude.com\/news\/wp-content\/uploads\/2026\/04\/consumo-regular-do-acafrao-1140x466.jpg 1140w, https:\/\/www.tuasaude.com\/news\/wp-content\/uploads\/2026\/04\/consumo-regular-do-acafrao.jpg 1280w\" sizes=\"(max-width: 1024px) 100vw, 1024px\" \/><\/figure>\n<\/div>\n\n\n<h2 class=\"wp-block-heading\">O estudo cient\u00edfico que confirma os efeitos da curcumina<\/h2>\n\n\n\n<p>O interesse da ci\u00eancia pelo a\u00e7afr\u00e3o cresceu nos \u00faltimos anos, especialmente ap\u00f3s pesquisas que detalharam o impacto da curcumina sobre o eixo entre intestino e c\u00e9rebro. Esse eixo \u00e9 uma via de comunica\u00e7\u00e3o entre a microbiota intestinal e o sistema nervoso central, com influ\u00eancia direta sobre humor, imunidade e inflama\u00e7\u00e3o.<\/p>\n\n\n\n<p>Segundo a revis\u00e3o cient\u00edfica <em><strong><a href=\"https:\/\/pubmed.ncbi.nlm.nih.gov\/40362738\/\" target=\"_blank\" rel=\"noreferrer noopener\">Modula\u00e7\u00e3o da curcumina no eixo intestino-c\u00e9rebro para preven\u00e7\u00e3o e tratamento da neuroinflama\u00e7\u00e3o e dist\u00farbios metab\u00f3licos. <\/a><\/strong><\/em>Modula\u00e7\u00e3o da curcumina no eixo intestino-c\u00e9rebro para preven\u00e7\u00e3o e tratamento da neuroinflama\u00e7\u00e3o e dist\u00farbios metab\u00f3licos, publicada em 2025 no peri\u00f3dico Nutrients, a curcumina <strong>modula a composi\u00e7\u00e3o da microbiota intestinal<\/strong>, fortalece a barreira do intestino, reduz a inflama\u00e7\u00e3o sist\u00eamica e exerce efeito neuroprotetor atrav\u00e9s do eixo intestino-c\u00e9rebro, com impacto positivo sobre fun\u00e7\u00f5es cognitivas e prote\u00e7\u00e3o contra doen\u00e7as neurodegenerativas como o Alzheimer. <\/p>\n\n\n\n<h2 class=\"wp-block-heading\">Como consumir o a\u00e7afr\u00e3o para garantir absor\u00e7\u00e3o?<\/h2>\n\n\n\n<p>A curcumina tem baixa biodisponibilidade, o que significa que o organismo absorve apenas uma pequena parte quando ela \u00e9 consumida sozinha. Para potencializar o efeito, vale combinar o a\u00e7afr\u00e3o com <strong>pimenta-preta<\/strong>, que cont\u00e9m piperina, e com uma fonte de gordura saud\u00e1vel, como <strong><a href=\"https:\/\/www.tuasaude.com\/beneficios-do-azeite\/\" target=\"_blank\" rel=\"noreferrer noopener\">azeite<\/a><\/strong> ou abacate.<\/p>\n\n\n\n<p>A combina\u00e7\u00e3o aumenta significativamente a absor\u00e7\u00e3o da curcumina e prolonga sua a\u00e7\u00e3o no organismo. Receitas como o leite dourado, refogados com azeite e curry caseiro s\u00e3o formas pr\u00e1ticas e tradicionais de incorporar o a\u00e7afr\u00e3o \u00e0 rotina.<\/p>\n\n\n\n<p><em>Este conte\u00fado tem car\u00e1ter exclusivamente informativo e n\u00e3o substitui a avalia\u00e7\u00e3o, o diagn\u00f3stico ou as orienta\u00e7\u00f5es de um m\u00e9dico ou nutricionista. Antes de iniciar o consumo regular de a\u00e7afr\u00e3o ou suplementos de curcumina, especialmente em casos de doen\u00e7as cr\u00f4nicas<\/em><\/p>\n","protected":false},"excerpt":{"rendered":"<p>O a\u00e7afr\u00e3o cru, especialmente o conhecido como a\u00e7afr\u00e3o-da-terra ou c\u00farcuma, cont\u00e9m um composto chamado curcumina, que age diretamente sobre processos inflamat\u00f3rios e na prote\u00e7\u00e3o das c\u00e9lulas do c\u00e9rebro. O consumo regular, quando feito da forma certa, ajuda a reduzir marcadores de inflama\u00e7\u00e3o no organismo, fortalece a resposta imunol\u00f3gica e contribui para a sa\u00fade cognitiva ao [&hellip;]<\/p>\n","protected":false},"author":9,"featured_media":29563,"comment_status":"open","ping_status":"open","sticky":false,"template":"","format":"standard","meta":{"_yoast_wpseo_focuskw":"a\u00e7afr\u00e3o","_yoast_wpseo_title":"","_yoast_wpseo_metadesc":"O a\u00e7afr\u00e3o atua no eixo intestino-c\u00e9rebro, reduz inflama\u00e7\u00e3o e contribui para mem\u00f3ria e imunidade com benef\u00edcios.","jnews-multi-image_gallery":[],"jnews_single_post":{"format":"standard"},"jnews_primary_category":[],"jnews_social_meta":[],"jnews_override_counter":[],"footnotes":""},"categories":[111],"tags":[6218,6220,739,6219],"class_list":["post-28550","post","type-post","status-publish","format-standard","has-post-thumbnail","hentry","category-saude","tag-acafrao-2","tag-acafrao-cru","tag-imunidade","tag-reduz-inflamacao"],"yoast_head":"<!-- This site is optimized with the Yoast SEO plugin v26.7 - https:\/\/yoast.com\/wordpress\/plugins\/seo\/ -->\n<title>O que o a\u00e7afr\u00e3o cru faz ao c\u00e9rebro e ao sistema imunol\u00f3gico - Tua Sa\u00fade<\/title>\n<meta name=\"description\" content=\"O a\u00e7afr\u00e3o atua no eixo intestino-c\u00e9rebro, reduz inflama\u00e7\u00e3o e contribui para mem\u00f3ria e imunidade com benef\u00edcios.\" \/>\n<meta name=\"robots\" content=\"index, follow, max-snippet:-1, max-image-preview:large, max-video-preview:-1\" \/>\n<link rel=\"canonical\" href=\"https:\/\/www.tuasaude.com\/news\/2026\/04\/28\/o-que-o-acafrao-cru-faz-ao-cerebro-e-ao-sistema-imunologico\/\" \/>\n<meta property=\"og:locale\" content=\"pt_BR\" \/>\n<meta property=\"og:type\" content=\"article\" \/>\n<meta property=\"og:title\" content=\"O que o a\u00e7afr\u00e3o cru faz ao c\u00e9rebro e ao sistema imunol\u00f3gico - Tua Sa\u00fade\" \/>\n<meta property=\"og:description\" content=\"O a\u00e7afr\u00e3o atua no eixo intestino-c\u00e9rebro, reduz inflama\u00e7\u00e3o e contribui para mem\u00f3ria e imunidade com benef\u00edcios.\" \/>\n<meta property=\"og:url\" content=\"https:\/\/www.tuasaude.com\/news\/2026\/04\/28\/o-que-o-acafrao-cru-faz-ao-cerebro-e-ao-sistema-imunologico\/\" \/>\n<meta property=\"og:site_name\" content=\"Tua Sa\u00fade\" \/>\n<meta property=\"article:published_time\" content=\"2026-04-28T18:00:00+00:00\" \/>\n<meta property=\"og:image\" content=\"https:\/\/www.tuasaude.com\/news\/wp-content\/uploads\/2026\/04\/freepik_illustration-nonphotoreal_2877457095.jpg\" \/>\n\t<meta property=\"og:image:width\" content=\"1280\" \/>\n\t<meta property=\"og:image:height\" content=\"714\" \/>\n\t<meta property=\"og:image:type\" content=\"image\/jpeg\" \/>\n<meta name=\"author\" content=\"Roberta Patriota\" \/>\n<meta name=\"twitter:card\" content=\"summary_large_image\" \/>\n<meta name=\"twitter:label1\" content=\"Escrito por\" \/>\n\t<meta name=\"twitter:data1\" content=\"Roberta Patriota\" \/>\n\t<meta name=\"twitter:label2\" content=\"Est. tempo de leitura\" \/>\n\t<meta name=\"twitter:data2\" content=\"4 minutos\" \/>\n<!-- \/ Yoast SEO plugin. -->","yoast_head_json":{"title":"O que o a\u00e7afr\u00e3o cru faz ao c\u00e9rebro e ao sistema imunol\u00f3gico - Tua Sa\u00fade","description":"O a\u00e7afr\u00e3o atua no eixo intestino-c\u00e9rebro, reduz inflama\u00e7\u00e3o e contribui para mem\u00f3ria e imunidade com benef\u00edcios.","robots":{"index":"index","follow":"follow","max-snippet":"max-snippet:-1","max-image-preview":"max-image-preview:large","max-video-preview":"max-video-preview:-1"},"canonical":"https:\/\/www.tuasaude.com\/news\/2026\/04\/28\/o-que-o-acafrao-cru-faz-ao-cerebro-e-ao-sistema-imunologico\/","og_locale":"pt_BR","og_type":"article","og_title":"O que o a\u00e7afr\u00e3o cru faz ao c\u00e9rebro e ao sistema imunol\u00f3gico - Tua Sa\u00fade","og_description":"O a\u00e7afr\u00e3o atua no eixo intestino-c\u00e9rebro, reduz inflama\u00e7\u00e3o e contribui para mem\u00f3ria e imunidade com benef\u00edcios.","og_url":"https:\/\/www.tuasaude.com\/news\/2026\/04\/28\/o-que-o-acafrao-cru-faz-ao-cerebro-e-ao-sistema-imunologico\/","og_site_name":"Tua Sa\u00fade","article_published_time":"2026-04-28T18:00:00+00:00","og_image":[{"width":1280,"height":714,"url":"https:\/\/www.tuasaude.com\/news\/wp-content\/uploads\/2026\/04\/freepik_illustration-nonphotoreal_2877457095.jpg","type":"image\/jpeg"}],"author":"Roberta Patriota","twitter_card":"summary_large_image","twitter_misc":{"Escrito por":"Roberta Patriota","Est. tempo de leitura":"4 minutos"},"schema":{"@context":"https:\/\/schema.org","@graph":[{"@type":"Article","@id":"https:\/\/www.tuasaude.com\/news\/2026\/04\/28\/o-que-o-acafrao-cru-faz-ao-cerebro-e-ao-sistema-imunologico\/#article","isPartOf":{"@id":"https:\/\/www.tuasaude.com\/news\/2026\/04\/28\/o-que-o-acafrao-cru-faz-ao-cerebro-e-ao-sistema-imunologico\/"},"author":{"name":"Roberta Patriota","@id":"https:\/\/www.tuasaude.com\/news\/#\/schema\/person\/27adc41011393316b12ef997ca893e44"},"headline":"O que o a\u00e7afr\u00e3o cru faz ao c\u00e9rebro e ao sistema imunol\u00f3gico","datePublished":"2026-04-28T18:00:00+00:00","mainEntityOfPage":{"@id":"https:\/\/www.tuasaude.com\/news\/2026\/04\/28\/o-que-o-acafrao-cru-faz-ao-cerebro-e-ao-sistema-imunologico\/"},"wordCount":631,"commentCount":0,"image":{"@id":"https:\/\/www.tuasaude.com\/news\/2026\/04\/28\/o-que-o-acafrao-cru-faz-ao-cerebro-e-ao-sistema-imunologico\/#primaryimage"},"thumbnailUrl":"https:\/\/www.tuasaude.com\/news\/wp-content\/uploads\/2026\/04\/freepik_illustration-nonphotoreal_2877457095.jpg","keywords":["a\u00e7afr\u00e3o","a\u00e7afr\u00e3o cru","imunidade","reduz inflama\u00e7\u00e3o"],"articleSection":["Sa\u00fade"],"inLanguage":"pt-BR","potentialAction":[{"@type":"CommentAction","name":"Comment","target":["https:\/\/www.tuasaude.com\/news\/2026\/04\/28\/o-que-o-acafrao-cru-faz-ao-cerebro-e-ao-sistema-imunologico\/#respond"]}]},{"@type":"WebPage","@id":"https:\/\/www.tuasaude.com\/news\/2026\/04\/28\/o-que-o-acafrao-cru-faz-ao-cerebro-e-ao-sistema-imunologico\/","url":"https:\/\/www.tuasaude.com\/news\/2026\/04\/28\/o-que-o-acafrao-cru-faz-ao-cerebro-e-ao-sistema-imunologico\/","name":"O que o a\u00e7afr\u00e3o cru faz ao c\u00e9rebro e ao sistema imunol\u00f3gico - Tua Sa\u00fade","isPartOf":{"@id":"https:\/\/www.tuasaude.com\/news\/#website"},"primaryImageOfPage":{"@id":"https:\/\/www.tuasaude.com\/news\/2026\/04\/28\/o-que-o-acafrao-cru-faz-ao-cerebro-e-ao-sistema-imunologico\/#primaryimage"},"image":{"@id":"https:\/\/www.tuasaude.com\/news\/2026\/04\/28\/o-que-o-acafrao-cru-faz-ao-cerebro-e-ao-sistema-imunologico\/#primaryimage"},"thumbnailUrl":"https:\/\/www.tuasaude.com\/news\/wp-content\/uploads\/2026\/04\/freepik_illustration-nonphotoreal_2877457095.jpg","datePublished":"2026-04-28T18:00:00+00:00","author":{"@id":"https:\/\/www.tuasaude.com\/news\/#\/schema\/person\/27adc41011393316b12ef997ca893e44"},"description":"O a\u00e7afr\u00e3o atua no eixo intestino-c\u00e9rebro, reduz inflama\u00e7\u00e3o e contribui para mem\u00f3ria e imunidade com benef\u00edcios.","breadcrumb":{"@id":"https:\/\/www.tuasaude.com\/news\/2026\/04\/28\/o-que-o-acafrao-cru-faz-ao-cerebro-e-ao-sistema-imunologico\/#breadcrumb"},"inLanguage":"pt-BR","potentialAction":[{"@type":"ReadAction","target":["https:\/\/www.tuasaude.com\/news\/2026\/04\/28\/o-que-o-acafrao-cru-faz-ao-cerebro-e-ao-sistema-imunologico\/"]}]},{"@type":"ImageObject","inLanguage":"pt-BR","@id":"https:\/\/www.tuasaude.com\/news\/2026\/04\/28\/o-que-o-acafrao-cru-faz-ao-cerebro-e-ao-sistema-imunologico\/#primaryimage","url":"https:\/\/www.tuasaude.com\/news\/wp-content\/uploads\/2026\/04\/freepik_illustration-nonphotoreal_2877457095.jpg","contentUrl":"https:\/\/www.tuasaude.com\/news\/wp-content\/uploads\/2026\/04\/freepik_illustration-nonphotoreal_2877457095.jpg","width":1280,"height":714,"caption":"A curcumina fortalece imunidade e mem\u00f3ria com uso regular."},{"@type":"BreadcrumbList","@id":"https:\/\/www.tuasaude.com\/news\/2026\/04\/28\/o-que-o-acafrao-cru-faz-ao-cerebro-e-ao-sistema-imunologico\/#breadcrumb","itemListElement":[{"@type":"ListItem","position":1,"name":"In\u00edcio","item":"https:\/\/www.tuasaude.com\/news\/"},{"@type":"ListItem","position":2,"name":"O que o a\u00e7afr\u00e3o cru faz ao c\u00e9rebro e ao sistema imunol\u00f3gico"}]},{"@type":"WebSite","@id":"https:\/\/www.tuasaude.com\/news\/#website","url":"https:\/\/www.tuasaude.com\/news\/","name":"Tua Sa\u00fade","description":"Seu site de sa\u00fade","potentialAction":[{"@type":"SearchAction","target":{"@type":"EntryPoint","urlTemplate":"https:\/\/www.tuasaude.com\/news\/?s={search_term_string}"},"query-input":{"@type":"PropertyValueSpecification","valueRequired":true,"valueName":"search_term_string"}}],"inLanguage":"pt-BR"},{"@type":"Person","@id":"https:\/\/www.tuasaude.com\/news\/#\/schema\/person\/27adc41011393316b12ef997ca893e44","name":"Roberta Patriota","image":{"@type":"ImageObject","inLanguage":"pt-BR","@id":"https:\/\/www.tuasaude.com\/news\/#\/schema\/person\/image\/","url":"https:\/\/secure.gravatar.com\/avatar\/40fc934d21bfa38a60909bb2e5f2ec503dcd4d849aa772e107feb32efe75c210?s=96&d=mm&r=g","contentUrl":"https:\/\/secure.gravatar.com\/avatar\/40fc934d21bfa38a60909bb2e5f2ec503dcd4d849aa772e107feb32efe75c210?s=96&d=mm&r=g","caption":"Roberta Patriota"},"sameAs":["https:\/\/www.tuasaude.com\/news\/"],"url":"https:\/\/www.tuasaude.com\/news\/author\/roberta-patriota\/"}]}},"_links":{"self":[{"href":"https:\/\/www.tuasaude.com\/news\/wp-json\/wp\/v2\/posts\/28550","targetHints":{"allow":["GET"]}}],"collection":[{"href":"https:\/\/www.tuasaude.com\/news\/wp-json\/wp\/v2\/posts"}],"about":[{"href":"https:\/\/www.tuasaude.com\/news\/wp-json\/wp\/v2\/types\/post"}],"author":[{"embeddable":true,"href":"https:\/\/www.tuasaude.com\/news\/wp-json\/wp\/v2\/users\/9"}],"replies":[{"embeddable":true,"href":"https:\/\/www.tuasaude.com\/news\/wp-json\/wp\/v2\/comments?post=28550"}],"version-history":[{"count":3,"href":"https:\/\/www.tuasaude.com\/news\/wp-json\/wp\/v2\/posts\/28550\/revisions"}],"predecessor-version":[{"id":29576,"href":"https:\/\/www.tuasaude.com\/news\/wp-json\/wp\/v2\/posts\/28550\/revisions\/29576"}],"wp:featuredmedia":[{"embeddable":true,"href":"https:\/\/www.tuasaude.com\/news\/wp-json\/wp\/v2\/media\/29563"}],"wp:attachment":[{"href":"https:\/\/www.tuasaude.com\/news\/wp-json\/wp\/v2\/media?parent=28550"}],"wp:term":[{"taxonomy":"category","embeddable":true,"href":"https:\/\/www.tuasaude.com\/news\/wp-json\/wp\/v2\/categories?post=28550"},{"taxonomy":"post_tag","embeddable":true,"href":"https:\/\/www.tuasaude.com\/news\/wp-json\/wp\/v2\/tags?post=28550"}],"curies":[{"name":"wp","href":"https:\/\/api.w.org\/{rel}","templated":true}]}}