{"id":28536,"date":"2026-04-26T12:10:00","date_gmt":"2026-04-26T15:10:00","guid":{"rendered":"https:\/\/www.tuasaude.com\/news\/?p=28536"},"modified":"2026-04-26T06:58:30","modified_gmt":"2026-04-26T09:58:30","slug":"colina-nao-e-apenas-para-o-figado-como-esse-nutriente-participa-da-memoria-do-metabolismo-e-da-saude-cardiovascular","status":"publish","type":"post","link":"https:\/\/www.tuasaude.com\/news\/2026\/04\/26\/colina-nao-e-apenas-para-o-figado-como-esse-nutriente-participa-da-memoria-do-metabolismo-e-da-saude-cardiovascular\/","title":{"rendered":"Colina n\u00e3o \u00e9 apenas para o f\u00edgado: como esse nutriente participa da mem\u00f3ria, do metabolismo e da sa\u00fade cardiovascular"},"content":{"rendered":"\n<p>A <strong>colina<\/strong> costuma ser lembrada pela rela\u00e7\u00e3o com o f\u00edgado, mas sua atua\u00e7\u00e3o vai al\u00e9m. Esse nutriente participa da forma\u00e7\u00e3o de membranas celulares, do transporte de gorduras, da produ\u00e7\u00e3o de compostos importantes para o metabolismo e da s\u00edntese de <strong>acetilcolina<\/strong>, um neurotransmissor ligado \u00e0 mem\u00f3ria e ao aprendizado. Por isso, a colina tamb\u00e9m desperta interesse quando o assunto \u00e9 fun\u00e7\u00e3o cerebral e sa\u00fade cardiovascular.<\/p>\n\n\n\n<h2 class=\"wp-block-heading\">Por que a colina importa para a mem\u00f3ria<\/h2>\n\n\n\n<p>A colina \u00e9 necess\u00e1ria para formar acetilcolina, subst\u00e2ncia envolvida em processos como aten\u00e7\u00e3o, aprendizado e armazenamento de informa\u00e7\u00f5es. Isso ajuda a explicar por que ela aparece em estudos sobre desenvolvimento cerebral e envelhecimento cognitivo.<\/p>\n\n\n\n<p>Segundo a ficha do NIH Office of Dietary Supplements, o c\u00e9rebro e o sistema nervoso precisam de colina para regular mem\u00f3ria, humor e controle muscular. Em outras palavras, n\u00e3o se trata apenas de um nutriente estrutural, mas tamb\u00e9m de uma pe\u00e7a importante para o funcionamento do sistema nervoso.<\/p>\n\n\n\n<h2 class=\"wp-block-heading\">Como ela participa do metabolismo no dia a dia<\/h2>\n\n\n\n<p>A colina tamb\u00e9m tem papel central no metabolismo porque ajuda o corpo a transportar e utilizar gorduras de forma adequada. Quando a ingest\u00e3o \u00e9 insuficiente, esse processo pode perder efici\u00eancia e sobrecarregar tecidos como o f\u00edgado.<\/p>\n\n\n\n<p>No dia a dia, isso ajuda a entender por que a colina se conecta com energia celular, integridade das membranas e equil\u00edbrio metab\u00f3lico. Para saber onde encontrar esse nutriente na alimenta\u00e7\u00e3o, vale ver tamb\u00e9m <a href=\"https:\/\/www.tuasaude.com\/alimentos-ricos-em-colina\/\" target=\"_blank\" rel=\"noreferrer noopener\">alimentos ricos em colina<\/a>.<\/p>\n\n\n<div class=\"wp-block-image\">\n<figure class=\"aligncenter size-large\"><img decoding=\"async\" width=\"1024\" height=\"576\" src=\"https:\/\/www.tuasaude.com\/news\/wp-content\/uploads\/2026\/04\/ChatGPT-Image-26-de-abr.-de-2026-06_57_26-1024x576.jpg\" alt=\"Prato com alimentos naturalmente ricos em colina para apoiar a alimenta\u00e7\u00e3o di\u00e1ria.\" class=\"wp-image-28540\" srcset=\"https:\/\/www.tuasaude.com\/news\/wp-content\/uploads\/2026\/04\/ChatGPT-Image-26-de-abr.-de-2026-06_57_26-1024x576.jpg 1024w, https:\/\/www.tuasaude.com\/news\/wp-content\/uploads\/2026\/04\/ChatGPT-Image-26-de-abr.-de-2026-06_57_26-300x169.jpg 300w, https:\/\/www.tuasaude.com\/news\/wp-content\/uploads\/2026\/04\/ChatGPT-Image-26-de-abr.-de-2026-06_57_26-768x432.jpg 768w, https:\/\/www.tuasaude.com\/news\/wp-content\/uploads\/2026\/04\/ChatGPT-Image-26-de-abr.-de-2026-06_57_26-750x422.jpg 750w, https:\/\/www.tuasaude.com\/news\/wp-content\/uploads\/2026\/04\/ChatGPT-Image-26-de-abr.-de-2026-06_57_26-1140x641.jpg 1140w, https:\/\/www.tuasaude.com\/news\/wp-content\/uploads\/2026\/04\/ChatGPT-Image-26-de-abr.-de-2026-06_57_26.jpg 1280w\" sizes=\"(max-width: 1024px) 100vw, 1024px\" \/><figcaption class=\"wp-element-caption\">Prato com alimentos naturalmente ricos em colina para apoiar a alimenta\u00e7\u00e3o di\u00e1ria.<\/figcaption><\/figure>\n<\/div>\n\n\n<h2 class=\"wp-block-heading\">Onde entra a sa\u00fade cardiovascular<\/h2>\n\n\n\n<p>A rela\u00e7\u00e3o com o cora\u00e7\u00e3o \u00e9 mais complexa do que parece. Por um lado, a colina participa de vias metab\u00f3licas ligadas aos grupos metil e pode influenciar o metabolismo da homociste\u00edna, um marcador observado em sa\u00fade cardiovascular.<\/p>\n\n\n\n<p>Por outro, parte da colina pode ser transformada pela microbiota intestinal em compostos que levam \u00e0 produ\u00e7\u00e3o de TMAO, mol\u00e9cula associada em v\u00e1rios estudos observacionais a maior risco cardiovascular. Por isso, a mensagem mais segura \u00e9 evitar tanto a defici\u00eancia quanto o uso indiscriminado de suplementos em altas doses.<\/p>\n\n\n\n<h2 class=\"wp-block-heading\">Quais alimentos ajudam a atingir boas quantidades<\/h2>\n\n\n\n<p>A melhor estrat\u00e9gia costuma ser priorizar alimentos naturalmente ricos em colina dentro de uma dieta variada. Isso tende a trazer o nutriente junto de outros compostos \u00fateis para o metabolismo.<\/p>\n\n\n\n<ul class=\"wp-block-list\">\n<li>Ovos, especialmente a gema<\/li>\n\n\n\n<li>Peixes e frutos do mar<\/li>\n\n\n\n<li>Carnes e v\u00edsceras<\/li>\n\n\n\n<li>Leite e derivados<\/li>\n\n\n\n<li>Soja, feij\u00f5es e alguns vegetais cruc\u00edferos<\/li>\n<\/ul>\n\n\n\n<p>Em geral, o foco deve ser a alimenta\u00e7\u00e3o antes da suplementa\u00e7\u00e3o, salvo quando houver orienta\u00e7\u00e3o profissional e uma necessidade espec\u00edfica.<\/p>\n\n\n<div class=\"wp-block-image\">\n<figure class=\"aligncenter size-large\"><img decoding=\"async\" width=\"1024\" height=\"460\" src=\"https:\/\/www.tuasaude.com\/news\/wp-content\/uploads\/2026\/04\/convertido-371-1024x460.jpg\" alt=\"Colina: O Nutriente Ligado \u00e0 Mem\u00f3ria, Metabolismo, F\u00edgado e Cora\u00e7\u00e3o\" class=\"wp-image-28538\" srcset=\"https:\/\/www.tuasaude.com\/news\/wp-content\/uploads\/2026\/04\/convertido-371-1024x460.jpg 1024w, https:\/\/www.tuasaude.com\/news\/wp-content\/uploads\/2026\/04\/convertido-371-300x135.jpg 300w, https:\/\/www.tuasaude.com\/news\/wp-content\/uploads\/2026\/04\/convertido-371-768x345.jpg 768w, https:\/\/www.tuasaude.com\/news\/wp-content\/uploads\/2026\/04\/convertido-371-750x337.jpg 750w, https:\/\/www.tuasaude.com\/news\/wp-content\/uploads\/2026\/04\/convertido-371-1140x512.jpg 1140w, https:\/\/www.tuasaude.com\/news\/wp-content\/uploads\/2026\/04\/convertido-371.jpg 1280w\" sizes=\"(max-width: 1024px) 100vw, 1024px\" \/><figcaption class=\"wp-element-caption\">Colina: O Nutriente Ligado \u00e0 Mem\u00f3ria, Metabolismo, F\u00edgado e Cora\u00e7\u00e3o<\/figcaption><\/figure>\n<\/div>\n\n\n<h2 class=\"wp-block-heading\">O que a ci\u00eancia j\u00e1 permite dizer com mais seguran\u00e7a<\/h2>\n\n\n\n<p>Segundo a revis\u00e3o <em>Effects of choline on health across the life course<\/em>, publicada na <em>Nutrition Reviews<\/em>, a colina atua como precursora da acetilcolina e da beta\u00edna, o que ajuda a explicar sua liga\u00e7\u00e3o com cogni\u00e7\u00e3o, metabolismo e desfechos cardiovasculares. O artigo mostra que esse nutriente tem papel amplo na sa\u00fade humana, mas tamb\u00e9m refor\u00e7a que seus efeitos dependem da dose, do contexto cl\u00ednico e da forma como entra na rotina alimentar.<\/p>\n\n\n\n<p>Voc\u00ea pode consultar o estudo neste link: <a href=\"https:\/\/pubmed.ncbi.nlm.nih.gov\/26108618\/\" target=\"_blank\" rel=\"noreferrer noopener\">revis\u00e3o publicada na PubMed<\/a>. Na pr\u00e1tica, o que faz mais sentido hoje \u00e9 manter consumo adequado, sem transformar a colina em solu\u00e7\u00e3o isolada para mem\u00f3ria ou cora\u00e7\u00e3o.<\/p>\n\n\n\n<ul class=\"wp-block-list\">\n<li>Defici\u00eancia pode prejudicar f\u00edgado e metabolismo<\/li>\n\n\n\n<li>Baixos n\u00edveis podem afetar vias ligadas \u00e0 mem\u00f3ria<\/li>\n\n\n\n<li>Suplementa\u00e7\u00e3o sem crit\u00e9rio n\u00e3o \u00e9 automaticamente melhor<\/li>\n\n\n\n<li>O equil\u00edbrio da dieta continua sendo o ponto central<\/li>\n<\/ul>\n\n\n\n<p>Este conte\u00fado \u00e9 apenas informativo e n\u00e3o substitui a avalia\u00e7\u00e3o de um m\u00e9dico. Para saber se h\u00e1 necessidade de ajustar a ingest\u00e3o de colina ou usar suplementos, busque orienta\u00e7\u00e3o m\u00e9dica profissional.<\/p>\n","protected":false},"excerpt":{"rendered":"<p>A colina costuma ser lembrada pela rela\u00e7\u00e3o com o f\u00edgado, mas sua atua\u00e7\u00e3o vai al\u00e9m. Esse nutriente participa da forma\u00e7\u00e3o de membranas celulares, do transporte de gorduras, da produ\u00e7\u00e3o de compostos importantes para o metabolismo e da s\u00edntese de acetilcolina, um neurotransmissor ligado \u00e0 mem\u00f3ria e ao aprendizado. Por isso, a colina tamb\u00e9m desperta interesse [&hellip;]<\/p>\n","protected":false},"author":12,"featured_media":28539,"comment_status":"open","ping_status":"open","sticky":false,"template":"","format":"standard","meta":{"_yoast_wpseo_focuskw":"colina","_yoast_wpseo_title":"","_yoast_wpseo_metadesc":"Entenda como a colina participa da mem\u00f3ria, metabolismo, f\u00edgado e sa\u00fade cardiovascular, e por que o equil\u00edbrio na ingest\u00e3o \u00e9 importante.","jnews-multi-image_gallery":[],"jnews_single_post":{"format":"standard"},"jnews_primary_category":[],"jnews_social_meta":[],"jnews_override_counter":[],"footnotes":""},"categories":[111],"tags":[6174,6173,1083],"class_list":["post-28536","post","type-post","status-publish","format-standard","has-post-thumbnail","hentry","category-saude","tag-acetilcolina","tag-metabolismo-de-gorduras","tag-saude-cardiovascular"],"yoast_head":"<!-- This site is optimized with the Yoast SEO plugin v26.7 - https:\/\/yoast.com\/wordpress\/plugins\/seo\/ -->\n<title>Colina n\u00e3o \u00e9 apenas para o f\u00edgado: como esse nutriente participa da mem\u00f3ria, do metabolismo e da sa\u00fade cardiovascular - Tua Sa\u00fade<\/title>\n<meta name=\"description\" content=\"Entenda como a colina participa da mem\u00f3ria, metabolismo, f\u00edgado e sa\u00fade cardiovascular, e por que o equil\u00edbrio na ingest\u00e3o \u00e9 importante.\" \/>\n<meta name=\"robots\" content=\"index, follow, max-snippet:-1, max-image-preview:large, max-video-preview:-1\" \/>\n<link rel=\"canonical\" href=\"https:\/\/www.tuasaude.com\/news\/2026\/04\/26\/colina-nao-e-apenas-para-o-figado-como-esse-nutriente-participa-da-memoria-do-metabolismo-e-da-saude-cardiovascular\/\" \/>\n<meta property=\"og:locale\" content=\"pt_BR\" \/>\n<meta property=\"og:type\" content=\"article\" \/>\n<meta property=\"og:title\" content=\"Colina n\u00e3o \u00e9 apenas para o f\u00edgado: como esse nutriente participa da mem\u00f3ria, do metabolismo e da sa\u00fade cardiovascular - Tua Sa\u00fade\" \/>\n<meta property=\"og:description\" content=\"Entenda como a colina participa da mem\u00f3ria, metabolismo, f\u00edgado e sa\u00fade cardiovascular, e por que o equil\u00edbrio na ingest\u00e3o \u00e9 importante.\" \/>\n<meta property=\"og:url\" content=\"https:\/\/www.tuasaude.com\/news\/2026\/04\/26\/colina-nao-e-apenas-para-o-figado-como-esse-nutriente-participa-da-memoria-do-metabolismo-e-da-saude-cardiovascular\/\" \/>\n<meta property=\"og:site_name\" content=\"Tua Sa\u00fade\" \/>\n<meta property=\"article:published_time\" content=\"2026-04-26T15:10:00+00:00\" \/>\n<meta property=\"og:image\" content=\"https:\/\/www.tuasaude.com\/news\/wp-content\/uploads\/2026\/04\/ChatGPT-Image-26-de-abr.-de-2026-06_57_10.jpg\" \/>\n\t<meta property=\"og:image:width\" content=\"1280\" \/>\n\t<meta property=\"og:image:height\" content=\"720\" \/>\n\t<meta property=\"og:image:type\" content=\"image\/jpeg\" \/>\n<meta name=\"author\" content=\"Jeferson Henrique\" \/>\n<meta name=\"twitter:card\" content=\"summary_large_image\" \/>\n<meta name=\"twitter:label1\" content=\"Escrito por\" \/>\n\t<meta name=\"twitter:data1\" content=\"Jeferson Henrique\" \/>\n\t<meta name=\"twitter:label2\" content=\"Est. tempo de leitura\" \/>\n\t<meta name=\"twitter:data2\" content=\"4 minutos\" \/>\n<!-- \/ Yoast SEO plugin. -->","yoast_head_json":{"title":"Colina n\u00e3o \u00e9 apenas para o f\u00edgado: como esse nutriente participa da mem\u00f3ria, do metabolismo e da sa\u00fade cardiovascular - Tua Sa\u00fade","description":"Entenda como a colina participa da mem\u00f3ria, metabolismo, f\u00edgado e sa\u00fade cardiovascular, e por que o equil\u00edbrio na ingest\u00e3o \u00e9 importante.","robots":{"index":"index","follow":"follow","max-snippet":"max-snippet:-1","max-image-preview":"max-image-preview:large","max-video-preview":"max-video-preview:-1"},"canonical":"https:\/\/www.tuasaude.com\/news\/2026\/04\/26\/colina-nao-e-apenas-para-o-figado-como-esse-nutriente-participa-da-memoria-do-metabolismo-e-da-saude-cardiovascular\/","og_locale":"pt_BR","og_type":"article","og_title":"Colina n\u00e3o \u00e9 apenas para o f\u00edgado: como esse nutriente participa da mem\u00f3ria, do metabolismo e da sa\u00fade cardiovascular - Tua Sa\u00fade","og_description":"Entenda como a colina participa da mem\u00f3ria, metabolismo, f\u00edgado e sa\u00fade cardiovascular, e por que o equil\u00edbrio na ingest\u00e3o \u00e9 importante.","og_url":"https:\/\/www.tuasaude.com\/news\/2026\/04\/26\/colina-nao-e-apenas-para-o-figado-como-esse-nutriente-participa-da-memoria-do-metabolismo-e-da-saude-cardiovascular\/","og_site_name":"Tua Sa\u00fade","article_published_time":"2026-04-26T15:10:00+00:00","og_image":[{"width":1280,"height":720,"url":"https:\/\/www.tuasaude.com\/news\/wp-content\/uploads\/2026\/04\/ChatGPT-Image-26-de-abr.-de-2026-06_57_10.jpg","type":"image\/jpeg"}],"author":"Jeferson Henrique","twitter_card":"summary_large_image","twitter_misc":{"Escrito por":"Jeferson Henrique","Est. tempo de leitura":"4 minutos"},"schema":{"@context":"https:\/\/schema.org","@graph":[{"@type":"Article","@id":"https:\/\/www.tuasaude.com\/news\/2026\/04\/26\/colina-nao-e-apenas-para-o-figado-como-esse-nutriente-participa-da-memoria-do-metabolismo-e-da-saude-cardiovascular\/#article","isPartOf":{"@id":"https:\/\/www.tuasaude.com\/news\/2026\/04\/26\/colina-nao-e-apenas-para-o-figado-como-esse-nutriente-participa-da-memoria-do-metabolismo-e-da-saude-cardiovascular\/"},"author":{"name":"Jeferson Henrique","@id":"https:\/\/www.tuasaude.com\/news\/#\/schema\/person\/963d63d4e1f0c81f5f3a70ba4bcb0ef7"},"headline":"Colina n\u00e3o \u00e9 apenas para o f\u00edgado: como esse nutriente participa da mem\u00f3ria, do metabolismo e da sa\u00fade cardiovascular","datePublished":"2026-04-26T15:10:00+00:00","mainEntityOfPage":{"@id":"https:\/\/www.tuasaude.com\/news\/2026\/04\/26\/colina-nao-e-apenas-para-o-figado-como-esse-nutriente-participa-da-memoria-do-metabolismo-e-da-saude-cardiovascular\/"},"wordCount":696,"commentCount":0,"image":{"@id":"https:\/\/www.tuasaude.com\/news\/2026\/04\/26\/colina-nao-e-apenas-para-o-figado-como-esse-nutriente-participa-da-memoria-do-metabolismo-e-da-saude-cardiovascular\/#primaryimage"},"thumbnailUrl":"https:\/\/www.tuasaude.com\/news\/wp-content\/uploads\/2026\/04\/ChatGPT-Image-26-de-abr.-de-2026-06_57_10.jpg","keywords":["acetilcolina","metabolismo de gorduras","sa\u00fade cardiovascular"],"articleSection":["Sa\u00fade"],"inLanguage":"pt-BR","potentialAction":[{"@type":"CommentAction","name":"Comment","target":["https:\/\/www.tuasaude.com\/news\/2026\/04\/26\/colina-nao-e-apenas-para-o-figado-como-esse-nutriente-participa-da-memoria-do-metabolismo-e-da-saude-cardiovascular\/#respond"]}]},{"@type":"WebPage","@id":"https:\/\/www.tuasaude.com\/news\/2026\/04\/26\/colina-nao-e-apenas-para-o-figado-como-esse-nutriente-participa-da-memoria-do-metabolismo-e-da-saude-cardiovascular\/","url":"https:\/\/www.tuasaude.com\/news\/2026\/04\/26\/colina-nao-e-apenas-para-o-figado-como-esse-nutriente-participa-da-memoria-do-metabolismo-e-da-saude-cardiovascular\/","name":"Colina n\u00e3o \u00e9 apenas para o f\u00edgado: como esse nutriente participa da mem\u00f3ria, do metabolismo e da sa\u00fade cardiovascular - Tua Sa\u00fade","isPartOf":{"@id":"https:\/\/www.tuasaude.com\/news\/#website"},"primaryImageOfPage":{"@id":"https:\/\/www.tuasaude.com\/news\/2026\/04\/26\/colina-nao-e-apenas-para-o-figado-como-esse-nutriente-participa-da-memoria-do-metabolismo-e-da-saude-cardiovascular\/#primaryimage"},"image":{"@id":"https:\/\/www.tuasaude.com\/news\/2026\/04\/26\/colina-nao-e-apenas-para-o-figado-como-esse-nutriente-participa-da-memoria-do-metabolismo-e-da-saude-cardiovascular\/#primaryimage"},"thumbnailUrl":"https:\/\/www.tuasaude.com\/news\/wp-content\/uploads\/2026\/04\/ChatGPT-Image-26-de-abr.-de-2026-06_57_10.jpg","datePublished":"2026-04-26T15:10:00+00:00","author":{"@id":"https:\/\/www.tuasaude.com\/news\/#\/schema\/person\/963d63d4e1f0c81f5f3a70ba4bcb0ef7"},"description":"Entenda como a colina participa da mem\u00f3ria, metabolismo, f\u00edgado e sa\u00fade cardiovascular, e por que o equil\u00edbrio na ingest\u00e3o \u00e9 importante.","breadcrumb":{"@id":"https:\/\/www.tuasaude.com\/news\/2026\/04\/26\/colina-nao-e-apenas-para-o-figado-como-esse-nutriente-participa-da-memoria-do-metabolismo-e-da-saude-cardiovascular\/#breadcrumb"},"inLanguage":"pt-BR","potentialAction":[{"@type":"ReadAction","target":["https:\/\/www.tuasaude.com\/news\/2026\/04\/26\/colina-nao-e-apenas-para-o-figado-como-esse-nutriente-participa-da-memoria-do-metabolismo-e-da-saude-cardiovascular\/"]}]},{"@type":"ImageObject","inLanguage":"pt-BR","@id":"https:\/\/www.tuasaude.com\/news\/2026\/04\/26\/colina-nao-e-apenas-para-o-figado-como-esse-nutriente-participa-da-memoria-do-metabolismo-e-da-saude-cardiovascular\/#primaryimage","url":"https:\/\/www.tuasaude.com\/news\/wp-content\/uploads\/2026\/04\/ChatGPT-Image-26-de-abr.-de-2026-06_57_10.jpg","contentUrl":"https:\/\/www.tuasaude.com\/news\/wp-content\/uploads\/2026\/04\/ChatGPT-Image-26-de-abr.-de-2026-06_57_10.jpg","width":1280,"height":720,"caption":"Ovos e legumes sendo preparados em uma rotina ligada \u00e0 colina, mem\u00f3ria e metabolismo."},{"@type":"BreadcrumbList","@id":"https:\/\/www.tuasaude.com\/news\/2026\/04\/26\/colina-nao-e-apenas-para-o-figado-como-esse-nutriente-participa-da-memoria-do-metabolismo-e-da-saude-cardiovascular\/#breadcrumb","itemListElement":[{"@type":"ListItem","position":1,"name":"In\u00edcio","item":"https:\/\/www.tuasaude.com\/news\/"},{"@type":"ListItem","position":2,"name":"Colina n\u00e3o \u00e9 apenas para o f\u00edgado: como esse nutriente participa da mem\u00f3ria, do metabolismo e da sa\u00fade cardiovascular"}]},{"@type":"WebSite","@id":"https:\/\/www.tuasaude.com\/news\/#website","url":"https:\/\/www.tuasaude.com\/news\/","name":"Tua Sa\u00fade","description":"Seu site de sa\u00fade","potentialAction":[{"@type":"SearchAction","target":{"@type":"EntryPoint","urlTemplate":"https:\/\/www.tuasaude.com\/news\/?s={search_term_string}"},"query-input":{"@type":"PropertyValueSpecification","valueRequired":true,"valueName":"search_term_string"}}],"inLanguage":"pt-BR"},{"@type":"Person","@id":"https:\/\/www.tuasaude.com\/news\/#\/schema\/person\/963d63d4e1f0c81f5f3a70ba4bcb0ef7","name":"Jeferson Henrique","image":{"@type":"ImageObject","inLanguage":"pt-BR","@id":"https:\/\/www.tuasaude.com\/news\/#\/schema\/person\/image\/","url":"https:\/\/secure.gravatar.com\/avatar\/1a476a54a48eb3cdea5dd2f016708263892c6b9f5e54b641df7c65e980fd6f69?s=96&d=mm&r=g","contentUrl":"https:\/\/secure.gravatar.com\/avatar\/1a476a54a48eb3cdea5dd2f016708263892c6b9f5e54b641df7c65e980fd6f69?s=96&d=mm&r=g","caption":"Jeferson Henrique"},"sameAs":["https:\/\/www.tuasaude.com\/news\/"],"url":"https:\/\/www.tuasaude.com\/news\/author\/jeferson-henrique\/"}]}},"_links":{"self":[{"href":"https:\/\/www.tuasaude.com\/news\/wp-json\/wp\/v2\/posts\/28536","targetHints":{"allow":["GET"]}}],"collection":[{"href":"https:\/\/www.tuasaude.com\/news\/wp-json\/wp\/v2\/posts"}],"about":[{"href":"https:\/\/www.tuasaude.com\/news\/wp-json\/wp\/v2\/types\/post"}],"author":[{"embeddable":true,"href":"https:\/\/www.tuasaude.com\/news\/wp-json\/wp\/v2\/users\/12"}],"replies":[{"embeddable":true,"href":"https:\/\/www.tuasaude.com\/news\/wp-json\/wp\/v2\/comments?post=28536"}],"version-history":[{"count":2,"href":"https:\/\/www.tuasaude.com\/news\/wp-json\/wp\/v2\/posts\/28536\/revisions"}],"predecessor-version":[{"id":28541,"href":"https:\/\/www.tuasaude.com\/news\/wp-json\/wp\/v2\/posts\/28536\/revisions\/28541"}],"wp:featuredmedia":[{"embeddable":true,"href":"https:\/\/www.tuasaude.com\/news\/wp-json\/wp\/v2\/media\/28539"}],"wp:attachment":[{"href":"https:\/\/www.tuasaude.com\/news\/wp-json\/wp\/v2\/media?parent=28536"}],"wp:term":[{"taxonomy":"category","embeddable":true,"href":"https:\/\/www.tuasaude.com\/news\/wp-json\/wp\/v2\/categories?post=28536"},{"taxonomy":"post_tag","embeddable":true,"href":"https:\/\/www.tuasaude.com\/news\/wp-json\/wp\/v2\/tags?post=28536"}],"curies":[{"name":"wp","href":"https:\/\/api.w.org\/{rel}","templated":true}]}}