{"id":28486,"date":"2026-04-26T06:40:00","date_gmt":"2026-04-26T09:40:00","guid":{"rendered":"https:\/\/www.tuasaude.com\/news\/?p=28486"},"modified":"2026-04-26T06:36:37","modified_gmt":"2026-04-26T09:36:37","slug":"magnesio-e-vitamina-d-por-que-esse-mineral-pode-influenciar-a-absorcao-e-a-regulacao-da-vitamina-no-corpo","status":"publish","type":"post","link":"https:\/\/www.tuasaude.com\/news\/2026\/04\/26\/magnesio-e-vitamina-d-por-que-esse-mineral-pode-influenciar-a-absorcao-e-a-regulacao-da-vitamina-no-corpo\/","title":{"rendered":"Magn\u00e9sio e vitamina D: por que esse mineral pode influenciar a absor\u00e7\u00e3o e a regula\u00e7\u00e3o da vitamina no corpo"},"content":{"rendered":"\n<p>O <strong>magn\u00e9sio<\/strong> participa de v\u00e1rias etapas que ajudam a vitamina D a agir melhor no organismo. Embora a vitamina D seja mais lembrada pela sa\u00fade dos ossos, seu funcionamento depende de um conjunto de fatores, e um deles \u00e9 justamente a presen\u00e7a adequada desse mineral. Por isso, quando o magn\u00e9sio est\u00e1 baixo, o corpo pode ter mais dificuldade para aproveitar e regular bem a vitamina D ao longo do tempo.<\/p>\n\n\n\n<h2 class=\"wp-block-heading\">Como o magn\u00e9sio entra nessa rela\u00e7\u00e3o<\/h2>\n\n\n\n<p>O magn\u00e9sio ajuda em rea\u00e7\u00f5es que transformam a vitamina D em formas que o corpo consegue usar. Isso significa que ele n\u00e3o atua apenas na absor\u00e7\u00e3o indireta, mas tamb\u00e9m na <strong>regula\u00e7\u00e3o<\/strong> e no aproveitamento dessa vitamina em tecidos importantes.<\/p>\n\n\n\n<p>Na pr\u00e1tica, ter n\u00edveis adequados de magn\u00e9sio pode favorecer um melhor equil\u00edbrio da vitamina D, especialmente em pessoas com defici\u00eancia, alimenta\u00e7\u00e3o pouco variada ou uso frequente de suplementos sem acompanhamento.<\/p>\n\n\n\n<h2 class=\"wp-block-heading\">Por que essa dupla \u00e9 importante para o corpo<\/h2>\n\n\n\n<p>Vitamina D e magn\u00e9sio atuam de forma ligada em fun\u00e7\u00f5es que envolvem ossos, m\u00fasculos e metabolismo mineral. Quando essa combina\u00e7\u00e3o est\u00e1 em equil\u00edbrio, o organismo tende a regular melhor c\u00e1lcio e f\u00f3sforo.<\/p>\n\n\n\n<ul class=\"wp-block-list\">\n<li>Ajuda a manter a sa\u00fade dos ossos<\/li>\n\n\n\n<li>Contribui para o funcionamento muscular<\/li>\n\n\n\n<li>Participa do equil\u00edbrio do c\u00e1lcio no corpo<\/li>\n\n\n\n<li>Pode influenciar a resposta ao suplemento de vitamina D<\/li>\n<\/ul>\n\n\n\n<p>Para entender melhor o papel dessa vitamina, vale ver tamb\u00e9m o conte\u00fado sobre <a href=\"https:\/\/www.tuasaude.com\/para-que-serve-a-vitamina-d\/\" target=\"_blank\" rel=\"noreferrer noopener\">vitamina D<\/a> e como ela atua no organismo.<\/p>\n\n\n<div class=\"wp-block-image\">\n<figure class=\"aligncenter size-large\"><img decoding=\"async\" width=\"1024\" height=\"576\" src=\"https:\/\/www.tuasaude.com\/news\/wp-content\/uploads\/2026\/04\/ChatGPT-Image-26-de-abr.-de-2026-06_35_27-1024x576.jpg\" alt=\"Prato com fontes de magn\u00e9sio para apoiar o equil\u00edbrio nutricional di\u00e1rio.\" class=\"wp-image-28491\" srcset=\"https:\/\/www.tuasaude.com\/news\/wp-content\/uploads\/2026\/04\/ChatGPT-Image-26-de-abr.-de-2026-06_35_27-1024x576.jpg 1024w, https:\/\/www.tuasaude.com\/news\/wp-content\/uploads\/2026\/04\/ChatGPT-Image-26-de-abr.-de-2026-06_35_27-300x169.jpg 300w, https:\/\/www.tuasaude.com\/news\/wp-content\/uploads\/2026\/04\/ChatGPT-Image-26-de-abr.-de-2026-06_35_27-768x432.jpg 768w, https:\/\/www.tuasaude.com\/news\/wp-content\/uploads\/2026\/04\/ChatGPT-Image-26-de-abr.-de-2026-06_35_27-750x422.jpg 750w, https:\/\/www.tuasaude.com\/news\/wp-content\/uploads\/2026\/04\/ChatGPT-Image-26-de-abr.-de-2026-06_35_27-1140x641.jpg 1140w, https:\/\/www.tuasaude.com\/news\/wp-content\/uploads\/2026\/04\/ChatGPT-Image-26-de-abr.-de-2026-06_35_27.jpg 1280w\" sizes=\"(max-width: 1024px) 100vw, 1024px\" \/><figcaption class=\"wp-element-caption\">Prato com fontes de magn\u00e9sio para apoiar o equil\u00edbrio nutricional di\u00e1rio.<\/figcaption><\/figure>\n<\/div>\n\n\n<h2 class=\"wp-block-heading\">O que os estudos cient\u00edficos mostram<\/h2>\n\n\n\n<p>Segundo a revis\u00e3o <em>Role of Magnesium in Vitamin D Activation and Function<\/em>, publicada no <em>Journal of the American Osteopathic Association<\/em>, o magn\u00e9sio \u00e9 necess\u00e1rio para a ativa\u00e7\u00e3o e o funcionamento da vitamina D no corpo. O estudo refor\u00e7a que n\u00edveis inadequados desse mineral podem atrapalhar a resposta esperada da vitamina, mesmo quando h\u00e1 ingest\u00e3o ou suplementa\u00e7\u00e3o adequada.<\/p>\n\n\n\n<p>Outro dado relevante vem do estudo <em>Magnesium status and supplementation influence vitamin D status and metabolism<\/em>, publicado no <em>American Journal of Clinical Nutrition<\/em>, que observou que a suplementa\u00e7\u00e3o de magn\u00e9sio pode influenciar o metabolismo da vitamina D. Voc\u00ea pode consultar o artigo neste link: <a href=\"https:\/\/pubmed.ncbi.nlm.nih.gov\/30541089\/\" target=\"_blank\" rel=\"noreferrer noopener\">estudo publicado na PubMed<\/a>. Esse achado ajuda a explicar por que, em alguns casos, olhar apenas para a vitamina D pode n\u00e3o ser suficiente.<\/p>\n\n\n\n<h2 class=\"wp-block-heading\">Quais sinais pedem mais aten\u00e7\u00e3o<\/h2>\n\n\n\n<p>Nem sempre a falta de magn\u00e9sio ou de vitamina D causa sintomas claros no come\u00e7o. Mesmo assim, alguns sinais podem merecer investiga\u00e7\u00e3o, principalmente quando se repetem ou persistem.<\/p>\n\n\n\n<ul class=\"wp-block-list\">\n<li>Cansa\u00e7o frequente<\/li>\n\n\n\n<li>Fraqueza muscular<\/li>\n\n\n\n<li>C\u00e3ibras<\/li>\n\n\n\n<li>Dores nos ossos<\/li>\n\n\n\n<li>Maior sensa\u00e7\u00e3o de indisposi\u00e7\u00e3o<\/li>\n<\/ul>\n\n\n\n<p>Esses sintomas n\u00e3o confirmam defici\u00eancia por si s\u00f3, mas podem indicar a necessidade de avalia\u00e7\u00e3o profissional e exames quando houver suspeita cl\u00ednica.<\/p>\n\n\n<div class=\"wp-block-image\">\n<figure class=\"aligncenter size-large\"><img decoding=\"async\" width=\"1024\" height=\"441\" src=\"https:\/\/www.tuasaude.com\/news\/wp-content\/uploads\/2026\/04\/convertido-362-1024x441.jpg\" alt=\"Magn\u00e9sio e Vitamina D: A Dupla Essencial Para Ossos, M\u00fasculos e Metabolismo\" class=\"wp-image-28488\" srcset=\"https:\/\/www.tuasaude.com\/news\/wp-content\/uploads\/2026\/04\/convertido-362-1024x441.jpg 1024w, https:\/\/www.tuasaude.com\/news\/wp-content\/uploads\/2026\/04\/convertido-362-300x129.jpg 300w, https:\/\/www.tuasaude.com\/news\/wp-content\/uploads\/2026\/04\/convertido-362-768x331.jpg 768w, https:\/\/www.tuasaude.com\/news\/wp-content\/uploads\/2026\/04\/convertido-362-750x323.jpg 750w, https:\/\/www.tuasaude.com\/news\/wp-content\/uploads\/2026\/04\/convertido-362-1140x491.jpg 1140w, https:\/\/www.tuasaude.com\/news\/wp-content\/uploads\/2026\/04\/convertido-362.jpg 1280w\" sizes=\"(max-width: 1024px) 100vw, 1024px\" \/><figcaption class=\"wp-element-caption\">Magn\u00e9sio e Vitamina D: A Dupla Essencial Para Ossos, M\u00fasculos e Metabolismo<\/figcaption><\/figure>\n<\/div>\n\n\n<h2 class=\"wp-block-heading\">Como cuidar dos n\u00edveis de magn\u00e9sio e vitamina D<\/h2>\n\n\n\n<p>O melhor caminho costuma ser combinar alimenta\u00e7\u00e3o equilibrada, exposi\u00e7\u00e3o solar orientada e suplementa\u00e7\u00e3o apenas quando indicada. Sementes, leguminosas, cereais integrais e oleaginosas ajudam na ingest\u00e3o de magn\u00e9sio, enquanto a vitamina D depende principalmente da exposi\u00e7\u00e3o ao sol e, em alguns casos, de suplemento.<\/p>\n\n\n\n<p>Tamb\u00e9m \u00e9 \u00fatil conhecer alimentos com esse mineral, como mostra o conte\u00fado sobre <a href=\"https:\/\/www.tuasaude.com\/magnesio\/\" target=\"_blank\" rel=\"noreferrer noopener\">magn\u00e9sio<\/a>. Este conte\u00fado \u00e9 apenas informativo e n\u00e3o substitui a avalia\u00e7\u00e3o de um m\u00e9dico. Para saber se h\u00e1 defici\u00eancia ou necessidade de suplementa\u00e7\u00e3o, procure orienta\u00e7\u00e3o m\u00e9dica profissional.<\/p>\n","protected":false},"excerpt":{"rendered":"<p>O magn\u00e9sio participa de v\u00e1rias etapas que ajudam a vitamina D a agir melhor no organismo. Embora a vitamina D seja mais lembrada pela sa\u00fade dos ossos, seu funcionamento depende de um conjunto de fatores, e um deles \u00e9 justamente a presen\u00e7a adequada desse mineral. Por isso, quando o magn\u00e9sio est\u00e1 baixo, o corpo pode [&hellip;]<\/p>\n","protected":false},"author":12,"featured_media":28490,"comment_status":"open","ping_status":"open","sticky":false,"template":"","format":"standard","meta":{"_yoast_wpseo_focuskw":"magn\u00e9sio e vitamina D","_yoast_wpseo_title":"","_yoast_wpseo_metadesc":"Entenda como o magn\u00e9sio participa da ativa\u00e7\u00e3o da vitamina D e pode influenciar sua absor\u00e7\u00e3o, regula\u00e7\u00e3o e aproveitamento no corpo.","jnews-multi-image_gallery":[],"jnews_single_post":{"format":"standard"},"jnews_primary_category":[],"jnews_social_meta":[],"jnews_override_counter":[],"footnotes":""},"categories":[111],"tags":[3550,2265,6168],"class_list":["post-28486","post","type-post","status-publish","format-standard","has-post-thumbnail","hentry","category-saude","tag-absorcao-da-vitamina-d","tag-deficiencia-de-magnesio","tag-metabolismo-mineral"],"yoast_head":"<!-- This site is optimized with the Yoast SEO plugin v26.7 - https:\/\/yoast.com\/wordpress\/plugins\/seo\/ -->\n<title>Magn\u00e9sio e vitamina D: por que esse mineral pode influenciar a absor\u00e7\u00e3o e a regula\u00e7\u00e3o da vitamina no corpo - Tua Sa\u00fade<\/title>\n<meta name=\"description\" content=\"Entenda como o magn\u00e9sio participa da ativa\u00e7\u00e3o da vitamina D e pode influenciar sua absor\u00e7\u00e3o, regula\u00e7\u00e3o e aproveitamento no corpo.\" \/>\n<meta name=\"robots\" content=\"index, follow, max-snippet:-1, max-image-preview:large, max-video-preview:-1\" \/>\n<link rel=\"canonical\" href=\"https:\/\/www.tuasaude.com\/news\/2026\/04\/26\/magnesio-e-vitamina-d-por-que-esse-mineral-pode-influenciar-a-absorcao-e-a-regulacao-da-vitamina-no-corpo\/\" \/>\n<meta property=\"og:locale\" content=\"pt_BR\" \/>\n<meta property=\"og:type\" content=\"article\" \/>\n<meta property=\"og:title\" content=\"Magn\u00e9sio e vitamina D: por que esse mineral pode influenciar a absor\u00e7\u00e3o e a regula\u00e7\u00e3o da vitamina no corpo - Tua Sa\u00fade\" \/>\n<meta property=\"og:description\" content=\"Entenda como o magn\u00e9sio participa da ativa\u00e7\u00e3o da vitamina D e pode influenciar sua absor\u00e7\u00e3o, regula\u00e7\u00e3o e aproveitamento no corpo.\" \/>\n<meta property=\"og:url\" content=\"https:\/\/www.tuasaude.com\/news\/2026\/04\/26\/magnesio-e-vitamina-d-por-que-esse-mineral-pode-influenciar-a-absorcao-e-a-regulacao-da-vitamina-no-corpo\/\" \/>\n<meta property=\"og:site_name\" content=\"Tua Sa\u00fade\" \/>\n<meta property=\"article:published_time\" content=\"2026-04-26T09:40:00+00:00\" \/>\n<meta property=\"og:image\" content=\"https:\/\/www.tuasaude.com\/news\/wp-content\/uploads\/2026\/04\/ChatGPT-Image-26-de-abr.-de-2026-06_34_40.jpg\" \/>\n\t<meta property=\"og:image:width\" content=\"1280\" \/>\n\t<meta property=\"og:image:height\" content=\"720\" \/>\n\t<meta property=\"og:image:type\" content=\"image\/jpeg\" \/>\n<meta name=\"author\" content=\"Jeferson Henrique\" \/>\n<meta name=\"twitter:card\" content=\"summary_large_image\" \/>\n<meta name=\"twitter:label1\" content=\"Escrito por\" \/>\n\t<meta name=\"twitter:data1\" content=\"Jeferson Henrique\" \/>\n\t<meta name=\"twitter:label2\" content=\"Est. tempo de leitura\" \/>\n\t<meta name=\"twitter:data2\" content=\"4 minutos\" \/>\n<!-- \/ Yoast SEO plugin. -->","yoast_head_json":{"title":"Magn\u00e9sio e vitamina D: por que esse mineral pode influenciar a absor\u00e7\u00e3o e a regula\u00e7\u00e3o da vitamina no corpo - Tua Sa\u00fade","description":"Entenda como o magn\u00e9sio participa da ativa\u00e7\u00e3o da vitamina D e pode influenciar sua absor\u00e7\u00e3o, regula\u00e7\u00e3o e aproveitamento no corpo.","robots":{"index":"index","follow":"follow","max-snippet":"max-snippet:-1","max-image-preview":"max-image-preview:large","max-video-preview":"max-video-preview:-1"},"canonical":"https:\/\/www.tuasaude.com\/news\/2026\/04\/26\/magnesio-e-vitamina-d-por-que-esse-mineral-pode-influenciar-a-absorcao-e-a-regulacao-da-vitamina-no-corpo\/","og_locale":"pt_BR","og_type":"article","og_title":"Magn\u00e9sio e vitamina D: por que esse mineral pode influenciar a absor\u00e7\u00e3o e a regula\u00e7\u00e3o da vitamina no corpo - Tua Sa\u00fade","og_description":"Entenda como o magn\u00e9sio participa da ativa\u00e7\u00e3o da vitamina D e pode influenciar sua absor\u00e7\u00e3o, regula\u00e7\u00e3o e aproveitamento no corpo.","og_url":"https:\/\/www.tuasaude.com\/news\/2026\/04\/26\/magnesio-e-vitamina-d-por-que-esse-mineral-pode-influenciar-a-absorcao-e-a-regulacao-da-vitamina-no-corpo\/","og_site_name":"Tua Sa\u00fade","article_published_time":"2026-04-26T09:40:00+00:00","og_image":[{"width":1280,"height":720,"url":"https:\/\/www.tuasaude.com\/news\/wp-content\/uploads\/2026\/04\/ChatGPT-Image-26-de-abr.-de-2026-06_34_40.jpg","type":"image\/jpeg"}],"author":"Jeferson Henrique","twitter_card":"summary_large_image","twitter_misc":{"Escrito por":"Jeferson Henrique","Est. tempo de leitura":"4 minutos"},"schema":{"@context":"https:\/\/schema.org","@graph":[{"@type":"Article","@id":"https:\/\/www.tuasaude.com\/news\/2026\/04\/26\/magnesio-e-vitamina-d-por-que-esse-mineral-pode-influenciar-a-absorcao-e-a-regulacao-da-vitamina-no-corpo\/#article","isPartOf":{"@id":"https:\/\/www.tuasaude.com\/news\/2026\/04\/26\/magnesio-e-vitamina-d-por-que-esse-mineral-pode-influenciar-a-absorcao-e-a-regulacao-da-vitamina-no-corpo\/"},"author":{"name":"Jeferson Henrique","@id":"https:\/\/www.tuasaude.com\/news\/#\/schema\/person\/963d63d4e1f0c81f5f3a70ba4bcb0ef7"},"headline":"Magn\u00e9sio e vitamina D: por que esse mineral pode influenciar a absor\u00e7\u00e3o e a regula\u00e7\u00e3o da vitamina no corpo","datePublished":"2026-04-26T09:40:00+00:00","mainEntityOfPage":{"@id":"https:\/\/www.tuasaude.com\/news\/2026\/04\/26\/magnesio-e-vitamina-d-por-que-esse-mineral-pode-influenciar-a-absorcao-e-a-regulacao-da-vitamina-no-corpo\/"},"wordCount":644,"commentCount":0,"image":{"@id":"https:\/\/www.tuasaude.com\/news\/2026\/04\/26\/magnesio-e-vitamina-d-por-que-esse-mineral-pode-influenciar-a-absorcao-e-a-regulacao-da-vitamina-no-corpo\/#primaryimage"},"thumbnailUrl":"https:\/\/www.tuasaude.com\/news\/wp-content\/uploads\/2026\/04\/ChatGPT-Image-26-de-abr.-de-2026-06_34_40.jpg","keywords":["absor\u00e7\u00e3o da vitamina D","defici\u00eancia de magn\u00e9sio","metabolismo mineral"],"articleSection":["Sa\u00fade"],"inLanguage":"pt-BR","potentialAction":[{"@type":"CommentAction","name":"Comment","target":["https:\/\/www.tuasaude.com\/news\/2026\/04\/26\/magnesio-e-vitamina-d-por-que-esse-mineral-pode-influenciar-a-absorcao-e-a-regulacao-da-vitamina-no-corpo\/#respond"]}]},{"@type":"WebPage","@id":"https:\/\/www.tuasaude.com\/news\/2026\/04\/26\/magnesio-e-vitamina-d-por-que-esse-mineral-pode-influenciar-a-absorcao-e-a-regulacao-da-vitamina-no-corpo\/","url":"https:\/\/www.tuasaude.com\/news\/2026\/04\/26\/magnesio-e-vitamina-d-por-que-esse-mineral-pode-influenciar-a-absorcao-e-a-regulacao-da-vitamina-no-corpo\/","name":"Magn\u00e9sio e vitamina D: por que esse mineral pode influenciar a absor\u00e7\u00e3o e a regula\u00e7\u00e3o da vitamina no corpo - Tua Sa\u00fade","isPartOf":{"@id":"https:\/\/www.tuasaude.com\/news\/#website"},"primaryImageOfPage":{"@id":"https:\/\/www.tuasaude.com\/news\/2026\/04\/26\/magnesio-e-vitamina-d-por-que-esse-mineral-pode-influenciar-a-absorcao-e-a-regulacao-da-vitamina-no-corpo\/#primaryimage"},"image":{"@id":"https:\/\/www.tuasaude.com\/news\/2026\/04\/26\/magnesio-e-vitamina-d-por-que-esse-mineral-pode-influenciar-a-absorcao-e-a-regulacao-da-vitamina-no-corpo\/#primaryimage"},"thumbnailUrl":"https:\/\/www.tuasaude.com\/news\/wp-content\/uploads\/2026\/04\/ChatGPT-Image-26-de-abr.-de-2026-06_34_40.jpg","datePublished":"2026-04-26T09:40:00+00:00","author":{"@id":"https:\/\/www.tuasaude.com\/news\/#\/schema\/person\/963d63d4e1f0c81f5f3a70ba4bcb0ef7"},"description":"Entenda como o magn\u00e9sio participa da ativa\u00e7\u00e3o da vitamina D e pode influenciar sua absor\u00e7\u00e3o, regula\u00e7\u00e3o e aproveitamento no corpo.","breadcrumb":{"@id":"https:\/\/www.tuasaude.com\/news\/2026\/04\/26\/magnesio-e-vitamina-d-por-que-esse-mineral-pode-influenciar-a-absorcao-e-a-regulacao-da-vitamina-no-corpo\/#breadcrumb"},"inLanguage":"pt-BR","potentialAction":[{"@type":"ReadAction","target":["https:\/\/www.tuasaude.com\/news\/2026\/04\/26\/magnesio-e-vitamina-d-por-que-esse-mineral-pode-influenciar-a-absorcao-e-a-regulacao-da-vitamina-no-corpo\/"]}]},{"@type":"ImageObject","inLanguage":"pt-BR","@id":"https:\/\/www.tuasaude.com\/news\/2026\/04\/26\/magnesio-e-vitamina-d-por-que-esse-mineral-pode-influenciar-a-absorcao-e-a-regulacao-da-vitamina-no-corpo\/#primaryimage","url":"https:\/\/www.tuasaude.com\/news\/wp-content\/uploads\/2026\/04\/ChatGPT-Image-26-de-abr.-de-2026-06_34_40.jpg","contentUrl":"https:\/\/www.tuasaude.com\/news\/wp-content\/uploads\/2026\/04\/ChatGPT-Image-26-de-abr.-de-2026-06_34_40.jpg","width":1280,"height":720,"caption":"Alimentos ricos em magn\u00e9sio ao lado de vitamina D em uma rotina de cuidado nutricional."},{"@type":"BreadcrumbList","@id":"https:\/\/www.tuasaude.com\/news\/2026\/04\/26\/magnesio-e-vitamina-d-por-que-esse-mineral-pode-influenciar-a-absorcao-e-a-regulacao-da-vitamina-no-corpo\/#breadcrumb","itemListElement":[{"@type":"ListItem","position":1,"name":"In\u00edcio","item":"https:\/\/www.tuasaude.com\/news\/"},{"@type":"ListItem","position":2,"name":"Magn\u00e9sio e vitamina D: por que esse mineral pode influenciar a absor\u00e7\u00e3o e a regula\u00e7\u00e3o da vitamina no corpo"}]},{"@type":"WebSite","@id":"https:\/\/www.tuasaude.com\/news\/#website","url":"https:\/\/www.tuasaude.com\/news\/","name":"Tua Sa\u00fade","description":"Seu site de sa\u00fade","potentialAction":[{"@type":"SearchAction","target":{"@type":"EntryPoint","urlTemplate":"https:\/\/www.tuasaude.com\/news\/?s={search_term_string}"},"query-input":{"@type":"PropertyValueSpecification","valueRequired":true,"valueName":"search_term_string"}}],"inLanguage":"pt-BR"},{"@type":"Person","@id":"https:\/\/www.tuasaude.com\/news\/#\/schema\/person\/963d63d4e1f0c81f5f3a70ba4bcb0ef7","name":"Jeferson Henrique","image":{"@type":"ImageObject","inLanguage":"pt-BR","@id":"https:\/\/www.tuasaude.com\/news\/#\/schema\/person\/image\/","url":"https:\/\/secure.gravatar.com\/avatar\/1a476a54a48eb3cdea5dd2f016708263892c6b9f5e54b641df7c65e980fd6f69?s=96&d=mm&r=g","contentUrl":"https:\/\/secure.gravatar.com\/avatar\/1a476a54a48eb3cdea5dd2f016708263892c6b9f5e54b641df7c65e980fd6f69?s=96&d=mm&r=g","caption":"Jeferson Henrique"},"sameAs":["https:\/\/www.tuasaude.com\/news\/"],"url":"https:\/\/www.tuasaude.com\/news\/author\/jeferson-henrique\/"}]}},"_links":{"self":[{"href":"https:\/\/www.tuasaude.com\/news\/wp-json\/wp\/v2\/posts\/28486","targetHints":{"allow":["GET"]}}],"collection":[{"href":"https:\/\/www.tuasaude.com\/news\/wp-json\/wp\/v2\/posts"}],"about":[{"href":"https:\/\/www.tuasaude.com\/news\/wp-json\/wp\/v2\/types\/post"}],"author":[{"embeddable":true,"href":"https:\/\/www.tuasaude.com\/news\/wp-json\/wp\/v2\/users\/12"}],"replies":[{"embeddable":true,"href":"https:\/\/www.tuasaude.com\/news\/wp-json\/wp\/v2\/comments?post=28486"}],"version-history":[{"count":2,"href":"https:\/\/www.tuasaude.com\/news\/wp-json\/wp\/v2\/posts\/28486\/revisions"}],"predecessor-version":[{"id":28492,"href":"https:\/\/www.tuasaude.com\/news\/wp-json\/wp\/v2\/posts\/28486\/revisions\/28492"}],"wp:featuredmedia":[{"embeddable":true,"href":"https:\/\/www.tuasaude.com\/news\/wp-json\/wp\/v2\/media\/28490"}],"wp:attachment":[{"href":"https:\/\/www.tuasaude.com\/news\/wp-json\/wp\/v2\/media?parent=28486"}],"wp:term":[{"taxonomy":"category","embeddable":true,"href":"https:\/\/www.tuasaude.com\/news\/wp-json\/wp\/v2\/categories?post=28486"},{"taxonomy":"post_tag","embeddable":true,"href":"https:\/\/www.tuasaude.com\/news\/wp-json\/wp\/v2\/tags?post=28486"}],"curies":[{"name":"wp","href":"https:\/\/api.w.org\/{rel}","templated":true}]}}