{"id":28467,"date":"2026-04-26T12:28:00","date_gmt":"2026-04-26T15:28:00","guid":{"rendered":"https:\/\/www.tuasaude.com\/news\/?p=28467"},"modified":"2026-04-26T07:13:07","modified_gmt":"2026-04-26T10:13:07","slug":"o-que-os-pesquisadores-dizem-sobre-consumir-macas-a-noite-dicas-simples-para-a-saude-e-o-sono","status":"publish","type":"post","link":"https:\/\/www.tuasaude.com\/news\/2026\/04\/26\/o-que-os-pesquisadores-dizem-sobre-consumir-macas-a-noite-dicas-simples-para-a-saude-e-o-sono\/","title":{"rendered":"O que os pesquisadores dizem sobre consumir ma\u00e7\u00e3s \u00e0 noite: dicas simples para a sa\u00fade e o sono"},"content":{"rendered":"\n<p><strong>Ma\u00e7\u00e3<\/strong> no per\u00edodo da noite costuma levantar d\u00favidas sobre digest\u00e3o, saciedade e impacto no descanso. Do ponto de vista alimentar, ela oferece <strong>fibras<\/strong>, \u00e1gua e compostos bioativos, com destaque para os polifen\u00f3is, que participam do equil\u00edbrio intestinal e podem influenciar a <strong>qualidade do sono<\/strong> de forma indireta. O ponto central n\u00e3o \u00e9 apenas comer ou n\u00e3o comer a fruta antes de dormir, mas observar quantidade, toler\u00e2ncia digestiva e o restante da rotina noturna.<\/p>\n\n\n\n<h2 class=\"wp-block-heading\">Comer ma\u00e7\u00e3 \u00e0 noite faz mal ou pode entrar na rotina?<\/h2>\n\n\n\n<p>Para a maioria das pessoas, o <strong>consumo noturno<\/strong> de ma\u00e7\u00e3 n\u00e3o faz mal. A fruta tem densidade cal\u00f3rica baixa, boa presen\u00e7a de \u00e1gua e uma combina\u00e7\u00e3o de carboidrato com fibra que tende a promover saciedade sem pesar tanto. Quando a refei\u00e7\u00e3o da noite foi leve ou houve um intervalo grande at\u00e9 a hora de deitar, a ma\u00e7\u00e3 pode funcionar como um lanche simples.<\/p>\n\n\n\n<p>O cuidado maior est\u00e1 na sensibilidade individual. Quem tem refluxo, estufamento frequente, s\u00edndrome do intestino irrit\u00e1vel ou desconforto com frutas cruas perto da hora de dormir pode notar piora. Nesses casos, vale testar por\u00e7\u00f5es menores, consumir mais cedo ou combinar a fruta com outro alimento leve, para reduzir oscila\u00e7\u00f5es de fome ao longo da noite.<\/p>\n\n\n\n<h2 class=\"wp-block-heading\">O que os estudos cient\u00edficos mostram sobre sono e compostos da ma\u00e7\u00e3?<\/h2>\n\n\n\n<p>A rela\u00e7\u00e3o entre ma\u00e7\u00e3 e descanso ainda n\u00e3o foi estudada de forma isolada em grande escala, mas h\u00e1 dados relevantes sobre polifen\u00f3is presentes em alimentos vegetais. Segundo a meta-an\u00e1lise <a href=\"https:\/\/pubmed.ncbi.nlm.nih.gov\/36866197\/\" target=\"_blank\" rel=\"noopener noreferrer\">Effects of polyphenol-rich interventions on sleep disorders<\/a>, publicada na revista <strong>Current Research in Food Science<\/strong>, interven\u00e7\u00f5es ricas em polifen\u00f3is reduziram o tempo para pegar no sono em cerca de <strong>4,38 minutos<\/strong> e aumentaram o tempo total de sono em aproximadamente <strong>13,14 minutos<\/strong>. Isso n\u00e3o prova que a ma\u00e7\u00e3, sozinha, produza esse efeito, mas refor\u00e7a um caminho biol\u00f3gico plaus\u00edvel.<\/p>\n\n\n\n<p>Na pr\u00e1tica, a ma\u00e7\u00e3 entra nessa conversa por fornecer polifen\u00f3is e fibra, componentes ligados ao eixo intestino-c\u00e9rebro. A <strong>sa\u00fade digestiva<\/strong> tamb\u00e9m pesa no descanso. Um intestino funcionando bem, com menos desconforto e melhor toler\u00e2ncia alimentar \u00e0 noite, costuma favorecer um adormecer mais tranquilo do que refei\u00e7\u00f5es pesadas, muito gordurosas ou ricas em a\u00e7\u00facar concentrado.<\/p>\n\n\n<div class=\"wp-block-image\">\n<figure class=\"aligncenter\"><img decoding=\"async\" src=\"https:\/\/www.tuasaude.com\/news\/wp-content\/uploads\/2026\/04\/o-que-os-pesquisadores-dizem-sobre-o-consumo-de-macas-a-corpo.jpg\" alt=\"Pectina e polifen\u00f3is ajudam a explicar a rela\u00e7\u00e3o entre digest\u00e3o e sono.\"\/><figcaption class=\"wp-element-caption\">Pectina e polifen\u00f3is ajudam a explicar a rela\u00e7\u00e3o entre digest\u00e3o e sono.<\/figcaption><\/figure>\n<\/div>\n\n\n<h2 class=\"wp-block-heading\">Como a ma\u00e7\u00e3 pode influenciar a sa\u00fade digestiva antes de dormir?<\/h2>\n\n\n\n<p>A ma\u00e7\u00e3 cont\u00e9m pectina, uma fibra sol\u00favel que ajuda a formar gel no trato gastrointestinal. Isso pode colaborar com saciedade, tr\u00e2nsito intestinal e resposta glic\u00eamica mais est\u00e1vel ao longo da noite. Para quem quer aprofundar os benef\u00edcios da fruta no dia a dia, vale ler este conte\u00fado sobre <a href=\"https:\/\/www.tuasaude.com\/beneficios-da-maca-para-a-saude\/\" target=\"_blank\" rel=\"noreferrer noopener\">benef\u00edcios da ma\u00e7\u00e3<\/a>.<\/p>\n\n\n\n<p>Mesmo assim, quantidade e hor\u00e1rio importam. Comer uma ma\u00e7\u00e3 grande logo antes de deitar pode causar estufamento em pessoas sens\u00edveis, especialmente se a mastiga\u00e7\u00e3o for r\u00e1pida ou se j\u00e1 houver excesso de fibra no jantar. Em quadros de constipa\u00e7\u00e3o, a fruta pode ajudar, mas o efeito depende tamb\u00e9m de ingest\u00e3o de \u00e1gua, rotina alimentar e n\u00edvel de atividade f\u00edsica.<\/p>\n\n\n\n<h2 class=\"wp-block-heading\">Qual \u00e9 a melhor forma de incluir a fruta no consumo noturno?<\/h2>\n\n\n\n<p>Se a ideia \u00e9 favorecer conforto digestivo e evitar fome tardia, a melhor estrat\u00e9gia costuma ser manter uma por\u00e7\u00e3o simples, em hor\u00e1rio que permita alguma digest\u00e3o antes de se deitar. Algumas combina\u00e7\u00f5es funcionam melhor do que outras:<\/p>\n\n\n\n<ul class=\"wp-block-list\">\n<li>Ma\u00e7\u00e3 com casca em por\u00e7\u00e3o moderada, cerca de <strong>1 unidade pequena<\/strong>.<\/li>\n\n\n\n<li>Fruta fatiada com canela, sem excesso de ado\u00e7antes.<\/li>\n\n\n\n<li>Ma\u00e7\u00e3 junto de iogurte natural, quando h\u00e1 boa toler\u00e2ncia a latic\u00ednios.<\/li>\n\n\n\n<li>Consumo entre <strong>1 e 2 horas<\/strong> antes de dormir, em vez de minutos antes.<\/li>\n<\/ul>\n\n\n\n<p>Para quem sente o est\u00f4mago sens\u00edvel \u00e0 noite, a ma\u00e7\u00e3 assada ou cozida pode ser mais confort\u00e1vel. A textura fica mais macia, a mastiga\u00e7\u00e3o melhora e a percep\u00e7\u00e3o de leveza aumenta. Isso pode ser \u00fatil em per\u00edodos de digest\u00e3o lenta, n\u00e1usea leve ou recupera\u00e7\u00e3o de infec\u00e7\u00f5es gastrointestinais.<\/p>\n\n\n\n<h2 class=\"wp-block-heading\">Quando a ma\u00e7\u00e3 \u00e0 noite pode n\u00e3o ser a melhor escolha?<\/h2>\n\n\n\n<p>Nem sempre a fruta ser\u00e1 a melhor op\u00e7\u00e3o no fim do dia. H\u00e1 situa\u00e7\u00f5es em que o contexto fala mais alto do que o alimento isolado:<\/p>\n\n\n\n<ul class=\"wp-block-list\">\n<li>Refluxo ou azia pr\u00f3ximos ao hor\u00e1rio de dormir.<\/li>\n\n\n\n<li>Estufamento importante ap\u00f3s frutas cruas.<\/li>\n\n\n\n<li>Necessidade de controlar sintomas intestinais com orienta\u00e7\u00e3o profissional.<\/li>\n\n\n\n<li>Consumo exagerado de frutas no jantar, elevando a carga de frutose e fibra.<\/li>\n<\/ul>\n\n\n\n<p>Tamb\u00e9m vale observar o padr\u00e3o geral do sono. Cafe\u00edna \u00e0 tarde, telas at\u00e9 tarde, \u00e1lcool e jantares volumosos costumam atrapalhar mais a noite do que uma ma\u00e7\u00e3 isolada. Quando a pessoa associa a fruta a um desconforto recorrente, faz sentido registrar hor\u00e1rio, por\u00e7\u00e3o e sintomas por alguns dias para identificar o gatilho real.<\/p>\n\n\n\n<h2 class=\"wp-block-heading\">Que dicas simples ajudam a melhorar o sono sem complicar a alimenta\u00e7\u00e3o?<\/h2>\n\n\n\n<p>A ma\u00e7\u00e3 pode participar de uma rotina leve, mas o sono depende de um conjunto de h\u00e1bitos. Para tornar o per\u00edodo noturno mais favor\u00e1vel ao descanso, algumas medidas costumam ter efeito mais consistente:<\/p>\n\n\n\n<ul class=\"wp-block-list\">\n<li>Fazer jantar com volume moderado e menos gordura.<\/li>\n\n\n\n<li>Evitar caf\u00e9, energ\u00e9ticos e grandes quantidades de chocolate \u00e0 noite.<\/li>\n\n\n\n<li>Manter hor\u00e1rios parecidos para dormir e acordar.<\/li>\n\n\n\n<li>Deixar o quarto escuro, silencioso e com temperatura agrad\u00e1vel.<\/li>\n\n\n\n<li>Usar frutas e lanches leves para controlar fome tardia, sem excessos.<\/li>\n<\/ul>\n\n\n\n<p>Quando a ma\u00e7\u00e3 entra nesse contexto, ela tende a funcionar melhor como parte de uma rotina organizada. O benef\u00edcio aparece mais pela combina\u00e7\u00e3o entre <strong>digest\u00e3o confort\u00e1vel<\/strong>, saciedade adequada e menor chance de exageros perto da cama do que por um efeito isolado e imediato sobre o sono.<\/p>\n\n\n\n<p>Para a maioria das pessoas, incluir ma\u00e7\u00e3 \u00e0 noite \u00e9 uma escolha segura e compat\u00edvel com um padr\u00e3o alimentar equilibrado. Se houver boa toler\u00e2ncia, a fruta pode apoiar saciedade, tr\u00e2nsito intestinal e regularidade alimentar, fatores que conversam com descanso noturno, metabolismo e bem-estar gastrointestinal de forma concreta.<\/p>\n\n\n\n<p>Este conte\u00fado tem car\u00e1ter exclusivamente informativo e <strong>n\u00e3o substitui a avalia\u00e7\u00e3o<\/strong>, o diagn\u00f3stico ou o acompanhamento de um profissional de sa\u00fade. Se voc\u00ea apresenta sintomas digestivos, ins\u00f4nia ou d\u00favidas sobre sua rotina alimentar, procure orienta\u00e7\u00e3o m\u00e9dica ou nutricional.<\/p>\n","protected":false},"excerpt":{"rendered":"<p>Ma\u00e7\u00e3 no per\u00edodo da noite costuma levantar d\u00favidas sobre digest\u00e3o, saciedade e impacto no descanso. Do ponto de vista alimentar, ela oferece fibras, \u00e1gua e compostos bioativos, com destaque para os polifen\u00f3is, que participam do equil\u00edbrio intestinal e podem influenciar a qualidade do sono de forma indireta. O ponto central n\u00e3o \u00e9 apenas comer ou [&hellip;]<\/p>\n","protected":false},"author":6,"featured_media":28464,"comment_status":"open","ping_status":"open","sticky":false,"template":"","format":"standard","meta":{"_yoast_wpseo_focuskw":"ma\u00e7\u00e3","_yoast_wpseo_title":"","_yoast_wpseo_metadesc":"A rela\u00e7\u00e3o entre ma\u00e7\u00e3 e consumo noturno vai al\u00e9m do que parece, e um detalhe sobre digest\u00e3o e sono muda a forma de encarar esse h\u00e1bito.","jnews-multi-image_gallery":[],"jnews_single_post":{"format":"standard"},"jnews_primary_category":[],"jnews_social_meta":[],"jnews_override_counter":[],"footnotes":""},"categories":[110],"tags":[2020,6165,152,1159,856],"class_list":["post-28467","post","type-post","status-publish","format-standard","has-post-thumbnail","hentry","category-nutricao","tag-a-informacao-volta-a-memoria-pouco-depois-no-alzheimer","tag-consumo-noturno","tag-nutricao","tag-qualidade-do-sono","tag-saude-digestiva"],"yoast_head":"<!-- This site is optimized with the Yoast SEO plugin v26.7 - https:\/\/yoast.com\/wordpress\/plugins\/seo\/ -->\n<title>O que os pesquisadores dizem sobre consumir ma\u00e7\u00e3s \u00e0 noite: dicas simples para a sa\u00fade e o sono - Tua Sa\u00fade<\/title>\n<meta name=\"description\" content=\"A rela\u00e7\u00e3o entre ma\u00e7\u00e3 e consumo noturno vai al\u00e9m do que parece, e um detalhe sobre digest\u00e3o e sono muda a forma de encarar esse h\u00e1bito.\" \/>\n<meta name=\"robots\" content=\"index, follow, max-snippet:-1, max-image-preview:large, max-video-preview:-1\" \/>\n<link rel=\"canonical\" href=\"https:\/\/www.tuasaude.com\/news\/2026\/04\/26\/o-que-os-pesquisadores-dizem-sobre-consumir-macas-a-noite-dicas-simples-para-a-saude-e-o-sono\/\" \/>\n<meta property=\"og:locale\" content=\"pt_BR\" \/>\n<meta property=\"og:type\" content=\"article\" \/>\n<meta property=\"og:title\" content=\"O que os pesquisadores dizem sobre consumir ma\u00e7\u00e3s \u00e0 noite: dicas simples para a sa\u00fade e o sono - Tua Sa\u00fade\" \/>\n<meta property=\"og:description\" content=\"A rela\u00e7\u00e3o entre ma\u00e7\u00e3 e consumo noturno vai al\u00e9m do que parece, e um detalhe sobre digest\u00e3o e sono muda a forma de encarar esse h\u00e1bito.\" \/>\n<meta property=\"og:url\" content=\"https:\/\/www.tuasaude.com\/news\/2026\/04\/26\/o-que-os-pesquisadores-dizem-sobre-consumir-macas-a-noite-dicas-simples-para-a-saude-e-o-sono\/\" \/>\n<meta property=\"og:site_name\" content=\"Tua Sa\u00fade\" \/>\n<meta property=\"article:published_time\" content=\"2026-04-26T15:28:00+00:00\" \/>\n<meta property=\"og:image\" content=\"https:\/\/www.tuasaude.com\/news\/wp-content\/uploads\/2026\/04\/o-que-os-pesquisadores-dizem-sobre-o-consumo-de-macas-a-noit.jpg\" \/>\n\t<meta property=\"og:image:width\" content=\"1280\" \/>\n\t<meta property=\"og:image:height\" content=\"720\" \/>\n\t<meta property=\"og:image:type\" content=\"image\/jpeg\" \/>\n<meta name=\"author\" content=\"Gabriel Leme\" \/>\n<meta name=\"twitter:card\" content=\"summary_large_image\" \/>\n<meta name=\"twitter:label1\" content=\"Escrito por\" \/>\n\t<meta name=\"twitter:data1\" content=\"Gabriel Leme\" \/>\n\t<meta name=\"twitter:label2\" content=\"Est. tempo de leitura\" \/>\n\t<meta name=\"twitter:data2\" content=\"6 minutos\" \/>\n<!-- \/ Yoast SEO plugin. -->","yoast_head_json":{"title":"O que os pesquisadores dizem sobre consumir ma\u00e7\u00e3s \u00e0 noite: dicas simples para a sa\u00fade e o sono - Tua Sa\u00fade","description":"A rela\u00e7\u00e3o entre ma\u00e7\u00e3 e consumo noturno vai al\u00e9m do que parece, e um detalhe sobre digest\u00e3o e sono muda a forma de encarar esse h\u00e1bito.","robots":{"index":"index","follow":"follow","max-snippet":"max-snippet:-1","max-image-preview":"max-image-preview:large","max-video-preview":"max-video-preview:-1"},"canonical":"https:\/\/www.tuasaude.com\/news\/2026\/04\/26\/o-que-os-pesquisadores-dizem-sobre-consumir-macas-a-noite-dicas-simples-para-a-saude-e-o-sono\/","og_locale":"pt_BR","og_type":"article","og_title":"O que os pesquisadores dizem sobre consumir ma\u00e7\u00e3s \u00e0 noite: dicas simples para a sa\u00fade e o sono - Tua Sa\u00fade","og_description":"A rela\u00e7\u00e3o entre ma\u00e7\u00e3 e consumo noturno vai al\u00e9m do que parece, e um detalhe sobre digest\u00e3o e sono muda a forma de encarar esse h\u00e1bito.","og_url":"https:\/\/www.tuasaude.com\/news\/2026\/04\/26\/o-que-os-pesquisadores-dizem-sobre-consumir-macas-a-noite-dicas-simples-para-a-saude-e-o-sono\/","og_site_name":"Tua Sa\u00fade","article_published_time":"2026-04-26T15:28:00+00:00","og_image":[{"width":1280,"height":720,"url":"https:\/\/www.tuasaude.com\/news\/wp-content\/uploads\/2026\/04\/o-que-os-pesquisadores-dizem-sobre-o-consumo-de-macas-a-noit.jpg","type":"image\/jpeg"}],"author":"Gabriel Leme","twitter_card":"summary_large_image","twitter_misc":{"Escrito por":"Gabriel Leme","Est. tempo de leitura":"6 minutos"},"schema":{"@context":"https:\/\/schema.org","@graph":[{"@type":"Article","@id":"https:\/\/www.tuasaude.com\/news\/2026\/04\/26\/o-que-os-pesquisadores-dizem-sobre-consumir-macas-a-noite-dicas-simples-para-a-saude-e-o-sono\/#article","isPartOf":{"@id":"https:\/\/www.tuasaude.com\/news\/2026\/04\/26\/o-que-os-pesquisadores-dizem-sobre-consumir-macas-a-noite-dicas-simples-para-a-saude-e-o-sono\/"},"author":{"name":"Gabriel Leme","@id":"https:\/\/www.tuasaude.com\/news\/#\/schema\/person\/bf512a2e53b74f5544ff3040f496e593"},"headline":"O que os pesquisadores dizem sobre consumir ma\u00e7\u00e3s \u00e0 noite: dicas simples para a sa\u00fade e o sono","datePublished":"2026-04-26T15:28:00+00:00","mainEntityOfPage":{"@id":"https:\/\/www.tuasaude.com\/news\/2026\/04\/26\/o-que-os-pesquisadores-dizem-sobre-consumir-macas-a-noite-dicas-simples-para-a-saude-e-o-sono\/"},"wordCount":1090,"commentCount":0,"image":{"@id":"https:\/\/www.tuasaude.com\/news\/2026\/04\/26\/o-que-os-pesquisadores-dizem-sobre-consumir-macas-a-noite-dicas-simples-para-a-saude-e-o-sono\/#primaryimage"},"thumbnailUrl":"https:\/\/www.tuasaude.com\/news\/wp-content\/uploads\/2026\/04\/o-que-os-pesquisadores-dizem-sobre-o-consumo-de-macas-a-noit.jpg","keywords":["a informa\u00e7\u00e3o volta \u00e0 mem\u00f3ria pouco depois. No Alzheimer","consumo noturno","nutri\u00e7\u00e3o","qualidade do sono","sa\u00fade digestiva"],"articleSection":["Nutri\u00e7\u00e3o"],"inLanguage":"pt-BR","potentialAction":[{"@type":"CommentAction","name":"Comment","target":["https:\/\/www.tuasaude.com\/news\/2026\/04\/26\/o-que-os-pesquisadores-dizem-sobre-consumir-macas-a-noite-dicas-simples-para-a-saude-e-o-sono\/#respond"]}]},{"@type":"WebPage","@id":"https:\/\/www.tuasaude.com\/news\/2026\/04\/26\/o-que-os-pesquisadores-dizem-sobre-consumir-macas-a-noite-dicas-simples-para-a-saude-e-o-sono\/","url":"https:\/\/www.tuasaude.com\/news\/2026\/04\/26\/o-que-os-pesquisadores-dizem-sobre-consumir-macas-a-noite-dicas-simples-para-a-saude-e-o-sono\/","name":"O que os pesquisadores dizem sobre consumir ma\u00e7\u00e3s \u00e0 noite: dicas simples para a sa\u00fade e o sono - Tua Sa\u00fade","isPartOf":{"@id":"https:\/\/www.tuasaude.com\/news\/#website"},"primaryImageOfPage":{"@id":"https:\/\/www.tuasaude.com\/news\/2026\/04\/26\/o-que-os-pesquisadores-dizem-sobre-consumir-macas-a-noite-dicas-simples-para-a-saude-e-o-sono\/#primaryimage"},"image":{"@id":"https:\/\/www.tuasaude.com\/news\/2026\/04\/26\/o-que-os-pesquisadores-dizem-sobre-consumir-macas-a-noite-dicas-simples-para-a-saude-e-o-sono\/#primaryimage"},"thumbnailUrl":"https:\/\/www.tuasaude.com\/news\/wp-content\/uploads\/2026\/04\/o-que-os-pesquisadores-dizem-sobre-o-consumo-de-macas-a-noit.jpg","datePublished":"2026-04-26T15:28:00+00:00","author":{"@id":"https:\/\/www.tuasaude.com\/news\/#\/schema\/person\/bf512a2e53b74f5544ff3040f496e593"},"description":"A rela\u00e7\u00e3o entre ma\u00e7\u00e3 e consumo noturno vai al\u00e9m do que parece, e um detalhe sobre digest\u00e3o e sono muda a forma de encarar esse h\u00e1bito.","breadcrumb":{"@id":"https:\/\/www.tuasaude.com\/news\/2026\/04\/26\/o-que-os-pesquisadores-dizem-sobre-consumir-macas-a-noite-dicas-simples-para-a-saude-e-o-sono\/#breadcrumb"},"inLanguage":"pt-BR","potentialAction":[{"@type":"ReadAction","target":["https:\/\/www.tuasaude.com\/news\/2026\/04\/26\/o-que-os-pesquisadores-dizem-sobre-consumir-macas-a-noite-dicas-simples-para-a-saude-e-o-sono\/"]}]},{"@type":"ImageObject","inLanguage":"pt-BR","@id":"https:\/\/www.tuasaude.com\/news\/2026\/04\/26\/o-que-os-pesquisadores-dizem-sobre-consumir-macas-a-noite-dicas-simples-para-a-saude-e-o-sono\/#primaryimage","url":"https:\/\/www.tuasaude.com\/news\/wp-content\/uploads\/2026\/04\/o-que-os-pesquisadores-dizem-sobre-o-consumo-de-macas-a-noit.jpg","contentUrl":"https:\/\/www.tuasaude.com\/news\/wp-content\/uploads\/2026\/04\/o-que-os-pesquisadores-dizem-sobre-o-consumo-de-macas-a-noit.jpg","width":1280,"height":720,"caption":"Ma\u00e7\u00e3 \u00e0 noite pode compor um lanche leve e confort\u00e1vel."},{"@type":"BreadcrumbList","@id":"https:\/\/www.tuasaude.com\/news\/2026\/04\/26\/o-que-os-pesquisadores-dizem-sobre-consumir-macas-a-noite-dicas-simples-para-a-saude-e-o-sono\/#breadcrumb","itemListElement":[{"@type":"ListItem","position":1,"name":"In\u00edcio","item":"https:\/\/www.tuasaude.com\/news\/"},{"@type":"ListItem","position":2,"name":"O que os pesquisadores dizem sobre consumir ma\u00e7\u00e3s \u00e0 noite: dicas simples para a sa\u00fade e o sono"}]},{"@type":"WebSite","@id":"https:\/\/www.tuasaude.com\/news\/#website","url":"https:\/\/www.tuasaude.com\/news\/","name":"Tua Sa\u00fade","description":"Seu site de sa\u00fade","potentialAction":[{"@type":"SearchAction","target":{"@type":"EntryPoint","urlTemplate":"https:\/\/www.tuasaude.com\/news\/?s={search_term_string}"},"query-input":{"@type":"PropertyValueSpecification","valueRequired":true,"valueName":"search_term_string"}}],"inLanguage":"pt-BR"},{"@type":"Person","@id":"https:\/\/www.tuasaude.com\/news\/#\/schema\/person\/bf512a2e53b74f5544ff3040f496e593","name":"Gabriel Leme","image":{"@type":"ImageObject","inLanguage":"pt-BR","@id":"https:\/\/www.tuasaude.com\/news\/#\/schema\/person\/image\/","url":"https:\/\/secure.gravatar.com\/avatar\/a12badc2d08e73d59b38f178ebe822eca26c0445823b05fefedea89fb346439c?s=96&d=mm&r=g","contentUrl":"https:\/\/secure.gravatar.com\/avatar\/a12badc2d08e73d59b38f178ebe822eca26c0445823b05fefedea89fb346439c?s=96&d=mm&r=g","caption":"Gabriel Leme"},"sameAs":["https:\/\/www.tuasaude.com\/news"],"url":"https:\/\/www.tuasaude.com\/news\/author\/gabrielleme\/"}]}},"_links":{"self":[{"href":"https:\/\/www.tuasaude.com\/news\/wp-json\/wp\/v2\/posts\/28467","targetHints":{"allow":["GET"]}}],"collection":[{"href":"https:\/\/www.tuasaude.com\/news\/wp-json\/wp\/v2\/posts"}],"about":[{"href":"https:\/\/www.tuasaude.com\/news\/wp-json\/wp\/v2\/types\/post"}],"author":[{"embeddable":true,"href":"https:\/\/www.tuasaude.com\/news\/wp-json\/wp\/v2\/users\/6"}],"replies":[{"embeddable":true,"href":"https:\/\/www.tuasaude.com\/news\/wp-json\/wp\/v2\/comments?post=28467"}],"version-history":[{"count":1,"href":"https:\/\/www.tuasaude.com\/news\/wp-json\/wp\/v2\/posts\/28467\/revisions"}],"predecessor-version":[{"id":28543,"href":"https:\/\/www.tuasaude.com\/news\/wp-json\/wp\/v2\/posts\/28467\/revisions\/28543"}],"wp:featuredmedia":[{"embeddable":true,"href":"https:\/\/www.tuasaude.com\/news\/wp-json\/wp\/v2\/media\/28464"}],"wp:attachment":[{"href":"https:\/\/www.tuasaude.com\/news\/wp-json\/wp\/v2\/media?parent=28467"}],"wp:term":[{"taxonomy":"category","embeddable":true,"href":"https:\/\/www.tuasaude.com\/news\/wp-json\/wp\/v2\/categories?post=28467"},{"taxonomy":"post_tag","embeddable":true,"href":"https:\/\/www.tuasaude.com\/news\/wp-json\/wp\/v2\/tags?post=28467"}],"curies":[{"name":"wp","href":"https:\/\/api.w.org\/{rel}","templated":true}]}}