{"id":28451,"date":"2026-04-26T09:30:00","date_gmt":"2026-04-26T12:30:00","guid":{"rendered":"https:\/\/www.tuasaude.com\/news\/?p=28451"},"modified":"2026-04-26T06:20:17","modified_gmt":"2026-04-26T09:20:17","slug":"figado-gorduroso-como-o-consumo-diario-de-cafe-afeta-a-fibrose-hepatica","status":"publish","type":"post","link":"https:\/\/www.tuasaude.com\/news\/2026\/04\/26\/figado-gorduroso-como-o-consumo-diario-de-cafe-afeta-a-fibrose-hepatica\/","title":{"rendered":"F\u00edgado gorduroso: como o consumo di\u00e1rio de caf\u00e9 afeta a fibrose hep\u00e1tica"},"content":{"rendered":"\n<p><strong>F\u00edgado gorduroso<\/strong> \u00e9 um achado cada vez mais comum em exames de imagem, especialmente em pessoas com excesso de gordura abdominal, resist\u00eancia \u00e0 insulina e altera\u00e7\u00f5es no perfil lip\u00eddico. Nesse cen\u00e1rio, o <strong>caf\u00e9<\/strong> chama aten\u00e7\u00e3o por sua rela\u00e7\u00e3o com enzimas hep\u00e1ticas, inflama\u00e7\u00e3o e progress\u00e3o da <strong>fibrose hep\u00e1tica<\/strong>. A d\u00favida central n\u00e3o \u00e9 s\u00f3 se a bebida faz bem, mas em que contexto ela pode contribuir para a <strong>sa\u00fade do f\u00edgado<\/strong>.<\/p>\n\n\n\n<h2 class=\"wp-block-heading\">O caf\u00e9 realmente protege o f\u00edgado?<\/h2>\n\n\n\n<p>O caf\u00e9 cont\u00e9m cafe\u00edna, polifen\u00f3is e compostos bioativos associados a a\u00e7\u00e3o antioxidante e modula\u00e7\u00e3o inflamat\u00f3ria. Na pr\u00e1tica cl\u00ednica, isso desperta interesse porque o ac\u00famulo de gordura no f\u00edgado pode evoluir para inflama\u00e7\u00e3o, cicatriza\u00e7\u00e3o do tecido hep\u00e1tico e perda progressiva da fun\u00e7\u00e3o do \u00f3rg\u00e3o.<\/p>\n\n\n\n<p>Isso n\u00e3o significa que a bebida funcione como tratamento isolado. O efeito observado depende do padr\u00e3o alimentar, do peso corporal, do controle glic\u00eamico e do consumo de \u00e1lcool. Em pessoas com f\u00edgado gorduroso, o caf\u00e9 costuma ser visto como um poss\u00edvel fator de apoio, n\u00e3o como solu\u00e7\u00e3o \u00fanica.<\/p>\n\n\n\n<h2 class=\"wp-block-heading\">O que os estudos mostram sobre caf\u00e9 e fibrose hep\u00e1tica?<\/h2>\n\n\n\n<p>Os resultados s\u00e3o promissores, mas n\u00e3o s\u00e3o absolutos. Segundo a revis\u00e3o sistem\u00e1tica <a href=\"https:\/\/www.mdpi.com\/2072-6643\/13\/7\/2381\" target=\"_blank\" rel=\"noopener noreferrer\">Coffee Consumption and the Progression of NAFLD: A Systematic Review<\/a>, publicada na revista <strong>Nutrients<\/strong>, parte dos estudos encontrou associa\u00e7\u00e3o entre maior consumo de caf\u00e9 e menor avan\u00e7o para fibrose ou cirrose em pessoas com doen\u00e7a hep\u00e1tica gordurosa. Os autores tamb\u00e9m destacam que ainda faltam pesquisas capazes de definir a dose ideal com mais precis\u00e3o.<\/p>\n\n\n\n<p>Esse ponto \u00e9 importante porque nem todos os trabalhos mostram o mesmo efeito sobre esteatose, enzimas hep\u00e1ticas e fibrose. Em outras palavras, existe sinal de benef\u00edcio, sobretudo na progress\u00e3o da cicatriza\u00e7\u00e3o hep\u00e1tica, mas a resposta pode variar conforme est\u00e1gio da doen\u00e7a, quantidade ingerida e presen\u00e7a de diabetes, obesidade ou s\u00edndrome metab\u00f3lica.<\/p>\n\n\n<div class=\"wp-block-image\">\n<figure class=\"aligncenter\"><img decoding=\"async\" src=\"https:\/\/www.tuasaude.com\/news\/wp-content\/uploads\/2026\/04\/figado-gorduroso-como-o-consumo-diario-de-cafe-afeta-a-corpo.jpg\" alt=\"Alimenta\u00e7\u00e3o equilibrada e caf\u00e9 sem excessos pesam na evolu\u00e7\u00e3o da fibrose.\"\/><figcaption class=\"wp-element-caption\">Alimenta\u00e7\u00e3o equilibrada e caf\u00e9 sem excessos pesam na evolu\u00e7\u00e3o da fibrose.<\/figcaption><\/figure>\n<\/div>\n\n\n<h2 class=\"wp-block-heading\">Quanto caf\u00e9 por dia costuma aparecer nas pesquisas?<\/h2>\n\n\n\n<p>Quando h\u00e1 benef\u00edcio, ele costuma surgir com consumo habitual, e n\u00e3o espor\u00e1dico. Em muitos estudos observacionais, a faixa de <strong>2 a 3 x\u00edcaras por dia<\/strong> aparece com mais frequ\u00eancia nas an\u00e1lises sobre prote\u00e7\u00e3o hep\u00e1tica, embora isso n\u00e3o deva ser interpretado como prescri\u00e7\u00e3o universal.<\/p>\n\n\n\n<p>Antes de aumentar a ingest\u00e3o, vale considerar a toler\u00e2ncia individual. Pessoas com refluxo, palpita\u00e7\u00f5es, ansiedade, ins\u00f4nia ou press\u00e3o descontrolada podem piorar sintomas com excesso de cafe\u00edna. Tamb\u00e9m importa o modo de preparo e o que acompanha a bebida.<\/p>\n\n\n\n<ul class=\"wp-block-list\">\n<li>Caf\u00e9 coado, sem excesso de a\u00e7\u00facar, tende a se encaixar melhor na rotina.<\/li>\n\n\n\n<li>Bebidas muito cal\u00f3ricas, com xaropes, chantilly e leite condensado, perdem esse perfil.<\/li>\n\n\n\n<li>Tomar caf\u00e9 ao longo do dia pode ser mais toler\u00e1vel do que concentrar grandes volumes de uma vez.<\/li>\n<\/ul>\n\n\n\n<h2 class=\"wp-block-heading\">O que mais pesa na evolu\u00e7\u00e3o do f\u00edgado gorduroso?<\/h2>\n\n\n\n<p><strong>Alimenta\u00e7\u00e3o<\/strong> e estilo de vida seguem no centro da estrat\u00e9gia. Redu\u00e7\u00e3o de peso, atividade f\u00edsica regular, sono adequado e menor consumo de bebidas alco\u00f3licas t\u00eam impacto mais consistente do que qualquer alimento isolado. Para quem recebeu diagn\u00f3stico recente, vale revisar tamb\u00e9m h\u00e1bitos associados a ultraprocessados, refrigerantes e excesso de frutose.<\/p>\n\n\n\n<p>Se a ideia \u00e9 montar uma rotina mais favor\u00e1vel ao metabolismo hep\u00e1tico, pode ajudar consultar orienta\u00e7\u00f5es pr\u00e1ticas sobre <a href=\"https:\/\/www.tuasaude.com\/gordura-no-figado\/\" target=\"_blank\" rel=\"noopener noreferrer\">gordura no f\u00edgado e seus cuidados no dia a dia<\/a>. O ponto principal \u00e9 combinar o caf\u00e9 com um padr\u00e3o alimentar que reduza inflama\u00e7\u00e3o e favore\u00e7a sensibilidade \u00e0 insulina.<\/p>\n\n\n\n<ul class=\"wp-block-list\">\n<li>Priorizar frutas, legumes, feij\u00e3o, aveia e outras fontes de fibra.<\/li>\n\n\n\n<li>Escolher gorduras de melhor qualidade, como azeite, castanhas e peixes.<\/li>\n\n\n\n<li>Reduzir bebidas a\u00e7ucaradas e produtos ultraprocessados.<\/li>\n\n\n\n<li>Evitar usar o caf\u00e9 como desculpa para manter excessos na dieta.<\/li>\n<\/ul>\n\n\n\n<h2 class=\"wp-block-heading\">Quem precisa ter mais cautela com o consumo di\u00e1rio?<\/h2>\n\n\n\n<p>Alguns grupos merecem avalia\u00e7\u00e3o individual. Pessoas gr\u00e1vidas, com arritmias, gastrite importante, transtornos do sono ou uso de certos medicamentos podem precisar limitar a cafe\u00edna. Quem j\u00e1 tem doen\u00e7a hep\u00e1tica avan\u00e7ada tamb\u00e9m deve discutir a rotina alimentar com o m\u00e9dico ou nutricionista, porque o quadro cl\u00ednico muda bastante de um caso para outro.<\/p>\n\n\n\n<p>Outro ponto \u00e9 a automedica\u00e7\u00e3o com suplementos \u201cpara desintoxicar\u201d. O f\u00edgado gorduroso n\u00e3o melhora com promessas r\u00e1pidas. O que faz diferen\u00e7a \u00e9 monitorar exames, acompanhar a evolu\u00e7\u00e3o da fibrose e ajustar h\u00e1bitos de forma sustentada, incluindo o consumo de caf\u00e9 dentro de uma rotina coerente.<\/p>\n\n\n\n<h2 class=\"wp-block-heading\">Vale a pena incluir caf\u00e9 na rotina pensando na sa\u00fade do f\u00edgado?<\/h2>\n\n\n\n<p>Para muitos adultos, sim, desde que o consumo seja bem tolerado e inserido em um contexto alimentar equilibrado. O caf\u00e9 pode ter papel favor\u00e1vel na <strong>fibrose hep\u00e1tica<\/strong>, mas n\u00e3o substitui perda de peso quando indicada, controle da glicose, redu\u00e7\u00e3o do \u00e1lcool e qualidade geral da dieta. Em quem j\u00e1 convive com <strong>f\u00edgado gorduroso<\/strong>, o benef\u00edcio mais plaus\u00edvel parece estar na progress\u00e3o da doen\u00e7a, e n\u00e3o em um efeito milagroso imediato.<\/p>\n\n\n\n<p>Quando o objetivo \u00e9 preservar a <strong>sa\u00fade do f\u00edgado<\/strong>, a soma de escolhas importa mais do que um \u00fanico item do card\u00e1pio. Caf\u00e9 sem excesso de a\u00e7\u00facar, refei\u00e7\u00f5es com fibra, menor carga de ultraprocessados, controle metab\u00f3lico e acompanhamento peri\u00f3dico formam uma base muito mais s\u00f3lida para reduzir risco de inflama\u00e7\u00e3o e cicatriza\u00e7\u00e3o hep\u00e1tica.<\/p>\n\n\n\n<p>O consumo di\u00e1rio de caf\u00e9 pode fazer sentido como parte de uma rotina alimentar voltada ao controle da gordura hep\u00e1tica, desde que venha junto de manejo do peso, melhor resposta \u00e0 insulina e acompanhamento dos marcadores do f\u00edgado. Esse conjunto interfere mais na evolu\u00e7\u00e3o da esteatose e da fibrose do que qualquer estrat\u00e9gia isolada.<\/p>\n\n\n\n<p>Este conte\u00fado tem car\u00e1ter exclusivamente informativo e <strong>n\u00e3o substitui a avalia\u00e7\u00e3o<\/strong>, o diagn\u00f3stico ou o acompanhamento de um profissional de sa\u00fade. Se voc\u00ea apresenta sintomas ou tem d\u00favidas sobre sua condi\u00e7\u00e3o, procure orienta\u00e7\u00e3o m\u00e9dica.<\/p>\n","protected":false},"excerpt":{"rendered":"<p>F\u00edgado gorduroso \u00e9 um achado cada vez mais comum em exames de imagem, especialmente em pessoas com excesso de gordura abdominal, resist\u00eancia \u00e0 insulina e altera\u00e7\u00f5es no perfil lip\u00eddico. Nesse cen\u00e1rio, o caf\u00e9 chama aten\u00e7\u00e3o por sua rela\u00e7\u00e3o com enzimas hep\u00e1ticas, inflama\u00e7\u00e3o e progress\u00e3o da fibrose hep\u00e1tica. A d\u00favida central n\u00e3o \u00e9 s\u00f3 se a [&hellip;]<\/p>\n","protected":false},"author":6,"featured_media":28449,"comment_status":"open","ping_status":"open","sticky":false,"template":"","format":"standard","meta":{"_yoast_wpseo_focuskw":"f\u00edgado gorduroso","_yoast_wpseo_title":"","_yoast_wpseo_metadesc":"A rela\u00e7\u00e3o entre f\u00edgado gorduroso e caf\u00e9 vai al\u00e9m do que parece, especialmente quando a fibrose hep\u00e1tica entra na conta di\u00e1ria da bebida.","jnews-multi-image_gallery":[],"jnews_single_post":{"format":"standard"},"jnews_primary_category":[],"jnews_social_meta":[],"jnews_override_counter":[],"footnotes":""},"categories":[110],"tags":[1205,1467,1036,152,1128],"class_list":["post-28451","post","type-post","status-publish","format-standard","has-post-thumbnail","hentry","category-nutricao","tag-cafe","tag-fibrose-hepatica","tag-figado-gorduroso","tag-nutricao","tag-saude-do-figado"],"yoast_head":"<!-- This site is optimized with the Yoast SEO plugin v26.7 - https:\/\/yoast.com\/wordpress\/plugins\/seo\/ -->\n<title>F\u00edgado gorduroso: como o consumo di\u00e1rio de caf\u00e9 afeta a fibrose hep\u00e1tica - Tua Sa\u00fade<\/title>\n<meta name=\"description\" content=\"A rela\u00e7\u00e3o entre f\u00edgado gorduroso e caf\u00e9 vai al\u00e9m do que parece, especialmente quando a fibrose hep\u00e1tica entra na conta di\u00e1ria da bebida.\" \/>\n<meta name=\"robots\" content=\"index, follow, max-snippet:-1, max-image-preview:large, max-video-preview:-1\" \/>\n<link rel=\"canonical\" href=\"https:\/\/www.tuasaude.com\/news\/2026\/04\/26\/figado-gorduroso-como-o-consumo-diario-de-cafe-afeta-a-fibrose-hepatica\/\" \/>\n<meta property=\"og:locale\" content=\"pt_BR\" \/>\n<meta property=\"og:type\" content=\"article\" \/>\n<meta property=\"og:title\" content=\"F\u00edgado gorduroso: como o consumo di\u00e1rio de caf\u00e9 afeta a fibrose hep\u00e1tica - Tua Sa\u00fade\" \/>\n<meta property=\"og:description\" content=\"A rela\u00e7\u00e3o entre f\u00edgado gorduroso e caf\u00e9 vai al\u00e9m do que parece, especialmente quando a fibrose hep\u00e1tica entra na conta di\u00e1ria da bebida.\" \/>\n<meta property=\"og:url\" content=\"https:\/\/www.tuasaude.com\/news\/2026\/04\/26\/figado-gorduroso-como-o-consumo-diario-de-cafe-afeta-a-fibrose-hepatica\/\" \/>\n<meta property=\"og:site_name\" content=\"Tua Sa\u00fade\" \/>\n<meta property=\"article:published_time\" content=\"2026-04-26T12:30:00+00:00\" \/>\n<meta property=\"og:image\" content=\"https:\/\/www.tuasaude.com\/news\/wp-content\/uploads\/2026\/04\/figado-gorduroso-como-o-consumo-diario-de-cafe-afeta-a-fibro.jpg\" \/>\n\t<meta property=\"og:image:width\" content=\"1280\" \/>\n\t<meta property=\"og:image:height\" content=\"720\" \/>\n\t<meta property=\"og:image:type\" content=\"image\/jpeg\" \/>\n<meta name=\"author\" content=\"Gabriel Leme\" \/>\n<meta name=\"twitter:card\" content=\"summary_large_image\" \/>\n<meta name=\"twitter:label1\" content=\"Escrito por\" \/>\n\t<meta name=\"twitter:data1\" content=\"Gabriel Leme\" \/>\n\t<meta name=\"twitter:label2\" content=\"Est. tempo de leitura\" \/>\n\t<meta name=\"twitter:data2\" content=\"6 minutos\" \/>\n<!-- \/ Yoast SEO plugin. -->","yoast_head_json":{"title":"F\u00edgado gorduroso: como o consumo di\u00e1rio de caf\u00e9 afeta a fibrose hep\u00e1tica - Tua Sa\u00fade","description":"A rela\u00e7\u00e3o entre f\u00edgado gorduroso e caf\u00e9 vai al\u00e9m do que parece, especialmente quando a fibrose hep\u00e1tica entra na conta di\u00e1ria da bebida.","robots":{"index":"index","follow":"follow","max-snippet":"max-snippet:-1","max-image-preview":"max-image-preview:large","max-video-preview":"max-video-preview:-1"},"canonical":"https:\/\/www.tuasaude.com\/news\/2026\/04\/26\/figado-gorduroso-como-o-consumo-diario-de-cafe-afeta-a-fibrose-hepatica\/","og_locale":"pt_BR","og_type":"article","og_title":"F\u00edgado gorduroso: como o consumo di\u00e1rio de caf\u00e9 afeta a fibrose hep\u00e1tica - Tua Sa\u00fade","og_description":"A rela\u00e7\u00e3o entre f\u00edgado gorduroso e caf\u00e9 vai al\u00e9m do que parece, especialmente quando a fibrose hep\u00e1tica entra na conta di\u00e1ria da bebida.","og_url":"https:\/\/www.tuasaude.com\/news\/2026\/04\/26\/figado-gorduroso-como-o-consumo-diario-de-cafe-afeta-a-fibrose-hepatica\/","og_site_name":"Tua Sa\u00fade","article_published_time":"2026-04-26T12:30:00+00:00","og_image":[{"width":1280,"height":720,"url":"https:\/\/www.tuasaude.com\/news\/wp-content\/uploads\/2026\/04\/figado-gorduroso-como-o-consumo-diario-de-cafe-afeta-a-fibro.jpg","type":"image\/jpeg"}],"author":"Gabriel Leme","twitter_card":"summary_large_image","twitter_misc":{"Escrito por":"Gabriel Leme","Est. tempo de leitura":"6 minutos"},"schema":{"@context":"https:\/\/schema.org","@graph":[{"@type":"Article","@id":"https:\/\/www.tuasaude.com\/news\/2026\/04\/26\/figado-gorduroso-como-o-consumo-diario-de-cafe-afeta-a-fibrose-hepatica\/#article","isPartOf":{"@id":"https:\/\/www.tuasaude.com\/news\/2026\/04\/26\/figado-gorduroso-como-o-consumo-diario-de-cafe-afeta-a-fibrose-hepatica\/"},"author":{"name":"Gabriel Leme","@id":"https:\/\/www.tuasaude.com\/news\/#\/schema\/person\/bf512a2e53b74f5544ff3040f496e593"},"headline":"F\u00edgado gorduroso: como o consumo di\u00e1rio de caf\u00e9 afeta a fibrose hep\u00e1tica","datePublished":"2026-04-26T12:30:00+00:00","mainEntityOfPage":{"@id":"https:\/\/www.tuasaude.com\/news\/2026\/04\/26\/figado-gorduroso-como-o-consumo-diario-de-cafe-afeta-a-fibrose-hepatica\/"},"wordCount":1069,"commentCount":0,"image":{"@id":"https:\/\/www.tuasaude.com\/news\/2026\/04\/26\/figado-gorduroso-como-o-consumo-diario-de-cafe-afeta-a-fibrose-hepatica\/#primaryimage"},"thumbnailUrl":"https:\/\/www.tuasaude.com\/news\/wp-content\/uploads\/2026\/04\/figado-gorduroso-como-o-consumo-diario-de-cafe-afeta-a-fibro.jpg","keywords":["caf\u00e9","fibrose hep\u00e1tica","f\u00edgado gorduroso","nutri\u00e7\u00e3o","sa\u00fade do f\u00edgado"],"articleSection":["Nutri\u00e7\u00e3o"],"inLanguage":"pt-BR","potentialAction":[{"@type":"CommentAction","name":"Comment","target":["https:\/\/www.tuasaude.com\/news\/2026\/04\/26\/figado-gorduroso-como-o-consumo-diario-de-cafe-afeta-a-fibrose-hepatica\/#respond"]}]},{"@type":"WebPage","@id":"https:\/\/www.tuasaude.com\/news\/2026\/04\/26\/figado-gorduroso-como-o-consumo-diario-de-cafe-afeta-a-fibrose-hepatica\/","url":"https:\/\/www.tuasaude.com\/news\/2026\/04\/26\/figado-gorduroso-como-o-consumo-diario-de-cafe-afeta-a-fibrose-hepatica\/","name":"F\u00edgado gorduroso: como o consumo di\u00e1rio de caf\u00e9 afeta a fibrose hep\u00e1tica - Tua Sa\u00fade","isPartOf":{"@id":"https:\/\/www.tuasaude.com\/news\/#website"},"primaryImageOfPage":{"@id":"https:\/\/www.tuasaude.com\/news\/2026\/04\/26\/figado-gorduroso-como-o-consumo-diario-de-cafe-afeta-a-fibrose-hepatica\/#primaryimage"},"image":{"@id":"https:\/\/www.tuasaude.com\/news\/2026\/04\/26\/figado-gorduroso-como-o-consumo-diario-de-cafe-afeta-a-fibrose-hepatica\/#primaryimage"},"thumbnailUrl":"https:\/\/www.tuasaude.com\/news\/wp-content\/uploads\/2026\/04\/figado-gorduroso-como-o-consumo-diario-de-cafe-afeta-a-fibro.jpg","datePublished":"2026-04-26T12:30:00+00:00","author":{"@id":"https:\/\/www.tuasaude.com\/news\/#\/schema\/person\/bf512a2e53b74f5544ff3040f496e593"},"description":"A rela\u00e7\u00e3o entre f\u00edgado gorduroso e caf\u00e9 vai al\u00e9m do que parece, especialmente quando a fibrose hep\u00e1tica entra na conta di\u00e1ria da bebida.","breadcrumb":{"@id":"https:\/\/www.tuasaude.com\/news\/2026\/04\/26\/figado-gorduroso-como-o-consumo-diario-de-cafe-afeta-a-fibrose-hepatica\/#breadcrumb"},"inLanguage":"pt-BR","potentialAction":[{"@type":"ReadAction","target":["https:\/\/www.tuasaude.com\/news\/2026\/04\/26\/figado-gorduroso-como-o-consumo-diario-de-cafe-afeta-a-fibrose-hepatica\/"]}]},{"@type":"ImageObject","inLanguage":"pt-BR","@id":"https:\/\/www.tuasaude.com\/news\/2026\/04\/26\/figado-gorduroso-como-o-consumo-diario-de-cafe-afeta-a-fibrose-hepatica\/#primaryimage","url":"https:\/\/www.tuasaude.com\/news\/wp-content\/uploads\/2026\/04\/figado-gorduroso-como-o-consumo-diario-de-cafe-afeta-a-fibro.jpg","contentUrl":"https:\/\/www.tuasaude.com\/news\/wp-content\/uploads\/2026\/04\/figado-gorduroso-como-o-consumo-diario-de-cafe-afeta-a-fibro.jpg","width":1280,"height":720,"caption":"Caf\u00e9 di\u00e1rio pode apoiar a sa\u00fade hep\u00e1tica em casos de f\u00edgado gorduroso."},{"@type":"BreadcrumbList","@id":"https:\/\/www.tuasaude.com\/news\/2026\/04\/26\/figado-gorduroso-como-o-consumo-diario-de-cafe-afeta-a-fibrose-hepatica\/#breadcrumb","itemListElement":[{"@type":"ListItem","position":1,"name":"In\u00edcio","item":"https:\/\/www.tuasaude.com\/news\/"},{"@type":"ListItem","position":2,"name":"F\u00edgado gorduroso: como o consumo di\u00e1rio de caf\u00e9 afeta a fibrose hep\u00e1tica"}]},{"@type":"WebSite","@id":"https:\/\/www.tuasaude.com\/news\/#website","url":"https:\/\/www.tuasaude.com\/news\/","name":"Tua Sa\u00fade","description":"Seu site de sa\u00fade","potentialAction":[{"@type":"SearchAction","target":{"@type":"EntryPoint","urlTemplate":"https:\/\/www.tuasaude.com\/news\/?s={search_term_string}"},"query-input":{"@type":"PropertyValueSpecification","valueRequired":true,"valueName":"search_term_string"}}],"inLanguage":"pt-BR"},{"@type":"Person","@id":"https:\/\/www.tuasaude.com\/news\/#\/schema\/person\/bf512a2e53b74f5544ff3040f496e593","name":"Gabriel Leme","image":{"@type":"ImageObject","inLanguage":"pt-BR","@id":"https:\/\/www.tuasaude.com\/news\/#\/schema\/person\/image\/","url":"https:\/\/secure.gravatar.com\/avatar\/a12badc2d08e73d59b38f178ebe822eca26c0445823b05fefedea89fb346439c?s=96&d=mm&r=g","contentUrl":"https:\/\/secure.gravatar.com\/avatar\/a12badc2d08e73d59b38f178ebe822eca26c0445823b05fefedea89fb346439c?s=96&d=mm&r=g","caption":"Gabriel Leme"},"sameAs":["https:\/\/www.tuasaude.com\/news"],"url":"https:\/\/www.tuasaude.com\/news\/author\/gabrielleme\/"}]}},"_links":{"self":[{"href":"https:\/\/www.tuasaude.com\/news\/wp-json\/wp\/v2\/posts\/28451","targetHints":{"allow":["GET"]}}],"collection":[{"href":"https:\/\/www.tuasaude.com\/news\/wp-json\/wp\/v2\/posts"}],"about":[{"href":"https:\/\/www.tuasaude.com\/news\/wp-json\/wp\/v2\/types\/post"}],"author":[{"embeddable":true,"href":"https:\/\/www.tuasaude.com\/news\/wp-json\/wp\/v2\/users\/6"}],"replies":[{"embeddable":true,"href":"https:\/\/www.tuasaude.com\/news\/wp-json\/wp\/v2\/comments?post=28451"}],"version-history":[{"count":1,"href":"https:\/\/www.tuasaude.com\/news\/wp-json\/wp\/v2\/posts\/28451\/revisions"}],"predecessor-version":[{"id":28470,"href":"https:\/\/www.tuasaude.com\/news\/wp-json\/wp\/v2\/posts\/28451\/revisions\/28470"}],"wp:featuredmedia":[{"embeddable":true,"href":"https:\/\/www.tuasaude.com\/news\/wp-json\/wp\/v2\/media\/28449"}],"wp:attachment":[{"href":"https:\/\/www.tuasaude.com\/news\/wp-json\/wp\/v2\/media?parent=28451"}],"wp:term":[{"taxonomy":"category","embeddable":true,"href":"https:\/\/www.tuasaude.com\/news\/wp-json\/wp\/v2\/categories?post=28451"},{"taxonomy":"post_tag","embeddable":true,"href":"https:\/\/www.tuasaude.com\/news\/wp-json\/wp\/v2\/tags?post=28451"}],"curies":[{"name":"wp","href":"https:\/\/api.w.org\/{rel}","templated":true}]}}