{"id":28349,"date":"2026-04-27T08:20:00","date_gmt":"2026-04-27T11:20:00","guid":{"rendered":"https:\/\/www.tuasaude.com\/news\/?p=28349"},"modified":"2026-04-26T15:37:10","modified_gmt":"2026-04-26T18:37:10","slug":"dor-de-cabeca-que-piora-ao-se-inclinar-para-frente-quando-manter-a-calma-e-quando-procurar-atendimento-medico-imediatamente","status":"publish","type":"post","link":"https:\/\/www.tuasaude.com\/news\/2026\/04\/27\/dor-de-cabeca-que-piora-ao-se-inclinar-para-frente-quando-manter-a-calma-e-quando-procurar-atendimento-medico-imediatamente\/","title":{"rendered":"Dor de cabe\u00e7a que piora ao se inclinar para frente: quando manter a calma e quando procurar atendimento m\u00e9dico imediatamente"},"content":{"rendered":"\n<p>Sentir a dor de cabe\u00e7a aumentar ao abaixar para amarrar o sapato ou simplesmente inclinar o corpo para frente \u00e9 uma queixa comum, e na maioria das vezes est\u00e1 ligada \u00e0 sinusite. Em alguns casos, por\u00e9m, esse padr\u00e3o pode indicar altera\u00e7\u00f5es na press\u00e3o dentro do cr\u00e2nio, que exigem avalia\u00e7\u00e3o r\u00e1pida. Reconhecer as caracter\u00edsticas da dor, os sintomas que a acompanham e o tempo de evolu\u00e7\u00e3o \u00e9 essencial para diferenciar uma situa\u00e7\u00e3o benigna de uma emerg\u00eancia m\u00e9dica.<\/p>\n\n\n\n<h2 class=\"wp-block-heading\">Por que a dor de cabe\u00e7a piora ao inclinar a cabe\u00e7a?<\/h2>\n\n\n\n<p>Quando o corpo se inclina para frente, ocorre um aumento moment\u00e2neo da press\u00e3o dentro dos seios da face e dentro do cr\u00e2nio. Em quem tem inflama\u00e7\u00e3o ou ac\u00famulo de secre\u00e7\u00e3o nos seios paranasais, essa varia\u00e7\u00e3o de press\u00e3o pressiona estruturas inflamadas e intensifica a dor.<\/p>\n\n\n\n<p>O mesmo movimento tamb\u00e9m eleva discretamente a press\u00e3o intracraniana e pode pressionar estruturas sens\u00edveis em pessoas com altera\u00e7\u00f5es neurol\u00f3gicas. Por isso, embora a sinusite seja a causa mais frequente, o sintoma n\u00e3o deve ser ignorado quando vem acompanhado de outros sinais.<\/p>\n\n\n<div class=\"wp-block-image\">\n<figure class=\"aligncenter size-large\"><img decoding=\"async\" width=\"1024\" height=\"571\" src=\"https:\/\/www.tuasaude.com\/news\/wp-content\/uploads\/2026\/04\/freepik_ilustracao-nao-fotorealis_2868641080-1024x571.jpg\" alt=\"Dor de cabe\u00e7a que piora ao se inclinar para frente: quando manter a calma e quando procurar atendimento m\u00e9dico imediatamente\" class=\"wp-image-28801\" srcset=\"https:\/\/www.tuasaude.com\/news\/wp-content\/uploads\/2026\/04\/freepik_ilustracao-nao-fotorealis_2868641080-1024x571.jpg 1024w, https:\/\/www.tuasaude.com\/news\/wp-content\/uploads\/2026\/04\/freepik_ilustracao-nao-fotorealis_2868641080-300x167.jpg 300w, https:\/\/www.tuasaude.com\/news\/wp-content\/uploads\/2026\/04\/freepik_ilustracao-nao-fotorealis_2868641080-768x428.jpg 768w, https:\/\/www.tuasaude.com\/news\/wp-content\/uploads\/2026\/04\/freepik_ilustracao-nao-fotorealis_2868641080-750x418.jpg 750w, https:\/\/www.tuasaude.com\/news\/wp-content\/uploads\/2026\/04\/freepik_ilustracao-nao-fotorealis_2868641080-1140x636.jpg 1140w, https:\/\/www.tuasaude.com\/news\/wp-content\/uploads\/2026\/04\/freepik_ilustracao-nao-fotorealis_2868641080.jpg 1280w\" sizes=\"(max-width: 1024px) 100vw, 1024px\" \/><figcaption class=\"wp-element-caption\">Quando a dor piora ao inclinar a cabe\u00e7a, observar os sintomas associados faz diferen\u00e7a.<\/figcaption><\/figure>\n<\/div>\n\n\n<h2 class=\"wp-block-heading\">Quando a causa mais prov\u00e1vel \u00e9 sinusite?<\/h2>\n\n\n\n<p>A sinusite costuma se manifestar com press\u00e3o e peso no rosto, principalmente na testa, ao redor dos olhos e nas bochechas. A dor \u00e9 descrita como cont\u00ednua, surge ap\u00f3s resfriados ou crises de rinite e tende a piorar ao abaixar a cabe\u00e7a, deitar ou fazer esfor\u00e7o f\u00edsico.<\/p>\n\n\n\n<p>Outros sintomas t\u00edpicos ajudam a confirmar a suspeita e diferenciar de uma enxaqueca. Para entender o quadro completo e o curso cl\u00ednico, vale conferir o conte\u00fado sobre <a href=\"https:\/\/www.tuasaude.com\/sinusite-aguda\/\" target=\"_blank\" rel=\"noreferrer noopener\">sinusite aguda<\/a> e como ela evolui.<\/p>\n\n\n\n<p>Sinais que refor\u00e7am a hip\u00f3tese de sinusite incluem:<\/p>\n\n\n<div class=\"wp-block-image\">\n<figure class=\"aligncenter size-large\"><img decoding=\"async\" width=\"1024\" height=\"382\" src=\"https:\/\/www.tuasaude.com\/news\/wp-content\/uploads\/2026\/04\/convertido-14-13-1024x382.jpg\" alt=\"Quando a causa mais prov\u00e1vel \u00e9 sinusite?\" class=\"wp-image-28350\" srcset=\"https:\/\/www.tuasaude.com\/news\/wp-content\/uploads\/2026\/04\/convertido-14-13-1024x382.jpg 1024w, https:\/\/www.tuasaude.com\/news\/wp-content\/uploads\/2026\/04\/convertido-14-13-300x112.jpg 300w, https:\/\/www.tuasaude.com\/news\/wp-content\/uploads\/2026\/04\/convertido-14-13-768x287.jpg 768w, https:\/\/www.tuasaude.com\/news\/wp-content\/uploads\/2026\/04\/convertido-14-13-750x280.jpg 750w, https:\/\/www.tuasaude.com\/news\/wp-content\/uploads\/2026\/04\/convertido-14-13-1140x426.jpg 1140w, https:\/\/www.tuasaude.com\/news\/wp-content\/uploads\/2026\/04\/convertido-14-13.jpg 1280w\" sizes=\"(max-width: 1024px) 100vw, 1024px\" \/><figcaption class=\"wp-element-caption\">Quando a causa mais prov\u00e1vel \u00e9 sinusite?<\/figcaption><\/figure>\n<\/div>\n\n\n<p>Medidas como hidrata\u00e7\u00e3o, vapor e lavagem nasal com soro fisiol\u00f3gico ajudam a aliviar os sintomas em casos leves, antes mesmo de procurar atendimento.<\/p>\n\n\n\n<h2 class=\"wp-block-heading\">Quando manter a calma diante desse tipo de dor?<\/h2>\n\n\n\n<p>Epis\u00f3dios isolados de dor que pioram ao inclinar a cabe\u00e7a, surgindo ap\u00f3s gripes ou resfriados, com nariz congestionado e melhora gradual em alguns dias, costumam ser benignos. O mesmo vale para quem j\u00e1 tem rinite al\u00e9rgica e percebe esse padr\u00e3o durante crises sazonais.<\/p>\n\n\n\n<p>Nesses casos, repouso, ingest\u00e3o de l\u00edquidos, lavagem nasal e analg\u00e9sicos comuns costumam resolver. Se houver melhora clara em at\u00e9 7 a 10 dias, a probabilidade de ser uma sinusite viral autolimitada \u00e9 alta.<\/p>\n\n\n\n<h2 class=\"wp-block-heading\">Quando procurar atendimento m\u00e9dico imediato?<\/h2>\n\n\n\n<p>Apesar de a maioria dos casos ser benigna, alguns sinais associados transformam a dor de cabe\u00e7a em uma emerg\u00eancia. Eles podem indicar complica\u00e7\u00f5es da sinusite, como infec\u00e7\u00e3o que se espalhou para a \u00f3rbita ou para o sistema nervoso, ou aumento da press\u00e3o intracraniana por outras causas.<\/p>\n\n\n\n<p>Procure pronto-socorro imediatamente se a dor de cabe\u00e7a vier acompanhada de:<\/p>\n\n\n\n<ul class=\"wp-block-list\">\n<li><strong>Dor s\u00fabita e muito intensa<\/strong>, descrita como a pior da vida;<\/li>\n\n\n\n<li><strong>Febre alta com rigidez de nuca<\/strong>, confus\u00e3o mental ou sonol\u00eancia;<\/li>\n\n\n\n<li><strong>V\u00f4mitos em jato<\/strong>, especialmente pela manh\u00e3;<\/li>\n\n\n\n<li><strong>Altera\u00e7\u00f5es visuais<\/strong>, vis\u00e3o dupla, emba\u00e7ada ou perda de vis\u00e3o;<\/li>\n\n\n\n<li><strong>Incha\u00e7o, vermelhid\u00e3o ou dor intensa ao redor do olho<\/strong>;<\/li>\n\n\n\n<li><strong>Fraqueza, dorm\u00eancia ou dificuldade para falar<\/strong>;<\/li>\n\n\n\n<li><strong>Convuls\u00f5es<\/strong> ou perda de consci\u00eancia;<\/li>\n\n\n\n<li><strong>Dor de cabe\u00e7a nova ap\u00f3s os 50 anos<\/strong> ou padr\u00e3o que mudou recentemente.<\/li>\n<\/ul>\n\n\n\n<h2 class=\"wp-block-heading\">Como a ci\u00eancia orienta a investiga\u00e7\u00e3o dessas dores?<\/h2>\n\n\n\n<p>A literatura m\u00e9dica destaca a import\u00e2ncia de identificar sinais de alerta para diferenciar dores de cabe\u00e7a benignas de causas secund\u00e1rias graves. Esses sinais re\u00fanem crit\u00e9rios cl\u00ednicos que orientam a necessidade de exames de imagem e atendimento de urg\u00eancia.<\/p>\n\n\n\n<p>De acordo com a revis\u00e3o <a href=\"https:\/\/pmc.ncbi.nlm.nih.gov\/articles\/PMC6340385\/\" target=\"_blank\" rel=\"noreferrer noopener\">Red and orange flags for secondary headaches in clinical practice: SNNOOP10 list<\/a>, publicada na revista <em>Neurology<\/em> e indexada no PubMed, a presen\u00e7a de sintomas como in\u00edcio s\u00fabito e intenso, febre, altera\u00e7\u00f5es neurol\u00f3gicas, edema de papila, novo padr\u00e3o ap\u00f3s os 50 anos ou piora com manobras que aumentam a press\u00e3o intracraniana indica a necessidade de investiga\u00e7\u00e3o imediata, incluindo neuroimagem, para descartar causas secund\u00e1rias potencialmente graves.<\/p>\n\n\n\n<p><em>Este conte\u00fado tem car\u00e1ter apenas informativo e n\u00e3o substitui a avalia\u00e7\u00e3o, o diagn\u00f3stico e o tratamento realizados por um profissional de sa\u00fade qualificado. Em caso de dor de cabe\u00e7a persistente, intensa ou com sinais de alerta, procure atendimento m\u00e9dico.<\/em><\/p>\n","protected":false},"excerpt":{"rendered":"<p>Sentir a dor de cabe\u00e7a aumentar ao abaixar para amarrar o sapato ou simplesmente inclinar o corpo para frente \u00e9 uma queixa comum, e na maioria das vezes est\u00e1 ligada \u00e0 sinusite. Em alguns casos, por\u00e9m, esse padr\u00e3o pode indicar altera\u00e7\u00f5es na press\u00e3o dentro do cr\u00e2nio, que exigem avalia\u00e7\u00e3o r\u00e1pida. Reconhecer as caracter\u00edsticas da dor, [&hellip;]<\/p>\n","protected":false},"author":11,"featured_media":28802,"comment_status":"open","ping_status":"open","sticky":false,"template":"","format":"standard","meta":{"_yoast_wpseo_focuskw":"dor de cabe\u00e7a ao inclinar","_yoast_wpseo_title":"","_yoast_wpseo_metadesc":"Sentir dor na cabe\u00e7a ao abaixar o corpo pode ter causas simples ou graves. Entenda os sinais de alerta e quando buscar ajuda m\u00e9dica.","jnews-multi-image_gallery":[],"jnews_single_post":{"format":"standard"},"jnews_primary_category":[],"jnews_social_meta":[],"jnews_override_counter":[],"footnotes":""},"categories":[111],"tags":[282,437,690,136],"class_list":["post-28349","post","type-post","status-publish","format-standard","has-post-thumbnail","hentry","category-saude","tag-dor-de-cabeca","tag-enxaqueca","tag-postura","tag-saude"],"yoast_head":"<!-- This site is optimized with the Yoast SEO plugin v26.7 - https:\/\/yoast.com\/wordpress\/plugins\/seo\/ -->\n<title>Dor de cabe\u00e7a que piora ao se inclinar para frente: quando manter a calma e quando procurar atendimento m\u00e9dico imediatamente - Tua Sa\u00fade<\/title>\n<meta name=\"description\" content=\"Sentir dor na cabe\u00e7a ao abaixar o corpo pode ter causas simples ou graves. Entenda os sinais de alerta e quando buscar ajuda m\u00e9dica.\" \/>\n<meta name=\"robots\" content=\"index, follow, max-snippet:-1, max-image-preview:large, max-video-preview:-1\" \/>\n<link rel=\"canonical\" href=\"https:\/\/www.tuasaude.com\/news\/2026\/04\/27\/dor-de-cabeca-que-piora-ao-se-inclinar-para-frente-quando-manter-a-calma-e-quando-procurar-atendimento-medico-imediatamente\/\" \/>\n<meta property=\"og:locale\" content=\"pt_BR\" \/>\n<meta property=\"og:type\" content=\"article\" \/>\n<meta property=\"og:title\" content=\"Dor de cabe\u00e7a que piora ao se inclinar para frente: quando manter a calma e quando procurar atendimento m\u00e9dico imediatamente - Tua Sa\u00fade\" \/>\n<meta property=\"og:description\" content=\"Sentir dor na cabe\u00e7a ao abaixar o corpo pode ter causas simples ou graves. Entenda os sinais de alerta e quando buscar ajuda m\u00e9dica.\" \/>\n<meta property=\"og:url\" content=\"https:\/\/www.tuasaude.com\/news\/2026\/04\/27\/dor-de-cabeca-que-piora-ao-se-inclinar-para-frente-quando-manter-a-calma-e-quando-procurar-atendimento-medico-imediatamente\/\" \/>\n<meta property=\"og:site_name\" content=\"Tua Sa\u00fade\" \/>\n<meta property=\"article:published_time\" content=\"2026-04-27T11:20:00+00:00\" \/>\n<meta property=\"og:image\" content=\"https:\/\/www.tuasaude.com\/news\/wp-content\/uploads\/2026\/04\/freepik_ilustracao-nao-fotorealis_2868641575.jpg\" \/>\n\t<meta property=\"og:image:width\" content=\"1280\" \/>\n\t<meta property=\"og:image:height\" content=\"714\" \/>\n\t<meta property=\"og:image:type\" content=\"image\/jpeg\" \/>\n<meta name=\"author\" content=\"Gessika Julia Carvalho\" \/>\n<meta name=\"twitter:card\" content=\"summary_large_image\" \/>\n<meta name=\"twitter:label1\" content=\"Escrito por\" \/>\n\t<meta name=\"twitter:data1\" content=\"Gessika Julia Carvalho\" \/>\n\t<meta name=\"twitter:label2\" content=\"Est. tempo de leitura\" \/>\n\t<meta name=\"twitter:data2\" content=\"5 minutos\" \/>\n<!-- \/ Yoast SEO plugin. -->","yoast_head_json":{"title":"Dor de cabe\u00e7a que piora ao se inclinar para frente: quando manter a calma e quando procurar atendimento m\u00e9dico imediatamente - Tua Sa\u00fade","description":"Sentir dor na cabe\u00e7a ao abaixar o corpo pode ter causas simples ou graves. Entenda os sinais de alerta e quando buscar ajuda m\u00e9dica.","robots":{"index":"index","follow":"follow","max-snippet":"max-snippet:-1","max-image-preview":"max-image-preview:large","max-video-preview":"max-video-preview:-1"},"canonical":"https:\/\/www.tuasaude.com\/news\/2026\/04\/27\/dor-de-cabeca-que-piora-ao-se-inclinar-para-frente-quando-manter-a-calma-e-quando-procurar-atendimento-medico-imediatamente\/","og_locale":"pt_BR","og_type":"article","og_title":"Dor de cabe\u00e7a que piora ao se inclinar para frente: quando manter a calma e quando procurar atendimento m\u00e9dico imediatamente - Tua Sa\u00fade","og_description":"Sentir dor na cabe\u00e7a ao abaixar o corpo pode ter causas simples ou graves. Entenda os sinais de alerta e quando buscar ajuda m\u00e9dica.","og_url":"https:\/\/www.tuasaude.com\/news\/2026\/04\/27\/dor-de-cabeca-que-piora-ao-se-inclinar-para-frente-quando-manter-a-calma-e-quando-procurar-atendimento-medico-imediatamente\/","og_site_name":"Tua Sa\u00fade","article_published_time":"2026-04-27T11:20:00+00:00","og_image":[{"width":1280,"height":714,"url":"https:\/\/www.tuasaude.com\/news\/wp-content\/uploads\/2026\/04\/freepik_ilustracao-nao-fotorealis_2868641575.jpg","type":"image\/jpeg"}],"author":"Gessika Julia Carvalho","twitter_card":"summary_large_image","twitter_misc":{"Escrito por":"Gessika Julia Carvalho","Est. tempo de leitura":"5 minutos"},"schema":{"@context":"https:\/\/schema.org","@graph":[{"@type":"Article","@id":"https:\/\/www.tuasaude.com\/news\/2026\/04\/27\/dor-de-cabeca-que-piora-ao-se-inclinar-para-frente-quando-manter-a-calma-e-quando-procurar-atendimento-medico-imediatamente\/#article","isPartOf":{"@id":"https:\/\/www.tuasaude.com\/news\/2026\/04\/27\/dor-de-cabeca-que-piora-ao-se-inclinar-para-frente-quando-manter-a-calma-e-quando-procurar-atendimento-medico-imediatamente\/"},"author":{"name":"Gessika Julia Carvalho","@id":"https:\/\/www.tuasaude.com\/news\/#\/schema\/person\/2e9df841be69ec84f5d20ddb8d273ac2"},"headline":"Dor de cabe\u00e7a que piora ao se inclinar para frente: quando manter a calma e quando procurar atendimento m\u00e9dico imediatamente","datePublished":"2026-04-27T11:20:00+00:00","mainEntityOfPage":{"@id":"https:\/\/www.tuasaude.com\/news\/2026\/04\/27\/dor-de-cabeca-que-piora-ao-se-inclinar-para-frente-quando-manter-a-calma-e-quando-procurar-atendimento-medico-imediatamente\/"},"wordCount":798,"commentCount":0,"image":{"@id":"https:\/\/www.tuasaude.com\/news\/2026\/04\/27\/dor-de-cabeca-que-piora-ao-se-inclinar-para-frente-quando-manter-a-calma-e-quando-procurar-atendimento-medico-imediatamente\/#primaryimage"},"thumbnailUrl":"https:\/\/www.tuasaude.com\/news\/wp-content\/uploads\/2026\/04\/freepik_ilustracao-nao-fotorealis_2868641575.jpg","keywords":["dor de cabe\u00e7a","enxaqueca","postura","sa\u00fade"],"articleSection":["Sa\u00fade"],"inLanguage":"pt-BR","potentialAction":[{"@type":"CommentAction","name":"Comment","target":["https:\/\/www.tuasaude.com\/news\/2026\/04\/27\/dor-de-cabeca-que-piora-ao-se-inclinar-para-frente-quando-manter-a-calma-e-quando-procurar-atendimento-medico-imediatamente\/#respond"]}]},{"@type":"WebPage","@id":"https:\/\/www.tuasaude.com\/news\/2026\/04\/27\/dor-de-cabeca-que-piora-ao-se-inclinar-para-frente-quando-manter-a-calma-e-quando-procurar-atendimento-medico-imediatamente\/","url":"https:\/\/www.tuasaude.com\/news\/2026\/04\/27\/dor-de-cabeca-que-piora-ao-se-inclinar-para-frente-quando-manter-a-calma-e-quando-procurar-atendimento-medico-imediatamente\/","name":"Dor de cabe\u00e7a que piora ao se inclinar para frente: quando manter a calma e quando procurar atendimento m\u00e9dico imediatamente - Tua Sa\u00fade","isPartOf":{"@id":"https:\/\/www.tuasaude.com\/news\/#website"},"primaryImageOfPage":{"@id":"https:\/\/www.tuasaude.com\/news\/2026\/04\/27\/dor-de-cabeca-que-piora-ao-se-inclinar-para-frente-quando-manter-a-calma-e-quando-procurar-atendimento-medico-imediatamente\/#primaryimage"},"image":{"@id":"https:\/\/www.tuasaude.com\/news\/2026\/04\/27\/dor-de-cabeca-que-piora-ao-se-inclinar-para-frente-quando-manter-a-calma-e-quando-procurar-atendimento-medico-imediatamente\/#primaryimage"},"thumbnailUrl":"https:\/\/www.tuasaude.com\/news\/wp-content\/uploads\/2026\/04\/freepik_ilustracao-nao-fotorealis_2868641575.jpg","datePublished":"2026-04-27T11:20:00+00:00","author":{"@id":"https:\/\/www.tuasaude.com\/news\/#\/schema\/person\/2e9df841be69ec84f5d20ddb8d273ac2"},"description":"Sentir dor na cabe\u00e7a ao abaixar o corpo pode ter causas simples ou graves. Entenda os sinais de alerta e quando buscar ajuda m\u00e9dica.","breadcrumb":{"@id":"https:\/\/www.tuasaude.com\/news\/2026\/04\/27\/dor-de-cabeca-que-piora-ao-se-inclinar-para-frente-quando-manter-a-calma-e-quando-procurar-atendimento-medico-imediatamente\/#breadcrumb"},"inLanguage":"pt-BR","potentialAction":[{"@type":"ReadAction","target":["https:\/\/www.tuasaude.com\/news\/2026\/04\/27\/dor-de-cabeca-que-piora-ao-se-inclinar-para-frente-quando-manter-a-calma-e-quando-procurar-atendimento-medico-imediatamente\/"]}]},{"@type":"ImageObject","inLanguage":"pt-BR","@id":"https:\/\/www.tuasaude.com\/news\/2026\/04\/27\/dor-de-cabeca-que-piora-ao-se-inclinar-para-frente-quando-manter-a-calma-e-quando-procurar-atendimento-medico-imediatamente\/#primaryimage","url":"https:\/\/www.tuasaude.com\/news\/wp-content\/uploads\/2026\/04\/freepik_ilustracao-nao-fotorealis_2868641575.jpg","contentUrl":"https:\/\/www.tuasaude.com\/news\/wp-content\/uploads\/2026\/04\/freepik_ilustracao-nao-fotorealis_2868641575.jpg","width":1280,"height":714,"caption":"Dor de cabe\u00e7a ao abaixar pode estar ligada \u00e0 sinusite ou \u00e0 press\u00e3o nos seios da face."},{"@type":"BreadcrumbList","@id":"https:\/\/www.tuasaude.com\/news\/2026\/04\/27\/dor-de-cabeca-que-piora-ao-se-inclinar-para-frente-quando-manter-a-calma-e-quando-procurar-atendimento-medico-imediatamente\/#breadcrumb","itemListElement":[{"@type":"ListItem","position":1,"name":"In\u00edcio","item":"https:\/\/www.tuasaude.com\/news\/"},{"@type":"ListItem","position":2,"name":"Dor de cabe\u00e7a que piora ao se inclinar para frente: quando manter a calma e quando procurar atendimento m\u00e9dico imediatamente"}]},{"@type":"WebSite","@id":"https:\/\/www.tuasaude.com\/news\/#website","url":"https:\/\/www.tuasaude.com\/news\/","name":"Tua Sa\u00fade","description":"Seu site de sa\u00fade","potentialAction":[{"@type":"SearchAction","target":{"@type":"EntryPoint","urlTemplate":"https:\/\/www.tuasaude.com\/news\/?s={search_term_string}"},"query-input":{"@type":"PropertyValueSpecification","valueRequired":true,"valueName":"search_term_string"}}],"inLanguage":"pt-BR"},{"@type":"Person","@id":"https:\/\/www.tuasaude.com\/news\/#\/schema\/person\/2e9df841be69ec84f5d20ddb8d273ac2","name":"Gessika Julia Carvalho","image":{"@type":"ImageObject","inLanguage":"pt-BR","@id":"https:\/\/www.tuasaude.com\/news\/#\/schema\/person\/image\/","url":"https:\/\/secure.gravatar.com\/avatar\/0fcc8769024577fd0bc6a8b766055690f76a8e8f29dfb2a2f89cf04db8d0f2d2?s=96&d=mm&r=g","contentUrl":"https:\/\/secure.gravatar.com\/avatar\/0fcc8769024577fd0bc6a8b766055690f76a8e8f29dfb2a2f89cf04db8d0f2d2?s=96&d=mm&r=g","caption":"Gessika Julia Carvalho"},"sameAs":["https:\/\/www.tuasaude.com\/news\/"],"url":"https:\/\/www.tuasaude.com\/news\/author\/gessika-julia\/"}]}},"_links":{"self":[{"href":"https:\/\/www.tuasaude.com\/news\/wp-json\/wp\/v2\/posts\/28349","targetHints":{"allow":["GET"]}}],"collection":[{"href":"https:\/\/www.tuasaude.com\/news\/wp-json\/wp\/v2\/posts"}],"about":[{"href":"https:\/\/www.tuasaude.com\/news\/wp-json\/wp\/v2\/types\/post"}],"author":[{"embeddable":true,"href":"https:\/\/www.tuasaude.com\/news\/wp-json\/wp\/v2\/users\/11"}],"replies":[{"embeddable":true,"href":"https:\/\/www.tuasaude.com\/news\/wp-json\/wp\/v2\/comments?post=28349"}],"version-history":[{"count":2,"href":"https:\/\/www.tuasaude.com\/news\/wp-json\/wp\/v2\/posts\/28349\/revisions"}],"predecessor-version":[{"id":28849,"href":"https:\/\/www.tuasaude.com\/news\/wp-json\/wp\/v2\/posts\/28349\/revisions\/28849"}],"wp:featuredmedia":[{"embeddable":true,"href":"https:\/\/www.tuasaude.com\/news\/wp-json\/wp\/v2\/media\/28802"}],"wp:attachment":[{"href":"https:\/\/www.tuasaude.com\/news\/wp-json\/wp\/v2\/media?parent=28349"}],"wp:term":[{"taxonomy":"category","embeddable":true,"href":"https:\/\/www.tuasaude.com\/news\/wp-json\/wp\/v2\/categories?post=28349"},{"taxonomy":"post_tag","embeddable":true,"href":"https:\/\/www.tuasaude.com\/news\/wp-json\/wp\/v2\/tags?post=28349"}],"curies":[{"name":"wp","href":"https:\/\/api.w.org\/{rel}","templated":true}]}}