{"id":28286,"date":"2026-04-27T07:00:00","date_gmt":"2026-04-27T10:00:00","guid":{"rendered":"https:\/\/www.tuasaude.com\/news\/?p=28286"},"modified":"2026-04-26T15:01:40","modified_gmt":"2026-04-26T18:01:40","slug":"como-a-perda-muscular-silenciosa-compromete-a-saude-ao-longo-do-tempo-e-como-ela-difere-da-sarcopenia-ja-diagnosticada","status":"publish","type":"post","link":"https:\/\/www.tuasaude.com\/news\/2026\/04\/27\/como-a-perda-muscular-silenciosa-compromete-a-saude-ao-longo-do-tempo-e-como-ela-difere-da-sarcopenia-ja-diagnosticada\/","title":{"rendered":"Como a perda muscular silenciosa compromete a sa\u00fade ao longo do tempo e como ela difere da sarcopenia j\u00e1 diagnosticada"},"content":{"rendered":"\n<p>A perda de massa muscular come\u00e7a por volta dos 30 a 40 anos e avan\u00e7a de forma silenciosa, sem sintomas claros, at\u00e9 comprometer mobilidade, equil\u00edbrio e metabolismo. Embora muitas pessoas associem o problema apenas \u00e0 terceira idade, esse decl\u00ednio gradual ocorre cedo e pode resultar em sarcopenia, condi\u00e7\u00e3o reconhecida como doen\u00e7a pela OMS desde 2016. Identificar esse processo precocemente \u00e9 fundamental para preservar a for\u00e7a, a autonomia e a qualidade de vida no envelhecimento.<\/p>\n\n\n\n<h2 class=\"wp-block-heading\">O que \u00e9 a perda muscular silenciosa?<\/h2>\n\n\n\n<p>A perda muscular silenciosa \u00e9 a redu\u00e7\u00e3o gradual de massa, for\u00e7a e fun\u00e7\u00e3o do m\u00fasculo esquel\u00e9tico que se inicia ainda na idade adulta. A partir dos 40 anos, a velocidade dessa perda chega a 1% a 2% ao ano, podendo se intensificar ap\u00f3s os 50, especialmente em pessoas sedent\u00e1rias.<\/p>\n\n\n\n<p>O processo decorre da queda hormonal, da menor sensibilidade do m\u00fasculo aos nutrientes e da inflama\u00e7\u00e3o cr\u00f4nica de baixo grau. Manter o peso na balan\u00e7a n\u00e3o significa preservar massa magra, j\u00e1 que a gordura corporal pode aumentar enquanto o m\u00fasculo \u00e9 perdido, fen\u00f4meno chamado de obesidade sarcop\u00eanica.<\/p>\n\n\n\n<h2 class=\"wp-block-heading\">Como ela difere da sarcopenia j\u00e1 diagnosticada?<\/h2>\n\n\n\n<p>A perda muscular silenciosa antecede o diagn\u00f3stico cl\u00ednico e ainda pode ser revertida com mudan\u00e7as nos h\u00e1bitos. J\u00e1 a sarcopenia diagnosticada \u00e9 caracterizada pela combina\u00e7\u00e3o de redu\u00e7\u00e3o da massa muscular, perda de for\u00e7a e queda no desempenho f\u00edsico, exigindo interven\u00e7\u00e3o mais intensiva.<\/p>\n\n\n\n<p>O diagn\u00f3stico segue o consenso europeu EWGSOP, que utiliza ferramentas como o question\u00e1rio SARC-F, o teste de preens\u00e3o palmar e exames de composi\u00e7\u00e3o corporal por bioimped\u00e2ncia ou densitometria. Quando dois desses tr\u00eas crit\u00e9rios est\u00e3o alterados, a sarcopenia \u00e9 confirmada e o tratamento precisa ser direcionado pelo m\u00e9dico.<\/p>\n\n\n<div class=\"wp-block-image\">\n<figure class=\"aligncenter size-large\"><img decoding=\"async\" width=\"1024\" height=\"571\" src=\"https:\/\/www.tuasaude.com\/news\/wp-content\/uploads\/2026\/04\/freepik_ilustracao-nao-fotorealis_2868536474-1024x571.jpg\" alt=\"Como a perda muscular silenciosa compromete a sa\u00fade ao longo do tempo e como ela difere da sarcopenia j\u00e1 diagnosticada\" class=\"wp-image-28730\" srcset=\"https:\/\/www.tuasaude.com\/news\/wp-content\/uploads\/2026\/04\/freepik_ilustracao-nao-fotorealis_2868536474-1024x571.jpg 1024w, https:\/\/www.tuasaude.com\/news\/wp-content\/uploads\/2026\/04\/freepik_ilustracao-nao-fotorealis_2868536474-300x167.jpg 300w, https:\/\/www.tuasaude.com\/news\/wp-content\/uploads\/2026\/04\/freepik_ilustracao-nao-fotorealis_2868536474-768x428.jpg 768w, https:\/\/www.tuasaude.com\/news\/wp-content\/uploads\/2026\/04\/freepik_ilustracao-nao-fotorealis_2868536474-750x418.jpg 750w, https:\/\/www.tuasaude.com\/news\/wp-content\/uploads\/2026\/04\/freepik_ilustracao-nao-fotorealis_2868536474-1140x636.jpg 1140w, https:\/\/www.tuasaude.com\/news\/wp-content\/uploads\/2026\/04\/freepik_ilustracao-nao-fotorealis_2868536474.jpg 1280w\" sizes=\"(max-width: 1024px) 100vw, 1024px\" \/><figcaption class=\"wp-element-caption\">Prote\u00edna adequada e exerc\u00edcios de for\u00e7a ajudam a preservar m\u00fasculos e autonomia.<\/figcaption><\/figure>\n<\/div>\n\n\n<h2 class=\"wp-block-heading\">Quais sinais ajudam a identificar a perda muscular precocemente?<\/h2>\n\n\n\n<p>Por evoluir silenciosamente, a perda muscular costuma ser percebida apenas em est\u00e1gios avan\u00e7ados. Reconhecer alguns sinais sutis no dia a dia permite agir antes que a sarcopenia se instale, ampliando as chances de revers\u00e3o.<\/p>\n\n\n<div class=\"wp-block-image\">\n<figure class=\"aligncenter size-large\"><img decoding=\"async\" width=\"1024\" height=\"569\" src=\"https:\/\/www.tuasaude.com\/news\/wp-content\/uploads\/2026\/04\/convertido-8-14-1024x569.jpg\" alt=\"Quais sinais ajudam a identificar a perda muscular precocemente?\" class=\"wp-image-28288\" srcset=\"https:\/\/www.tuasaude.com\/news\/wp-content\/uploads\/2026\/04\/convertido-8-14-1024x569.jpg 1024w, https:\/\/www.tuasaude.com\/news\/wp-content\/uploads\/2026\/04\/convertido-8-14-300x167.jpg 300w, https:\/\/www.tuasaude.com\/news\/wp-content\/uploads\/2026\/04\/convertido-8-14-768x427.jpg 768w, https:\/\/www.tuasaude.com\/news\/wp-content\/uploads\/2026\/04\/convertido-8-14-750x417.jpg 750w, https:\/\/www.tuasaude.com\/news\/wp-content\/uploads\/2026\/04\/convertido-8-14-1140x633.jpg 1140w, https:\/\/www.tuasaude.com\/news\/wp-content\/uploads\/2026\/04\/convertido-8-14.jpg 1280w\" sizes=\"(max-width: 1024px) 100vw, 1024px\" \/><figcaption class=\"wp-element-caption\">Quais sinais ajudam a identificar a perda muscular precocemente?<\/figcaption><\/figure>\n<\/div>\n\n\n<h2 class=\"wp-block-heading\">O que diz a ci\u00eancia sobre prote\u00edna e preven\u00e7\u00e3o da sarcopenia?<\/h2>\n\n\n\n<p>A rela\u00e7\u00e3o entre ingest\u00e3o proteica adequada e preserva\u00e7\u00e3o muscular no envelhecimento \u00e9 hoje um dos temas mais estudados em geriatria e nutri\u00e7\u00e3o cl\u00ednica. Pesquisas mostram que a quantidade e a qualidade das prote\u00ednas consumidas ao longo do dia influenciam diretamente a manuten\u00e7\u00e3o da massa magra ap\u00f3s os 50 anos.<\/p>\n\n\n\n<p>Segundo a revis\u00e3o sistem\u00e1tica com metan\u00e1lise <a href=\"https:\/\/pmc.ncbi.nlm.nih.gov\/articles\/PMC9320473\/\" target=\"_blank\" rel=\"noreferrer noopener\">Protein Intake and Sarcopenia in Older Adults<\/a>, publicada no International Journal of Environmental Research and Public Health, idosos com sarcopenia consumiam significativamente menos prote\u00edna do que aqueles sem a condi\u00e7\u00e3o, refor\u00e7ando que a ingest\u00e3o inadequada desse nutriente \u00e9 um dos principais fatores contribuintes para o desenvolvimento da doen\u00e7a.<\/p>\n\n\n\n<h2 class=\"wp-block-heading\">Como alimenta\u00e7\u00e3o e exerc\u00edcio atuam em cada fase?<\/h2>\n\n\n\n<p>A combina\u00e7\u00e3o de exerc\u00edcios resistidos com alimenta\u00e7\u00e3o rica em prote\u00ednas \u00e9 a estrat\u00e9gia mais eficaz para frear a perda muscular em qualquer fase. Quanto mais cedo essas medidas forem adotadas, maior a chance de preservar massa magra e evitar complica\u00e7\u00f5es futuras.<\/p>\n\n\n\n<ol class=\"wp-block-list\">\n<li>Consumir entre 1,2 e 1,5 grama de prote\u00edna por quilo de peso corporal ao dia;<\/li>\n\n\n\n<li>Distribuir 25 a 30 gramas de prote\u00edna de alta qualidade em cada refei\u00e7\u00e3o principal;<\/li>\n\n\n\n<li>Priorizar fontes ricas em leucina, como ovos, peixes, carnes magras e latic\u00ednios;<\/li>\n\n\n\n<li>Incluir treinos de for\u00e7a, como muscula\u00e7\u00e3o, pilates ou exerc\u00edcios com el\u00e1sticos, ao menos duas vezes por semana;<\/li>\n\n\n\n<li>Combinar com atividades aer\u00f3bicas leves para melhorar a circula\u00e7\u00e3o;<\/li>\n\n\n\n<li>Garantir ingest\u00e3o adequada de <a href=\"https:\/\/www.tuasaude.com\/vitamina-d\/\" target=\"_blank\" rel=\"noreferrer noopener\">vitamina D<\/a> e c\u00e1lcio para a sa\u00fade \u00f3ssea e muscular;<\/li>\n\n\n\n<li>Tratar doen\u00e7as associadas como diabetes e <a href=\"https:\/\/www.tuasaude.com\/inflamacao\/\" target=\"_blank\" rel=\"noreferrer noopener\">inflama\u00e7\u00e3o<\/a> cr\u00f4nica.<\/li>\n<\/ol>\n\n\n\n<p>Diante de perda de for\u00e7a, dificuldade para realizar atividades cotidianas ou desequil\u00edbrio frequente, \u00e9 fundamental procurar um geriatra, cl\u00ednico geral ou endocrinologista para avalia\u00e7\u00e3o individualizada, dosagem de marcadores e defini\u00e7\u00e3o de um plano de tratamento adequado para preservar a sa\u00fade muscular.<\/p>\n\n\n\n<p><em>Este conte\u00fado \u00e9 meramente informativo e n\u00e3o substitui a avalia\u00e7\u00e3o, o diagn\u00f3stico ou o tratamento de um m\u00e9dico.<\/em><\/p>\n\n\n\n<p><\/p>\n","protected":false},"excerpt":{"rendered":"<p>A perda de massa muscular come\u00e7a por volta dos 30 a 40 anos e avan\u00e7a de forma silenciosa, sem sintomas claros, at\u00e9 comprometer mobilidade, equil\u00edbrio e metabolismo. Embora muitas pessoas associem o problema apenas \u00e0 terceira idade, esse decl\u00ednio gradual ocorre cedo e pode resultar em sarcopenia, condi\u00e7\u00e3o reconhecida como doen\u00e7a pela OMS desde 2016. [&hellip;]<\/p>\n","protected":false},"author":11,"featured_media":28729,"comment_status":"open","ping_status":"open","sticky":false,"template":"","format":"standard","meta":{"_yoast_wpseo_focuskw":"perda muscular","_yoast_wpseo_title":"","_yoast_wpseo_metadesc":"Perda muscular progressiva pode levar \u00e0 sarcopenia e afetar a qualidade de vida. Saiba identificar sinais e proteger a sa\u00fade muscular.","jnews-multi-image_gallery":[],"jnews_single_post":{"format":"standard"},"jnews_primary_category":[],"jnews_social_meta":[],"jnews_override_counter":[],"footnotes":""},"categories":[111],"tags":[145,1490,1443,136],"class_list":["post-28286","post","type-post","status-publish","format-standard","has-post-thumbnail","hentry","category-saude","tag-bem-estar","tag-perda-muscular","tag-sarcopenia","tag-saude"],"yoast_head":"<!-- This site is optimized with the Yoast SEO plugin v26.7 - https:\/\/yoast.com\/wordpress\/plugins\/seo\/ -->\n<title>Como a perda muscular silenciosa compromete a sa\u00fade ao longo do tempo e como ela difere da sarcopenia j\u00e1 diagnosticada - Tua Sa\u00fade<\/title>\n<meta name=\"description\" content=\"Perda muscular progressiva pode levar \u00e0 sarcopenia e afetar a qualidade de vida. Saiba identificar sinais e proteger a sa\u00fade muscular.\" \/>\n<meta name=\"robots\" content=\"index, follow, max-snippet:-1, max-image-preview:large, max-video-preview:-1\" \/>\n<link rel=\"canonical\" href=\"https:\/\/www.tuasaude.com\/news\/2026\/04\/27\/como-a-perda-muscular-silenciosa-compromete-a-saude-ao-longo-do-tempo-e-como-ela-difere-da-sarcopenia-ja-diagnosticada\/\" \/>\n<meta property=\"og:locale\" content=\"pt_BR\" \/>\n<meta property=\"og:type\" content=\"article\" \/>\n<meta property=\"og:title\" content=\"Como a perda muscular silenciosa compromete a sa\u00fade ao longo do tempo e como ela difere da sarcopenia j\u00e1 diagnosticada - Tua Sa\u00fade\" \/>\n<meta property=\"og:description\" content=\"Perda muscular progressiva pode levar \u00e0 sarcopenia e afetar a qualidade de vida. Saiba identificar sinais e proteger a sa\u00fade muscular.\" \/>\n<meta property=\"og:url\" content=\"https:\/\/www.tuasaude.com\/news\/2026\/04\/27\/como-a-perda-muscular-silenciosa-compromete-a-saude-ao-longo-do-tempo-e-como-ela-difere-da-sarcopenia-ja-diagnosticada\/\" \/>\n<meta property=\"og:site_name\" content=\"Tua Sa\u00fade\" \/>\n<meta property=\"article:published_time\" content=\"2026-04-27T10:00:00+00:00\" \/>\n<meta property=\"og:image\" content=\"https:\/\/www.tuasaude.com\/news\/wp-content\/uploads\/2026\/04\/freepik_ilustracao-nao-fotorealis_2868536194.jpg\" \/>\n\t<meta property=\"og:image:width\" content=\"1280\" \/>\n\t<meta property=\"og:image:height\" content=\"714\" \/>\n\t<meta property=\"og:image:type\" content=\"image\/jpeg\" \/>\n<meta name=\"author\" content=\"Gessika Julia Carvalho\" \/>\n<meta name=\"twitter:card\" content=\"summary_large_image\" \/>\n<meta name=\"twitter:label1\" content=\"Escrito por\" \/>\n\t<meta name=\"twitter:data1\" content=\"Gessika Julia Carvalho\" \/>\n\t<meta name=\"twitter:label2\" content=\"Est. tempo de leitura\" \/>\n\t<meta name=\"twitter:data2\" content=\"5 minutos\" \/>\n<!-- \/ Yoast SEO plugin. -->","yoast_head_json":{"title":"Como a perda muscular silenciosa compromete a sa\u00fade ao longo do tempo e como ela difere da sarcopenia j\u00e1 diagnosticada - Tua Sa\u00fade","description":"Perda muscular progressiva pode levar \u00e0 sarcopenia e afetar a qualidade de vida. Saiba identificar sinais e proteger a sa\u00fade muscular.","robots":{"index":"index","follow":"follow","max-snippet":"max-snippet:-1","max-image-preview":"max-image-preview:large","max-video-preview":"max-video-preview:-1"},"canonical":"https:\/\/www.tuasaude.com\/news\/2026\/04\/27\/como-a-perda-muscular-silenciosa-compromete-a-saude-ao-longo-do-tempo-e-como-ela-difere-da-sarcopenia-ja-diagnosticada\/","og_locale":"pt_BR","og_type":"article","og_title":"Como a perda muscular silenciosa compromete a sa\u00fade ao longo do tempo e como ela difere da sarcopenia j\u00e1 diagnosticada - Tua Sa\u00fade","og_description":"Perda muscular progressiva pode levar \u00e0 sarcopenia e afetar a qualidade de vida. Saiba identificar sinais e proteger a sa\u00fade muscular.","og_url":"https:\/\/www.tuasaude.com\/news\/2026\/04\/27\/como-a-perda-muscular-silenciosa-compromete-a-saude-ao-longo-do-tempo-e-como-ela-difere-da-sarcopenia-ja-diagnosticada\/","og_site_name":"Tua Sa\u00fade","article_published_time":"2026-04-27T10:00:00+00:00","og_image":[{"width":1280,"height":714,"url":"https:\/\/www.tuasaude.com\/news\/wp-content\/uploads\/2026\/04\/freepik_ilustracao-nao-fotorealis_2868536194.jpg","type":"image\/jpeg"}],"author":"Gessika Julia Carvalho","twitter_card":"summary_large_image","twitter_misc":{"Escrito por":"Gessika Julia Carvalho","Est. tempo de leitura":"5 minutos"},"schema":{"@context":"https:\/\/schema.org","@graph":[{"@type":"Article","@id":"https:\/\/www.tuasaude.com\/news\/2026\/04\/27\/como-a-perda-muscular-silenciosa-compromete-a-saude-ao-longo-do-tempo-e-como-ela-difere-da-sarcopenia-ja-diagnosticada\/#article","isPartOf":{"@id":"https:\/\/www.tuasaude.com\/news\/2026\/04\/27\/como-a-perda-muscular-silenciosa-compromete-a-saude-ao-longo-do-tempo-e-como-ela-difere-da-sarcopenia-ja-diagnosticada\/"},"author":{"name":"Gessika Julia Carvalho","@id":"https:\/\/www.tuasaude.com\/news\/#\/schema\/person\/2e9df841be69ec84f5d20ddb8d273ac2"},"headline":"Como a perda muscular silenciosa compromete a sa\u00fade ao longo do tempo e como ela difere da sarcopenia j\u00e1 diagnosticada","datePublished":"2026-04-27T10:00:00+00:00","mainEntityOfPage":{"@id":"https:\/\/www.tuasaude.com\/news\/2026\/04\/27\/como-a-perda-muscular-silenciosa-compromete-a-saude-ao-longo-do-tempo-e-como-ela-difere-da-sarcopenia-ja-diagnosticada\/"},"wordCount":746,"commentCount":0,"image":{"@id":"https:\/\/www.tuasaude.com\/news\/2026\/04\/27\/como-a-perda-muscular-silenciosa-compromete-a-saude-ao-longo-do-tempo-e-como-ela-difere-da-sarcopenia-ja-diagnosticada\/#primaryimage"},"thumbnailUrl":"https:\/\/www.tuasaude.com\/news\/wp-content\/uploads\/2026\/04\/freepik_ilustracao-nao-fotorealis_2868536194.jpg","keywords":["bem-estar","perda muscular","sarcopenia","sa\u00fade"],"articleSection":["Sa\u00fade"],"inLanguage":"pt-BR","potentialAction":[{"@type":"CommentAction","name":"Comment","target":["https:\/\/www.tuasaude.com\/news\/2026\/04\/27\/como-a-perda-muscular-silenciosa-compromete-a-saude-ao-longo-do-tempo-e-como-ela-difere-da-sarcopenia-ja-diagnosticada\/#respond"]}]},{"@type":"WebPage","@id":"https:\/\/www.tuasaude.com\/news\/2026\/04\/27\/como-a-perda-muscular-silenciosa-compromete-a-saude-ao-longo-do-tempo-e-como-ela-difere-da-sarcopenia-ja-diagnosticada\/","url":"https:\/\/www.tuasaude.com\/news\/2026\/04\/27\/como-a-perda-muscular-silenciosa-compromete-a-saude-ao-longo-do-tempo-e-como-ela-difere-da-sarcopenia-ja-diagnosticada\/","name":"Como a perda muscular silenciosa compromete a sa\u00fade ao longo do tempo e como ela difere da sarcopenia j\u00e1 diagnosticada - Tua Sa\u00fade","isPartOf":{"@id":"https:\/\/www.tuasaude.com\/news\/#website"},"primaryImageOfPage":{"@id":"https:\/\/www.tuasaude.com\/news\/2026\/04\/27\/como-a-perda-muscular-silenciosa-compromete-a-saude-ao-longo-do-tempo-e-como-ela-difere-da-sarcopenia-ja-diagnosticada\/#primaryimage"},"image":{"@id":"https:\/\/www.tuasaude.com\/news\/2026\/04\/27\/como-a-perda-muscular-silenciosa-compromete-a-saude-ao-longo-do-tempo-e-como-ela-difere-da-sarcopenia-ja-diagnosticada\/#primaryimage"},"thumbnailUrl":"https:\/\/www.tuasaude.com\/news\/wp-content\/uploads\/2026\/04\/freepik_ilustracao-nao-fotorealis_2868536194.jpg","datePublished":"2026-04-27T10:00:00+00:00","author":{"@id":"https:\/\/www.tuasaude.com\/news\/#\/schema\/person\/2e9df841be69ec84f5d20ddb8d273ac2"},"description":"Perda muscular progressiva pode levar \u00e0 sarcopenia e afetar a qualidade de vida. Saiba identificar sinais e proteger a sa\u00fade muscular.","breadcrumb":{"@id":"https:\/\/www.tuasaude.com\/news\/2026\/04\/27\/como-a-perda-muscular-silenciosa-compromete-a-saude-ao-longo-do-tempo-e-como-ela-difere-da-sarcopenia-ja-diagnosticada\/#breadcrumb"},"inLanguage":"pt-BR","potentialAction":[{"@type":"ReadAction","target":["https:\/\/www.tuasaude.com\/news\/2026\/04\/27\/como-a-perda-muscular-silenciosa-compromete-a-saude-ao-longo-do-tempo-e-como-ela-difere-da-sarcopenia-ja-diagnosticada\/"]}]},{"@type":"ImageObject","inLanguage":"pt-BR","@id":"https:\/\/www.tuasaude.com\/news\/2026\/04\/27\/como-a-perda-muscular-silenciosa-compromete-a-saude-ao-longo-do-tempo-e-como-ela-difere-da-sarcopenia-ja-diagnosticada\/#primaryimage","url":"https:\/\/www.tuasaude.com\/news\/wp-content\/uploads\/2026\/04\/freepik_ilustracao-nao-fotorealis_2868536194.jpg","contentUrl":"https:\/\/www.tuasaude.com\/news\/wp-content\/uploads\/2026\/04\/freepik_ilustracao-nao-fotorealis_2868536194.jpg","width":1280,"height":714,"caption":"A perda muscular pode come\u00e7ar cedo e avan\u00e7ar sem sinais claros."},{"@type":"BreadcrumbList","@id":"https:\/\/www.tuasaude.com\/news\/2026\/04\/27\/como-a-perda-muscular-silenciosa-compromete-a-saude-ao-longo-do-tempo-e-como-ela-difere-da-sarcopenia-ja-diagnosticada\/#breadcrumb","itemListElement":[{"@type":"ListItem","position":1,"name":"In\u00edcio","item":"https:\/\/www.tuasaude.com\/news\/"},{"@type":"ListItem","position":2,"name":"Como a perda muscular silenciosa compromete a sa\u00fade ao longo do tempo e como ela difere da sarcopenia j\u00e1 diagnosticada"}]},{"@type":"WebSite","@id":"https:\/\/www.tuasaude.com\/news\/#website","url":"https:\/\/www.tuasaude.com\/news\/","name":"Tua Sa\u00fade","description":"Seu site de sa\u00fade","potentialAction":[{"@type":"SearchAction","target":{"@type":"EntryPoint","urlTemplate":"https:\/\/www.tuasaude.com\/news\/?s={search_term_string}"},"query-input":{"@type":"PropertyValueSpecification","valueRequired":true,"valueName":"search_term_string"}}],"inLanguage":"pt-BR"},{"@type":"Person","@id":"https:\/\/www.tuasaude.com\/news\/#\/schema\/person\/2e9df841be69ec84f5d20ddb8d273ac2","name":"Gessika Julia Carvalho","image":{"@type":"ImageObject","inLanguage":"pt-BR","@id":"https:\/\/www.tuasaude.com\/news\/#\/schema\/person\/image\/","url":"https:\/\/secure.gravatar.com\/avatar\/0fcc8769024577fd0bc6a8b766055690f76a8e8f29dfb2a2f89cf04db8d0f2d2?s=96&d=mm&r=g","contentUrl":"https:\/\/secure.gravatar.com\/avatar\/0fcc8769024577fd0bc6a8b766055690f76a8e8f29dfb2a2f89cf04db8d0f2d2?s=96&d=mm&r=g","caption":"Gessika Julia Carvalho"},"sameAs":["https:\/\/www.tuasaude.com\/news\/"],"url":"https:\/\/www.tuasaude.com\/news\/author\/gessika-julia\/"}]}},"_links":{"self":[{"href":"https:\/\/www.tuasaude.com\/news\/wp-json\/wp\/v2\/posts\/28286","targetHints":{"allow":["GET"]}}],"collection":[{"href":"https:\/\/www.tuasaude.com\/news\/wp-json\/wp\/v2\/posts"}],"about":[{"href":"https:\/\/www.tuasaude.com\/news\/wp-json\/wp\/v2\/types\/post"}],"author":[{"embeddable":true,"href":"https:\/\/www.tuasaude.com\/news\/wp-json\/wp\/v2\/users\/11"}],"replies":[{"embeddable":true,"href":"https:\/\/www.tuasaude.com\/news\/wp-json\/wp\/v2\/comments?post=28286"}],"version-history":[{"count":2,"href":"https:\/\/www.tuasaude.com\/news\/wp-json\/wp\/v2\/posts\/28286\/revisions"}],"predecessor-version":[{"id":28775,"href":"https:\/\/www.tuasaude.com\/news\/wp-json\/wp\/v2\/posts\/28286\/revisions\/28775"}],"wp:featuredmedia":[{"embeddable":true,"href":"https:\/\/www.tuasaude.com\/news\/wp-json\/wp\/v2\/media\/28729"}],"wp:attachment":[{"href":"https:\/\/www.tuasaude.com\/news\/wp-json\/wp\/v2\/media?parent=28286"}],"wp:term":[{"taxonomy":"category","embeddable":true,"href":"https:\/\/www.tuasaude.com\/news\/wp-json\/wp\/v2\/categories?post=28286"},{"taxonomy":"post_tag","embeddable":true,"href":"https:\/\/www.tuasaude.com\/news\/wp-json\/wp\/v2\/tags?post=28286"}],"curies":[{"name":"wp","href":"https:\/\/api.w.org\/{rel}","templated":true}]}}