{"id":28155,"date":"2026-04-27T06:20:00","date_gmt":"2026-04-27T09:20:00","guid":{"rendered":"https:\/\/www.tuasaude.com\/news\/?p=28155"},"modified":"2026-04-26T15:01:39","modified_gmt":"2026-04-26T18:01:39","slug":"como-a-inflamacao-cronica-compromete-os-orgaos-ao-longo-do-tempo-e-como-ela-difere-da-inflamacao-aguda-comum","status":"publish","type":"post","link":"https:\/\/www.tuasaude.com\/news\/2026\/04\/27\/como-a-inflamacao-cronica-compromete-os-orgaos-ao-longo-do-tempo-e-como-ela-difere-da-inflamacao-aguda-comum\/","title":{"rendered":"Como a inflama\u00e7\u00e3o cr\u00f4nica compromete os \u00f3rg\u00e3os ao longo do tempo e como ela difere da inflama\u00e7\u00e3o aguda comum"},"content":{"rendered":"\n<p>A inflama\u00e7\u00e3o \u00e9 uma resposta natural do organismo, fundamental para combater infec\u00e7\u00f5es e reparar les\u00f5es. No entanto, quando se prolonga e se torna cr\u00f4nica, essa mesma defesa passa a agir contra o pr\u00f3prio corpo, comprometendo silenciosamente vasos, \u00f3rg\u00e3os e tecidos por anos sem causar sintomas evidentes. Compreender a diferen\u00e7a entre a inflama\u00e7\u00e3o aguda e a cr\u00f4nica \u00e9 essencial para identific\u00e1-la precocemente e adotar medidas que protejam a sa\u00fade a longo prazo.<\/p>\n\n\n\n<h2 class=\"wp-block-heading\">O que diferencia a inflama\u00e7\u00e3o aguda da cr\u00f4nica?<\/h2>\n\n\n\n<p>A inflama\u00e7\u00e3o aguda \u00e9 uma rea\u00e7\u00e3o r\u00e1pida e localizada, com in\u00edcio e fim bem definidos, marcada pelos sinais cl\u00e1ssicos como dor, vermelhid\u00e3o, calor, incha\u00e7o e perda de fun\u00e7\u00e3o. Ela costuma durar horas ou dias e desaparece assim que o agente agressor \u00e9 eliminado.<\/p>\n\n\n\n<p>J\u00e1 a inflama\u00e7\u00e3o cr\u00f4nica \u00e9 discreta, sist\u00eamica e persistente, podendo se estender por meses ou anos sem manifestar sintomas claros. Em vez de neutr\u00f3filos, predominam linf\u00f3citos e macr\u00f3fagos, que provocam destrui\u00e7\u00e3o tecidual, fibrose e prolifera\u00e7\u00e3o anormal de vasos sangu\u00edneos no local afetado.<\/p>\n\n\n\n<h2 class=\"wp-block-heading\">Como a inflama\u00e7\u00e3o cr\u00f4nica afeta os \u00f3rg\u00e3os?<\/h2>\n\n\n\n<p>Mesmo sem dor ou febre, a inflama\u00e7\u00e3o de baixo grau atua continuamente sobre os tecidos e est\u00e1 associada ao surgimento e \u00e0 progress\u00e3o de diversas doen\u00e7as graves. Esse processo prejudica \u00f3rg\u00e3os vitais e pode permanecer ativo por anos antes de gerar uma queixa cl\u00ednica.<\/p>\n\n\n<div class=\"wp-block-image\">\n<figure class=\"aligncenter size-large\"><img decoding=\"async\" width=\"1024\" height=\"422\" src=\"https:\/\/www.tuasaude.com\/news\/wp-content\/uploads\/2026\/04\/convertido-5-14-1024x422.jpg\" alt=\"Como a inflama\u00e7\u00e3o cr\u00f4nica afeta os \u00f3rg\u00e3os?\" class=\"wp-image-28156\" srcset=\"https:\/\/www.tuasaude.com\/news\/wp-content\/uploads\/2026\/04\/convertido-5-14-1024x422.jpg 1024w, https:\/\/www.tuasaude.com\/news\/wp-content\/uploads\/2026\/04\/convertido-5-14-300x124.jpg 300w, https:\/\/www.tuasaude.com\/news\/wp-content\/uploads\/2026\/04\/convertido-5-14-768x316.jpg 768w, https:\/\/www.tuasaude.com\/news\/wp-content\/uploads\/2026\/04\/convertido-5-14-750x309.jpg 750w, https:\/\/www.tuasaude.com\/news\/wp-content\/uploads\/2026\/04\/convertido-5-14-1140x469.jpg 1140w, https:\/\/www.tuasaude.com\/news\/wp-content\/uploads\/2026\/04\/convertido-5-14.jpg 1280w\" sizes=\"(max-width: 1024px) 100vw, 1024px\" \/><figcaption class=\"wp-element-caption\">Como a inflama\u00e7\u00e3o cr\u00f4nica afeta os \u00f3rg\u00e3os?<\/figcaption><\/figure>\n<\/div>\n\n\n<h2 class=\"wp-block-heading\">Quais marcadores laboratoriais identificam a inflama\u00e7\u00e3o cr\u00f4nica?<\/h2>\n\n\n\n<p>Como a inflama\u00e7\u00e3o cr\u00f4nica raramente causa sintomas claros, exames de sangue espec\u00edficos s\u00e3o essenciais para detect\u00e1-la. Esses marcadores ajudam o m\u00e9dico a confirmar a presen\u00e7a do processo inflamat\u00f3rio e a monitorar a resposta ao tratamento.<\/p>\n\n\n\n<p>Os principais exames incluem a prote\u00edna C reativa ultrassens\u00edvel (PCR-us), que detecta inflama\u00e7\u00e3o de baixo grau e avalia risco cardiovascular, a velocidade de hemossedimenta\u00e7\u00e3o (VHS), a ferritina, o fibrinog\u00eanio e citocinas como interleucina-6 e TNF-alfa. A homociste\u00edna tamb\u00e9m pode estar elevada e indicar inflama\u00e7\u00e3o vascular associada \u00e0 <a href=\"https:\/\/www.tuasaude.com\/aterosclerose\/\" target=\"_blank\" rel=\"noreferrer noopener\">aterosclerose<\/a>.<\/p>\n\n\n\n<h2 class=\"wp-block-heading\">O que diz a ci\u00eancia sobre a inflama\u00e7\u00e3o cr\u00f4nica e doen\u00e7as graves?<\/h2>\n\n\n\n<p>A literatura m\u00e9dica internacional reconhece a inflama\u00e7\u00e3o cr\u00f4nica como um dos principais fatores envolvidos no desenvolvimento das doen\u00e7as mais letais do mundo moderno. Identificar e tratar precocemente esse estado \u00e9 considerado uma das estrat\u00e9gias mais eficazes para reduzir mortalidade e ampliar a expectativa de vida.<\/p>\n\n\n\n<p>Segundo o artigo <a href=\"https:\/\/www.nature.com\/articles\/s41591-019-0675-0\" target=\"_blank\" rel=\"noreferrer noopener\">Chronic inflammation in the etiology of disease across the life span<\/a>, publicado na revista cient\u00edfica Nature Medicine, a inflama\u00e7\u00e3o cr\u00f4nica sist\u00eamica est\u00e1 diretamente associada ao aumento de doen\u00e7as cardiovasculares, c\u00e2ncer, diabetes, doen\u00e7a renal cr\u00f4nica, esteatose hep\u00e1tica e dist\u00farbios neurodegenerativos, sendo considerada uma das principais causas de incapacidade e morte em todo o mundo.<\/p>\n\n\n<div class=\"wp-block-image\">\n<figure class=\"aligncenter size-large\"><img decoding=\"async\" width=\"1024\" height=\"571\" src=\"https:\/\/www.tuasaude.com\/news\/wp-content\/uploads\/2026\/04\/freepik_ilustracao-nao-fotorealis_2868533728-1024x571.jpg\" alt=\"Presbiopia: 8 maneiras naturais de lidar com ela\" class=\"wp-image-28722\" srcset=\"https:\/\/www.tuasaude.com\/news\/wp-content\/uploads\/2026\/04\/freepik_ilustracao-nao-fotorealis_2868533728-1024x571.jpg 1024w, https:\/\/www.tuasaude.com\/news\/wp-content\/uploads\/2026\/04\/freepik_ilustracao-nao-fotorealis_2868533728-300x167.jpg 300w, https:\/\/www.tuasaude.com\/news\/wp-content\/uploads\/2026\/04\/freepik_ilustracao-nao-fotorealis_2868533728-768x428.jpg 768w, https:\/\/www.tuasaude.com\/news\/wp-content\/uploads\/2026\/04\/freepik_ilustracao-nao-fotorealis_2868533728-750x418.jpg 750w, https:\/\/www.tuasaude.com\/news\/wp-content\/uploads\/2026\/04\/freepik_ilustracao-nao-fotorealis_2868533728-1140x636.jpg 1140w, https:\/\/www.tuasaude.com\/news\/wp-content\/uploads\/2026\/04\/freepik_ilustracao-nao-fotorealis_2868533728.jpg 1280w\" sizes=\"(max-width: 1024px) 100vw, 1024px\" \/><figcaption class=\"wp-element-caption\">Alimenta\u00e7\u00e3o, pausas visuais e bons h\u00e1bitos ajudam a proteger a sa\u00fade dos olhos.<\/figcaption><\/figure>\n<\/div>\n\n\n<h2 class=\"wp-block-heading\">O que a alimenta\u00e7\u00e3o pode fazer para reduzi-la?<\/h2>\n\n\n\n<p>A dieta \u00e9 uma das ferramentas mais poderosas para modular a resposta inflamat\u00f3ria do organismo. Combinar alimentos com efeito anti-inflamat\u00f3rio e eliminar gatilhos pr\u00f3-inflamat\u00f3rios contribui para reduzir marcadores como PCR e interleucina-6, conforme demonstrado em estudos cl\u00ednicos com a dieta mediterr\u00e2nea.<\/p>\n\n\n\n<ol class=\"wp-block-list\">\n<li>Aumentar o consumo de peixes ricos em \u00f4mega-3, como salm\u00e3o, sardinha e atum;<\/li>\n\n\n\n<li>Incluir frutas vermelhas, vegetais folhosos e cruc\u00edferos diariamente;<\/li>\n\n\n\n<li>Priorizar azeite de oliva extravirgem como principal fonte de gordura;<\/li>\n\n\n\n<li>Consumir oleaginosas, sementes e leguminosas com regularidade;<\/li>\n\n\n\n<li>Reduzir a\u00e7\u00facar, farinhas refinadas, frituras e ultraprocessados;<\/li>\n\n\n\n<li>Controlar o consumo de carnes vermelhas e embutidos;<\/li>\n\n\n\n<li>Manter boa hidrata\u00e7\u00e3o e incluir ch\u00e1s como o verde e o de c\u00farcuma.<\/li>\n<\/ol>\n\n\n\n<p>Diante de cansa\u00e7o persistente, dores difusas, ganho de peso sem causa aparente ou exames laboratoriais alterados, \u00e9 fundamental procurar um m\u00e9dico para avalia\u00e7\u00e3o individualizada, dosagem de marcadores inflamat\u00f3rios e defini\u00e7\u00e3o de uma estrat\u00e9gia de tratamento adequada para cada caso.<\/p>\n\n\n\n<p><em>Este conte\u00fado \u00e9 meramente informativo e n\u00e3o substitui a avalia\u00e7\u00e3o, o diagn\u00f3stico ou o tratamento de um m\u00e9dico.<\/em><\/p>\n","protected":false},"excerpt":{"rendered":"<p>A inflama\u00e7\u00e3o \u00e9 uma resposta natural do organismo, fundamental para combater infec\u00e7\u00f5es e reparar les\u00f5es. No entanto, quando se prolonga e se torna cr\u00f4nica, essa mesma defesa passa a agir contra o pr\u00f3prio corpo, comprometendo silenciosamente vasos, \u00f3rg\u00e3os e tecidos por anos sem causar sintomas evidentes. Compreender a diferen\u00e7a entre a inflama\u00e7\u00e3o aguda e a [&hellip;]<\/p>\n","protected":false},"author":11,"featured_media":28723,"comment_status":"open","ping_status":"open","sticky":false,"template":"","format":"standard","meta":{"_yoast_wpseo_focuskw":"inflama\u00e7\u00e3o cr\u00f4nica","_yoast_wpseo_title":"","_yoast_wpseo_metadesc":"Inflama\u00e7\u00e3o cr\u00f4nica prejudica o corpo de forma cont\u00ednua e sem sintomas claros. Saiba como ela impacta os \u00f3rg\u00e3os e o que ajuda a controlar.","jnews-multi-image_gallery":[],"jnews_single_post":{"format":"standard"},"jnews_primary_category":[],"jnews_social_meta":[],"jnews_override_counter":[],"footnotes":""},"categories":[111],"tags":[145,6149,1082,136],"class_list":["post-28155","post","type-post","status-publish","format-standard","has-post-thumbnail","hentry","category-saude","tag-bem-estar","tag-inflamacao-aguda","tag-inflamacao-cronica","tag-saude"],"yoast_head":"<!-- This site is optimized with the Yoast SEO plugin v26.7 - https:\/\/yoast.com\/wordpress\/plugins\/seo\/ -->\n<title>Como a inflama\u00e7\u00e3o cr\u00f4nica compromete os \u00f3rg\u00e3os ao longo do tempo e como ela difere da inflama\u00e7\u00e3o aguda comum - Tua Sa\u00fade<\/title>\n<meta name=\"description\" content=\"Inflama\u00e7\u00e3o cr\u00f4nica prejudica o corpo de forma cont\u00ednua e sem sintomas claros. Saiba como ela impacta os \u00f3rg\u00e3os e o que ajuda a controlar.\" \/>\n<meta name=\"robots\" content=\"index, follow, max-snippet:-1, max-image-preview:large, max-video-preview:-1\" \/>\n<link rel=\"canonical\" href=\"https:\/\/www.tuasaude.com\/news\/2026\/04\/27\/como-a-inflamacao-cronica-compromete-os-orgaos-ao-longo-do-tempo-e-como-ela-difere-da-inflamacao-aguda-comum\/\" \/>\n<meta property=\"og:locale\" content=\"pt_BR\" \/>\n<meta property=\"og:type\" content=\"article\" \/>\n<meta property=\"og:title\" content=\"Como a inflama\u00e7\u00e3o cr\u00f4nica compromete os \u00f3rg\u00e3os ao longo do tempo e como ela difere da inflama\u00e7\u00e3o aguda comum - Tua Sa\u00fade\" \/>\n<meta property=\"og:description\" content=\"Inflama\u00e7\u00e3o cr\u00f4nica prejudica o corpo de forma cont\u00ednua e sem sintomas claros. Saiba como ela impacta os \u00f3rg\u00e3os e o que ajuda a controlar.\" \/>\n<meta property=\"og:url\" content=\"https:\/\/www.tuasaude.com\/news\/2026\/04\/27\/como-a-inflamacao-cronica-compromete-os-orgaos-ao-longo-do-tempo-e-como-ela-difere-da-inflamacao-aguda-comum\/\" \/>\n<meta property=\"og:site_name\" content=\"Tua Sa\u00fade\" \/>\n<meta property=\"article:published_time\" content=\"2026-04-27T09:20:00+00:00\" \/>\n<meta property=\"og:image\" content=\"https:\/\/www.tuasaude.com\/news\/wp-content\/uploads\/2026\/04\/freepik_ilustracao-nao-fotorealis_2868534157.jpg\" \/>\n\t<meta property=\"og:image:width\" content=\"1280\" \/>\n\t<meta property=\"og:image:height\" content=\"714\" \/>\n\t<meta property=\"og:image:type\" content=\"image\/jpeg\" \/>\n<meta name=\"author\" content=\"Gessika Julia Carvalho\" \/>\n<meta name=\"twitter:card\" content=\"summary_large_image\" \/>\n<meta name=\"twitter:label1\" content=\"Escrito por\" \/>\n\t<meta name=\"twitter:data1\" content=\"Gessika Julia Carvalho\" \/>\n\t<meta name=\"twitter:label2\" content=\"Est. tempo de leitura\" \/>\n\t<meta name=\"twitter:data2\" content=\"4 minutos\" \/>\n<!-- \/ Yoast SEO plugin. -->","yoast_head_json":{"title":"Como a inflama\u00e7\u00e3o cr\u00f4nica compromete os \u00f3rg\u00e3os ao longo do tempo e como ela difere da inflama\u00e7\u00e3o aguda comum - Tua Sa\u00fade","description":"Inflama\u00e7\u00e3o cr\u00f4nica prejudica o corpo de forma cont\u00ednua e sem sintomas claros. Saiba como ela impacta os \u00f3rg\u00e3os e o que ajuda a controlar.","robots":{"index":"index","follow":"follow","max-snippet":"max-snippet:-1","max-image-preview":"max-image-preview:large","max-video-preview":"max-video-preview:-1"},"canonical":"https:\/\/www.tuasaude.com\/news\/2026\/04\/27\/como-a-inflamacao-cronica-compromete-os-orgaos-ao-longo-do-tempo-e-como-ela-difere-da-inflamacao-aguda-comum\/","og_locale":"pt_BR","og_type":"article","og_title":"Como a inflama\u00e7\u00e3o cr\u00f4nica compromete os \u00f3rg\u00e3os ao longo do tempo e como ela difere da inflama\u00e7\u00e3o aguda comum - Tua Sa\u00fade","og_description":"Inflama\u00e7\u00e3o cr\u00f4nica prejudica o corpo de forma cont\u00ednua e sem sintomas claros. Saiba como ela impacta os \u00f3rg\u00e3os e o que ajuda a controlar.","og_url":"https:\/\/www.tuasaude.com\/news\/2026\/04\/27\/como-a-inflamacao-cronica-compromete-os-orgaos-ao-longo-do-tempo-e-como-ela-difere-da-inflamacao-aguda-comum\/","og_site_name":"Tua Sa\u00fade","article_published_time":"2026-04-27T09:20:00+00:00","og_image":[{"width":1280,"height":714,"url":"https:\/\/www.tuasaude.com\/news\/wp-content\/uploads\/2026\/04\/freepik_ilustracao-nao-fotorealis_2868534157.jpg","type":"image\/jpeg"}],"author":"Gessika Julia Carvalho","twitter_card":"summary_large_image","twitter_misc":{"Escrito por":"Gessika Julia Carvalho","Est. tempo de leitura":"4 minutos"},"schema":{"@context":"https:\/\/schema.org","@graph":[{"@type":"Article","@id":"https:\/\/www.tuasaude.com\/news\/2026\/04\/27\/como-a-inflamacao-cronica-compromete-os-orgaos-ao-longo-do-tempo-e-como-ela-difere-da-inflamacao-aguda-comum\/#article","isPartOf":{"@id":"https:\/\/www.tuasaude.com\/news\/2026\/04\/27\/como-a-inflamacao-cronica-compromete-os-orgaos-ao-longo-do-tempo-e-como-ela-difere-da-inflamacao-aguda-comum\/"},"author":{"name":"Gessika Julia Carvalho","@id":"https:\/\/www.tuasaude.com\/news\/#\/schema\/person\/2e9df841be69ec84f5d20ddb8d273ac2"},"headline":"Como a inflama\u00e7\u00e3o cr\u00f4nica compromete os \u00f3rg\u00e3os ao longo do tempo e como ela difere da inflama\u00e7\u00e3o aguda comum","datePublished":"2026-04-27T09:20:00+00:00","mainEntityOfPage":{"@id":"https:\/\/www.tuasaude.com\/news\/2026\/04\/27\/como-a-inflamacao-cronica-compromete-os-orgaos-ao-longo-do-tempo-e-como-ela-difere-da-inflamacao-aguda-comum\/"},"wordCount":727,"commentCount":0,"image":{"@id":"https:\/\/www.tuasaude.com\/news\/2026\/04\/27\/como-a-inflamacao-cronica-compromete-os-orgaos-ao-longo-do-tempo-e-como-ela-difere-da-inflamacao-aguda-comum\/#primaryimage"},"thumbnailUrl":"https:\/\/www.tuasaude.com\/news\/wp-content\/uploads\/2026\/04\/freepik_ilustracao-nao-fotorealis_2868534157.jpg","keywords":["bem-estar","inflama\u00e7\u00e3o aguda","inflama\u00e7\u00e3o cr\u00f4nica","sa\u00fade"],"articleSection":["Sa\u00fade"],"inLanguage":"pt-BR","potentialAction":[{"@type":"CommentAction","name":"Comment","target":["https:\/\/www.tuasaude.com\/news\/2026\/04\/27\/como-a-inflamacao-cronica-compromete-os-orgaos-ao-longo-do-tempo-e-como-ela-difere-da-inflamacao-aguda-comum\/#respond"]}]},{"@type":"WebPage","@id":"https:\/\/www.tuasaude.com\/news\/2026\/04\/27\/como-a-inflamacao-cronica-compromete-os-orgaos-ao-longo-do-tempo-e-como-ela-difere-da-inflamacao-aguda-comum\/","url":"https:\/\/www.tuasaude.com\/news\/2026\/04\/27\/como-a-inflamacao-cronica-compromete-os-orgaos-ao-longo-do-tempo-e-como-ela-difere-da-inflamacao-aguda-comum\/","name":"Como a inflama\u00e7\u00e3o cr\u00f4nica compromete os \u00f3rg\u00e3os ao longo do tempo e como ela difere da inflama\u00e7\u00e3o aguda comum - Tua Sa\u00fade","isPartOf":{"@id":"https:\/\/www.tuasaude.com\/news\/#website"},"primaryImageOfPage":{"@id":"https:\/\/www.tuasaude.com\/news\/2026\/04\/27\/como-a-inflamacao-cronica-compromete-os-orgaos-ao-longo-do-tempo-e-como-ela-difere-da-inflamacao-aguda-comum\/#primaryimage"},"image":{"@id":"https:\/\/www.tuasaude.com\/news\/2026\/04\/27\/como-a-inflamacao-cronica-compromete-os-orgaos-ao-longo-do-tempo-e-como-ela-difere-da-inflamacao-aguda-comum\/#primaryimage"},"thumbnailUrl":"https:\/\/www.tuasaude.com\/news\/wp-content\/uploads\/2026\/04\/freepik_ilustracao-nao-fotorealis_2868534157.jpg","datePublished":"2026-04-27T09:20:00+00:00","author":{"@id":"https:\/\/www.tuasaude.com\/news\/#\/schema\/person\/2e9df841be69ec84f5d20ddb8d273ac2"},"description":"Inflama\u00e7\u00e3o cr\u00f4nica prejudica o corpo de forma cont\u00ednua e sem sintomas claros. Saiba como ela impacta os \u00f3rg\u00e3os e o que ajuda a controlar.","breadcrumb":{"@id":"https:\/\/www.tuasaude.com\/news\/2026\/04\/27\/como-a-inflamacao-cronica-compromete-os-orgaos-ao-longo-do-tempo-e-como-ela-difere-da-inflamacao-aguda-comum\/#breadcrumb"},"inLanguage":"pt-BR","potentialAction":[{"@type":"ReadAction","target":["https:\/\/www.tuasaude.com\/news\/2026\/04\/27\/como-a-inflamacao-cronica-compromete-os-orgaos-ao-longo-do-tempo-e-como-ela-difere-da-inflamacao-aguda-comum\/"]}]},{"@type":"ImageObject","inLanguage":"pt-BR","@id":"https:\/\/www.tuasaude.com\/news\/2026\/04\/27\/como-a-inflamacao-cronica-compromete-os-orgaos-ao-longo-do-tempo-e-como-ela-difere-da-inflamacao-aguda-comum\/#primaryimage","url":"https:\/\/www.tuasaude.com\/news\/wp-content\/uploads\/2026\/04\/freepik_ilustracao-nao-fotorealis_2868534157.jpg","contentUrl":"https:\/\/www.tuasaude.com\/news\/wp-content\/uploads\/2026\/04\/freepik_ilustracao-nao-fotorealis_2868534157.jpg","width":1280,"height":714,"caption":"A inflama\u00e7\u00e3o cr\u00f4nica pode agir em sil\u00eancio e afetar \u00f3rg\u00e3os por muitos anos."},{"@type":"BreadcrumbList","@id":"https:\/\/www.tuasaude.com\/news\/2026\/04\/27\/como-a-inflamacao-cronica-compromete-os-orgaos-ao-longo-do-tempo-e-como-ela-difere-da-inflamacao-aguda-comum\/#breadcrumb","itemListElement":[{"@type":"ListItem","position":1,"name":"In\u00edcio","item":"https:\/\/www.tuasaude.com\/news\/"},{"@type":"ListItem","position":2,"name":"Como a inflama\u00e7\u00e3o cr\u00f4nica compromete os \u00f3rg\u00e3os ao longo do tempo e como ela difere da inflama\u00e7\u00e3o aguda comum"}]},{"@type":"WebSite","@id":"https:\/\/www.tuasaude.com\/news\/#website","url":"https:\/\/www.tuasaude.com\/news\/","name":"Tua Sa\u00fade","description":"Seu site de sa\u00fade","potentialAction":[{"@type":"SearchAction","target":{"@type":"EntryPoint","urlTemplate":"https:\/\/www.tuasaude.com\/news\/?s={search_term_string}"},"query-input":{"@type":"PropertyValueSpecification","valueRequired":true,"valueName":"search_term_string"}}],"inLanguage":"pt-BR"},{"@type":"Person","@id":"https:\/\/www.tuasaude.com\/news\/#\/schema\/person\/2e9df841be69ec84f5d20ddb8d273ac2","name":"Gessika Julia Carvalho","image":{"@type":"ImageObject","inLanguage":"pt-BR","@id":"https:\/\/www.tuasaude.com\/news\/#\/schema\/person\/image\/","url":"https:\/\/secure.gravatar.com\/avatar\/0fcc8769024577fd0bc6a8b766055690f76a8e8f29dfb2a2f89cf04db8d0f2d2?s=96&d=mm&r=g","contentUrl":"https:\/\/secure.gravatar.com\/avatar\/0fcc8769024577fd0bc6a8b766055690f76a8e8f29dfb2a2f89cf04db8d0f2d2?s=96&d=mm&r=g","caption":"Gessika Julia Carvalho"},"sameAs":["https:\/\/www.tuasaude.com\/news\/"],"url":"https:\/\/www.tuasaude.com\/news\/author\/gessika-julia\/"}]}},"_links":{"self":[{"href":"https:\/\/www.tuasaude.com\/news\/wp-json\/wp\/v2\/posts\/28155","targetHints":{"allow":["GET"]}}],"collection":[{"href":"https:\/\/www.tuasaude.com\/news\/wp-json\/wp\/v2\/posts"}],"about":[{"href":"https:\/\/www.tuasaude.com\/news\/wp-json\/wp\/v2\/types\/post"}],"author":[{"embeddable":true,"href":"https:\/\/www.tuasaude.com\/news\/wp-json\/wp\/v2\/users\/11"}],"replies":[{"embeddable":true,"href":"https:\/\/www.tuasaude.com\/news\/wp-json\/wp\/v2\/comments?post=28155"}],"version-history":[{"count":2,"href":"https:\/\/www.tuasaude.com\/news\/wp-json\/wp\/v2\/posts\/28155\/revisions"}],"predecessor-version":[{"id":28772,"href":"https:\/\/www.tuasaude.com\/news\/wp-json\/wp\/v2\/posts\/28155\/revisions\/28772"}],"wp:featuredmedia":[{"embeddable":true,"href":"https:\/\/www.tuasaude.com\/news\/wp-json\/wp\/v2\/media\/28723"}],"wp:attachment":[{"href":"https:\/\/www.tuasaude.com\/news\/wp-json\/wp\/v2\/media?parent=28155"}],"wp:term":[{"taxonomy":"category","embeddable":true,"href":"https:\/\/www.tuasaude.com\/news\/wp-json\/wp\/v2\/categories?post=28155"},{"taxonomy":"post_tag","embeddable":true,"href":"https:\/\/www.tuasaude.com\/news\/wp-json\/wp\/v2\/tags?post=28155"}],"curies":[{"name":"wp","href":"https:\/\/api.w.org\/{rel}","templated":true}]}}