{"id":28011,"date":"2026-04-26T20:10:00","date_gmt":"2026-04-26T23:10:00","guid":{"rendered":"https:\/\/www.tuasaude.com\/news\/?p=28011"},"modified":"2026-04-25T14:34:29","modified_gmt":"2026-04-25T17:34:29","slug":"como-manter-a-memoria-ativa-com-o-envelhecimento-5-praticas-essenciais","status":"publish","type":"post","link":"https:\/\/www.tuasaude.com\/news\/2026\/04\/26\/como-manter-a-memoria-ativa-com-o-envelhecimento-5-praticas-essenciais\/","title":{"rendered":"Como manter a mem\u00f3ria ativa com o envelhecimento? 5 pr\u00e1ticas essenciais"},"content":{"rendered":"\n<p>Manter a mem\u00f3ria ativa com o envelhecimento \u00e9 poss\u00edvel e est\u00e1 ao alcance de todos. O decl\u00ednio cognitivo n\u00e3o \u00e9 uma consequ\u00eancia inevit\u00e1vel da idade, e a neuroci\u00eancia tem demonstrado que h\u00e1bitos espec\u00edficos exercem a\u00e7\u00e3o neuroprotetora comprovada, preservando mem\u00f3ria, foco e racioc\u00ednio ao longo das d\u00e9cadas. Alimenta\u00e7\u00e3o adequada, exerc\u00edcio f\u00edsico, sono de qualidade, est\u00edmulo mental constante e v\u00ednculos sociais formam a base de um c\u00e9rebro saud\u00e1vel, capaz de criar novas conex\u00f5es mesmo ap\u00f3s os 60 ou 70 anos.<\/p>\n\n\n\n<h2 class=\"wp-block-heading\">Por que a mem\u00f3ria pode ser preservada com h\u00e1bitos espec\u00edficos?<\/h2>\n\n\n\n<p>O c\u00e9rebro mant\u00e9m capacidade de neuroplasticidade ao longo da vida, ou seja, continua formando novas conex\u00f5es entre neur\u00f4nios mesmo na velhice. Esse mecanismo permite que comportamentos saud\u00e1veis fortale\u00e7am circuitos ligados \u00e0 mem\u00f3ria e \u00e0 aten\u00e7\u00e3o.<\/p>\n\n\n\n<p>A reserva cognitiva, constru\u00edda por anos de est\u00edmulos variados, atua como uma prote\u00e7\u00e3o contra o desgaste natural. Quanto maior essa reserva, mais resistente o c\u00e9rebro se torna diante das altera\u00e7\u00f5es da idade, mantendo o desempenho mental por mais tempo.<\/p>\n\n\n\n<h2 class=\"wp-block-heading\">Como o exerc\u00edcio f\u00edsico age no c\u00e9rebro?<\/h2>\n\n\n\n<p>A atividade f\u00edsica aer\u00f3bica regular aumenta o fluxo sangu\u00edneo cerebral, estimula a libera\u00e7\u00e3o de fatores neurotr\u00f3ficos e favorece o crescimento do hipocampo, regi\u00e3o central da mem\u00f3ria. Caminhada, nata\u00e7\u00e3o e dan\u00e7a praticadas com regularidade trazem benef\u00edcios mensur\u00e1veis.<\/p>\n\n\n\n<p>O exerc\u00edcio tamb\u00e9m reduz a inflama\u00e7\u00e3o sist\u00eamica e regula o cortisol, horm\u00f4nio que em excesso danifica neur\u00f4nios. Bastam de 30 a 45 minutos de movimento, cinco vezes por semana, para perceber melhoras na aten\u00e7\u00e3o e na clareza mental.<\/p>\n\n\n<div class=\"wp-block-image\">\n<figure class=\"aligncenter size-large\"><img decoding=\"async\" width=\"1024\" height=\"571\" src=\"https:\/\/www.tuasaude.com\/news\/wp-content\/uploads\/2026\/04\/freepik_illustration-nonphotoreal_2864358777-1024x571.jpg\" alt=\"Como manter a mem\u00f3ria ativa com o envelhecimento? 5 pr\u00e1ticas essenciais\" class=\"wp-image-28171\" srcset=\"https:\/\/www.tuasaude.com\/news\/wp-content\/uploads\/2026\/04\/freepik_illustration-nonphotoreal_2864358777-1024x571.jpg 1024w, https:\/\/www.tuasaude.com\/news\/wp-content\/uploads\/2026\/04\/freepik_illustration-nonphotoreal_2864358777-300x167.jpg 300w, https:\/\/www.tuasaude.com\/news\/wp-content\/uploads\/2026\/04\/freepik_illustration-nonphotoreal_2864358777-768x428.jpg 768w, https:\/\/www.tuasaude.com\/news\/wp-content\/uploads\/2026\/04\/freepik_illustration-nonphotoreal_2864358777-750x418.jpg 750w, https:\/\/www.tuasaude.com\/news\/wp-content\/uploads\/2026\/04\/freepik_illustration-nonphotoreal_2864358777-1140x636.jpg 1140w, https:\/\/www.tuasaude.com\/news\/wp-content\/uploads\/2026\/04\/freepik_illustration-nonphotoreal_2864358777.jpg 1280w\" sizes=\"(max-width: 1024px) 100vw, 1024px\" \/><figcaption class=\"wp-element-caption\">O c\u00e9rebro mant\u00e9m capacidade de adapta\u00e7\u00e3o e pode criar novas conex\u00f5es ao longo da vida.<\/figcaption><\/figure>\n<\/div>\n\n\n<h2 class=\"wp-block-heading\">O que diz a ci\u00eancia sobre preven\u00e7\u00e3o do decl\u00ednio cognitivo?<\/h2>\n\n\n\n<p>A rela\u00e7\u00e3o entre estilo de vida e sa\u00fade cognitiva tem sido analisada em revis\u00f5es sistem\u00e1ticas de grande escala que orientam pol\u00edticas p\u00fablicas mundiais. Segundo o relat\u00f3rio <a href=\"https:\/\/pubmed.ncbi.nlm.nih.gov\/39096926\/\" target=\"_blank\" rel=\"noreferrer noopener\">Dementia prevention, intervention, and care: 2024 report of the Lancet standing Commission<\/a>, revis\u00e3o cient\u00edfica revisada por pares publicada na revista The Lancet em 2024, cerca de 45% dos casos de dem\u00eancia no mundo poderiam ser prevenidos ou adiados pelo controle de 14 fatores de risco modific\u00e1veis ao longo da vida.<\/p>\n\n\n\n<p>Os autores destacam que controlar press\u00e3o arterial, perda auditiva, colesterol LDL elevado, sedentarismo, isolamento social, depress\u00e3o e tabagismo est\u00e1 entre as estrat\u00e9gias com maior impacto na prote\u00e7\u00e3o do c\u00e9rebro ao longo das d\u00e9cadas.<\/p>\n\n\n\n<h2 class=\"wp-block-heading\">Quais nutrientes e alimentos protegem a mem\u00f3ria?<\/h2>\n\n\n\n<p>A alimenta\u00e7\u00e3o tem influ\u00eancia direta sobre o funcionamento cerebral, fornecendo os componentes necess\u00e1rios para a comunica\u00e7\u00e3o entre neur\u00f4nios e a prote\u00e7\u00e3o contra o estresse oxidativo. A dieta mediterr\u00e2nea e a dieta MIND s\u00e3o as mais estudadas nesse contexto.<\/p>\n\n\n\n<p>Alguns alimentos se destacam pela combina\u00e7\u00e3o de nutrientes neuroprotetores e podem ser facilmente incorporados \u00e0 rotina:<\/p>\n\n\n<div class=\"wp-block-image\">\n<figure class=\"aligncenter size-large\"><img decoding=\"async\" width=\"1024\" height=\"382\" src=\"https:\/\/www.tuasaude.com\/news\/wp-content\/uploads\/2026\/04\/convertido-35-13-1024x382.jpg\" alt=\"Quais nutrientes e alimentos protegem a mem\u00f3ria?\" class=\"wp-image-28012\" srcset=\"https:\/\/www.tuasaude.com\/news\/wp-content\/uploads\/2026\/04\/convertido-35-13-1024x382.jpg 1024w, https:\/\/www.tuasaude.com\/news\/wp-content\/uploads\/2026\/04\/convertido-35-13-300x112.jpg 300w, https:\/\/www.tuasaude.com\/news\/wp-content\/uploads\/2026\/04\/convertido-35-13-768x287.jpg 768w, https:\/\/www.tuasaude.com\/news\/wp-content\/uploads\/2026\/04\/convertido-35-13-750x280.jpg 750w, https:\/\/www.tuasaude.com\/news\/wp-content\/uploads\/2026\/04\/convertido-35-13-1140x426.jpg 1140w, https:\/\/www.tuasaude.com\/news\/wp-content\/uploads\/2026\/04\/convertido-35-13.jpg 1280w\" sizes=\"(max-width: 1024px) 100vw, 1024px\" \/><figcaption class=\"wp-element-caption\">Quais nutrientes e alimentos protegem a mem\u00f3ria?<\/figcaption><\/figure>\n<\/div>\n\n\n<h2 class=\"wp-block-heading\">Quais pr\u00e1ticas essenciais mant\u00eam a mente ativa?<\/h2>\n\n\n\n<p>Cinco h\u00e1bitos t\u00eam respaldo cient\u00edfico consistente para preservar mem\u00f3ria, foco e racioc\u00ednio com o envelhecimento. Adot\u00e1-los de forma combinada potencializa os efeitos a m\u00e9dio e longo prazo.<\/p>\n\n\n\n<ol class=\"wp-block-list\">\n<li><strong>Pratique exerc\u00edcios f\u00edsicos<\/strong> regularmente, combinando atividade aer\u00f3bica e treino de for\u00e7a.<\/li>\n\n\n\n<li><strong>Mantenha est\u00edmulo mental constante<\/strong> com leitura, aprendizado de novas habilidades e <a href=\"https:\/\/www.tuasaude.com\/jogos-para-estimular-o-cerebro\/\" target=\"_blank\" rel=\"noreferrer noopener\">jogos para estimular o c\u00e9rebro<\/a> como xadrez, palavras cruzadas e sudoku.<\/li>\n\n\n\n<li><strong>Durma de 7 a 9 horas<\/strong> por noite, j\u00e1 que o sono profundo consolida mem\u00f3rias e elimina toxinas neuronais.<\/li>\n\n\n\n<li><strong>Cultive v\u00ednculos sociais<\/strong>, que reduzem o risco de dem\u00eancia e protegem contra a depress\u00e3o.<\/li>\n\n\n\n<li><strong>Adote alimenta\u00e7\u00e3o equilibrada<\/strong>, rica em vegetais, peixes, oleaginosas e gorduras boas.<\/li>\n<\/ol>\n\n\n\n<p>Aliar esses h\u00e1bitos a outros <a href=\"https:\/\/www.tuasaude.com\/exercicios-para-memoria\/\" target=\"_blank\" rel=\"noreferrer noopener\">exerc\u00edcios para mem\u00f3ria<\/a> ajuda a fortalecer a reserva cognitiva e a preservar a autonomia ao longo dos anos.<\/p>\n\n\n\n<p>Quando h\u00e1 esquecimentos frequentes que interferem nas atividades di\u00e1rias, dificuldade para reconhecer pessoas pr\u00f3ximas, desorienta\u00e7\u00e3o no tempo ou espa\u00e7o ou mudan\u00e7as de comportamento, \u00e9 fundamental procurar um neurologista, geriatra ou psiquiatra para avalia\u00e7\u00e3o adequada e investiga\u00e7\u00e3o de poss\u00edveis causas.<\/p>\n\n\n\n<p><em>Este conte\u00fado tem car\u00e1ter exclusivamente informativo e n\u00e3o substitui a avalia\u00e7\u00e3o, o diagn\u00f3stico ou o acompanhamento de um profissional de sa\u00fade qualificado.<\/em><\/p>\n","protected":false},"excerpt":{"rendered":"<p>Manter a mem\u00f3ria ativa com o envelhecimento \u00e9 poss\u00edvel e est\u00e1 ao alcance de todos. O decl\u00ednio cognitivo n\u00e3o \u00e9 uma consequ\u00eancia inevit\u00e1vel da idade, e a neuroci\u00eancia tem demonstrado que h\u00e1bitos espec\u00edficos exercem a\u00e7\u00e3o neuroprotetora comprovada, preservando mem\u00f3ria, foco e racioc\u00ednio ao longo das d\u00e9cadas. Alimenta\u00e7\u00e3o adequada, exerc\u00edcio f\u00edsico, sono de qualidade, est\u00edmulo mental [&hellip;]<\/p>\n","protected":false},"author":11,"featured_media":28170,"comment_status":"open","ping_status":"open","sticky":false,"template":"","format":"standard","meta":{"_yoast_wpseo_focuskw":"mem\u00f3ria ativa","_yoast_wpseo_title":"","_yoast_wpseo_metadesc":"Manter a mem\u00f3ria ativa \u00e9 poss\u00edvel com h\u00e1bitos di\u00e1rios. Veja como exerc\u00edcio, sono e alimenta\u00e7\u00e3o ajudam a proteger o c\u00e9rebro","jnews-multi-image_gallery":[],"jnews_single_post":{"format":"standard"},"jnews_primary_category":[],"jnews_social_meta":[],"jnews_override_counter":[],"footnotes":""},"categories":[111],"tags":[132,184,1026,6134],"class_list":["post-28011","post","type-post","status-publish","format-standard","has-post-thumbnail","hentry","category-saude","tag-envelhecimento","tag-longevidade","tag-memoria","tag-memoria-ativa"],"yoast_head":"<!-- This site is optimized with the Yoast SEO plugin v26.7 - https:\/\/yoast.com\/wordpress\/plugins\/seo\/ -->\n<title>Como manter a mem\u00f3ria ativa com o envelhecimento? 5 pr\u00e1ticas essenciais - Tua Sa\u00fade<\/title>\n<meta name=\"description\" content=\"Manter a mem\u00f3ria ativa \u00e9 poss\u00edvel com h\u00e1bitos di\u00e1rios. Veja como exerc\u00edcio, sono e alimenta\u00e7\u00e3o ajudam a proteger o c\u00e9rebro\" \/>\n<meta name=\"robots\" content=\"index, follow, max-snippet:-1, max-image-preview:large, max-video-preview:-1\" \/>\n<link rel=\"canonical\" href=\"https:\/\/www.tuasaude.com\/news\/2026\/04\/26\/como-manter-a-memoria-ativa-com-o-envelhecimento-5-praticas-essenciais\/\" \/>\n<meta property=\"og:locale\" content=\"pt_BR\" \/>\n<meta property=\"og:type\" content=\"article\" \/>\n<meta property=\"og:title\" content=\"Como manter a mem\u00f3ria ativa com o envelhecimento? 5 pr\u00e1ticas essenciais - Tua Sa\u00fade\" \/>\n<meta property=\"og:description\" content=\"Manter a mem\u00f3ria ativa \u00e9 poss\u00edvel com h\u00e1bitos di\u00e1rios. Veja como exerc\u00edcio, sono e alimenta\u00e7\u00e3o ajudam a proteger o c\u00e9rebro\" \/>\n<meta property=\"og:url\" content=\"https:\/\/www.tuasaude.com\/news\/2026\/04\/26\/como-manter-a-memoria-ativa-com-o-envelhecimento-5-praticas-essenciais\/\" \/>\n<meta property=\"og:site_name\" content=\"Tua Sa\u00fade\" \/>\n<meta property=\"article:published_time\" content=\"2026-04-26T23:10:00+00:00\" \/>\n<meta property=\"og:image\" content=\"https:\/\/www.tuasaude.com\/news\/wp-content\/uploads\/2026\/04\/freepik_illustration-nonphotoreal_2864358484.jpg\" \/>\n\t<meta property=\"og:image:width\" content=\"1280\" \/>\n\t<meta property=\"og:image:height\" content=\"714\" \/>\n\t<meta property=\"og:image:type\" content=\"image\/jpeg\" \/>\n<meta name=\"author\" content=\"Gessika Julia Carvalho\" \/>\n<meta name=\"twitter:card\" content=\"summary_large_image\" \/>\n<meta name=\"twitter:label1\" content=\"Escrito por\" \/>\n\t<meta name=\"twitter:data1\" content=\"Gessika Julia Carvalho\" \/>\n\t<meta name=\"twitter:label2\" content=\"Est. tempo de leitura\" \/>\n\t<meta name=\"twitter:data2\" content=\"5 minutos\" \/>\n<!-- \/ Yoast SEO plugin. -->","yoast_head_json":{"title":"Como manter a mem\u00f3ria ativa com o envelhecimento? 5 pr\u00e1ticas essenciais - Tua Sa\u00fade","description":"Manter a mem\u00f3ria ativa \u00e9 poss\u00edvel com h\u00e1bitos di\u00e1rios. Veja como exerc\u00edcio, sono e alimenta\u00e7\u00e3o ajudam a proteger o c\u00e9rebro","robots":{"index":"index","follow":"follow","max-snippet":"max-snippet:-1","max-image-preview":"max-image-preview:large","max-video-preview":"max-video-preview:-1"},"canonical":"https:\/\/www.tuasaude.com\/news\/2026\/04\/26\/como-manter-a-memoria-ativa-com-o-envelhecimento-5-praticas-essenciais\/","og_locale":"pt_BR","og_type":"article","og_title":"Como manter a mem\u00f3ria ativa com o envelhecimento? 5 pr\u00e1ticas essenciais - Tua Sa\u00fade","og_description":"Manter a mem\u00f3ria ativa \u00e9 poss\u00edvel com h\u00e1bitos di\u00e1rios. Veja como exerc\u00edcio, sono e alimenta\u00e7\u00e3o ajudam a proteger o c\u00e9rebro","og_url":"https:\/\/www.tuasaude.com\/news\/2026\/04\/26\/como-manter-a-memoria-ativa-com-o-envelhecimento-5-praticas-essenciais\/","og_site_name":"Tua Sa\u00fade","article_published_time":"2026-04-26T23:10:00+00:00","og_image":[{"width":1280,"height":714,"url":"https:\/\/www.tuasaude.com\/news\/wp-content\/uploads\/2026\/04\/freepik_illustration-nonphotoreal_2864358484.jpg","type":"image\/jpeg"}],"author":"Gessika Julia Carvalho","twitter_card":"summary_large_image","twitter_misc":{"Escrito por":"Gessika Julia Carvalho","Est. tempo de leitura":"5 minutos"},"schema":{"@context":"https:\/\/schema.org","@graph":[{"@type":"Article","@id":"https:\/\/www.tuasaude.com\/news\/2026\/04\/26\/como-manter-a-memoria-ativa-com-o-envelhecimento-5-praticas-essenciais\/#article","isPartOf":{"@id":"https:\/\/www.tuasaude.com\/news\/2026\/04\/26\/como-manter-a-memoria-ativa-com-o-envelhecimento-5-praticas-essenciais\/"},"author":{"name":"Gessika Julia Carvalho","@id":"https:\/\/www.tuasaude.com\/news\/#\/schema\/person\/2e9df841be69ec84f5d20ddb8d273ac2"},"headline":"Como manter a mem\u00f3ria ativa com o envelhecimento? 5 pr\u00e1ticas essenciais","datePublished":"2026-04-26T23:10:00+00:00","mainEntityOfPage":{"@id":"https:\/\/www.tuasaude.com\/news\/2026\/04\/26\/como-manter-a-memoria-ativa-com-o-envelhecimento-5-praticas-essenciais\/"},"wordCount":767,"commentCount":0,"image":{"@id":"https:\/\/www.tuasaude.com\/news\/2026\/04\/26\/como-manter-a-memoria-ativa-com-o-envelhecimento-5-praticas-essenciais\/#primaryimage"},"thumbnailUrl":"https:\/\/www.tuasaude.com\/news\/wp-content\/uploads\/2026\/04\/freepik_illustration-nonphotoreal_2864358484.jpg","keywords":["envelhecimento","longevidade","mem\u00f3ria","mem\u00f3ria ativa"],"articleSection":["Sa\u00fade"],"inLanguage":"pt-BR","potentialAction":[{"@type":"CommentAction","name":"Comment","target":["https:\/\/www.tuasaude.com\/news\/2026\/04\/26\/como-manter-a-memoria-ativa-com-o-envelhecimento-5-praticas-essenciais\/#respond"]}]},{"@type":"WebPage","@id":"https:\/\/www.tuasaude.com\/news\/2026\/04\/26\/como-manter-a-memoria-ativa-com-o-envelhecimento-5-praticas-essenciais\/","url":"https:\/\/www.tuasaude.com\/news\/2026\/04\/26\/como-manter-a-memoria-ativa-com-o-envelhecimento-5-praticas-essenciais\/","name":"Como manter a mem\u00f3ria ativa com o envelhecimento? 5 pr\u00e1ticas essenciais - Tua Sa\u00fade","isPartOf":{"@id":"https:\/\/www.tuasaude.com\/news\/#website"},"primaryImageOfPage":{"@id":"https:\/\/www.tuasaude.com\/news\/2026\/04\/26\/como-manter-a-memoria-ativa-com-o-envelhecimento-5-praticas-essenciais\/#primaryimage"},"image":{"@id":"https:\/\/www.tuasaude.com\/news\/2026\/04\/26\/como-manter-a-memoria-ativa-com-o-envelhecimento-5-praticas-essenciais\/#primaryimage"},"thumbnailUrl":"https:\/\/www.tuasaude.com\/news\/wp-content\/uploads\/2026\/04\/freepik_illustration-nonphotoreal_2864358484.jpg","datePublished":"2026-04-26T23:10:00+00:00","author":{"@id":"https:\/\/www.tuasaude.com\/news\/#\/schema\/person\/2e9df841be69ec84f5d20ddb8d273ac2"},"description":"Manter a mem\u00f3ria ativa \u00e9 poss\u00edvel com h\u00e1bitos di\u00e1rios. Veja como exerc\u00edcio, sono e alimenta\u00e7\u00e3o ajudam a proteger o c\u00e9rebro","breadcrumb":{"@id":"https:\/\/www.tuasaude.com\/news\/2026\/04\/26\/como-manter-a-memoria-ativa-com-o-envelhecimento-5-praticas-essenciais\/#breadcrumb"},"inLanguage":"pt-BR","potentialAction":[{"@type":"ReadAction","target":["https:\/\/www.tuasaude.com\/news\/2026\/04\/26\/como-manter-a-memoria-ativa-com-o-envelhecimento-5-praticas-essenciais\/"]}]},{"@type":"ImageObject","inLanguage":"pt-BR","@id":"https:\/\/www.tuasaude.com\/news\/2026\/04\/26\/como-manter-a-memoria-ativa-com-o-envelhecimento-5-praticas-essenciais\/#primaryimage","url":"https:\/\/www.tuasaude.com\/news\/wp-content\/uploads\/2026\/04\/freepik_illustration-nonphotoreal_2864358484.jpg","contentUrl":"https:\/\/www.tuasaude.com\/news\/wp-content\/uploads\/2026\/04\/freepik_illustration-nonphotoreal_2864358484.jpg","width":1280,"height":714,"caption":"H\u00e1bitos como exerc\u00edcio, alimenta\u00e7\u00e3o e sono ajudam a preservar a mem\u00f3ria com o envelhecimento."},{"@type":"BreadcrumbList","@id":"https:\/\/www.tuasaude.com\/news\/2026\/04\/26\/como-manter-a-memoria-ativa-com-o-envelhecimento-5-praticas-essenciais\/#breadcrumb","itemListElement":[{"@type":"ListItem","position":1,"name":"In\u00edcio","item":"https:\/\/www.tuasaude.com\/news\/"},{"@type":"ListItem","position":2,"name":"Como manter a mem\u00f3ria ativa com o envelhecimento? 5 pr\u00e1ticas essenciais"}]},{"@type":"WebSite","@id":"https:\/\/www.tuasaude.com\/news\/#website","url":"https:\/\/www.tuasaude.com\/news\/","name":"Tua Sa\u00fade","description":"Seu site de sa\u00fade","potentialAction":[{"@type":"SearchAction","target":{"@type":"EntryPoint","urlTemplate":"https:\/\/www.tuasaude.com\/news\/?s={search_term_string}"},"query-input":{"@type":"PropertyValueSpecification","valueRequired":true,"valueName":"search_term_string"}}],"inLanguage":"pt-BR"},{"@type":"Person","@id":"https:\/\/www.tuasaude.com\/news\/#\/schema\/person\/2e9df841be69ec84f5d20ddb8d273ac2","name":"Gessika Julia Carvalho","image":{"@type":"ImageObject","inLanguage":"pt-BR","@id":"https:\/\/www.tuasaude.com\/news\/#\/schema\/person\/image\/","url":"https:\/\/secure.gravatar.com\/avatar\/0fcc8769024577fd0bc6a8b766055690f76a8e8f29dfb2a2f89cf04db8d0f2d2?s=96&d=mm&r=g","contentUrl":"https:\/\/secure.gravatar.com\/avatar\/0fcc8769024577fd0bc6a8b766055690f76a8e8f29dfb2a2f89cf04db8d0f2d2?s=96&d=mm&r=g","caption":"Gessika Julia Carvalho"},"sameAs":["https:\/\/www.tuasaude.com\/news\/"],"url":"https:\/\/www.tuasaude.com\/news\/author\/gessika-julia\/"}]}},"_links":{"self":[{"href":"https:\/\/www.tuasaude.com\/news\/wp-json\/wp\/v2\/posts\/28011","targetHints":{"allow":["GET"]}}],"collection":[{"href":"https:\/\/www.tuasaude.com\/news\/wp-json\/wp\/v2\/posts"}],"about":[{"href":"https:\/\/www.tuasaude.com\/news\/wp-json\/wp\/v2\/types\/post"}],"author":[{"embeddable":true,"href":"https:\/\/www.tuasaude.com\/news\/wp-json\/wp\/v2\/users\/11"}],"replies":[{"embeddable":true,"href":"https:\/\/www.tuasaude.com\/news\/wp-json\/wp\/v2\/comments?post=28011"}],"version-history":[{"count":2,"href":"https:\/\/www.tuasaude.com\/news\/wp-json\/wp\/v2\/posts\/28011\/revisions"}],"predecessor-version":[{"id":28209,"href":"https:\/\/www.tuasaude.com\/news\/wp-json\/wp\/v2\/posts\/28011\/revisions\/28209"}],"wp:featuredmedia":[{"embeddable":true,"href":"https:\/\/www.tuasaude.com\/news\/wp-json\/wp\/v2\/media\/28170"}],"wp:attachment":[{"href":"https:\/\/www.tuasaude.com\/news\/wp-json\/wp\/v2\/media?parent=28011"}],"wp:term":[{"taxonomy":"category","embeddable":true,"href":"https:\/\/www.tuasaude.com\/news\/wp-json\/wp\/v2\/categories?post=28011"},{"taxonomy":"post_tag","embeddable":true,"href":"https:\/\/www.tuasaude.com\/news\/wp-json\/wp\/v2\/tags?post=28011"}],"curies":[{"name":"wp","href":"https:\/\/api.w.org\/{rel}","templated":true}]}}