{"id":28008,"date":"2026-04-26T19:30:00","date_gmt":"2026-04-26T22:30:00","guid":{"rendered":"https:\/\/www.tuasaude.com\/news\/?p=28008"},"modified":"2026-04-25T14:34:30","modified_gmt":"2026-04-25T17:34:30","slug":"habitos-matinais-para-pulmoes-saudaveis","status":"publish","type":"post","link":"https:\/\/www.tuasaude.com\/news\/2026\/04\/26\/habitos-matinais-para-pulmoes-saudaveis\/","title":{"rendered":"H\u00e1bitos matinais para pulm\u00f5es saud\u00e1veis"},"content":{"rendered":"\n<p>Os pulm\u00f5es s\u00e3o particularmente vulner\u00e1veis nas primeiras horas do dia, quando o muco produzido durante a noite ainda est\u00e1 acumulado, a musculatura respirat\u00f3ria est\u00e1 desacostumada e o corpo se prepara para retomar o ritmo. Adotar h\u00e1bitos matinais simples como respira\u00e7\u00e3o consciente, hidrata\u00e7\u00e3o e exposi\u00e7\u00e3o ao ar fresco fortalece a capacidade pulmonar, melhora a oxigena\u00e7\u00e3o dos tecidos e protege a sa\u00fade respirat\u00f3ria ao longo do dia. Pequenas escolhas logo ao acordar fazem diferen\u00e7a real para quem deseja respirar melhor e prevenir desconfortos.<\/p>\n\n\n\n<h2 class=\"wp-block-heading\">Por que os pulm\u00f5es s\u00e3o mais vulner\u00e1veis pela manh\u00e3?<\/h2>\n\n\n\n<p>Durante o sono, a respira\u00e7\u00e3o se torna mais superficial e a frequ\u00eancia diminui, o que reduz a ventila\u00e7\u00e3o das bases pulmonares. As secre\u00e7\u00f5es produzidas pelas vias a\u00e9reas se acumulam e dificultam as trocas gasosas nas primeiras horas do dia.<\/p>\n\n\n\n<p>Al\u00e9m disso, o ar mais frio e seco da manh\u00e3 pode irritar br\u00f4nquios sens\u00edveis em pessoas com asma, rinite ou bronquite. Por isso, ativar a respira\u00e7\u00e3o logo ao acordar ajuda a mobilizar o muco, expandir os alv\u00e9olos e preparar o organismo para o dia.<\/p>\n\n\n\n<h2 class=\"wp-block-heading\">Como a respira\u00e7\u00e3o consciente melhora a capacidade pulmonar?<\/h2>\n\n\n\n<p>A respira\u00e7\u00e3o diafragm\u00e1tica feita pela manh\u00e3 estimula o principal m\u00fasculo da ventila\u00e7\u00e3o, expande melhor os alv\u00e9olos das bases pulmonares e aumenta a oferta de oxig\u00eanio para os tecidos. Bastam de cinco a dez minutos para perceber benef\u00edcios.<\/p>\n\n\n\n<p>T\u00e9cnicas como inspirar pelo nariz, segurar o ar por dois segundos e expirar lentamente pela boca ajudam a fortalecer a musculatura respirat\u00f3ria. Conhe\u00e7a tamb\u00e9m outros <a href=\"https:\/\/www.tuasaude.com\/exercicios-para-respirar-melhor\/\" target=\"_blank\" rel=\"noreferrer noopener\">exerc\u00edcios para respirar melhor<\/a> que podem ser incorporados \u00e0 rotina di\u00e1ria.<\/p>\n\n\n<div class=\"wp-block-image\">\n<figure class=\"aligncenter size-large\"><img decoding=\"async\" width=\"1024\" height=\"571\" src=\"https:\/\/www.tuasaude.com\/news\/wp-content\/uploads\/2026\/04\/freepik_illustration-nonphotoreal_2864359140-1024x571.jpg\" alt=\"H\u00e1bitos matinais para pulm\u00f5es saud\u00e1veis\" class=\"wp-image-28172\" srcset=\"https:\/\/www.tuasaude.com\/news\/wp-content\/uploads\/2026\/04\/freepik_illustration-nonphotoreal_2864359140-1024x571.jpg 1024w, https:\/\/www.tuasaude.com\/news\/wp-content\/uploads\/2026\/04\/freepik_illustration-nonphotoreal_2864359140-300x167.jpg 300w, https:\/\/www.tuasaude.com\/news\/wp-content\/uploads\/2026\/04\/freepik_illustration-nonphotoreal_2864359140-768x428.jpg 768w, https:\/\/www.tuasaude.com\/news\/wp-content\/uploads\/2026\/04\/freepik_illustration-nonphotoreal_2864359140-750x418.jpg 750w, https:\/\/www.tuasaude.com\/news\/wp-content\/uploads\/2026\/04\/freepik_illustration-nonphotoreal_2864359140-1140x636.jpg 1140w, https:\/\/www.tuasaude.com\/news\/wp-content\/uploads\/2026\/04\/freepik_illustration-nonphotoreal_2864359140.jpg 1280w\" sizes=\"(max-width: 1024px) 100vw, 1024px\" \/><figcaption class=\"wp-element-caption\">Pequenas rotinas pela manh\u00e3 podem fortalecer a sa\u00fade respirat\u00f3ria ao longo do dia.<\/figcaption><\/figure>\n<\/div>\n\n\n<h2 class=\"wp-block-heading\">O que diz a ci\u00eancia sobre a respira\u00e7\u00e3o diafragm\u00e1tica?<\/h2>\n\n\n\n<p>A efic\u00e1cia das t\u00e9cnicas respirat\u00f3rias na fun\u00e7\u00e3o pulmonar tem sido investigada em revis\u00f5es cient\u00edficas que analisam ensaios cl\u00ednicos randomizados, considerados o padr\u00e3o mais alto de evid\u00eancia. Segundo o estudo <a href=\"https:\/\/pubmed.ncbi.nlm.nih.gov\/33076360\/\" target=\"_blank\" rel=\"noreferrer noopener\">Effects of Diaphragmatic Breathing on Health<\/a>, revis\u00e3o narrativa publicada na revista Medicines em 2020, a respira\u00e7\u00e3o diafragm\u00e1tica mostrou-se eficaz para melhorar a capacidade de exerc\u00edcio e a fun\u00e7\u00e3o respirat\u00f3ria, com efeitos positivos sobre a ventila\u00e7\u00e3o, a oxigena\u00e7\u00e3o e o controle auton\u00f4mico.<\/p>\n\n\n\n<p>O autor analisou dez revis\u00f5es sistem\u00e1ticas e quinze ensaios cl\u00ednicos randomizados, concluindo que essa pr\u00e1tica pode ser incorporada ao dia a dia como recurso simples e acess\u00edvel para apoiar a sa\u00fade respirat\u00f3ria.<\/p>\n\n\n\n<h2 class=\"wp-block-heading\">Quais h\u00e1bitos matinais fortalecem a sa\u00fade respirat\u00f3ria?<\/h2>\n\n\n\n<p>Algumas pr\u00e1ticas simples, quando incorporadas \u00e0 rotina, somam efeitos importantes sobre a fun\u00e7\u00e3o pulmonar. Adot\u00e1-las de forma combinada potencializa os resultados a m\u00e9dio e longo prazo.<\/p>\n\n\n<div class=\"wp-block-image\">\n<figure class=\"aligncenter size-large\"><img decoding=\"async\" width=\"1024\" height=\"382\" src=\"https:\/\/www.tuasaude.com\/news\/wp-content\/uploads\/2026\/04\/convertido-34-12-1024x382.jpg\" alt=\"Quais h\u00e1bitos matinais fortalecem a sa\u00fade respirat\u00f3ria?\" class=\"wp-image-28009\" srcset=\"https:\/\/www.tuasaude.com\/news\/wp-content\/uploads\/2026\/04\/convertido-34-12-1024x382.jpg 1024w, https:\/\/www.tuasaude.com\/news\/wp-content\/uploads\/2026\/04\/convertido-34-12-300x112.jpg 300w, https:\/\/www.tuasaude.com\/news\/wp-content\/uploads\/2026\/04\/convertido-34-12-768x287.jpg 768w, https:\/\/www.tuasaude.com\/news\/wp-content\/uploads\/2026\/04\/convertido-34-12-750x280.jpg 750w, https:\/\/www.tuasaude.com\/news\/wp-content\/uploads\/2026\/04\/convertido-34-12-1140x426.jpg 1140w, https:\/\/www.tuasaude.com\/news\/wp-content\/uploads\/2026\/04\/convertido-34-12.jpg 1280w\" sizes=\"(max-width: 1024px) 100vw, 1024px\" \/><figcaption class=\"wp-element-caption\">Quais h\u00e1bitos matinais fortalecem a sa\u00fade respirat\u00f3ria?<\/figcaption><\/figure>\n<\/div>\n\n\n<p>Esses cuidados s\u00e3o especialmente \u00fateis para fumantes, ex-fumantes, idosos e pessoas com doen\u00e7as respirat\u00f3rias cr\u00f4nicas, mas beneficiam todos que desejam preservar a fun\u00e7\u00e3o pulmonar ao longo da vida.<\/p>\n\n\n\n<p>Em caso de tosse persistente, falta de ar frequente, chiado no peito ou cansa\u00e7o respirat\u00f3rio que interfere nas atividades di\u00e1rias, \u00e9 fundamental procurar um pneumologista ou cl\u00ednico geral para avalia\u00e7\u00e3o adequada e investiga\u00e7\u00e3o de poss\u00edveis causas.<\/p>\n\n\n\n<h2 class=\"wp-block-heading\">Como hidrata\u00e7\u00e3o e ar fresco protegem os pulm\u00f5es?<\/h2>\n\n\n\n<p>Beber \u00e1gua logo ao acordar ajuda a fluidificar o muco produzido durante a noite, facilitando sua elimina\u00e7\u00e3o e reduzindo o risco de obstru\u00e7\u00e3o das vias a\u00e9reas. A mucosa respirat\u00f3ria bem hidratada tamb\u00e9m funciona como barreira mais eficiente contra v\u00edrus e poluentes.<\/p>\n\n\n\n<p>Abrir as janelas pela manh\u00e3 renova o ar do ambiente, reduz a concentra\u00e7\u00e3o de di\u00f3xido de carbono e elimina poluentes acumulados durante a noite. Sempre que poss\u00edvel, caminhar ao ar livre por alguns minutos potencializa esses benef\u00edcios.<\/p>\n\n\n\n<p><em>Este conte\u00fado tem car\u00e1ter exclusivamente informativo e n\u00e3o substitui a avalia\u00e7\u00e3o, o diagn\u00f3stico ou o acompanhamento de um profissional de sa\u00fade qualificado.<\/em><\/p>\n","protected":false},"excerpt":{"rendered":"<p>Os pulm\u00f5es s\u00e3o particularmente vulner\u00e1veis nas primeiras horas do dia, quando o muco produzido durante a noite ainda est\u00e1 acumulado, a musculatura respirat\u00f3ria est\u00e1 desacostumada e o corpo se prepara para retomar o ritmo. Adotar h\u00e1bitos matinais simples como respira\u00e7\u00e3o consciente, hidrata\u00e7\u00e3o e exposi\u00e7\u00e3o ao ar fresco fortalece a capacidade pulmonar, melhora a oxigena\u00e7\u00e3o dos [&hellip;]<\/p>\n","protected":false},"author":11,"featured_media":28173,"comment_status":"open","ping_status":"open","sticky":false,"template":"","format":"standard","meta":{"_yoast_wpseo_focuskw":"pulm\u00f5es saud\u00e1veis","_yoast_wpseo_title":"","_yoast_wpseo_metadesc":"H\u00e1bitos matinais influenciam diretamente os pulm\u00f5es. Veja como melhorar a respira\u00e7\u00e3o e fortalecer a sa\u00fade respirat\u00f3ria ao acordar","jnews-multi-image_gallery":[],"jnews_single_post":{"format":"standard"},"jnews_primary_category":[],"jnews_social_meta":[],"jnews_override_counter":[],"footnotes":""},"categories":[111],"tags":[145,6133,136,3373],"class_list":["post-28008","post","type-post","status-publish","format-standard","has-post-thumbnail","hentry","category-saude","tag-bem-estar","tag-pulmoes-saudaveis","tag-saude","tag-saude-do-pulmao"],"yoast_head":"<!-- This site is optimized with the Yoast SEO plugin v26.7 - https:\/\/yoast.com\/wordpress\/plugins\/seo\/ -->\n<title>H\u00e1bitos matinais para pulm\u00f5es saud\u00e1veis - Tua Sa\u00fade<\/title>\n<meta name=\"description\" content=\"H\u00e1bitos matinais influenciam diretamente os pulm\u00f5es. Veja como melhorar a respira\u00e7\u00e3o e fortalecer a sa\u00fade respirat\u00f3ria ao acordar\" \/>\n<meta name=\"robots\" content=\"index, follow, max-snippet:-1, max-image-preview:large, max-video-preview:-1\" \/>\n<link rel=\"canonical\" href=\"https:\/\/www.tuasaude.com\/news\/2026\/04\/26\/habitos-matinais-para-pulmoes-saudaveis\/\" \/>\n<meta property=\"og:locale\" content=\"pt_BR\" \/>\n<meta property=\"og:type\" content=\"article\" \/>\n<meta property=\"og:title\" content=\"H\u00e1bitos matinais para pulm\u00f5es saud\u00e1veis - Tua Sa\u00fade\" \/>\n<meta property=\"og:description\" content=\"H\u00e1bitos matinais influenciam diretamente os pulm\u00f5es. Veja como melhorar a respira\u00e7\u00e3o e fortalecer a sa\u00fade respirat\u00f3ria ao acordar\" \/>\n<meta property=\"og:url\" content=\"https:\/\/www.tuasaude.com\/news\/2026\/04\/26\/habitos-matinais-para-pulmoes-saudaveis\/\" \/>\n<meta property=\"og:site_name\" content=\"Tua Sa\u00fade\" \/>\n<meta property=\"article:published_time\" content=\"2026-04-26T22:30:00+00:00\" \/>\n<meta property=\"og:image\" content=\"https:\/\/www.tuasaude.com\/news\/wp-content\/uploads\/2026\/04\/freepik_illustration-nonphotoreal_2864359399.jpg\" \/>\n\t<meta property=\"og:image:width\" content=\"1280\" \/>\n\t<meta property=\"og:image:height\" content=\"714\" \/>\n\t<meta property=\"og:image:type\" content=\"image\/jpeg\" \/>\n<meta name=\"author\" content=\"Gessika Julia Carvalho\" \/>\n<meta name=\"twitter:card\" content=\"summary_large_image\" \/>\n<meta name=\"twitter:label1\" content=\"Escrito por\" \/>\n\t<meta name=\"twitter:data1\" content=\"Gessika Julia Carvalho\" \/>\n\t<meta name=\"twitter:label2\" content=\"Est. tempo de leitura\" \/>\n\t<meta name=\"twitter:data2\" content=\"4 minutos\" \/>\n<!-- \/ Yoast SEO plugin. -->","yoast_head_json":{"title":"H\u00e1bitos matinais para pulm\u00f5es saud\u00e1veis - Tua Sa\u00fade","description":"H\u00e1bitos matinais influenciam diretamente os pulm\u00f5es. Veja como melhorar a respira\u00e7\u00e3o e fortalecer a sa\u00fade respirat\u00f3ria ao acordar","robots":{"index":"index","follow":"follow","max-snippet":"max-snippet:-1","max-image-preview":"max-image-preview:large","max-video-preview":"max-video-preview:-1"},"canonical":"https:\/\/www.tuasaude.com\/news\/2026\/04\/26\/habitos-matinais-para-pulmoes-saudaveis\/","og_locale":"pt_BR","og_type":"article","og_title":"H\u00e1bitos matinais para pulm\u00f5es saud\u00e1veis - Tua Sa\u00fade","og_description":"H\u00e1bitos matinais influenciam diretamente os pulm\u00f5es. Veja como melhorar a respira\u00e7\u00e3o e fortalecer a sa\u00fade respirat\u00f3ria ao acordar","og_url":"https:\/\/www.tuasaude.com\/news\/2026\/04\/26\/habitos-matinais-para-pulmoes-saudaveis\/","og_site_name":"Tua Sa\u00fade","article_published_time":"2026-04-26T22:30:00+00:00","og_image":[{"width":1280,"height":714,"url":"https:\/\/www.tuasaude.com\/news\/wp-content\/uploads\/2026\/04\/freepik_illustration-nonphotoreal_2864359399.jpg","type":"image\/jpeg"}],"author":"Gessika Julia Carvalho","twitter_card":"summary_large_image","twitter_misc":{"Escrito por":"Gessika Julia Carvalho","Est. tempo de leitura":"4 minutos"},"schema":{"@context":"https:\/\/schema.org","@graph":[{"@type":"Article","@id":"https:\/\/www.tuasaude.com\/news\/2026\/04\/26\/habitos-matinais-para-pulmoes-saudaveis\/#article","isPartOf":{"@id":"https:\/\/www.tuasaude.com\/news\/2026\/04\/26\/habitos-matinais-para-pulmoes-saudaveis\/"},"author":{"name":"Gessika Julia Carvalho","@id":"https:\/\/www.tuasaude.com\/news\/#\/schema\/person\/2e9df841be69ec84f5d20ddb8d273ac2"},"headline":"H\u00e1bitos matinais para pulm\u00f5es saud\u00e1veis","datePublished":"2026-04-26T22:30:00+00:00","mainEntityOfPage":{"@id":"https:\/\/www.tuasaude.com\/news\/2026\/04\/26\/habitos-matinais-para-pulmoes-saudaveis\/"},"wordCount":703,"commentCount":0,"image":{"@id":"https:\/\/www.tuasaude.com\/news\/2026\/04\/26\/habitos-matinais-para-pulmoes-saudaveis\/#primaryimage"},"thumbnailUrl":"https:\/\/www.tuasaude.com\/news\/wp-content\/uploads\/2026\/04\/freepik_illustration-nonphotoreal_2864359399.jpg","keywords":["bem-estar","pulm\u00f5es saud\u00e1veis","sa\u00fade","sa\u00fade do pulm\u00e3o"],"articleSection":["Sa\u00fade"],"inLanguage":"pt-BR","potentialAction":[{"@type":"CommentAction","name":"Comment","target":["https:\/\/www.tuasaude.com\/news\/2026\/04\/26\/habitos-matinais-para-pulmoes-saudaveis\/#respond"]}]},{"@type":"WebPage","@id":"https:\/\/www.tuasaude.com\/news\/2026\/04\/26\/habitos-matinais-para-pulmoes-saudaveis\/","url":"https:\/\/www.tuasaude.com\/news\/2026\/04\/26\/habitos-matinais-para-pulmoes-saudaveis\/","name":"H\u00e1bitos matinais para pulm\u00f5es saud\u00e1veis - Tua Sa\u00fade","isPartOf":{"@id":"https:\/\/www.tuasaude.com\/news\/#website"},"primaryImageOfPage":{"@id":"https:\/\/www.tuasaude.com\/news\/2026\/04\/26\/habitos-matinais-para-pulmoes-saudaveis\/#primaryimage"},"image":{"@id":"https:\/\/www.tuasaude.com\/news\/2026\/04\/26\/habitos-matinais-para-pulmoes-saudaveis\/#primaryimage"},"thumbnailUrl":"https:\/\/www.tuasaude.com\/news\/wp-content\/uploads\/2026\/04\/freepik_illustration-nonphotoreal_2864359399.jpg","datePublished":"2026-04-26T22:30:00+00:00","author":{"@id":"https:\/\/www.tuasaude.com\/news\/#\/schema\/person\/2e9df841be69ec84f5d20ddb8d273ac2"},"description":"H\u00e1bitos matinais influenciam diretamente os pulm\u00f5es. Veja como melhorar a respira\u00e7\u00e3o e fortalecer a sa\u00fade respirat\u00f3ria ao acordar","breadcrumb":{"@id":"https:\/\/www.tuasaude.com\/news\/2026\/04\/26\/habitos-matinais-para-pulmoes-saudaveis\/#breadcrumb"},"inLanguage":"pt-BR","potentialAction":[{"@type":"ReadAction","target":["https:\/\/www.tuasaude.com\/news\/2026\/04\/26\/habitos-matinais-para-pulmoes-saudaveis\/"]}]},{"@type":"ImageObject","inLanguage":"pt-BR","@id":"https:\/\/www.tuasaude.com\/news\/2026\/04\/26\/habitos-matinais-para-pulmoes-saudaveis\/#primaryimage","url":"https:\/\/www.tuasaude.com\/news\/wp-content\/uploads\/2026\/04\/freepik_illustration-nonphotoreal_2864359399.jpg","contentUrl":"https:\/\/www.tuasaude.com\/news\/wp-content\/uploads\/2026\/04\/freepik_illustration-nonphotoreal_2864359399.jpg","width":1280,"height":714,"caption":"Respirar profundamente ao acordar pode expandir os pulm\u00f5es e melhorar a oxigena\u00e7\u00e3o."},{"@type":"BreadcrumbList","@id":"https:\/\/www.tuasaude.com\/news\/2026\/04\/26\/habitos-matinais-para-pulmoes-saudaveis\/#breadcrumb","itemListElement":[{"@type":"ListItem","position":1,"name":"In\u00edcio","item":"https:\/\/www.tuasaude.com\/news\/"},{"@type":"ListItem","position":2,"name":"H\u00e1bitos matinais para pulm\u00f5es saud\u00e1veis"}]},{"@type":"WebSite","@id":"https:\/\/www.tuasaude.com\/news\/#website","url":"https:\/\/www.tuasaude.com\/news\/","name":"Tua Sa\u00fade","description":"Seu site de sa\u00fade","potentialAction":[{"@type":"SearchAction","target":{"@type":"EntryPoint","urlTemplate":"https:\/\/www.tuasaude.com\/news\/?s={search_term_string}"},"query-input":{"@type":"PropertyValueSpecification","valueRequired":true,"valueName":"search_term_string"}}],"inLanguage":"pt-BR"},{"@type":"Person","@id":"https:\/\/www.tuasaude.com\/news\/#\/schema\/person\/2e9df841be69ec84f5d20ddb8d273ac2","name":"Gessika Julia Carvalho","image":{"@type":"ImageObject","inLanguage":"pt-BR","@id":"https:\/\/www.tuasaude.com\/news\/#\/schema\/person\/image\/","url":"https:\/\/secure.gravatar.com\/avatar\/0fcc8769024577fd0bc6a8b766055690f76a8e8f29dfb2a2f89cf04db8d0f2d2?s=96&d=mm&r=g","contentUrl":"https:\/\/secure.gravatar.com\/avatar\/0fcc8769024577fd0bc6a8b766055690f76a8e8f29dfb2a2f89cf04db8d0f2d2?s=96&d=mm&r=g","caption":"Gessika Julia Carvalho"},"sameAs":["https:\/\/www.tuasaude.com\/news\/"],"url":"https:\/\/www.tuasaude.com\/news\/author\/gessika-julia\/"}]}},"_links":{"self":[{"href":"https:\/\/www.tuasaude.com\/news\/wp-json\/wp\/v2\/posts\/28008","targetHints":{"allow":["GET"]}}],"collection":[{"href":"https:\/\/www.tuasaude.com\/news\/wp-json\/wp\/v2\/posts"}],"about":[{"href":"https:\/\/www.tuasaude.com\/news\/wp-json\/wp\/v2\/types\/post"}],"author":[{"embeddable":true,"href":"https:\/\/www.tuasaude.com\/news\/wp-json\/wp\/v2\/users\/11"}],"replies":[{"embeddable":true,"href":"https:\/\/www.tuasaude.com\/news\/wp-json\/wp\/v2\/comments?post=28008"}],"version-history":[{"count":2,"href":"https:\/\/www.tuasaude.com\/news\/wp-json\/wp\/v2\/posts\/28008\/revisions"}],"predecessor-version":[{"id":28210,"href":"https:\/\/www.tuasaude.com\/news\/wp-json\/wp\/v2\/posts\/28008\/revisions\/28210"}],"wp:featuredmedia":[{"embeddable":true,"href":"https:\/\/www.tuasaude.com\/news\/wp-json\/wp\/v2\/media\/28173"}],"wp:attachment":[{"href":"https:\/\/www.tuasaude.com\/news\/wp-json\/wp\/v2\/media?parent=28008"}],"wp:term":[{"taxonomy":"category","embeddable":true,"href":"https:\/\/www.tuasaude.com\/news\/wp-json\/wp\/v2\/categories?post=28008"},{"taxonomy":"post_tag","embeddable":true,"href":"https:\/\/www.tuasaude.com\/news\/wp-json\/wp\/v2\/tags?post=28008"}],"curies":[{"name":"wp","href":"https:\/\/api.w.org\/{rel}","templated":true}]}}