{"id":27996,"date":"2026-04-26T17:05:00","date_gmt":"2026-04-26T20:05:00","guid":{"rendered":"https:\/\/www.tuasaude.com\/news\/?p=27996"},"modified":"2026-04-25T14:34:31","modified_gmt":"2026-04-25T17:34:31","slug":"de-acordo-com-a-endocrinologia-por-que-voce-sente-queda-de-energia-entre-duas-e-tres-da-tarde","status":"publish","type":"post","link":"https:\/\/www.tuasaude.com\/news\/2026\/04\/26\/de-acordo-com-a-endocrinologia-por-que-voce-sente-queda-de-energia-entre-duas-e-tres-da-tarde\/","title":{"rendered":"De acordo com a endocrinologia, por que voc\u00ea sente queda de energia entre duas e tr\u00eas da tarde?"},"content":{"rendered":"\n<p>A queda de energia entre duas e tr\u00eas da tarde n\u00e3o \u00e9 resultado direto do almo\u00e7o, como muitos acreditam. Segundo a endocrinologia, trata-se de um fen\u00f4meno biol\u00f3gico programado pelo ritmo circadiano, que provoca uma redu\u00e7\u00e3o natural da temperatura corporal e do estado de alerta no in\u00edcio da tarde. Esse processo acontece mesmo em quem n\u00e3o almo\u00e7ou, \u00e9 regulado por horm\u00f4nios e faz parte do funcionamento normal do rel\u00f3gio biol\u00f3gico humano.<\/p>\n\n\n\n<h2 class=\"wp-block-heading\">O que \u00e9 o ritmo circadiano e como ele controla a energia?<\/h2>\n\n\n\n<p>O ritmo circadiano \u00e9 um ciclo de aproximadamente 24 horas comandado pelo n\u00facleo supraquiasm\u00e1tico, no hipot\u00e1lamo, que recebe sinais de luz pela retina e organiza fun\u00e7\u00f5es como sono, temperatura e secre\u00e7\u00e3o de horm\u00f4nios. \u00c9 ele que determina quando o corpo est\u00e1 mais alerta ou mais propenso ao descanso.<\/p>\n\n\n\n<p>Esse rel\u00f3gio interno regula a libera\u00e7\u00e3o de cortisol pela manh\u00e3, respons\u00e1vel pela energia ao acordar, e de melatonina \u00e0 noite, que prepara o organismo para dormir. Saiba mais sobre como funciona o <a href=\"https:\/\/www.tuasaude.com\/ciclo-circadino\/\" target=\"_blank\" rel=\"noreferrer noopener\">ciclo circadiano<\/a> e seus efeitos no corpo.<\/p>\n\n\n\n<h2 class=\"wp-block-heading\">Por que a temperatura corporal cai no in\u00edcio da tarde?<\/h2>\n\n\n\n<p>Entre 13h e 15h, o corpo passa por uma leve queda fisiol\u00f3gica na temperatura central, semelhante \u00e0 que acontece durante a madrugada. Essa redu\u00e7\u00e3o desacelera o metabolismo cerebral e diminui a sensa\u00e7\u00e3o de alerta, mesmo em quem dormiu bem na noite anterior.<\/p>\n\n\n\n<p>Pesquisas em cronobiologia mostram que a alertidade segue, com pequeno atraso, as oscila\u00e7\u00f5es da temperatura corporal. Quando a temperatura desce, a disposi\u00e7\u00e3o mental tamb\u00e9m recua, criando a janela de sonol\u00eancia t\u00edpica do meio da tarde.<\/p>\n\n\n\n<h2 class=\"wp-block-heading\">Como um estudo cient\u00edfico explica a queda de aten\u00e7\u00e3o \u00e0 tarde?<\/h2>\n\n\n\n<p>A base biol\u00f3gica desse fen\u00f4meno foi sistematizada em uma revis\u00e3o cient\u00edfica revisada por pares que compilou dados de laborat\u00f3rios do sono e cronobiologia. Segundo o estudo <a href=\"https:\/\/pubmed.ncbi.nlm.nih.gov\/30923475\/\" target=\"_blank\" rel=\"noreferrer noopener\">Circadian Rhythms in Attention<\/a>, publicado no Yale Journal of Biology and Medicine em 2019, os componentes da aten\u00e7\u00e3o apresentam varia\u00e7\u00e3o previs\u00edvel ao longo do dia, com queda percept\u00edvel no in\u00edcio da tarde, acompanhada por oscila\u00e7\u00f5es na temperatura retal e na sensa\u00e7\u00e3o subjetiva de sonol\u00eancia.<\/p>\n\n\n\n<p>O autor concluiu que essa redu\u00e7\u00e3o acontece independentemente da alimenta\u00e7\u00e3o ou do conhecimento da hora, evidenciando que o fen\u00f4meno tem origem end\u00f3gena, ou seja, \u00e9 controlado pelo pr\u00f3prio rel\u00f3gio biol\u00f3gico.<\/p>\n\n\n<div class=\"wp-block-image\">\n<figure class=\"aligncenter size-large\"><img decoding=\"async\" width=\"1024\" height=\"571\" src=\"https:\/\/www.tuasaude.com\/news\/wp-content\/uploads\/2026\/04\/freepik_illustration-nonphotoreal_2864365492-1024x571.jpg\" alt=\"De acordo com a endocrinologia, por que voc\u00ea sente queda de energia entre duas e tr\u00eas da tarde?\" class=\"wp-image-28181\" srcset=\"https:\/\/www.tuasaude.com\/news\/wp-content\/uploads\/2026\/04\/freepik_illustration-nonphotoreal_2864365492-1024x571.jpg 1024w, https:\/\/www.tuasaude.com\/news\/wp-content\/uploads\/2026\/04\/freepik_illustration-nonphotoreal_2864365492-300x167.jpg 300w, https:\/\/www.tuasaude.com\/news\/wp-content\/uploads\/2026\/04\/freepik_illustration-nonphotoreal_2864365492-768x428.jpg 768w, https:\/\/www.tuasaude.com\/news\/wp-content\/uploads\/2026\/04\/freepik_illustration-nonphotoreal_2864365492-750x418.jpg 750w, https:\/\/www.tuasaude.com\/news\/wp-content\/uploads\/2026\/04\/freepik_illustration-nonphotoreal_2864365492-1140x636.jpg 1140w, https:\/\/www.tuasaude.com\/news\/wp-content\/uploads\/2026\/04\/freepik_illustration-nonphotoreal_2864365492.jpg 1280w\" sizes=\"(max-width: 1024px) 100vw, 1024px\" \/><figcaption class=\"wp-element-caption\">O corpo reduz o estado de alerta entre 13h e 15h por fatores biol\u00f3gicos.<\/figcaption><\/figure>\n<\/div>\n\n\n<h2 class=\"wp-block-heading\">Quais horm\u00f4nios e fatores influenciam essa queda?<\/h2>\n\n\n\n<p>V\u00e1rios sinais hormonais e fisiol\u00f3gicos atuam de forma combinada nesse per\u00edodo do dia, refor\u00e7ando a sensa\u00e7\u00e3o de cansa\u00e7o. Conhecer esses fatores ajuda a entender por que o corpo desacelera mesmo sem motivo aparente.<\/p>\n\n\n<div class=\"wp-block-image\">\n<figure class=\"aligncenter size-large\"><img decoding=\"async\" width=\"1024\" height=\"382\" src=\"https:\/\/www.tuasaude.com\/news\/wp-content\/uploads\/2026\/04\/convertido-30-12-1024x382.jpg\" alt=\"Quais horm\u00f4nios e fatores influenciam essa queda?\" class=\"wp-image-27997\" srcset=\"https:\/\/www.tuasaude.com\/news\/wp-content\/uploads\/2026\/04\/convertido-30-12-1024x382.jpg 1024w, https:\/\/www.tuasaude.com\/news\/wp-content\/uploads\/2026\/04\/convertido-30-12-300x112.jpg 300w, https:\/\/www.tuasaude.com\/news\/wp-content\/uploads\/2026\/04\/convertido-30-12-768x287.jpg 768w, https:\/\/www.tuasaude.com\/news\/wp-content\/uploads\/2026\/04\/convertido-30-12-750x280.jpg 750w, https:\/\/www.tuasaude.com\/news\/wp-content\/uploads\/2026\/04\/convertido-30-12-1140x426.jpg 1140w, https:\/\/www.tuasaude.com\/news\/wp-content\/uploads\/2026\/04\/convertido-30-12.jpg 1280w\" sizes=\"(max-width: 1024px) 100vw, 1024px\" \/><figcaption class=\"wp-element-caption\">Quais horm\u00f4nios e fatores influenciam essa queda?<\/figcaption><\/figure>\n<\/div>\n\n\n<p>Fatores como <a href=\"https:\/\/www.tuasaude.com\/qual-o-seu-relogio-biologico\/\" target=\"_blank\" rel=\"noreferrer noopener\">cronotipo individual<\/a>, qualidade do sono noturno e exposi\u00e7\u00e3o \u00e0 luz natural pela manh\u00e3 tamb\u00e9m modificam a intensidade dessa queda.<\/p>\n\n\n\n<h2 class=\"wp-block-heading\">O que ajuda a contornar a queda de energia da tarde?<\/h2>\n\n\n\n<p>Embora seja um processo natural, alguns h\u00e1bitos suavizam a sensa\u00e7\u00e3o de cansa\u00e7o e mant\u00eam o desempenho durante a tarde. Pequenas mudan\u00e7as na rotina podem fazer diferen\u00e7a significativa.<\/p>\n\n\n\n<ol class=\"wp-block-list\">\n<li>Exponha-se \u00e0 luz natural por alguns minutos ap\u00f3s o almo\u00e7o para refor\u00e7ar o sinal circadiano de vig\u00edlia.<\/li>\n\n\n\n<li>Fa\u00e7a uma caminhada curta para elevar levemente a frequ\u00eancia card\u00edaca e a temperatura corporal.<\/li>\n\n\n\n<li>Prefira refei\u00e7\u00f5es leves no almo\u00e7o, evitando excesso de carboidratos refinados e gorduras pesadas.<\/li>\n\n\n\n<li>Mantenha boa hidrata\u00e7\u00e3o ao longo da manh\u00e3, j\u00e1 que a desidrata\u00e7\u00e3o intensifica a fadiga.<\/li>\n\n\n\n<li>Considere uma soneca curta, de at\u00e9 20 minutos, quando poss\u00edvel e adequado \u00e0 rotina.<\/li>\n<\/ol>\n\n\n\n<p>Se o cansa\u00e7o da tarde for intenso, persistente ou vier acompanhado de outros sintomas como fadiga extrema, sonol\u00eancia ao volante ou dificuldade de concentra\u00e7\u00e3o di\u00e1ria, \u00e9 importante investigar causas como apneia do sono, hipotireoidismo, anemia ou altera\u00e7\u00f5es hormonais com um m\u00e9dico endocrinologista ou cl\u00ednico geral.<\/p>\n\n\n\n<p><em>Este conte\u00fado tem car\u00e1ter exclusivamente informativo e n\u00e3o substitui a avalia\u00e7\u00e3o, o diagn\u00f3stico ou o acompanhamento de um profissional de sa\u00fade qualificado.<\/em><\/p>\n","protected":false},"excerpt":{"rendered":"<p>A queda de energia entre duas e tr\u00eas da tarde n\u00e3o \u00e9 resultado direto do almo\u00e7o, como muitos acreditam. Segundo a endocrinologia, trata-se de um fen\u00f4meno biol\u00f3gico programado pelo ritmo circadiano, que provoca uma redu\u00e7\u00e3o natural da temperatura corporal e do estado de alerta no in\u00edcio da tarde. Esse processo acontece mesmo em quem n\u00e3o [&hellip;]<\/p>\n","protected":false},"author":11,"featured_media":28180,"comment_status":"open","ping_status":"open","sticky":false,"template":"","format":"standard","meta":{"_yoast_wpseo_focuskw":"queda de energia \u00e0 tarde","_yoast_wpseo_title":"","_yoast_wpseo_metadesc":"Queda de energia \u00e0 tarde n\u00e3o depende s\u00f3 do almo\u00e7o. Entenda como o ritmo circadiano e os horm\u00f4nios influenciam seu n\u00edvel de disposi\u00e7\u00e3o","jnews-multi-image_gallery":[],"jnews_single_post":{"format":"standard"},"jnews_primary_category":[],"jnews_social_meta":[],"jnews_override_counter":[],"footnotes":""},"categories":[111],"tags":[145,6129,5076,136],"class_list":["post-27996","post","type-post","status-publish","format-standard","has-post-thumbnail","hentry","category-saude","tag-bem-estar","tag-endocrinologia","tag-queda-de-energia","tag-saude"],"yoast_head":"<!-- This site is optimized with the Yoast SEO plugin v26.7 - https:\/\/yoast.com\/wordpress\/plugins\/seo\/ -->\n<title>De acordo com a endocrinologia, por que voc\u00ea sente queda de energia entre duas e tr\u00eas da tarde? - Tua Sa\u00fade<\/title>\n<meta name=\"description\" content=\"Queda de energia \u00e0 tarde n\u00e3o depende s\u00f3 do almo\u00e7o. Entenda como o ritmo circadiano e os horm\u00f4nios influenciam seu n\u00edvel de disposi\u00e7\u00e3o\" \/>\n<meta name=\"robots\" content=\"index, follow, max-snippet:-1, max-image-preview:large, max-video-preview:-1\" \/>\n<link rel=\"canonical\" href=\"https:\/\/www.tuasaude.com\/news\/2026\/04\/26\/de-acordo-com-a-endocrinologia-por-que-voce-sente-queda-de-energia-entre-duas-e-tres-da-tarde\/\" \/>\n<meta property=\"og:locale\" content=\"pt_BR\" \/>\n<meta property=\"og:type\" content=\"article\" \/>\n<meta property=\"og:title\" content=\"De acordo com a endocrinologia, por que voc\u00ea sente queda de energia entre duas e tr\u00eas da tarde? - Tua Sa\u00fade\" \/>\n<meta property=\"og:description\" content=\"Queda de energia \u00e0 tarde n\u00e3o depende s\u00f3 do almo\u00e7o. Entenda como o ritmo circadiano e os horm\u00f4nios influenciam seu n\u00edvel de disposi\u00e7\u00e3o\" \/>\n<meta property=\"og:url\" content=\"https:\/\/www.tuasaude.com\/news\/2026\/04\/26\/de-acordo-com-a-endocrinologia-por-que-voce-sente-queda-de-energia-entre-duas-e-tres-da-tarde\/\" \/>\n<meta property=\"og:site_name\" content=\"Tua Sa\u00fade\" \/>\n<meta property=\"article:published_time\" content=\"2026-04-26T20:05:00+00:00\" \/>\n<meta property=\"og:image\" content=\"https:\/\/www.tuasaude.com\/news\/wp-content\/uploads\/2026\/04\/freepik_illustration-nonphotoreal_2864364917.jpg\" \/>\n\t<meta property=\"og:image:width\" content=\"1280\" \/>\n\t<meta property=\"og:image:height\" content=\"714\" \/>\n\t<meta property=\"og:image:type\" content=\"image\/jpeg\" \/>\n<meta name=\"author\" content=\"Gessika Julia Carvalho\" \/>\n<meta name=\"twitter:card\" content=\"summary_large_image\" \/>\n<meta name=\"twitter:label1\" content=\"Escrito por\" \/>\n\t<meta name=\"twitter:data1\" content=\"Gessika Julia Carvalho\" \/>\n\t<meta name=\"twitter:label2\" content=\"Est. tempo de leitura\" \/>\n\t<meta name=\"twitter:data2\" content=\"5 minutos\" \/>\n<!-- \/ Yoast SEO plugin. -->","yoast_head_json":{"title":"De acordo com a endocrinologia, por que voc\u00ea sente queda de energia entre duas e tr\u00eas da tarde? - Tua Sa\u00fade","description":"Queda de energia \u00e0 tarde n\u00e3o depende s\u00f3 do almo\u00e7o. Entenda como o ritmo circadiano e os horm\u00f4nios influenciam seu n\u00edvel de disposi\u00e7\u00e3o","robots":{"index":"index","follow":"follow","max-snippet":"max-snippet:-1","max-image-preview":"max-image-preview:large","max-video-preview":"max-video-preview:-1"},"canonical":"https:\/\/www.tuasaude.com\/news\/2026\/04\/26\/de-acordo-com-a-endocrinologia-por-que-voce-sente-queda-de-energia-entre-duas-e-tres-da-tarde\/","og_locale":"pt_BR","og_type":"article","og_title":"De acordo com a endocrinologia, por que voc\u00ea sente queda de energia entre duas e tr\u00eas da tarde? - Tua Sa\u00fade","og_description":"Queda de energia \u00e0 tarde n\u00e3o depende s\u00f3 do almo\u00e7o. Entenda como o ritmo circadiano e os horm\u00f4nios influenciam seu n\u00edvel de disposi\u00e7\u00e3o","og_url":"https:\/\/www.tuasaude.com\/news\/2026\/04\/26\/de-acordo-com-a-endocrinologia-por-que-voce-sente-queda-de-energia-entre-duas-e-tres-da-tarde\/","og_site_name":"Tua Sa\u00fade","article_published_time":"2026-04-26T20:05:00+00:00","og_image":[{"width":1280,"height":714,"url":"https:\/\/www.tuasaude.com\/news\/wp-content\/uploads\/2026\/04\/freepik_illustration-nonphotoreal_2864364917.jpg","type":"image\/jpeg"}],"author":"Gessika Julia Carvalho","twitter_card":"summary_large_image","twitter_misc":{"Escrito por":"Gessika Julia Carvalho","Est. tempo de leitura":"5 minutos"},"schema":{"@context":"https:\/\/schema.org","@graph":[{"@type":"Article","@id":"https:\/\/www.tuasaude.com\/news\/2026\/04\/26\/de-acordo-com-a-endocrinologia-por-que-voce-sente-queda-de-energia-entre-duas-e-tres-da-tarde\/#article","isPartOf":{"@id":"https:\/\/www.tuasaude.com\/news\/2026\/04\/26\/de-acordo-com-a-endocrinologia-por-que-voce-sente-queda-de-energia-entre-duas-e-tres-da-tarde\/"},"author":{"name":"Gessika Julia Carvalho","@id":"https:\/\/www.tuasaude.com\/news\/#\/schema\/person\/2e9df841be69ec84f5d20ddb8d273ac2"},"headline":"De acordo com a endocrinologia, por que voc\u00ea sente queda de energia entre duas e tr\u00eas da tarde?","datePublished":"2026-04-26T20:05:00+00:00","mainEntityOfPage":{"@id":"https:\/\/www.tuasaude.com\/news\/2026\/04\/26\/de-acordo-com-a-endocrinologia-por-que-voce-sente-queda-de-energia-entre-duas-e-tres-da-tarde\/"},"wordCount":723,"commentCount":0,"image":{"@id":"https:\/\/www.tuasaude.com\/news\/2026\/04\/26\/de-acordo-com-a-endocrinologia-por-que-voce-sente-queda-de-energia-entre-duas-e-tres-da-tarde\/#primaryimage"},"thumbnailUrl":"https:\/\/www.tuasaude.com\/news\/wp-content\/uploads\/2026\/04\/freepik_illustration-nonphotoreal_2864364917.jpg","keywords":["bem-estar","endocrinologia","Queda de energia","sa\u00fade"],"articleSection":["Sa\u00fade"],"inLanguage":"pt-BR","potentialAction":[{"@type":"CommentAction","name":"Comment","target":["https:\/\/www.tuasaude.com\/news\/2026\/04\/26\/de-acordo-com-a-endocrinologia-por-que-voce-sente-queda-de-energia-entre-duas-e-tres-da-tarde\/#respond"]}]},{"@type":"WebPage","@id":"https:\/\/www.tuasaude.com\/news\/2026\/04\/26\/de-acordo-com-a-endocrinologia-por-que-voce-sente-queda-de-energia-entre-duas-e-tres-da-tarde\/","url":"https:\/\/www.tuasaude.com\/news\/2026\/04\/26\/de-acordo-com-a-endocrinologia-por-que-voce-sente-queda-de-energia-entre-duas-e-tres-da-tarde\/","name":"De acordo com a endocrinologia, por que voc\u00ea sente queda de energia entre duas e tr\u00eas da tarde? - Tua Sa\u00fade","isPartOf":{"@id":"https:\/\/www.tuasaude.com\/news\/#website"},"primaryImageOfPage":{"@id":"https:\/\/www.tuasaude.com\/news\/2026\/04\/26\/de-acordo-com-a-endocrinologia-por-que-voce-sente-queda-de-energia-entre-duas-e-tres-da-tarde\/#primaryimage"},"image":{"@id":"https:\/\/www.tuasaude.com\/news\/2026\/04\/26\/de-acordo-com-a-endocrinologia-por-que-voce-sente-queda-de-energia-entre-duas-e-tres-da-tarde\/#primaryimage"},"thumbnailUrl":"https:\/\/www.tuasaude.com\/news\/wp-content\/uploads\/2026\/04\/freepik_illustration-nonphotoreal_2864364917.jpg","datePublished":"2026-04-26T20:05:00+00:00","author":{"@id":"https:\/\/www.tuasaude.com\/news\/#\/schema\/person\/2e9df841be69ec84f5d20ddb8d273ac2"},"description":"Queda de energia \u00e0 tarde n\u00e3o depende s\u00f3 do almo\u00e7o. Entenda como o ritmo circadiano e os horm\u00f4nios influenciam seu n\u00edvel de disposi\u00e7\u00e3o","breadcrumb":{"@id":"https:\/\/www.tuasaude.com\/news\/2026\/04\/26\/de-acordo-com-a-endocrinologia-por-que-voce-sente-queda-de-energia-entre-duas-e-tres-da-tarde\/#breadcrumb"},"inLanguage":"pt-BR","potentialAction":[{"@type":"ReadAction","target":["https:\/\/www.tuasaude.com\/news\/2026\/04\/26\/de-acordo-com-a-endocrinologia-por-que-voce-sente-queda-de-energia-entre-duas-e-tres-da-tarde\/"]}]},{"@type":"ImageObject","inLanguage":"pt-BR","@id":"https:\/\/www.tuasaude.com\/news\/2026\/04\/26\/de-acordo-com-a-endocrinologia-por-que-voce-sente-queda-de-energia-entre-duas-e-tres-da-tarde\/#primaryimage","url":"https:\/\/www.tuasaude.com\/news\/wp-content\/uploads\/2026\/04\/freepik_illustration-nonphotoreal_2864364917.jpg","contentUrl":"https:\/\/www.tuasaude.com\/news\/wp-content\/uploads\/2026\/04\/freepik_illustration-nonphotoreal_2864364917.jpg","width":1280,"height":714,"caption":"A queda de energia \u00e0 tarde \u00e9 natural e controlada pelo ritmo circadiano."},{"@type":"BreadcrumbList","@id":"https:\/\/www.tuasaude.com\/news\/2026\/04\/26\/de-acordo-com-a-endocrinologia-por-que-voce-sente-queda-de-energia-entre-duas-e-tres-da-tarde\/#breadcrumb","itemListElement":[{"@type":"ListItem","position":1,"name":"In\u00edcio","item":"https:\/\/www.tuasaude.com\/news\/"},{"@type":"ListItem","position":2,"name":"De acordo com a endocrinologia, por que voc\u00ea sente queda de energia entre duas e tr\u00eas da tarde?"}]},{"@type":"WebSite","@id":"https:\/\/www.tuasaude.com\/news\/#website","url":"https:\/\/www.tuasaude.com\/news\/","name":"Tua Sa\u00fade","description":"Seu site de sa\u00fade","potentialAction":[{"@type":"SearchAction","target":{"@type":"EntryPoint","urlTemplate":"https:\/\/www.tuasaude.com\/news\/?s={search_term_string}"},"query-input":{"@type":"PropertyValueSpecification","valueRequired":true,"valueName":"search_term_string"}}],"inLanguage":"pt-BR"},{"@type":"Person","@id":"https:\/\/www.tuasaude.com\/news\/#\/schema\/person\/2e9df841be69ec84f5d20ddb8d273ac2","name":"Gessika Julia Carvalho","image":{"@type":"ImageObject","inLanguage":"pt-BR","@id":"https:\/\/www.tuasaude.com\/news\/#\/schema\/person\/image\/","url":"https:\/\/secure.gravatar.com\/avatar\/0fcc8769024577fd0bc6a8b766055690f76a8e8f29dfb2a2f89cf04db8d0f2d2?s=96&d=mm&r=g","contentUrl":"https:\/\/secure.gravatar.com\/avatar\/0fcc8769024577fd0bc6a8b766055690f76a8e8f29dfb2a2f89cf04db8d0f2d2?s=96&d=mm&r=g","caption":"Gessika Julia Carvalho"},"sameAs":["https:\/\/www.tuasaude.com\/news\/"],"url":"https:\/\/www.tuasaude.com\/news\/author\/gessika-julia\/"}]}},"_links":{"self":[{"href":"https:\/\/www.tuasaude.com\/news\/wp-json\/wp\/v2\/posts\/27996","targetHints":{"allow":["GET"]}}],"collection":[{"href":"https:\/\/www.tuasaude.com\/news\/wp-json\/wp\/v2\/posts"}],"about":[{"href":"https:\/\/www.tuasaude.com\/news\/wp-json\/wp\/v2\/types\/post"}],"author":[{"embeddable":true,"href":"https:\/\/www.tuasaude.com\/news\/wp-json\/wp\/v2\/users\/11"}],"replies":[{"embeddable":true,"href":"https:\/\/www.tuasaude.com\/news\/wp-json\/wp\/v2\/comments?post=27996"}],"version-history":[{"count":2,"href":"https:\/\/www.tuasaude.com\/news\/wp-json\/wp\/v2\/posts\/27996\/revisions"}],"predecessor-version":[{"id":28213,"href":"https:\/\/www.tuasaude.com\/news\/wp-json\/wp\/v2\/posts\/27996\/revisions\/28213"}],"wp:featuredmedia":[{"embeddable":true,"href":"https:\/\/www.tuasaude.com\/news\/wp-json\/wp\/v2\/media\/28180"}],"wp:attachment":[{"href":"https:\/\/www.tuasaude.com\/news\/wp-json\/wp\/v2\/media?parent=27996"}],"wp:term":[{"taxonomy":"category","embeddable":true,"href":"https:\/\/www.tuasaude.com\/news\/wp-json\/wp\/v2\/categories?post=27996"},{"taxonomy":"post_tag","embeddable":true,"href":"https:\/\/www.tuasaude.com\/news\/wp-json\/wp\/v2\/tags?post=27996"}],"curies":[{"name":"wp","href":"https:\/\/api.w.org\/{rel}","templated":true}]}}